{"id":12899,"date":"2023-10-15T16:29:13","date_gmt":"2023-10-15T16:29:13","guid":{"rendered":"https:\/\/www.africa-press.net\/comores\/politique\/amical-la-liste-des-comores-contre-le-cap-vert-ben-el-fardou-le-grand-absent"},"modified":"2023-10-15T17:46:50","modified_gmt":"2023-10-15T17:46:50","slug":"amical-la-liste-des-comores-contre-le-cap-vert-ben-el-fardou-le-grand-absent","status":"publish","type":"post","link":"https:\/\/www.africa-press.net\/comores\/sports\/amical-la-liste-des-comores-contre-le-cap-vert-ben-el-fardou-le-grand-absent","title":{"rendered":"AMICAL : LA LISTE DES COMORES CONTRE LE CAP-VERT, BEN EL FARDOU LE GRAND ABSENT"},"content":{"rendered":"<p><span style=\"color: #ff6600\"><strong>Africa-Press &#8211; Comores. <\/strong><\/span>Le Cap Vert affrontera en amical le 17 octobre, les Comores en France. Ste\u0301fano Cusin a publie\u0301 une liste de 19 joueurs sans le capitaine des C\u0153lacanthes Ben El Fardou e\u0301carte\u0301 du groupe pour fronde.<\/p>\n<p>Stefano Cusin a publie\u0301 sa premie\u0300re liste avec l\u2019e\u0301quipe nationale des Comores. Le technicien italien a finalement retenu 19 joueurs.<\/p>\n<p>L\u2019homme de 54 ans a fait appel a\u0300 plusieurs jeunes, dont Glenn Younousse (Bordeaux), Kayoum Mbamba (FC 93 Bobigny) et Kassim Hadji (Ararat, Arme\u0301nie), qui fe\u0302tent leurs premie\u0300res convocations.<\/p>\n<p>Le se\u0301lectionneur du Cap Vert, l\u2019entrai\u0302neur Pedro Leita\u0303o Brito, dit Bubista, quant a\u0300 lui a inte\u0301gre\u0301 cinq nouveaux joueurs dans son effectif dont Steven Moreira de Columbus (MLS), Bruno Varela du Vito\u0301ria de Guimara\u0303es, Sidney Cabral de Rot-Wei\u00df Erfurt (D4 allemande), Diogo Mendes du Mari\u0301timo et l\u2019ailier He\u0301lio Varela de Portimonense.<\/p>\n<p><img loading=\"lazy\" decoding=\"async\" width=\"710\" height=\"881\" class=\"alignnone wp-image-12897 size-full\" src=\"https:\/\/static.africa-press.net\/centrafricaine\/sites\/48\/2023\/10\/sm_1697375658.784261.jpg\" srcset=\"https:\/\/static.africa-press.net\/centrafricaine\/sites\/48\/2023\/10\/sm_1697375658.784261.jpg 710w, https:\/\/static.africa-press.net\/centrafricaine\/sites\/48\/2023\/10\/sm_1697375658.784261-242x300.jpg 242w\" sizes=\"auto, (max-width: 710px) 100vw, 710px\" \/><\/p>\n<p><strong>Pour plus d&rsquo;informations et d&rsquo;analyses sur la <a href=\"https:\/\/www.africa-press.net\/comores\">Comores<\/a>, suivez <a href=\"https:\/\/www.africa-press.net\/\">Africa-Press<\/a><\/strong><\/p>\n","protected":false},"excerpt":{"rendered":"<p>Africa-Press &#8211; Comores. Le Cap Vert affrontera en amical le 17 octobre, les Comores en France. Ste\u0301fano Cusin a publie\u0301 une liste de 19 joueurs sans le capitaine des C\u0153lacanthes Ben El Fardou e\u0301carte\u0301 du groupe pour fronde. Stefano Cusin a publie\u0301 sa premie\u0300re liste avec l\u2019e\u0301quipe nationale des Comores. Le technicien italien a finalement [&hellip;]<\/p>\n","protected":false},"author":82,"featured_media":12898,"comment_status":"open","ping_status":"closed","sticky":false,"template":"","format":"standard","meta":{"footnotes":""},"categories":[6,20,10],"tags":[36,53,45],"class_list":["post-12899","post","type-post","status-publish","format-standard","has-post-thumbnail","hentry","category-sports","category-top-nouvelles","category-toutes-les-actualites","tag-africa-press","tag-africa-press-comores","tag-comores"],"yoast_head":"<!-- This site is optimized with the Yoast SEO Premium plugin v26.1 (Yoast SEO v27.0) - https:\/\/yoast.com\/product\/yoast-seo-premium-wordpress\/ -->\n<title>AMICAL : LA LISTE DES COMORES CONTRE LE CAP-VERT, BEN EL FARDOU LE GRAND ABSENT - Comores<\/title>\n<meta name=\"description\" content=\"Le Cap Vert affrontera en amical le 17 octobre, les Comores en France. Ste\u0301fano Cusin a publie\u0301 une liste de 19 joueurs ...\" \/>\n<meta name=\"robots\" content=\"index, follow, max-snippet:-1, max-image-preview:large, max-video-preview:-1\" \/>\n<link rel=\"canonical\" href=\"https:\/\/www.africa-press.net\/comores\/sports\/amical-la-liste-des-comores-contre-le-cap-vert-ben-el-fardou-le-grand-absent\" \/>\n<meta property=\"og:locale\" content=\"fr_FR\" \/>\n<meta property=\"og:type\" content=\"article\" \/>\n<meta property=\"og:title\" content=\"AMICAL : LA LISTE DES COMORES CONTRE LE CAP-VERT, BEN EL FARDOU LE GRAND ABSENT\" \/>\n<meta property=\"og:description\" content=\"Le Cap Vert affrontera en amical le 17 octobre, les Comores en France. Ste\u0301fano Cusin a publie\u0301 une liste de 19 joueurs ...\" \/>\n<meta property=\"og:url\" content=\"https:\/\/www.africa-press.net\/comores\/sports\/amical-la-liste-des-comores-contre-le-cap-vert-ben-el-fardou-le-grand-absent\" \/>\n<meta property=\"og:site_name\" content=\"Comores\" \/>\n<meta property=\"article:published_time\" content=\"2023-10-15T16:29:13+00:00\" \/>\n<meta property=\"article:modified_time\" content=\"2023-10-15T17:46:50+00:00\" \/>\n<meta property=\"og:image\" content=\"https:\/\/static.africa-press.net\/centrafricaine\/sites\/48\/2023\/10\/sm_1697375677.376752.jpg\" \/>\n\t<meta property=\"og:image:width\" content=\"710\" \/>\n\t<meta property=\"og:image:height\" content=\"533\" \/>\n\t<meta property=\"og:image:type\" content=\"image\/jpeg\" \/>\n<meta name=\"author\" content=\"cfeditorfr\" \/>\n<meta name=\"twitter:card\" content=\"summary_large_image\" \/>\n<meta name=\"twitter:label1\" content=\"\u00c9crit par\" \/>\n\t<meta name=\"twitter:data1\" content=\"cfeditorfr\" \/>\n\t<meta name=\"twitter:label2\" content=\"Dur\u00e9e de lecture estim\u00e9e\" \/>\n\t<meta name=\"twitter:data2\" content=\"1 minute\" \/>\n<script type=\"application\/ld+json\" class=\"yoast-schema-graph\">{\"@context\":\"https:\/\/schema.org\",\"@graph\":[{\"@type\":\"Article\",\"@id\":\"https:\/\/www.africa-press.net\/comores\/sports\/amical-la-liste-des-comores-contre-le-cap-vert-ben-el-fardou-le-grand-absent#article\",\"isPartOf\":{\"@id\":\"https:\/\/www.africa-press.net\/comores\/sports\/amical-la-liste-des-comores-contre-le-cap-vert-ben-el-fardou-le-grand-absent\"},\"author\":{\"name\":\"cfeditorfr\",\"@id\":\"https:\/\/www.africa-press.net\/comores\/#\/schema\/person\/2b1cf3cd81a31e3cd26889ca66d677f1\"},\"headline\":\"AMICAL : LA LISTE DES COMORES CONTRE LE CAP-VERT, BEN EL FARDOU LE GRAND ABSENT\",\"datePublished\":\"2023-10-15T16:29:13+00:00\",\"dateModified\":\"2023-10-15T17:46:50+00:00\",\"mainEntityOfPage\":{\"@id\":\"https:\/\/www.africa-press.net\/comores\/sports\/amical-la-liste-des-comores-contre-le-cap-vert-ben-el-fardou-le-grand-absent\"},\"wordCount\":179,\"commentCount\":0,\"image\":{\"@id\":\"https:\/\/www.africa-press.net\/comores\/sports\/amical-la-liste-des-comores-contre-le-cap-vert-ben-el-fardou-le-grand-absent#primaryimage\"},\"thumbnailUrl\":\"https:\/\/static.africa-press.net\/centrafricaine\/sites\/48\/2023\/10\/sm_1697375677.376752.jpg\",\"keywords\":[\"Africa Press\",\"Africa Press-Comores\",\"Comores\"],\"articleSection\":[\"Sports\",\"Top Nouvelles\",\"Toutes les actualit\u00e9s\"],\"inLanguage\":\"fr-FR\",\"potentialAction\":[{\"@type\":\"CommentAction\",\"name\":\"Comment\",\"target\":[\"https:\/\/www.africa-press.net\/comores\/sports\/amical-la-liste-des-comores-contre-le-cap-vert-ben-el-fardou-le-grand-absent#respond\"]}]},{\"@type\":\"WebPage\",\"@id\":\"https:\/\/www.africa-press.net\/comores\/sports\/amical-la-liste-des-comores-contre-le-cap-vert-ben-el-fardou-le-grand-absent\",\"url\":\"https:\/\/www.africa-press.net\/comores\/sports\/amical-la-liste-des-comores-contre-le-cap-vert-ben-el-fardou-le-grand-absent\",\"name\":\"AMICAL : LA LISTE DES COMORES CONTRE LE CAP-VERT, BEN EL FARDOU LE GRAND ABSENT - Comores\",\"isPartOf\":{\"@id\":\"https:\/\/www.africa-press.net\/comores\/#website\"},\"primaryImageOfPage\":{\"@id\":\"https:\/\/www.africa-press.net\/comores\/sports\/amical-la-liste-des-comores-contre-le-cap-vert-ben-el-fardou-le-grand-absent#primaryimage\"},\"image\":{\"@id\":\"https:\/\/www.africa-press.net\/comores\/sports\/amical-la-liste-des-comores-contre-le-cap-vert-ben-el-fardou-le-grand-absent#primaryimage\"},\"thumbnailUrl\":\"https:\/\/static.africa-press.net\/centrafricaine\/sites\/48\/2023\/10\/sm_1697375677.376752.jpg\",\"datePublished\":\"2023-10-15T16:29:13+00:00\",\"dateModified\":\"2023-10-15T17:46:50+00:00\",\"author\":{\"@id\":\"https:\/\/www.africa-press.net\/comores\/#\/schema\/person\/2b1cf3cd81a31e3cd26889ca66d677f1\"},\"description\":\"Le Cap Vert affrontera en amical le 17 octobre, les Comores en France. Ste\u0301fano Cusin a publie\u0301 une liste de 19 joueurs ...\",\"breadcrumb\":{\"@id\":\"https:\/\/www.africa-press.net\/comores\/sports\/amical-la-liste-des-comores-contre-le-cap-vert-ben-el-fardou-le-grand-absent#breadcrumb\"},\"inLanguage\":\"fr-FR\",\"potentialAction\":[{\"@type\":\"ReadAction\",\"target\":[\"https:\/\/www.africa-press.net\/comores\/sports\/amical-la-liste-des-comores-contre-le-cap-vert-ben-el-fardou-le-grand-absent\"]}]},{\"@type\":\"ImageObject\",\"inLanguage\":\"fr-FR\",\"@id\":\"https:\/\/www.africa-press.net\/comores\/sports\/amical-la-liste-des-comores-contre-le-cap-vert-ben-el-fardou-le-grand-absent#primaryimage\",\"url\":\"https:\/\/static.africa-press.net\/centrafricaine\/sites\/48\/2023\/10\/sm_1697375677.376752.jpg\",\"contentUrl\":\"https:\/\/static.africa-press.net\/centrafricaine\/sites\/48\/2023\/10\/sm_1697375677.376752.jpg\",\"width\":710,\"height\":533,\"caption\":\"AMICAL : LA LISTE DES COMORES CONTRE LE CAP-VERT, BEN EL FARDOU LE GRAND ABSENT\"},{\"@type\":\"BreadcrumbList\",\"@id\":\"https:\/\/www.africa-press.net\/comores\/sports\/amical-la-liste-des-comores-contre-le-cap-vert-ben-el-fardou-le-grand-absent#breadcrumb\",\"itemListElement\":[{\"@type\":\"ListItem\",\"position\":1,\"name\":\"Accueil\",\"item\":\"https:\/\/www.africa-press.net\/comores\/\"},{\"@type\":\"ListItem\",\"position\":2,\"name\":\"AMICAL : LA LISTE DES COMORES CONTRE LE CAP-VERT, BEN EL FARDOU LE GRAND ABSENT\"}]},{\"@type\":\"WebSite\",\"@id\":\"https:\/\/www.africa-press.net\/comores\/#website\",\"url\":\"https:\/\/www.africa-press.net\/comores\/\",\"name\":\"Comores\",\"description\":\"Just another Africa News Agency Sites site\",\"potentialAction\":[{\"@type\":\"SearchAction\",\"target\":{\"@type\":\"EntryPoint\",\"urlTemplate\":\"https:\/\/www.africa-press.net\/comores\/?s={search_term_string}\"},\"query-input\":{\"@type\":\"PropertyValueSpecification\",\"valueRequired\":true,\"valueName\":\"search_term_string\"}}],\"inLanguage\":\"fr-FR\"},{\"@type\":\"Person\",\"@id\":\"https:\/\/www.africa-press.net\/comores\/#\/schema\/person\/2b1cf3cd81a31e3cd26889ca66d677f1\",\"name\":\"cfeditorfr\"}]}<\/script>\n<!-- \/ Yoast SEO Premium plugin. -->","yoast_head_json":{"title":"AMICAL : LA LISTE DES COMORES CONTRE LE CAP-VERT, BEN EL FARDOU LE GRAND ABSENT - Comores","description":"Le Cap Vert affrontera en amical le 17 octobre, les Comores en France. Ste\u0301fano Cusin a publie\u0301 une liste de 19 joueurs ...","robots":{"index":"index","follow":"follow","max-snippet":"max-snippet:-1","max-image-preview":"max-image-preview:large","max-video-preview":"max-video-preview:-1"},"canonical":"https:\/\/www.africa-press.net\/comores\/sports\/amical-la-liste-des-comores-contre-le-cap-vert-ben-el-fardou-le-grand-absent","og_locale":"fr_FR","og_type":"article","og_title":"AMICAL : LA LISTE DES COMORES CONTRE LE CAP-VERT, BEN EL FARDOU LE GRAND ABSENT","og_description":"Le Cap Vert affrontera en amical le 17 octobre, les Comores en France. Ste\u0301fano Cusin a publie\u0301 une liste de 19 joueurs ...","og_url":"https:\/\/www.africa-press.net\/comores\/sports\/amical-la-liste-des-comores-contre-le-cap-vert-ben-el-fardou-le-grand-absent","og_site_name":"Comores","article_published_time":"2023-10-15T16:29:13+00:00","article_modified_time":"2023-10-15T17:46:50+00:00","og_image":[{"width":710,"height":533,"url":"https:\/\/static.africa-press.net\/centrafricaine\/sites\/48\/2023\/10\/sm_1697375677.376752.jpg","type":"image\/jpeg"}],"author":"cfeditorfr","twitter_card":"summary_large_image","twitter_misc":{"\u00c9crit par":"cfeditorfr","Dur\u00e9e de lecture estim\u00e9e":"1 minute"},"schema":{"@context":"https:\/\/schema.org","@graph":[{"@type":"Article","@id":"https:\/\/www.africa-press.net\/comores\/sports\/amical-la-liste-des-comores-contre-le-cap-vert-ben-el-fardou-le-grand-absent#article","isPartOf":{"@id":"https:\/\/www.africa-press.net\/comores\/sports\/amical-la-liste-des-comores-contre-le-cap-vert-ben-el-fardou-le-grand-absent"},"author":{"name":"cfeditorfr","@id":"https:\/\/www.africa-press.net\/comores\/#\/schema\/person\/2b1cf3cd81a31e3cd26889ca66d677f1"},"headline":"AMICAL : LA LISTE DES COMORES CONTRE LE CAP-VERT, BEN EL FARDOU LE GRAND ABSENT","datePublished":"2023-10-15T16:29:13+00:00","dateModified":"2023-10-15T17:46:50+00:00","mainEntityOfPage":{"@id":"https:\/\/www.africa-press.net\/comores\/sports\/amical-la-liste-des-comores-contre-le-cap-vert-ben-el-fardou-le-grand-absent"},"wordCount":179,"commentCount":0,"image":{"@id":"https:\/\/www.africa-press.net\/comores\/sports\/amical-la-liste-des-comores-contre-le-cap-vert-ben-el-fardou-le-grand-absent#primaryimage"},"thumbnailUrl":"https:\/\/static.africa-press.net\/centrafricaine\/sites\/48\/2023\/10\/sm_1697375677.376752.jpg","keywords":["Africa Press","Africa Press-Comores","Comores"],"articleSection":["Sports","Top Nouvelles","Toutes les actualit\u00e9s"],"inLanguage":"fr-FR","potentialAction":[{"@type":"CommentAction","name":"Comment","target":["https:\/\/www.africa-press.net\/comores\/sports\/amical-la-liste-des-comores-contre-le-cap-vert-ben-el-fardou-le-grand-absent#respond"]}]},{"@type":"WebPage","@id":"https:\/\/www.africa-press.net\/comores\/sports\/amical-la-liste-des-comores-contre-le-cap-vert-ben-el-fardou-le-grand-absent","url":"https:\/\/www.africa-press.net\/comores\/sports\/amical-la-liste-des-comores-contre-le-cap-vert-ben-el-fardou-le-grand-absent","name":"AMICAL : LA LISTE DES COMORES CONTRE LE CAP-VERT, BEN EL FARDOU LE GRAND ABSENT - Comores","isPartOf":{"@id":"https:\/\/www.africa-press.net\/comores\/#website"},"primaryImageOfPage":{"@id":"https:\/\/www.africa-press.net\/comores\/sports\/amical-la-liste-des-comores-contre-le-cap-vert-ben-el-fardou-le-grand-absent#primaryimage"},"image":{"@id":"https:\/\/www.africa-press.net\/comores\/sports\/amical-la-liste-des-comores-contre-le-cap-vert-ben-el-fardou-le-grand-absent#primaryimage"},"thumbnailUrl":"https:\/\/static.africa-press.net\/centrafricaine\/sites\/48\/2023\/10\/sm_1697375677.376752.jpg","datePublished":"2023-10-15T16:29:13+00:00","dateModified":"2023-10-15T17:46:50+00:00","author":{"@id":"https:\/\/www.africa-press.net\/comores\/#\/schema\/person\/2b1cf3cd81a31e3cd26889ca66d677f1"},"description":"Le Cap Vert affrontera en amical le 17 octobre, les Comores en France. Ste\u0301fano Cusin a publie\u0301 une liste de 19 joueurs ...","breadcrumb":{"@id":"https:\/\/www.africa-press.net\/comores\/sports\/amical-la-liste-des-comores-contre-le-cap-vert-ben-el-fardou-le-grand-absent#breadcrumb"},"inLanguage":"fr-FR","potentialAction":[{"@type":"ReadAction","target":["https:\/\/www.africa-press.net\/comores\/sports\/amical-la-liste-des-comores-contre-le-cap-vert-ben-el-fardou-le-grand-absent"]}]},{"@type":"ImageObject","inLanguage":"fr-FR","@id":"https:\/\/www.africa-press.net\/comores\/sports\/amical-la-liste-des-comores-contre-le-cap-vert-ben-el-fardou-le-grand-absent#primaryimage","url":"https:\/\/static.africa-press.net\/centrafricaine\/sites\/48\/2023\/10\/sm_1697375677.376752.jpg","contentUrl":"https:\/\/static.africa-press.net\/centrafricaine\/sites\/48\/2023\/10\/sm_1697375677.376752.jpg","width":710,"height":533,"caption":"AMICAL : LA LISTE DES COMORES CONTRE LE CAP-VERT, BEN EL FARDOU LE GRAND ABSENT"},{"@type":"BreadcrumbList","@id":"https:\/\/www.africa-press.net\/comores\/sports\/amical-la-liste-des-comores-contre-le-cap-vert-ben-el-fardou-le-grand-absent#breadcrumb","itemListElement":[{"@type":"ListItem","position":1,"name":"Accueil","item":"https:\/\/www.africa-press.net\/comores\/"},{"@type":"ListItem","position":2,"name":"AMICAL : LA LISTE DES COMORES CONTRE LE CAP-VERT, BEN EL FARDOU LE GRAND ABSENT"}]},{"@type":"WebSite","@id":"https:\/\/www.africa-press.net\/comores\/#website","url":"https:\/\/www.africa-press.net\/comores\/","name":"Comores","description":"Just another Africa News Agency Sites site","potentialAction":[{"@type":"SearchAction","target":{"@type":"EntryPoint","urlTemplate":"https:\/\/www.africa-press.net\/comores\/?s={search_term_string}"},"query-input":{"@type":"PropertyValueSpecification","valueRequired":true,"valueName":"search_term_string"}}],"inLanguage":"fr-FR"},{"@type":"Person","@id":"https:\/\/www.africa-press.net\/comores\/#\/schema\/person\/2b1cf3cd81a31e3cd26889ca66d677f1","name":"cfeditorfr"}]}},"_links":{"self":[{"href":"https:\/\/www.africa-press.net\/comores\/wp-json\/wp\/v2\/posts\/12899","targetHints":{"allow":["GET"]}}],"collection":[{"href":"https:\/\/www.africa-press.net\/comores\/wp-json\/wp\/v2\/posts"}],"about":[{"href":"https:\/\/www.africa-press.net\/comores\/wp-json\/wp\/v2\/types\/post"}],"author":[{"embeddable":true,"href":"https:\/\/www.africa-press.net\/comores\/wp-json\/wp\/v2\/users\/82"}],"replies":[{"embeddable":true,"href":"https:\/\/www.africa-press.net\/comores\/wp-json\/wp\/v2\/comments?post=12899"}],"version-history":[{"count":0,"href":"https:\/\/www.africa-press.net\/comores\/wp-json\/wp\/v2\/posts\/12899\/revisions"}],"wp:featuredmedia":[{"embeddable":true,"href":"https:\/\/www.africa-press.net\/comores\/wp-json\/wp\/v2\/media\/12898"}],"wp:attachment":[{"href":"https:\/\/www.africa-press.net\/comores\/wp-json\/wp\/v2\/media?parent=12899"}],"wp:term":[{"taxonomy":"category","embeddable":true,"href":"https:\/\/www.africa-press.net\/comores\/wp-json\/wp\/v2\/categories?post=12899"},{"taxonomy":"post_tag","embeddable":true,"href":"https:\/\/www.africa-press.net\/comores\/wp-json\/wp\/v2\/tags?post=12899"}],"curies":[{"name":"wp","href":"https:\/\/api.w.org\/{rel}","templated":true}]}}