{"id":12902,"date":"2023-10-16T14:54:50","date_gmt":"2023-10-16T14:54:50","guid":{"rendered":"https:\/\/www.africa-press.net\/comores\/politique\/acceleration-du-financement-de-lemergence-africaine-adoption-de-la-declaration-de-marrakech"},"modified":"2023-10-16T17:30:06","modified_gmt":"2023-10-16T17:30:06","slug":"acceleration-du-financement-de-lemergence-africaine-adoption-de-la-declaration-de-marrakech","status":"publish","type":"post","link":"https:\/\/www.africa-press.net\/comores\/economie\/acceleration-du-financement-de-lemergence-africaine-adoption-de-la-declaration-de-marrakech","title":{"rendered":"Acc\u00e9l\u00e9ration du financement de l&rsquo;\u00e9mergence africaine: Adoption de la D\u00e9claration de Marrakech"},"content":{"rendered":"<p><span style=\"color: #ff6600\"><strong>Africa-Press &#8211; Comores. <\/strong><\/span><b>La Re\u0301union ministe\u0301rielle de Haut Niveau sur l&rsquo;acce\u0301le\u0301ration du financement de l&rsquo;e\u0301mergence africaine, s\u2019est tenue jeudi 12 octobre dernier en marge des Assemble\u0301es annuelles BM-FMI a\u0300 Marrakech. Elle a e\u0301te\u0301 marque\u0301e par l&rsquo;adoption de la \u00ab\u00a0De\u0301claration de Marrakech\u00a0\u00bb, qui appelle a\u0300 une \u00ab\u00a0architecture financie\u0300re mondiale plus e\u0301quitable et plus propice au de\u0301veloppement de l&rsquo;Afrique\u00a0\u00bb. <\/b><\/p>\n<p>Les 48 pays participants a\u0300 cette re\u0301union de haut niveau, organise\u0301e a\u0300 l&rsquo;initiative du Royaume du Maroc dont les Comores repre\u0301sente\u0301s par le ministre des finances Mze Abdou Chanfiou et le gouverneur de la Banque Centrale, Younoussa Imani, ont appele\u0301 a\u0300 la re\u0301alisation des priorite\u0301s de croissance du continent, qui respecte la souverainete\u0301, l\u2019inte\u0301grite\u0301 territoriale des E\u0301tats africains et contribue a\u0300 l\u2019e\u0301panouissement de ses populations. Ils ont e\u0301galement plaide\u0301 pour le renforcement de l\u2019effort de coope\u0301ration, aussi bien dans un cadre bilate\u0301ral que multilate\u0301ral, pour appuyer les pays africains dans la re\u0301sorption du de\u0301ficit en infrastructures, a\u0300 travers notamment l&rsquo;augmentation du financement, la fourniture et le transfert de l\u2019expertise technique et technologique et le renforcement des capacite\u0301s.<\/p>\n<p>Lors de cette re\u0301union, ils ont invite\u0301 la ministre de l\u2019E\u0301conomie et des Finances du Royaume du Maroc a\u0300 oeuvrer pour le suivi de la mise en oeuvre de cette De\u0301claration et a\u0300 la cre\u0301ation d\u2019une Task-Force interafricaine qui sera a\u0300 la disposition des pays du continent pour la mise en commun des bonnes pratiques et des expe\u0301riences dans les me\u0301tiers du de\u0301veloppement et du financement des infrastructures, l&rsquo;accompagnement dans le de\u0301veloppement de projets d\u2019infrastructure structurants et bancables et l\u2019appui au portage de projets d\u2019infrastructure africains lors des roadshows pour les leve\u0301es de fonds aupre\u0300s des investisseurs potentiels. \u00ab La question du financement demeure de\u0300s lors un enjeu crucial a\u0300 adresser pour le de\u0301veloppement de programmes d\u2019infrastructures ambitieux, a\u0300 me\u0302me de combler le de\u0301ficit en infrastructure dont souffrent les pays africains et que cet effort de financement ne peut e\u0302tre assure\u0301 uniquement par des ressources publiques \u00bb, lit-on dans cette de\u0301claration.<\/p>\n<p>\u00ab Sur initiative du Ministre de l&rsquo;e\u0301conomie et des finances marocaine, les ministres africains, nous avons eu a\u0300 examiner les mesures a\u0300 prendre pour acce\u0301le\u0301rer l&rsquo;e\u0301mergence du Continent, notamment le financement de l&rsquo;e\u0301mergence. Dans un contexte de rare\u0301faction des ressources financie\u0300res, avons souligne\u0301 la ne\u0301cessite\u0301 d&rsquo;activer tous les leviers de financement, en mobilisant le secteur prive\u0301 dans un de PPP, les partenaires bilate\u0301raux et les institutions financie\u0300res multilate\u0301rales, notamment les banques multilate\u0301rales de de\u0301veloppement \u00bb, avance Mze Abdou Chanfiou, le ministre comorien des finances.<\/p>\n<p>Dans cette dynamique africaine, les Comores devraient tirer avantage avec le renforcement de la coope\u0301ration entre les institutions de Breton-wood, le financement de nos projets par la BAD, et la re\u0301cente signature d&rsquo;un accord avec la Banque Of Africa, qui continuera sans aucun doute au financement de notre e\u0301conomie. \u00ab Notre pre\u0301sence a\u0300 Marrakech a e\u0301te\u0301 l&rsquo;occasion de continuer a\u0300 repre\u0301senter le continent. Le Chef de l&rsquo;Etat, Azali Assoumani Pre\u0301side avec brio l&rsquo;UA et repre\u0301sente le continent avec fierte\u0301 et re\u0301sultats visibles dans les instances internationales et fait entendre la voix de l&rsquo;Afrique : G20, G7, Sommet de Paris sur la Finances internationale, Sommet de Nairobi sur le climat. Et les membres du gouvernement suivent ses marques, en repre\u0301sentant dignement l&rsquo;Afrique dans nos re\u0301unions ministe\u0301rielles. C&rsquo;est une fierte\u0301 pour notre pays. A Marrakech, j&rsquo;ai eu l&rsquo;honneur d&rsquo;exprimer la position africaine dans les re\u0301unions du G7 pre\u0301side\u0301e par le Japon, du G20 pre\u0301side\u0301e par l&rsquo;Inde, du Caucus africain avec la Banque mondiale et le FMI \u00bb, poursuit-il. Et d\u2019ajouter : \u00ab Dans ces instances, j&rsquo;ai de\u0301fendu l&rsquo;Afrique mais aussi fait valoir les progre\u0300s du pays et la volonte\u0301 du chef de l&rsquo;Etat et du Gouvernement de poursuivre les re\u0301formes engage\u0301es et demander aux partenaires de continuer a\u0300 accompagner le pays dans sa dynamique de de\u0301veloppement \u00bb.<\/p>\n<p>Dans leur De\u0301claration, les pays africains ont tenu a\u0300 remercier le Roi Mohammed VI \u00ab pour son leadership et son attachement au renforcement de la coope\u0301ration interafricaine, ainsi que le gouvernement et le peuple marocain pour avoir accueilli les Assemble\u0301es annuelles du groupe de la Banque Mondiale et du FMI et pour la chaleureuse hospitalite\u0301 accorde\u0301e a\u0300 tous les participants \u00bb. Ils ont, en outre, fe\u0301licite\u0301 le Royaume le Maroc pour sa de\u0301signation comme pays ho\u0302te de la Coupe du Monde 2030 qui repre\u0301sente une opportunite\u0301 unique de catalyser la croissance et la modernisation des infrastructures dans le Royaume et qui te\u0301moigne de la confiance en la capacite\u0301 de l\u2019Afrique a\u0300 relever les plus grands de\u0301fis.<\/p>\n<p><strong>Pour plus d&rsquo;informations et d&rsquo;analyses sur la <a href=\"https:\/\/www.africa-press.net\/comores\">Comores<\/a>, suivez <a href=\"https:\/\/www.africa-press.net\/\">Africa-Press<\/a><\/strong><\/p>\n","protected":false},"excerpt":{"rendered":"<p>Africa-Press &#8211; Comores. La Re\u0301union ministe\u0301rielle de Haut Niveau sur l&rsquo;acce\u0301le\u0301ration du financement de l&rsquo;e\u0301mergence africaine, s\u2019est tenue jeudi 12 octobre dernier en marge des Assemble\u0301es annuelles BM-FMI a\u0300 Marrakech. Elle a e\u0301te\u0301 marque\u0301e par l&rsquo;adoption de la \u00ab\u00a0De\u0301claration de Marrakech\u00a0\u00bb, qui appelle a\u0300 une \u00ab\u00a0architecture financie\u0300re mondiale plus e\u0301quitable et plus propice au de\u0301veloppement [&hellip;]<\/p>\n","protected":false},"author":82,"featured_media":12901,"comment_status":"open","ping_status":"closed","sticky":false,"template":"","format":"standard","meta":{"footnotes":""},"categories":[3,10],"tags":[36,53,45],"class_list":["post-12902","post","type-post","status-publish","format-standard","has-post-thumbnail","hentry","category-economie","category-toutes-les-actualites","tag-africa-press","tag-africa-press-comores","tag-comores"],"yoast_head":"<!-- This site is optimized with the Yoast SEO Premium plugin v26.1 (Yoast SEO v27.0) - https:\/\/yoast.com\/product\/yoast-seo-premium-wordpress\/ -->\n<title>Acc\u00e9l\u00e9ration du financement de l&#039;\u00e9mergence africaine: Adoption de la D\u00e9claration de Marrakech - Comores<\/title>\n<meta name=\"description\" content=\"La Re\u0301union ministe\u0301rielle de Haut Niveau sur l&#039;acce\u0301le\u0301ration du financement de l&#039;e\u0301mergence africaine, s\u2019est tenue ...\" \/>\n<meta name=\"robots\" content=\"index, follow, max-snippet:-1, max-image-preview:large, max-video-preview:-1\" \/>\n<link rel=\"canonical\" href=\"https:\/\/www.africa-press.net\/comores\/economie\/acceleration-du-financement-de-lemergence-africaine-adoption-de-la-declaration-de-marrakech\" \/>\n<meta property=\"og:locale\" content=\"fr_FR\" \/>\n<meta property=\"og:type\" content=\"article\" \/>\n<meta property=\"og:title\" content=\"Acc\u00e9l\u00e9ration du financement de l&#039;\u00e9mergence africaine: Adoption de la D\u00e9claration de Marrakech\" \/>\n<meta property=\"og:description\" content=\"La Re\u0301union ministe\u0301rielle de Haut Niveau sur l&#039;acce\u0301le\u0301ration du financement de l&#039;e\u0301mergence africaine, s\u2019est tenue ...\" \/>\n<meta property=\"og:url\" content=\"https:\/\/www.africa-press.net\/comores\/economie\/acceleration-du-financement-de-lemergence-africaine-adoption-de-la-declaration-de-marrakech\" \/>\n<meta property=\"og:site_name\" content=\"Comores\" \/>\n<meta property=\"article:published_time\" content=\"2023-10-16T14:54:50+00:00\" \/>\n<meta property=\"article:modified_time\" content=\"2023-10-16T17:30:06+00:00\" \/>\n<meta property=\"og:image\" content=\"https:\/\/static.africa-press.net\/centrafricaine\/sites\/48\/2023\/10\/sm_1697461102.45428.jpg\" \/>\n\t<meta property=\"og:image:width\" content=\"900\" \/>\n\t<meta property=\"og:image:height\" content=\"404\" \/>\n\t<meta property=\"og:image:type\" content=\"image\/jpeg\" \/>\n<meta name=\"author\" content=\"cfeditorfr\" \/>\n<meta name=\"twitter:card\" content=\"summary_large_image\" \/>\n<meta name=\"twitter:label1\" content=\"\u00c9crit par\" \/>\n\t<meta name=\"twitter:data1\" content=\"cfeditorfr\" \/>\n\t<meta name=\"twitter:label2\" content=\"Dur\u00e9e de lecture estim\u00e9e\" \/>\n\t<meta name=\"twitter:data2\" content=\"4 minutes\" \/>\n<script type=\"application\/ld+json\" class=\"yoast-schema-graph\">{\"@context\":\"https:\/\/schema.org\",\"@graph\":[{\"@type\":\"Article\",\"@id\":\"https:\/\/www.africa-press.net\/comores\/economie\/acceleration-du-financement-de-lemergence-africaine-adoption-de-la-declaration-de-marrakech#article\",\"isPartOf\":{\"@id\":\"https:\/\/www.africa-press.net\/comores\/economie\/acceleration-du-financement-de-lemergence-africaine-adoption-de-la-declaration-de-marrakech\"},\"author\":{\"name\":\"cfeditorfr\",\"@id\":\"https:\/\/www.africa-press.net\/comores\/#\/schema\/person\/2b1cf3cd81a31e3cd26889ca66d677f1\"},\"headline\":\"Acc\u00e9l\u00e9ration du financement de l&rsquo;\u00e9mergence africaine: Adoption de la D\u00e9claration de Marrakech\",\"datePublished\":\"2023-10-16T14:54:50+00:00\",\"dateModified\":\"2023-10-16T17:30:06+00:00\",\"mainEntityOfPage\":{\"@id\":\"https:\/\/www.africa-press.net\/comores\/economie\/acceleration-du-financement-de-lemergence-africaine-adoption-de-la-declaration-de-marrakech\"},\"wordCount\":880,\"commentCount\":0,\"image\":{\"@id\":\"https:\/\/www.africa-press.net\/comores\/economie\/acceleration-du-financement-de-lemergence-africaine-adoption-de-la-declaration-de-marrakech#primaryimage\"},\"thumbnailUrl\":\"https:\/\/static.africa-press.net\/centrafricaine\/sites\/48\/2023\/10\/sm_1697461102.45428.jpg\",\"keywords\":[\"Africa Press\",\"Africa Press-Comores\",\"Comores\"],\"articleSection\":[\"\u00c9conomie\",\"Toutes les actualit\u00e9s\"],\"inLanguage\":\"fr-FR\",\"potentialAction\":[{\"@type\":\"CommentAction\",\"name\":\"Comment\",\"target\":[\"https:\/\/www.africa-press.net\/comores\/economie\/acceleration-du-financement-de-lemergence-africaine-adoption-de-la-declaration-de-marrakech#respond\"]}]},{\"@type\":\"WebPage\",\"@id\":\"https:\/\/www.africa-press.net\/comores\/economie\/acceleration-du-financement-de-lemergence-africaine-adoption-de-la-declaration-de-marrakech\",\"url\":\"https:\/\/www.africa-press.net\/comores\/economie\/acceleration-du-financement-de-lemergence-africaine-adoption-de-la-declaration-de-marrakech\",\"name\":\"Acc\u00e9l\u00e9ration du financement de l'\u00e9mergence africaine: Adoption de la D\u00e9claration de Marrakech - Comores\",\"isPartOf\":{\"@id\":\"https:\/\/www.africa-press.net\/comores\/#website\"},\"primaryImageOfPage\":{\"@id\":\"https:\/\/www.africa-press.net\/comores\/economie\/acceleration-du-financement-de-lemergence-africaine-adoption-de-la-declaration-de-marrakech#primaryimage\"},\"image\":{\"@id\":\"https:\/\/www.africa-press.net\/comores\/economie\/acceleration-du-financement-de-lemergence-africaine-adoption-de-la-declaration-de-marrakech#primaryimage\"},\"thumbnailUrl\":\"https:\/\/static.africa-press.net\/centrafricaine\/sites\/48\/2023\/10\/sm_1697461102.45428.jpg\",\"datePublished\":\"2023-10-16T14:54:50+00:00\",\"dateModified\":\"2023-10-16T17:30:06+00:00\",\"author\":{\"@id\":\"https:\/\/www.africa-press.net\/comores\/#\/schema\/person\/2b1cf3cd81a31e3cd26889ca66d677f1\"},\"description\":\"La Re\u0301union ministe\u0301rielle de Haut Niveau sur l'acce\u0301le\u0301ration du financement de l'e\u0301mergence africaine, s\u2019est tenue ...\",\"breadcrumb\":{\"@id\":\"https:\/\/www.africa-press.net\/comores\/economie\/acceleration-du-financement-de-lemergence-africaine-adoption-de-la-declaration-de-marrakech#breadcrumb\"},\"inLanguage\":\"fr-FR\",\"potentialAction\":[{\"@type\":\"ReadAction\",\"target\":[\"https:\/\/www.africa-press.net\/comores\/economie\/acceleration-du-financement-de-lemergence-africaine-adoption-de-la-declaration-de-marrakech\"]}]},{\"@type\":\"ImageObject\",\"inLanguage\":\"fr-FR\",\"@id\":\"https:\/\/www.africa-press.net\/comores\/economie\/acceleration-du-financement-de-lemergence-africaine-adoption-de-la-declaration-de-marrakech#primaryimage\",\"url\":\"https:\/\/static.africa-press.net\/centrafricaine\/sites\/48\/2023\/10\/sm_1697461102.45428.jpg\",\"contentUrl\":\"https:\/\/static.africa-press.net\/centrafricaine\/sites\/48\/2023\/10\/sm_1697461102.45428.jpg\",\"width\":900,\"height\":404,\"caption\":\"Acc\u00e9l\u00e9ration du financement de l'\u00e9mergence africaine: Adoption de la D\u00e9claration de Marrakech\"},{\"@type\":\"BreadcrumbList\",\"@id\":\"https:\/\/www.africa-press.net\/comores\/economie\/acceleration-du-financement-de-lemergence-africaine-adoption-de-la-declaration-de-marrakech#breadcrumb\",\"itemListElement\":[{\"@type\":\"ListItem\",\"position\":1,\"name\":\"Accueil\",\"item\":\"https:\/\/www.africa-press.net\/comores\/\"},{\"@type\":\"ListItem\",\"position\":2,\"name\":\"Acc\u00e9l\u00e9ration du financement de l&#8217;\u00e9mergence africaine: Adoption de la D\u00e9claration de Marrakech\"}]},{\"@type\":\"WebSite\",\"@id\":\"https:\/\/www.africa-press.net\/comores\/#website\",\"url\":\"https:\/\/www.africa-press.net\/comores\/\",\"name\":\"Comores\",\"description\":\"Just another Africa News Agency Sites site\",\"potentialAction\":[{\"@type\":\"SearchAction\",\"target\":{\"@type\":\"EntryPoint\",\"urlTemplate\":\"https:\/\/www.africa-press.net\/comores\/?s={search_term_string}\"},\"query-input\":{\"@type\":\"PropertyValueSpecification\",\"valueRequired\":true,\"valueName\":\"search_term_string\"}}],\"inLanguage\":\"fr-FR\"},{\"@type\":\"Person\",\"@id\":\"https:\/\/www.africa-press.net\/comores\/#\/schema\/person\/2b1cf3cd81a31e3cd26889ca66d677f1\",\"name\":\"cfeditorfr\"}]}<\/script>\n<!-- \/ Yoast SEO Premium plugin. -->","yoast_head_json":{"title":"Acc\u00e9l\u00e9ration du financement de l'\u00e9mergence africaine: Adoption de la D\u00e9claration de Marrakech - Comores","description":"La Re\u0301union ministe\u0301rielle de Haut Niveau sur l'acce\u0301le\u0301ration du financement de l'e\u0301mergence africaine, s\u2019est tenue ...","robots":{"index":"index","follow":"follow","max-snippet":"max-snippet:-1","max-image-preview":"max-image-preview:large","max-video-preview":"max-video-preview:-1"},"canonical":"https:\/\/www.africa-press.net\/comores\/economie\/acceleration-du-financement-de-lemergence-africaine-adoption-de-la-declaration-de-marrakech","og_locale":"fr_FR","og_type":"article","og_title":"Acc\u00e9l\u00e9ration du financement de l'\u00e9mergence africaine: Adoption de la D\u00e9claration de Marrakech","og_description":"La Re\u0301union ministe\u0301rielle de Haut Niveau sur l'acce\u0301le\u0301ration du financement de l'e\u0301mergence africaine, s\u2019est tenue ...","og_url":"https:\/\/www.africa-press.net\/comores\/economie\/acceleration-du-financement-de-lemergence-africaine-adoption-de-la-declaration-de-marrakech","og_site_name":"Comores","article_published_time":"2023-10-16T14:54:50+00:00","article_modified_time":"2023-10-16T17:30:06+00:00","og_image":[{"width":900,"height":404,"url":"https:\/\/static.africa-press.net\/centrafricaine\/sites\/48\/2023\/10\/sm_1697461102.45428.jpg","type":"image\/jpeg"}],"author":"cfeditorfr","twitter_card":"summary_large_image","twitter_misc":{"\u00c9crit par":"cfeditorfr","Dur\u00e9e de lecture estim\u00e9e":"4 minutes"},"schema":{"@context":"https:\/\/schema.org","@graph":[{"@type":"Article","@id":"https:\/\/www.africa-press.net\/comores\/economie\/acceleration-du-financement-de-lemergence-africaine-adoption-de-la-declaration-de-marrakech#article","isPartOf":{"@id":"https:\/\/www.africa-press.net\/comores\/economie\/acceleration-du-financement-de-lemergence-africaine-adoption-de-la-declaration-de-marrakech"},"author":{"name":"cfeditorfr","@id":"https:\/\/www.africa-press.net\/comores\/#\/schema\/person\/2b1cf3cd81a31e3cd26889ca66d677f1"},"headline":"Acc\u00e9l\u00e9ration du financement de l&rsquo;\u00e9mergence africaine: Adoption de la D\u00e9claration de Marrakech","datePublished":"2023-10-16T14:54:50+00:00","dateModified":"2023-10-16T17:30:06+00:00","mainEntityOfPage":{"@id":"https:\/\/www.africa-press.net\/comores\/economie\/acceleration-du-financement-de-lemergence-africaine-adoption-de-la-declaration-de-marrakech"},"wordCount":880,"commentCount":0,"image":{"@id":"https:\/\/www.africa-press.net\/comores\/economie\/acceleration-du-financement-de-lemergence-africaine-adoption-de-la-declaration-de-marrakech#primaryimage"},"thumbnailUrl":"https:\/\/static.africa-press.net\/centrafricaine\/sites\/48\/2023\/10\/sm_1697461102.45428.jpg","keywords":["Africa Press","Africa Press-Comores","Comores"],"articleSection":["\u00c9conomie","Toutes les actualit\u00e9s"],"inLanguage":"fr-FR","potentialAction":[{"@type":"CommentAction","name":"Comment","target":["https:\/\/www.africa-press.net\/comores\/economie\/acceleration-du-financement-de-lemergence-africaine-adoption-de-la-declaration-de-marrakech#respond"]}]},{"@type":"WebPage","@id":"https:\/\/www.africa-press.net\/comores\/economie\/acceleration-du-financement-de-lemergence-africaine-adoption-de-la-declaration-de-marrakech","url":"https:\/\/www.africa-press.net\/comores\/economie\/acceleration-du-financement-de-lemergence-africaine-adoption-de-la-declaration-de-marrakech","name":"Acc\u00e9l\u00e9ration du financement de l'\u00e9mergence africaine: Adoption de la D\u00e9claration de Marrakech - Comores","isPartOf":{"@id":"https:\/\/www.africa-press.net\/comores\/#website"},"primaryImageOfPage":{"@id":"https:\/\/www.africa-press.net\/comores\/economie\/acceleration-du-financement-de-lemergence-africaine-adoption-de-la-declaration-de-marrakech#primaryimage"},"image":{"@id":"https:\/\/www.africa-press.net\/comores\/economie\/acceleration-du-financement-de-lemergence-africaine-adoption-de-la-declaration-de-marrakech#primaryimage"},"thumbnailUrl":"https:\/\/static.africa-press.net\/centrafricaine\/sites\/48\/2023\/10\/sm_1697461102.45428.jpg","datePublished":"2023-10-16T14:54:50+00:00","dateModified":"2023-10-16T17:30:06+00:00","author":{"@id":"https:\/\/www.africa-press.net\/comores\/#\/schema\/person\/2b1cf3cd81a31e3cd26889ca66d677f1"},"description":"La Re\u0301union ministe\u0301rielle de Haut Niveau sur l'acce\u0301le\u0301ration du financement de l'e\u0301mergence africaine, s\u2019est tenue ...","breadcrumb":{"@id":"https:\/\/www.africa-press.net\/comores\/economie\/acceleration-du-financement-de-lemergence-africaine-adoption-de-la-declaration-de-marrakech#breadcrumb"},"inLanguage":"fr-FR","potentialAction":[{"@type":"ReadAction","target":["https:\/\/www.africa-press.net\/comores\/economie\/acceleration-du-financement-de-lemergence-africaine-adoption-de-la-declaration-de-marrakech"]}]},{"@type":"ImageObject","inLanguage":"fr-FR","@id":"https:\/\/www.africa-press.net\/comores\/economie\/acceleration-du-financement-de-lemergence-africaine-adoption-de-la-declaration-de-marrakech#primaryimage","url":"https:\/\/static.africa-press.net\/centrafricaine\/sites\/48\/2023\/10\/sm_1697461102.45428.jpg","contentUrl":"https:\/\/static.africa-press.net\/centrafricaine\/sites\/48\/2023\/10\/sm_1697461102.45428.jpg","width":900,"height":404,"caption":"Acc\u00e9l\u00e9ration du financement de l'\u00e9mergence africaine: Adoption de la D\u00e9claration de Marrakech"},{"@type":"BreadcrumbList","@id":"https:\/\/www.africa-press.net\/comores\/economie\/acceleration-du-financement-de-lemergence-africaine-adoption-de-la-declaration-de-marrakech#breadcrumb","itemListElement":[{"@type":"ListItem","position":1,"name":"Accueil","item":"https:\/\/www.africa-press.net\/comores\/"},{"@type":"ListItem","position":2,"name":"Acc\u00e9l\u00e9ration du financement de l&#8217;\u00e9mergence africaine: Adoption de la D\u00e9claration de Marrakech"}]},{"@type":"WebSite","@id":"https:\/\/www.africa-press.net\/comores\/#website","url":"https:\/\/www.africa-press.net\/comores\/","name":"Comores","description":"Just another Africa News Agency Sites site","potentialAction":[{"@type":"SearchAction","target":{"@type":"EntryPoint","urlTemplate":"https:\/\/www.africa-press.net\/comores\/?s={search_term_string}"},"query-input":{"@type":"PropertyValueSpecification","valueRequired":true,"valueName":"search_term_string"}}],"inLanguage":"fr-FR"},{"@type":"Person","@id":"https:\/\/www.africa-press.net\/comores\/#\/schema\/person\/2b1cf3cd81a31e3cd26889ca66d677f1","name":"cfeditorfr"}]}},"_links":{"self":[{"href":"https:\/\/www.africa-press.net\/comores\/wp-json\/wp\/v2\/posts\/12902","targetHints":{"allow":["GET"]}}],"collection":[{"href":"https:\/\/www.africa-press.net\/comores\/wp-json\/wp\/v2\/posts"}],"about":[{"href":"https:\/\/www.africa-press.net\/comores\/wp-json\/wp\/v2\/types\/post"}],"author":[{"embeddable":true,"href":"https:\/\/www.africa-press.net\/comores\/wp-json\/wp\/v2\/users\/82"}],"replies":[{"embeddable":true,"href":"https:\/\/www.africa-press.net\/comores\/wp-json\/wp\/v2\/comments?post=12902"}],"version-history":[{"count":0,"href":"https:\/\/www.africa-press.net\/comores\/wp-json\/wp\/v2\/posts\/12902\/revisions"}],"wp:featuredmedia":[{"embeddable":true,"href":"https:\/\/www.africa-press.net\/comores\/wp-json\/wp\/v2\/media\/12901"}],"wp:attachment":[{"href":"https:\/\/www.africa-press.net\/comores\/wp-json\/wp\/v2\/media?parent=12902"}],"wp:term":[{"taxonomy":"category","embeddable":true,"href":"https:\/\/www.africa-press.net\/comores\/wp-json\/wp\/v2\/categories?post=12902"},{"taxonomy":"post_tag","embeddable":true,"href":"https:\/\/www.africa-press.net\/comores\/wp-json\/wp\/v2\/tags?post=12902"}],"curies":[{"name":"wp","href":"https:\/\/api.w.org\/{rel}","templated":true}]}}