{"id":12904,"date":"2023-10-16T15:25:32","date_gmt":"2023-10-16T15:25:32","guid":{"rendered":"https:\/\/www.africa-press.net\/comores\/politique\/le-premier-congres-national-de-lesthetique-tenu-a-moroni"},"modified":"2023-10-16T17:30:35","modified_gmt":"2023-10-16T17:30:35","slug":"le-premier-congres-national-de-lesthetique-tenu-a-moroni","status":"publish","type":"post","link":"https:\/\/www.africa-press.net\/comores\/toutes-les-actualites\/le-premier-congres-national-de-lesthetique-tenu-a-moroni","title":{"rendered":"Le premier congr\u00e8s national de l\u2019esth\u00e9tique tenu \u00e0 Moroni"},"content":{"rendered":"<p><span style=\"color: #ff6600\"><strong>Africa-Press &#8211; Comores. <\/strong><\/span><b>Le congre\u0300s national de l\u2019esthe\u0301tique et de la coiffure s\u2019est tenu pour la premie\u0300re fois a\u0300 Moroni. Cet e\u0301ve\u0300nement qui a rassemble\u0301 une cinquantaine d\u2019artisans a pour but de valoriser ce sous-secteur souvent dans l\u2019informel, de l\u2019encourager et de le pousser a\u0300 se formaliser, s\u2019informer, e\u0301changer, saisir les e\u0301volutions du marche\u0301, cre\u0301er ou renouveler des relations. <\/b><\/p>\n<p>Le premier congre\u0300s national de l\u2019esthe\u0301tique et de la coiffure, de la sante\u0301 et biene\u0302tre s\u2019est tenu a\u0300 Moroni du 12 au 14 octobre dernier. Initie\u0301 par Secrets de Beaute\u0301 de Farida Djalim avec l\u2019appui de l\u2019ANPI et de l\u2019AND, cette activite\u0301 avait pour objectif de valoriser les me\u0301tiers de la beaute\u0301. Environ une cinquantaine d\u2019artisans ont e\u0301te\u0301 mobilise\u0301s notamment des coiffeurs, des nutritionnistes, des esthe\u0301ticiennes, des agroalimentaires, etc. L\u2019e\u0301ve\u0300nement a vu la pre\u0301sence des stylistes, des entrepreneurs et de pharmaciens. Durant ces trois jours, il e\u0301tait question de valoriser un sous-secteur souvent reclus dans l\u2019informel, d\u2019encourager ces professionnels a\u0300 se formaliser, s\u2019informer, e\u0301changer, saisir les e\u0301volutions du marche\u0301, cre\u0301er ou renouveler des relations. D\u2019apre\u0300s l\u2019organisatrice, Farida Djalim, le but est de rassembler tous les artisans de la beaute\u0301 et cre\u0301er une polyvalence des fabricants de cosme\u0301tiques et de la beaute\u0301. \u00ab C\u2019est une premie\u0300re pour les me\u0301tiers de l\u2019artisanat de la beaute\u0301, coiffure ou autres. Sur cette premie\u0300re e\u0301dition, nous avons l\u2019arme\u0301e et l\u2019ANPI en appui, qui d\u2019ailleurs vont intervenir en nous montrant lors des confe\u0301rences l\u2019inte\u0301re\u0302t de prendre soin de sa sante\u0301, car notre sante\u0301 contribue a\u0300 notre beaute\u0301 \u00bb, renche\u0301rit celle qui n\u2019a pas manque\u0301 d\u2019encourager les jeunes a\u0300 booster le secteur.<\/p>\n<p>De son co\u0302te\u0301, la directrice de l\u2019ANPI, Nadjati Soidiki se dit fie\u0300re d\u2019un tel e\u0301ve\u0300nement. Selon elle, c\u2019est l\u2019art de bien faire, le souci de transmettre, d\u2019accompagner les vocations d\u2019entrepreneurs et de les propulser. \u00ab Farida s\u2019investit corps et a\u0302me, pour mettre a\u0300 l\u2019honneur et valoriser les ope\u0301rateurs, les entreprises. C\u2019est l\u2019occasion de voir les femmes et les hommes aussi se faire beau et belle en ayant acce\u0300s a\u0300 une offre varie\u0301e de services et prestations et des promotions aussi. C\u2019est l\u2019opportunite\u0301 de mettre en lumie\u0300re ce sous-secteur qui a durement souffert du covid-19, qui se rele\u0300ve de jour en jour \u00bb, avance-t-elle.<\/p>\n<p>Et d\u2019ajouter : \u00ab Un sous-secteur incontournable pourtant les contraintes sont souvent trop peu connues et peine a\u0300 se structurer. Il y a un passeport pour acce\u0301der aux opportunite\u0301s et se de\u0301velopper. L\u2019ANPI est disponible pour accompagner cette dynamique nouvelle et nous offrirons au gagnant les frais administratifs et le capital de de\u0301part pour la formalisation de son activite\u0301 \u00bb. C\u2019e\u0301tait l\u2019occasion pour l\u2019organisatrice de saluer les efforts de ses partenaires y compris l\u2019ambassade de France qui continue a\u0300 soutenir de telles actions.<\/p>\n<p><strong>Pour plus d&rsquo;informations et d&rsquo;analyses sur la <a href=\"https:\/\/www.africa-press.net\/comores\">Comores<\/a>, suivez <a href=\"https:\/\/www.africa-press.net\/\">Africa-Press<\/a><\/strong><\/p>\n","protected":false},"excerpt":{"rendered":"<p>Africa-Press &#8211; Comores. Le congre\u0300s national de l\u2019esthe\u0301tique et de la coiffure s\u2019est tenu pour la premie\u0300re fois a\u0300 Moroni. Cet e\u0301ve\u0300nement qui a rassemble\u0301 une cinquantaine d\u2019artisans a pour but de valoriser ce sous-secteur souvent dans l\u2019informel, de l\u2019encourager et de le pousser a\u0300 se formaliser, s\u2019informer, e\u0301changer, saisir les e\u0301volutions du marche\u0301, cre\u0301er [&hellip;]<\/p>\n","protected":false},"author":82,"featured_media":12903,"comment_status":"open","ping_status":"closed","sticky":false,"template":"","format":"standard","meta":{"footnotes":""},"categories":[21,10],"tags":[36,53,45],"class_list":["post-12904","post","type-post","status-publish","format-standard","has-post-thumbnail","hentry","category-communaute","category-toutes-les-actualites","tag-africa-press","tag-africa-press-comores","tag-comores"],"yoast_head":"<!-- This site is optimized with the Yoast SEO Premium plugin v26.1 (Yoast SEO v27.0) - https:\/\/yoast.com\/product\/yoast-seo-premium-wordpress\/ -->\n<title>Le premier congr\u00e8s national de l\u2019esth\u00e9tique tenu \u00e0 Moroni - Comores<\/title>\n<meta name=\"description\" content=\"Le congre\u0300s national de l\u2019esthe\u0301tique et de la coiffure s\u2019est tenu pour la premie\u0300re fois a\u0300 Moroni. Cet e\u0301ve\u0300nement ...\" \/>\n<meta name=\"robots\" content=\"index, follow, max-snippet:-1, max-image-preview:large, max-video-preview:-1\" \/>\n<link rel=\"canonical\" href=\"https:\/\/www.africa-press.net\/comores\/toutes-les-actualites\/le-premier-congres-national-de-lesthetique-tenu-a-moroni\" \/>\n<meta property=\"og:locale\" content=\"fr_FR\" \/>\n<meta property=\"og:type\" content=\"article\" \/>\n<meta property=\"og:title\" content=\"Le premier congr\u00e8s national de l\u2019esth\u00e9tique tenu \u00e0 Moroni\" \/>\n<meta property=\"og:description\" content=\"Le congre\u0300s national de l\u2019esthe\u0301tique et de la coiffure s\u2019est tenu pour la premie\u0300re fois a\u0300 Moroni. Cet e\u0301ve\u0300nement ...\" \/>\n<meta property=\"og:url\" content=\"https:\/\/www.africa-press.net\/comores\/toutes-les-actualites\/le-premier-congres-national-de-lesthetique-tenu-a-moroni\" \/>\n<meta property=\"og:site_name\" content=\"Comores\" \/>\n<meta property=\"article:published_time\" content=\"2023-10-16T15:25:32+00:00\" \/>\n<meta property=\"article:modified_time\" content=\"2023-10-16T17:30:35+00:00\" \/>\n<meta property=\"og:image\" content=\"https:\/\/static.africa-press.net\/centrafricaine\/sites\/48\/2023\/10\/sm_1697461123.542748.jpg\" \/>\n\t<meta property=\"og:image:width\" content=\"750\" \/>\n\t<meta property=\"og:image:height\" content=\"562\" \/>\n\t<meta property=\"og:image:type\" content=\"image\/jpeg\" \/>\n<meta name=\"author\" content=\"cfeditorfr\" \/>\n<meta name=\"twitter:card\" content=\"summary_large_image\" \/>\n<meta name=\"twitter:label1\" content=\"\u00c9crit par\" \/>\n\t<meta name=\"twitter:data1\" content=\"cfeditorfr\" \/>\n\t<meta name=\"twitter:label2\" content=\"Dur\u00e9e de lecture estim\u00e9e\" \/>\n\t<meta name=\"twitter:data2\" content=\"3 minutes\" \/>\n<script type=\"application\/ld+json\" class=\"yoast-schema-graph\">{\"@context\":\"https:\/\/schema.org\",\"@graph\":[{\"@type\":\"Article\",\"@id\":\"https:\/\/www.africa-press.net\/comores\/toutes-les-actualites\/le-premier-congres-national-de-lesthetique-tenu-a-moroni#article\",\"isPartOf\":{\"@id\":\"https:\/\/www.africa-press.net\/comores\/toutes-les-actualites\/le-premier-congres-national-de-lesthetique-tenu-a-moroni\"},\"author\":{\"name\":\"cfeditorfr\",\"@id\":\"https:\/\/www.africa-press.net\/comores\/#\/schema\/person\/2b1cf3cd81a31e3cd26889ca66d677f1\"},\"headline\":\"Le premier congr\u00e8s national de l\u2019esth\u00e9tique tenu \u00e0 Moroni\",\"datePublished\":\"2023-10-16T15:25:32+00:00\",\"dateModified\":\"2023-10-16T17:30:35+00:00\",\"mainEntityOfPage\":{\"@id\":\"https:\/\/www.africa-press.net\/comores\/toutes-les-actualites\/le-premier-congres-national-de-lesthetique-tenu-a-moroni\"},\"wordCount\":557,\"commentCount\":0,\"image\":{\"@id\":\"https:\/\/www.africa-press.net\/comores\/toutes-les-actualites\/le-premier-congres-national-de-lesthetique-tenu-a-moroni#primaryimage\"},\"thumbnailUrl\":\"https:\/\/static.africa-press.net\/centrafricaine\/sites\/48\/2023\/10\/sm_1697461123.542748.jpg\",\"keywords\":[\"Africa Press\",\"Africa Press-Comores\",\"Comores\"],\"articleSection\":[\"Communaut\u00e9\",\"Toutes les actualit\u00e9s\"],\"inLanguage\":\"fr-FR\",\"potentialAction\":[{\"@type\":\"CommentAction\",\"name\":\"Comment\",\"target\":[\"https:\/\/www.africa-press.net\/comores\/toutes-les-actualites\/le-premier-congres-national-de-lesthetique-tenu-a-moroni#respond\"]}]},{\"@type\":\"WebPage\",\"@id\":\"https:\/\/www.africa-press.net\/comores\/toutes-les-actualites\/le-premier-congres-national-de-lesthetique-tenu-a-moroni\",\"url\":\"https:\/\/www.africa-press.net\/comores\/toutes-les-actualites\/le-premier-congres-national-de-lesthetique-tenu-a-moroni\",\"name\":\"Le premier congr\u00e8s national de l\u2019esth\u00e9tique tenu \u00e0 Moroni - Comores\",\"isPartOf\":{\"@id\":\"https:\/\/www.africa-press.net\/comores\/#website\"},\"primaryImageOfPage\":{\"@id\":\"https:\/\/www.africa-press.net\/comores\/toutes-les-actualites\/le-premier-congres-national-de-lesthetique-tenu-a-moroni#primaryimage\"},\"image\":{\"@id\":\"https:\/\/www.africa-press.net\/comores\/toutes-les-actualites\/le-premier-congres-national-de-lesthetique-tenu-a-moroni#primaryimage\"},\"thumbnailUrl\":\"https:\/\/static.africa-press.net\/centrafricaine\/sites\/48\/2023\/10\/sm_1697461123.542748.jpg\",\"datePublished\":\"2023-10-16T15:25:32+00:00\",\"dateModified\":\"2023-10-16T17:30:35+00:00\",\"author\":{\"@id\":\"https:\/\/www.africa-press.net\/comores\/#\/schema\/person\/2b1cf3cd81a31e3cd26889ca66d677f1\"},\"description\":\"Le congre\u0300s national de l\u2019esthe\u0301tique et de la coiffure s\u2019est tenu pour la premie\u0300re fois a\u0300 Moroni. Cet e\u0301ve\u0300nement ...\",\"breadcrumb\":{\"@id\":\"https:\/\/www.africa-press.net\/comores\/toutes-les-actualites\/le-premier-congres-national-de-lesthetique-tenu-a-moroni#breadcrumb\"},\"inLanguage\":\"fr-FR\",\"potentialAction\":[{\"@type\":\"ReadAction\",\"target\":[\"https:\/\/www.africa-press.net\/comores\/toutes-les-actualites\/le-premier-congres-national-de-lesthetique-tenu-a-moroni\"]}]},{\"@type\":\"ImageObject\",\"inLanguage\":\"fr-FR\",\"@id\":\"https:\/\/www.africa-press.net\/comores\/toutes-les-actualites\/le-premier-congres-national-de-lesthetique-tenu-a-moroni#primaryimage\",\"url\":\"https:\/\/static.africa-press.net\/centrafricaine\/sites\/48\/2023\/10\/sm_1697461123.542748.jpg\",\"contentUrl\":\"https:\/\/static.africa-press.net\/centrafricaine\/sites\/48\/2023\/10\/sm_1697461123.542748.jpg\",\"width\":750,\"height\":562,\"caption\":\"Le premier congr\u00e8s national de l\u2019esth\u00e9tique tenu \u00e0 Moroni\"},{\"@type\":\"BreadcrumbList\",\"@id\":\"https:\/\/www.africa-press.net\/comores\/toutes-les-actualites\/le-premier-congres-national-de-lesthetique-tenu-a-moroni#breadcrumb\",\"itemListElement\":[{\"@type\":\"ListItem\",\"position\":1,\"name\":\"Accueil\",\"item\":\"https:\/\/www.africa-press.net\/comores\/\"},{\"@type\":\"ListItem\",\"position\":2,\"name\":\"Le premier congr\u00e8s national de l\u2019esth\u00e9tique tenu \u00e0 Moroni\"}]},{\"@type\":\"WebSite\",\"@id\":\"https:\/\/www.africa-press.net\/comores\/#website\",\"url\":\"https:\/\/www.africa-press.net\/comores\/\",\"name\":\"Comores\",\"description\":\"Just another Africa News Agency Sites site\",\"potentialAction\":[{\"@type\":\"SearchAction\",\"target\":{\"@type\":\"EntryPoint\",\"urlTemplate\":\"https:\/\/www.africa-press.net\/comores\/?s={search_term_string}\"},\"query-input\":{\"@type\":\"PropertyValueSpecification\",\"valueRequired\":true,\"valueName\":\"search_term_string\"}}],\"inLanguage\":\"fr-FR\"},{\"@type\":\"Person\",\"@id\":\"https:\/\/www.africa-press.net\/comores\/#\/schema\/person\/2b1cf3cd81a31e3cd26889ca66d677f1\",\"name\":\"cfeditorfr\"}]}<\/script>\n<!-- \/ Yoast SEO Premium plugin. -->","yoast_head_json":{"title":"Le premier congr\u00e8s national de l\u2019esth\u00e9tique tenu \u00e0 Moroni - Comores","description":"Le congre\u0300s national de l\u2019esthe\u0301tique et de la coiffure s\u2019est tenu pour la premie\u0300re fois a\u0300 Moroni. Cet e\u0301ve\u0300nement ...","robots":{"index":"index","follow":"follow","max-snippet":"max-snippet:-1","max-image-preview":"max-image-preview:large","max-video-preview":"max-video-preview:-1"},"canonical":"https:\/\/www.africa-press.net\/comores\/toutes-les-actualites\/le-premier-congres-national-de-lesthetique-tenu-a-moroni","og_locale":"fr_FR","og_type":"article","og_title":"Le premier congr\u00e8s national de l\u2019esth\u00e9tique tenu \u00e0 Moroni","og_description":"Le congre\u0300s national de l\u2019esthe\u0301tique et de la coiffure s\u2019est tenu pour la premie\u0300re fois a\u0300 Moroni. Cet e\u0301ve\u0300nement ...","og_url":"https:\/\/www.africa-press.net\/comores\/toutes-les-actualites\/le-premier-congres-national-de-lesthetique-tenu-a-moroni","og_site_name":"Comores","article_published_time":"2023-10-16T15:25:32+00:00","article_modified_time":"2023-10-16T17:30:35+00:00","og_image":[{"width":750,"height":562,"url":"https:\/\/static.africa-press.net\/centrafricaine\/sites\/48\/2023\/10\/sm_1697461123.542748.jpg","type":"image\/jpeg"}],"author":"cfeditorfr","twitter_card":"summary_large_image","twitter_misc":{"\u00c9crit par":"cfeditorfr","Dur\u00e9e de lecture estim\u00e9e":"3 minutes"},"schema":{"@context":"https:\/\/schema.org","@graph":[{"@type":"Article","@id":"https:\/\/www.africa-press.net\/comores\/toutes-les-actualites\/le-premier-congres-national-de-lesthetique-tenu-a-moroni#article","isPartOf":{"@id":"https:\/\/www.africa-press.net\/comores\/toutes-les-actualites\/le-premier-congres-national-de-lesthetique-tenu-a-moroni"},"author":{"name":"cfeditorfr","@id":"https:\/\/www.africa-press.net\/comores\/#\/schema\/person\/2b1cf3cd81a31e3cd26889ca66d677f1"},"headline":"Le premier congr\u00e8s national de l\u2019esth\u00e9tique tenu \u00e0 Moroni","datePublished":"2023-10-16T15:25:32+00:00","dateModified":"2023-10-16T17:30:35+00:00","mainEntityOfPage":{"@id":"https:\/\/www.africa-press.net\/comores\/toutes-les-actualites\/le-premier-congres-national-de-lesthetique-tenu-a-moroni"},"wordCount":557,"commentCount":0,"image":{"@id":"https:\/\/www.africa-press.net\/comores\/toutes-les-actualites\/le-premier-congres-national-de-lesthetique-tenu-a-moroni#primaryimage"},"thumbnailUrl":"https:\/\/static.africa-press.net\/centrafricaine\/sites\/48\/2023\/10\/sm_1697461123.542748.jpg","keywords":["Africa Press","Africa Press-Comores","Comores"],"articleSection":["Communaut\u00e9","Toutes les actualit\u00e9s"],"inLanguage":"fr-FR","potentialAction":[{"@type":"CommentAction","name":"Comment","target":["https:\/\/www.africa-press.net\/comores\/toutes-les-actualites\/le-premier-congres-national-de-lesthetique-tenu-a-moroni#respond"]}]},{"@type":"WebPage","@id":"https:\/\/www.africa-press.net\/comores\/toutes-les-actualites\/le-premier-congres-national-de-lesthetique-tenu-a-moroni","url":"https:\/\/www.africa-press.net\/comores\/toutes-les-actualites\/le-premier-congres-national-de-lesthetique-tenu-a-moroni","name":"Le premier congr\u00e8s national de l\u2019esth\u00e9tique tenu \u00e0 Moroni - Comores","isPartOf":{"@id":"https:\/\/www.africa-press.net\/comores\/#website"},"primaryImageOfPage":{"@id":"https:\/\/www.africa-press.net\/comores\/toutes-les-actualites\/le-premier-congres-national-de-lesthetique-tenu-a-moroni#primaryimage"},"image":{"@id":"https:\/\/www.africa-press.net\/comores\/toutes-les-actualites\/le-premier-congres-national-de-lesthetique-tenu-a-moroni#primaryimage"},"thumbnailUrl":"https:\/\/static.africa-press.net\/centrafricaine\/sites\/48\/2023\/10\/sm_1697461123.542748.jpg","datePublished":"2023-10-16T15:25:32+00:00","dateModified":"2023-10-16T17:30:35+00:00","author":{"@id":"https:\/\/www.africa-press.net\/comores\/#\/schema\/person\/2b1cf3cd81a31e3cd26889ca66d677f1"},"description":"Le congre\u0300s national de l\u2019esthe\u0301tique et de la coiffure s\u2019est tenu pour la premie\u0300re fois a\u0300 Moroni. Cet e\u0301ve\u0300nement ...","breadcrumb":{"@id":"https:\/\/www.africa-press.net\/comores\/toutes-les-actualites\/le-premier-congres-national-de-lesthetique-tenu-a-moroni#breadcrumb"},"inLanguage":"fr-FR","potentialAction":[{"@type":"ReadAction","target":["https:\/\/www.africa-press.net\/comores\/toutes-les-actualites\/le-premier-congres-national-de-lesthetique-tenu-a-moroni"]}]},{"@type":"ImageObject","inLanguage":"fr-FR","@id":"https:\/\/www.africa-press.net\/comores\/toutes-les-actualites\/le-premier-congres-national-de-lesthetique-tenu-a-moroni#primaryimage","url":"https:\/\/static.africa-press.net\/centrafricaine\/sites\/48\/2023\/10\/sm_1697461123.542748.jpg","contentUrl":"https:\/\/static.africa-press.net\/centrafricaine\/sites\/48\/2023\/10\/sm_1697461123.542748.jpg","width":750,"height":562,"caption":"Le premier congr\u00e8s national de l\u2019esth\u00e9tique tenu \u00e0 Moroni"},{"@type":"BreadcrumbList","@id":"https:\/\/www.africa-press.net\/comores\/toutes-les-actualites\/le-premier-congres-national-de-lesthetique-tenu-a-moroni#breadcrumb","itemListElement":[{"@type":"ListItem","position":1,"name":"Accueil","item":"https:\/\/www.africa-press.net\/comores\/"},{"@type":"ListItem","position":2,"name":"Le premier congr\u00e8s national de l\u2019esth\u00e9tique tenu \u00e0 Moroni"}]},{"@type":"WebSite","@id":"https:\/\/www.africa-press.net\/comores\/#website","url":"https:\/\/www.africa-press.net\/comores\/","name":"Comores","description":"Just another Africa News Agency Sites site","potentialAction":[{"@type":"SearchAction","target":{"@type":"EntryPoint","urlTemplate":"https:\/\/www.africa-press.net\/comores\/?s={search_term_string}"},"query-input":{"@type":"PropertyValueSpecification","valueRequired":true,"valueName":"search_term_string"}}],"inLanguage":"fr-FR"},{"@type":"Person","@id":"https:\/\/www.africa-press.net\/comores\/#\/schema\/person\/2b1cf3cd81a31e3cd26889ca66d677f1","name":"cfeditorfr"}]}},"_links":{"self":[{"href":"https:\/\/www.africa-press.net\/comores\/wp-json\/wp\/v2\/posts\/12904","targetHints":{"allow":["GET"]}}],"collection":[{"href":"https:\/\/www.africa-press.net\/comores\/wp-json\/wp\/v2\/posts"}],"about":[{"href":"https:\/\/www.africa-press.net\/comores\/wp-json\/wp\/v2\/types\/post"}],"author":[{"embeddable":true,"href":"https:\/\/www.africa-press.net\/comores\/wp-json\/wp\/v2\/users\/82"}],"replies":[{"embeddable":true,"href":"https:\/\/www.africa-press.net\/comores\/wp-json\/wp\/v2\/comments?post=12904"}],"version-history":[{"count":0,"href":"https:\/\/www.africa-press.net\/comores\/wp-json\/wp\/v2\/posts\/12904\/revisions"}],"wp:featuredmedia":[{"embeddable":true,"href":"https:\/\/www.africa-press.net\/comores\/wp-json\/wp\/v2\/media\/12903"}],"wp:attachment":[{"href":"https:\/\/www.africa-press.net\/comores\/wp-json\/wp\/v2\/media?parent=12904"}],"wp:term":[{"taxonomy":"category","embeddable":true,"href":"https:\/\/www.africa-press.net\/comores\/wp-json\/wp\/v2\/categories?post=12904"},{"taxonomy":"post_tag","embeddable":true,"href":"https:\/\/www.africa-press.net\/comores\/wp-json\/wp\/v2\/tags?post=12904"}],"curies":[{"name":"wp","href":"https:\/\/api.w.org\/{rel}","templated":true}]}}