{"id":13018,"date":"2023-10-19T16:12:36","date_gmt":"2023-10-19T16:12:36","guid":{"rendered":"https:\/\/www.africa-press.net\/comores\/politique\/le-premier-forum-sest-ouvert-hier-a-moroni"},"modified":"2023-10-19T18:42:25","modified_gmt":"2023-10-19T18:42:25","slug":"le-premier-forum-sest-ouvert-hier-a-moroni","status":"publish","type":"post","link":"https:\/\/www.africa-press.net\/comores\/economie\/le-premier-forum-sest-ouvert-hier-a-moroni","title":{"rendered":"Le premier forum s\u2019est ouvert hier \u00e0 Moroni"},"content":{"rendered":"<p><span style=\"color: #ff6600\"><strong>Africa-Press &#8211; Comores. <\/strong><\/span><b>Du 18 au 19 octobre 2023, se tient a\u0300 Moroni le dialogue public-prive\u0301 sur l\u2019environnement des affaires. Ce premier forum est fruit de la signature entre l\u2019Etat et le secteur prive\u0301 qui a eu lieu en 2020 a\u0300 Anjouan.<\/b><\/p>\n<p>Le premier forum sur le dialogue public-prive\u0301 sur l\u2019environnement des affaires s\u2019est ouvert hier mercredi 18 octobre et prendra fin ce jeudi. C\u2019est une initiative qui va permettre au secteur prive\u0301 d\u2019attirer l\u2019attention sur les proble\u0300mes et communiquer en cas de besoin avec le secteur public, afin d\u2019e\u0301viter une e\u0301ventuelle nouvelle crise alimentaire, mais aussi ame\u0301liorer les affaires dans le pays. \u00ab Ce premier forum, c\u2019est bien plus qu\u2019un simple rassemblement. C\u2019est une e\u0301tape cruciale dans le renforcement de la collaboration et la coope\u0301ration entre le secteur prive\u0301 et le secteur public et dans la diffusion et la compre\u0301hension du dialogue pour que chaque acteur fasse sienne cet outil indispensable a\u0300 la promotion des affaires. C\u2019est aussi une belle opportunite\u0301 de mettre en lumie\u0300re le ro\u0302le essentiel que joue le partenariat entre le secteur public, le re\u0301seau des chambres de commerce comme interface et le secteur prive\u0301 pour une promotion d\u2019un climat des affaires favorable a\u0300 une croissance e\u0301conomique soutenue, tremplin indispensable pour l\u2019e\u0301mergence du pays \u00bb, a de\u0301clare\u0301 le pre\u0301sident de l\u2019UCCIA, Chamssoudine Ahmed. Ce dernier reste convaincu que ce forum marquera le de\u0301but d\u2019une e\u0300re nouvelle pour l\u2019e\u0301conomie du pays. \u00ab Les acteurs publics, du prive\u0301 comme de l\u2019UCCIA joueront chacun sa partition pour cre\u0301er les conditions indispensables pour une e\u0301conomie florissante et attractive pour les investissements nationaux et e\u0301trangers. Et la se\u0301curite\u0301 juridique, un pre\u0301alable pour garantir les investissements \u00bb, poursuit-il.<\/p>\n<p>De son co\u0302te\u0301, le chef du bureau de l\u2019Union europe\u0301enne a\u0300 Moroni Pierre Beziz montre que les objectifs du Plan Comores Emergents ne pourront pas e\u0302tre atteints sans un secteur prive\u0301 performant. \u00ab Le secteur prive\u0301, ce sont des hommes et femmes qui produisent, construisent, exportent, investissent, ge\u0301ne\u0300rent des recettes fiscales. Qui prennent des risques aussi. Le de\u0301veloppement du secteur prive\u0301 est source de croissance et d\u2019emplois. Il permet de financer des investissements et des politiques publiques inclusives. Ce sont la\u0300 les objectifs recherche\u0301s par les autorite\u0301s dans la mise en \u0153uvre du PCE et mis en e\u0301vidence dans le plan de relance. En cela, le dialogue public prive\u0301 est essentiel pour l\u2019e\u0301mergence du pays \u00bb, indique-t-il. Et d\u2019ajouter que \u00ab c\u2019est important pour le secteur prive\u0301 de proposer des adaptations ne\u0301cessaires au de\u0301veloppement de ses activite\u0301s. Il est autant important e\u0301galement pour le secteur public, qui re\u0300glemente l\u2019activite\u0301 du secteur prive\u0301, afin d\u2019adapter les dispositions et mener les re\u0301formes attendues \u00bb.<\/p>\n<p>Le ministre de l\u2019e\u0301conomie Ahmed Ali Bazi a pre\u0301cise\u0301 que le pre\u0301sident a traduit sa volonte\u0301 politique en acte fort par la prise du de\u0301cret instituant la plateforme du dialogue public-prive\u0301 qui tient aujourd\u2019hui sa premie\u0300re session. Selon lui, ce forum e\u0301conomique centre\u0301 sur le ne\u0301cessaire dialogue entre l\u2019Etat et le secteur prive\u0301, est ancre\u0301 dans l\u2019agenda e\u0301conomique du pays. \u00ab Nous sommes engage\u0301s a\u0300 construire ensemble une e\u0301conomie forte et durable, capable de nous sortir de l\u2019ornie\u0300re du sous-de\u0301veloppement, de la pauvrete\u0301 et de nous hisser sur une trajectoire d\u2019e\u0301mergence a\u0300 l\u2019horizon 2030 \u00bb, lance-t-il.<\/p>\n<p>Pre\u0301sent dans cette session inaugurale, le pre\u0301sident Azali Assoumani appelle a\u0300 la recherche de solutions, pour re\u0301soudre des proble\u0300mes conjoncturels, lie\u0301s souvent a\u0300 l\u2019import\/export et la fiscalite\u0301. \u00ab A cet e\u0301gard, je voudrais insister sur la ne\u0301cessite\u0301 de re\u0301orienter les de\u0301bats et focaliser le dialogue sur les de\u0301fis majeurs du pays qui sont de\u0301finis dans son PCE, dans le cadre de de\u0301veloppement socio-e\u0301conomique notamment les questions d\u2019augmentation des investissements, d\u2019accroissement et de diversification de la base productive et de l\u2019offre exportable \u00bb, conclut le chef de l\u2019Etat.<\/p>\n<p><strong>Pour plus d&rsquo;informations et d&rsquo;analyses sur la <a href=\"https:\/\/www.africa-press.net\/comores\">Comores<\/a>, suivez <a href=\"https:\/\/www.africa-press.net\/\">Africa-Press<\/a><\/strong><\/p>\n","protected":false},"excerpt":{"rendered":"<p>Africa-Press &#8211; Comores. Du 18 au 19 octobre 2023, se tient a\u0300 Moroni le dialogue public-prive\u0301 sur l\u2019environnement des affaires. Ce premier forum est fruit de la signature entre l\u2019Etat et le secteur prive\u0301 qui a eu lieu en 2020 a\u0300 Anjouan. Le premier forum sur le dialogue public-prive\u0301 sur l\u2019environnement des affaires s\u2019est ouvert [&hellip;]<\/p>\n","protected":false},"author":82,"featured_media":13017,"comment_status":"open","ping_status":"closed","sticky":false,"template":"","format":"standard","meta":{"footnotes":""},"categories":[3,20,10],"tags":[36,53,45],"class_list":["post-13018","post","type-post","status-publish","format-standard","has-post-thumbnail","hentry","category-economie","category-top-nouvelles","category-toutes-les-actualites","tag-africa-press","tag-africa-press-comores","tag-comores"],"yoast_head":"<!-- This site is optimized with the Yoast SEO Premium plugin v26.1 (Yoast SEO v27.0) - https:\/\/yoast.com\/product\/yoast-seo-premium-wordpress\/ -->\n<title>Le premier forum s\u2019est ouvert hier \u00e0 Moroni - Comores<\/title>\n<meta name=\"description\" content=\"Du 18 au 19 octobre 2023, se tient a\u0300 Moroni le dialogue public-prive\u0301 sur l\u2019environnement des affaires. Ce premier f ...\" \/>\n<meta name=\"robots\" content=\"index, follow, max-snippet:-1, max-image-preview:large, max-video-preview:-1\" \/>\n<link rel=\"canonical\" href=\"https:\/\/www.africa-press.net\/comores\/economie\/le-premier-forum-sest-ouvert-hier-a-moroni\" \/>\n<meta property=\"og:locale\" content=\"fr_FR\" \/>\n<meta property=\"og:type\" content=\"article\" \/>\n<meta property=\"og:title\" content=\"Le premier forum s\u2019est ouvert hier \u00e0 Moroni\" \/>\n<meta property=\"og:description\" content=\"Du 18 au 19 octobre 2023, se tient a\u0300 Moroni le dialogue public-prive\u0301 sur l\u2019environnement des affaires. Ce premier f ...\" \/>\n<meta property=\"og:url\" content=\"https:\/\/www.africa-press.net\/comores\/economie\/le-premier-forum-sest-ouvert-hier-a-moroni\" \/>\n<meta property=\"og:site_name\" content=\"Comores\" \/>\n<meta property=\"article:published_time\" content=\"2023-10-19T16:12:36+00:00\" \/>\n<meta property=\"article:modified_time\" content=\"2023-10-19T18:42:25+00:00\" \/>\n<meta property=\"og:image\" content=\"https:\/\/static.africa-press.net\/centrafricaine\/sites\/48\/2023\/10\/sm_1697724641.715525.jpg\" \/>\n\t<meta property=\"og:image:width\" content=\"1280\" \/>\n\t<meta property=\"og:image:height\" content=\"852\" \/>\n\t<meta property=\"og:image:type\" content=\"image\/jpeg\" \/>\n<meta name=\"author\" content=\"cfeditorfr\" \/>\n<meta name=\"twitter:card\" content=\"summary_large_image\" \/>\n<meta name=\"twitter:label1\" content=\"\u00c9crit par\" \/>\n\t<meta name=\"twitter:data1\" content=\"cfeditorfr\" \/>\n\t<meta name=\"twitter:label2\" content=\"Dur\u00e9e de lecture estim\u00e9e\" \/>\n\t<meta name=\"twitter:data2\" content=\"4 minutes\" \/>\n<script type=\"application\/ld+json\" class=\"yoast-schema-graph\">{\"@context\":\"https:\/\/schema.org\",\"@graph\":[{\"@type\":\"Article\",\"@id\":\"https:\/\/www.africa-press.net\/comores\/economie\/le-premier-forum-sest-ouvert-hier-a-moroni#article\",\"isPartOf\":{\"@id\":\"https:\/\/www.africa-press.net\/comores\/economie\/le-premier-forum-sest-ouvert-hier-a-moroni\"},\"author\":{\"name\":\"cfeditorfr\",\"@id\":\"https:\/\/www.africa-press.net\/comores\/#\/schema\/person\/2b1cf3cd81a31e3cd26889ca66d677f1\"},\"headline\":\"Le premier forum s\u2019est ouvert hier \u00e0 Moroni\",\"datePublished\":\"2023-10-19T16:12:36+00:00\",\"dateModified\":\"2023-10-19T18:42:25+00:00\",\"mainEntityOfPage\":{\"@id\":\"https:\/\/www.africa-press.net\/comores\/economie\/le-premier-forum-sest-ouvert-hier-a-moroni\"},\"wordCount\":725,\"commentCount\":0,\"image\":{\"@id\":\"https:\/\/www.africa-press.net\/comores\/economie\/le-premier-forum-sest-ouvert-hier-a-moroni#primaryimage\"},\"thumbnailUrl\":\"https:\/\/static.africa-press.net\/centrafricaine\/sites\/48\/2023\/10\/sm_1697724641.715525.jpg\",\"keywords\":[\"Africa Press\",\"Africa Press-Comores\",\"Comores\"],\"articleSection\":[\"\u00c9conomie\",\"Top Nouvelles\",\"Toutes les actualit\u00e9s\"],\"inLanguage\":\"fr-FR\",\"potentialAction\":[{\"@type\":\"CommentAction\",\"name\":\"Comment\",\"target\":[\"https:\/\/www.africa-press.net\/comores\/economie\/le-premier-forum-sest-ouvert-hier-a-moroni#respond\"]}]},{\"@type\":\"WebPage\",\"@id\":\"https:\/\/www.africa-press.net\/comores\/economie\/le-premier-forum-sest-ouvert-hier-a-moroni\",\"url\":\"https:\/\/www.africa-press.net\/comores\/economie\/le-premier-forum-sest-ouvert-hier-a-moroni\",\"name\":\"Le premier forum s\u2019est ouvert hier \u00e0 Moroni - Comores\",\"isPartOf\":{\"@id\":\"https:\/\/www.africa-press.net\/comores\/#website\"},\"primaryImageOfPage\":{\"@id\":\"https:\/\/www.africa-press.net\/comores\/economie\/le-premier-forum-sest-ouvert-hier-a-moroni#primaryimage\"},\"image\":{\"@id\":\"https:\/\/www.africa-press.net\/comores\/economie\/le-premier-forum-sest-ouvert-hier-a-moroni#primaryimage\"},\"thumbnailUrl\":\"https:\/\/static.africa-press.net\/centrafricaine\/sites\/48\/2023\/10\/sm_1697724641.715525.jpg\",\"datePublished\":\"2023-10-19T16:12:36+00:00\",\"dateModified\":\"2023-10-19T18:42:25+00:00\",\"author\":{\"@id\":\"https:\/\/www.africa-press.net\/comores\/#\/schema\/person\/2b1cf3cd81a31e3cd26889ca66d677f1\"},\"description\":\"Du 18 au 19 octobre 2023, se tient a\u0300 Moroni le dialogue public-prive\u0301 sur l\u2019environnement des affaires. Ce premier f ...\",\"breadcrumb\":{\"@id\":\"https:\/\/www.africa-press.net\/comores\/economie\/le-premier-forum-sest-ouvert-hier-a-moroni#breadcrumb\"},\"inLanguage\":\"fr-FR\",\"potentialAction\":[{\"@type\":\"ReadAction\",\"target\":[\"https:\/\/www.africa-press.net\/comores\/economie\/le-premier-forum-sest-ouvert-hier-a-moroni\"]}]},{\"@type\":\"ImageObject\",\"inLanguage\":\"fr-FR\",\"@id\":\"https:\/\/www.africa-press.net\/comores\/economie\/le-premier-forum-sest-ouvert-hier-a-moroni#primaryimage\",\"url\":\"https:\/\/static.africa-press.net\/centrafricaine\/sites\/48\/2023\/10\/sm_1697724641.715525.jpg\",\"contentUrl\":\"https:\/\/static.africa-press.net\/centrafricaine\/sites\/48\/2023\/10\/sm_1697724641.715525.jpg\",\"width\":1280,\"height\":852,\"caption\":\"Le premier forum s\u2019est ouvert hier \u00e0 Moroni\"},{\"@type\":\"BreadcrumbList\",\"@id\":\"https:\/\/www.africa-press.net\/comores\/economie\/le-premier-forum-sest-ouvert-hier-a-moroni#breadcrumb\",\"itemListElement\":[{\"@type\":\"ListItem\",\"position\":1,\"name\":\"Accueil\",\"item\":\"https:\/\/www.africa-press.net\/comores\/\"},{\"@type\":\"ListItem\",\"position\":2,\"name\":\"Le premier forum s\u2019est ouvert hier \u00e0 Moroni\"}]},{\"@type\":\"WebSite\",\"@id\":\"https:\/\/www.africa-press.net\/comores\/#website\",\"url\":\"https:\/\/www.africa-press.net\/comores\/\",\"name\":\"Comores\",\"description\":\"Just another Africa News Agency Sites site\",\"potentialAction\":[{\"@type\":\"SearchAction\",\"target\":{\"@type\":\"EntryPoint\",\"urlTemplate\":\"https:\/\/www.africa-press.net\/comores\/?s={search_term_string}\"},\"query-input\":{\"@type\":\"PropertyValueSpecification\",\"valueRequired\":true,\"valueName\":\"search_term_string\"}}],\"inLanguage\":\"fr-FR\"},{\"@type\":\"Person\",\"@id\":\"https:\/\/www.africa-press.net\/comores\/#\/schema\/person\/2b1cf3cd81a31e3cd26889ca66d677f1\",\"name\":\"cfeditorfr\"}]}<\/script>\n<!-- \/ Yoast SEO Premium plugin. -->","yoast_head_json":{"title":"Le premier forum s\u2019est ouvert hier \u00e0 Moroni - Comores","description":"Du 18 au 19 octobre 2023, se tient a\u0300 Moroni le dialogue public-prive\u0301 sur l\u2019environnement des affaires. Ce premier f ...","robots":{"index":"index","follow":"follow","max-snippet":"max-snippet:-1","max-image-preview":"max-image-preview:large","max-video-preview":"max-video-preview:-1"},"canonical":"https:\/\/www.africa-press.net\/comores\/economie\/le-premier-forum-sest-ouvert-hier-a-moroni","og_locale":"fr_FR","og_type":"article","og_title":"Le premier forum s\u2019est ouvert hier \u00e0 Moroni","og_description":"Du 18 au 19 octobre 2023, se tient a\u0300 Moroni le dialogue public-prive\u0301 sur l\u2019environnement des affaires. Ce premier f ...","og_url":"https:\/\/www.africa-press.net\/comores\/economie\/le-premier-forum-sest-ouvert-hier-a-moroni","og_site_name":"Comores","article_published_time":"2023-10-19T16:12:36+00:00","article_modified_time":"2023-10-19T18:42:25+00:00","og_image":[{"width":1280,"height":852,"url":"https:\/\/static.africa-press.net\/centrafricaine\/sites\/48\/2023\/10\/sm_1697724641.715525.jpg","type":"image\/jpeg"}],"author":"cfeditorfr","twitter_card":"summary_large_image","twitter_misc":{"\u00c9crit par":"cfeditorfr","Dur\u00e9e de lecture estim\u00e9e":"4 minutes"},"schema":{"@context":"https:\/\/schema.org","@graph":[{"@type":"Article","@id":"https:\/\/www.africa-press.net\/comores\/economie\/le-premier-forum-sest-ouvert-hier-a-moroni#article","isPartOf":{"@id":"https:\/\/www.africa-press.net\/comores\/economie\/le-premier-forum-sest-ouvert-hier-a-moroni"},"author":{"name":"cfeditorfr","@id":"https:\/\/www.africa-press.net\/comores\/#\/schema\/person\/2b1cf3cd81a31e3cd26889ca66d677f1"},"headline":"Le premier forum s\u2019est ouvert hier \u00e0 Moroni","datePublished":"2023-10-19T16:12:36+00:00","dateModified":"2023-10-19T18:42:25+00:00","mainEntityOfPage":{"@id":"https:\/\/www.africa-press.net\/comores\/economie\/le-premier-forum-sest-ouvert-hier-a-moroni"},"wordCount":725,"commentCount":0,"image":{"@id":"https:\/\/www.africa-press.net\/comores\/economie\/le-premier-forum-sest-ouvert-hier-a-moroni#primaryimage"},"thumbnailUrl":"https:\/\/static.africa-press.net\/centrafricaine\/sites\/48\/2023\/10\/sm_1697724641.715525.jpg","keywords":["Africa Press","Africa Press-Comores","Comores"],"articleSection":["\u00c9conomie","Top Nouvelles","Toutes les actualit\u00e9s"],"inLanguage":"fr-FR","potentialAction":[{"@type":"CommentAction","name":"Comment","target":["https:\/\/www.africa-press.net\/comores\/economie\/le-premier-forum-sest-ouvert-hier-a-moroni#respond"]}]},{"@type":"WebPage","@id":"https:\/\/www.africa-press.net\/comores\/economie\/le-premier-forum-sest-ouvert-hier-a-moroni","url":"https:\/\/www.africa-press.net\/comores\/economie\/le-premier-forum-sest-ouvert-hier-a-moroni","name":"Le premier forum s\u2019est ouvert hier \u00e0 Moroni - Comores","isPartOf":{"@id":"https:\/\/www.africa-press.net\/comores\/#website"},"primaryImageOfPage":{"@id":"https:\/\/www.africa-press.net\/comores\/economie\/le-premier-forum-sest-ouvert-hier-a-moroni#primaryimage"},"image":{"@id":"https:\/\/www.africa-press.net\/comores\/economie\/le-premier-forum-sest-ouvert-hier-a-moroni#primaryimage"},"thumbnailUrl":"https:\/\/static.africa-press.net\/centrafricaine\/sites\/48\/2023\/10\/sm_1697724641.715525.jpg","datePublished":"2023-10-19T16:12:36+00:00","dateModified":"2023-10-19T18:42:25+00:00","author":{"@id":"https:\/\/www.africa-press.net\/comores\/#\/schema\/person\/2b1cf3cd81a31e3cd26889ca66d677f1"},"description":"Du 18 au 19 octobre 2023, se tient a\u0300 Moroni le dialogue public-prive\u0301 sur l\u2019environnement des affaires. Ce premier f ...","breadcrumb":{"@id":"https:\/\/www.africa-press.net\/comores\/economie\/le-premier-forum-sest-ouvert-hier-a-moroni#breadcrumb"},"inLanguage":"fr-FR","potentialAction":[{"@type":"ReadAction","target":["https:\/\/www.africa-press.net\/comores\/economie\/le-premier-forum-sest-ouvert-hier-a-moroni"]}]},{"@type":"ImageObject","inLanguage":"fr-FR","@id":"https:\/\/www.africa-press.net\/comores\/economie\/le-premier-forum-sest-ouvert-hier-a-moroni#primaryimage","url":"https:\/\/static.africa-press.net\/centrafricaine\/sites\/48\/2023\/10\/sm_1697724641.715525.jpg","contentUrl":"https:\/\/static.africa-press.net\/centrafricaine\/sites\/48\/2023\/10\/sm_1697724641.715525.jpg","width":1280,"height":852,"caption":"Le premier forum s\u2019est ouvert hier \u00e0 Moroni"},{"@type":"BreadcrumbList","@id":"https:\/\/www.africa-press.net\/comores\/economie\/le-premier-forum-sest-ouvert-hier-a-moroni#breadcrumb","itemListElement":[{"@type":"ListItem","position":1,"name":"Accueil","item":"https:\/\/www.africa-press.net\/comores\/"},{"@type":"ListItem","position":2,"name":"Le premier forum s\u2019est ouvert hier \u00e0 Moroni"}]},{"@type":"WebSite","@id":"https:\/\/www.africa-press.net\/comores\/#website","url":"https:\/\/www.africa-press.net\/comores\/","name":"Comores","description":"Just another Africa News Agency Sites site","potentialAction":[{"@type":"SearchAction","target":{"@type":"EntryPoint","urlTemplate":"https:\/\/www.africa-press.net\/comores\/?s={search_term_string}"},"query-input":{"@type":"PropertyValueSpecification","valueRequired":true,"valueName":"search_term_string"}}],"inLanguage":"fr-FR"},{"@type":"Person","@id":"https:\/\/www.africa-press.net\/comores\/#\/schema\/person\/2b1cf3cd81a31e3cd26889ca66d677f1","name":"cfeditorfr"}]}},"_links":{"self":[{"href":"https:\/\/www.africa-press.net\/comores\/wp-json\/wp\/v2\/posts\/13018","targetHints":{"allow":["GET"]}}],"collection":[{"href":"https:\/\/www.africa-press.net\/comores\/wp-json\/wp\/v2\/posts"}],"about":[{"href":"https:\/\/www.africa-press.net\/comores\/wp-json\/wp\/v2\/types\/post"}],"author":[{"embeddable":true,"href":"https:\/\/www.africa-press.net\/comores\/wp-json\/wp\/v2\/users\/82"}],"replies":[{"embeddable":true,"href":"https:\/\/www.africa-press.net\/comores\/wp-json\/wp\/v2\/comments?post=13018"}],"version-history":[{"count":0,"href":"https:\/\/www.africa-press.net\/comores\/wp-json\/wp\/v2\/posts\/13018\/revisions"}],"wp:featuredmedia":[{"embeddable":true,"href":"https:\/\/www.africa-press.net\/comores\/wp-json\/wp\/v2\/media\/13017"}],"wp:attachment":[{"href":"https:\/\/www.africa-press.net\/comores\/wp-json\/wp\/v2\/media?parent=13018"}],"wp:term":[{"taxonomy":"category","embeddable":true,"href":"https:\/\/www.africa-press.net\/comores\/wp-json\/wp\/v2\/categories?post=13018"},{"taxonomy":"post_tag","embeddable":true,"href":"https:\/\/www.africa-press.net\/comores\/wp-json\/wp\/v2\/tags?post=13018"}],"curies":[{"name":"wp","href":"https:\/\/api.w.org\/{rel}","templated":true}]}}