{"id":13020,"date":"2023-10-19T16:13:31","date_gmt":"2023-10-19T16:13:31","guid":{"rendered":"https:\/\/www.africa-press.net\/comores\/politique\/congres-national-de-lesthetique-et-de-la-beaute-djogo-gagne-le-premier-prix"},"modified":"2023-10-19T18:42:53","modified_gmt":"2023-10-19T18:42:53","slug":"congres-national-de-lesthetique-et-de-la-beaute-djogo-gagne-le-premier-prix","status":"publish","type":"post","link":"https:\/\/www.africa-press.net\/comores\/toutes-les-actualites\/congres-national-de-lesthetique-et-de-la-beaute-djogo-gagne-le-premier-prix","title":{"rendered":"Congr\u00e8s national de l\u2019esth\u00e9tique\u00a0et de la beaut\u00e9:  Djogo gagne le premier prix"},"content":{"rendered":"<p><span style=\"color: #ff6600\"><strong>Africa-Press &#8211; Comores. <\/strong><\/span><b>Djogo du salon Djogo Barber remporte le premier prix d\u2019Awards de la coiffure masculine. Vaillant, ce jeune de 24 ans compte investir plus sur ce secteur qui contribue a\u0300 l\u2019e\u0301conomie du pays.<\/b><\/p>\n<p>Apre\u0300s le concours d\u2019Awards de la coiffure masculine, organise\u0301 par l\u2019agence secrets beaute\u0301, a\u0300 l\u2019occasion de la premie\u0300re e\u0301dition du congre\u0300s national de l\u2019esthe\u0301tique et de la coiffure, Abdoulwahab Ahmed Abdou connu sous le nom de Djogo livre batille. Joyeux avec son trophe\u0301e a\u0300 la main, il explique que le concours est un chalenge, car les artisans coiffeurs sont tous bourre\u0301s de talents. Avec 1875 voix, il s\u2019est distingue\u0301 meilleur de cette premie\u0300re e\u0301dition. \u00ab Je suis tre\u0300s fier de moi, car nos proches vont voir que la coiffure aussi a un avenir. C\u2019e\u0301tait un chalenge pour moi et je l\u2019ai eu. Je suis tre\u0300s content \u00bb, lance-t-il. Et de poursuivre : \u00ab La coiffure est pour moi une histoire familiale. Mon pe\u0300re est un chirurgien mais il aime aussi la coiffure. Nous avons grandi en nous inte\u0301ressant a\u0300 la coiffure \u00bb.<\/p>\n<p>Ce jeune de 24 ans, actuellement en licence d\u2019Administration Economique et Sociale a\u0300 l\u2019universite\u0301 des Comores, il aspire a\u0300 investir davantage dans la coiffure. \u00ab Apre\u0300s mon diplo\u0302me, je songe a\u0300 partir a\u0300 l\u2019exte\u0301rieur pour apprendre encore plus sur la coiffure et ouvrir un grand salon. Ensuite, je vais enseigner a\u0300 d\u2019autres jeunes le me\u0301tier \u00bb, confie celui pour qui la carrie\u0300re a de\u0301bute\u0301 en 2016 chez son Coach de Djogo Barber, a\u0300 qui il doit toute sa gratuite\u0301. Pour lui ce concours est une opportunite\u0301 de de\u0301voiler les talents des jeunes artisans mais aussi propulser ce sous-secteur qui contribue d\u2019une fac\u0327on ou d\u2019une autre a\u0300 l\u2019e\u0301conomie du pays. \u00ab Je salue les organisateurs de l\u2019e\u0301ve\u0300nement qui nous met en lumie\u0300re et profite de l\u2019occasion pour dire aux jeunes de croire a\u0300 leur re\u0302ve. En une journe\u0301e, je peux coiffer plusieurs personnes. Et si je regarde les gains d\u2019un mois, je me dis que c\u2019est un me\u0301tier d\u2019avenir mais aussi qui booste l\u2019e\u0301conomie. Nous comptons formaliser les choses et nous investir un peu plus \u00bb, pre\u0301cise-t-il.<\/p>\n<p>Pour me\u0301moire, le congre\u0300s de l\u2019esthe\u0301tique avait pour but de valoriser ce sous-secteur souvent dans l\u2019informel, de les encourager et de les pousser a\u0300 se formaliser, s\u2019informer, e\u0301changer, saisir les e\u0301volutions du marche\u0301, cre\u0301er ou renouveler des relations. Le format de ce concours consistait a\u0300 partager, commenter, liker la photo de son artisan de la coiffure pre\u0301fe\u0301re\u0301e. Il l\u2019a remporte\u0301 haut la main.<\/p>\n<p><strong>Pour plus d&rsquo;informations et d&rsquo;analyses sur la <a href=\"https:\/\/www.africa-press.net\/comores\">Comores<\/a>, suivez <a href=\"https:\/\/www.africa-press.net\/\">Africa-Press<\/a><\/strong><\/p>\n","protected":false},"excerpt":{"rendered":"<p>Africa-Press &#8211; Comores. Djogo du salon Djogo Barber remporte le premier prix d\u2019Awards de la coiffure masculine. Vaillant, ce jeune de 24 ans compte investir plus sur ce secteur qui contribue a\u0300 l\u2019e\u0301conomie du pays. Apre\u0300s le concours d\u2019Awards de la coiffure masculine, organise\u0301 par l\u2019agence secrets beaute\u0301, a\u0300 l\u2019occasion de la premie\u0300re e\u0301dition du [&hellip;]<\/p>\n","protected":false},"author":82,"featured_media":13019,"comment_status":"open","ping_status":"closed","sticky":false,"template":"","format":"standard","meta":{"footnotes":""},"categories":[21,10],"tags":[36,53,45],"class_list":["post-13020","post","type-post","status-publish","format-standard","has-post-thumbnail","hentry","category-communaute","category-toutes-les-actualites","tag-africa-press","tag-africa-press-comores","tag-comores"],"yoast_head":"<!-- This site is optimized with the Yoast SEO Premium plugin v26.1 (Yoast SEO v27.0) - https:\/\/yoast.com\/product\/yoast-seo-premium-wordpress\/ -->\n<title>Congr\u00e8s national de l\u2019esth\u00e9tique\u00a0et de la beaut\u00e9: Djogo gagne le premier prix - Comores<\/title>\n<meta name=\"description\" content=\"Djogo du salon Djogo Barber remporte le premier prix d\u2019Awards de la coiffure masculine. Vaillant, ce jeune de 24 ans ...\" \/>\n<meta name=\"robots\" content=\"index, follow, max-snippet:-1, max-image-preview:large, max-video-preview:-1\" \/>\n<link rel=\"canonical\" href=\"https:\/\/www.africa-press.net\/comores\/toutes-les-actualites\/congres-national-de-lesthetique-et-de-la-beaute-djogo-gagne-le-premier-prix\" \/>\n<meta property=\"og:locale\" content=\"fr_FR\" \/>\n<meta property=\"og:type\" content=\"article\" \/>\n<meta property=\"og:title\" content=\"Congr\u00e8s national de l\u2019esth\u00e9tique\u00a0et de la beaut\u00e9: Djogo gagne le premier prix\" \/>\n<meta property=\"og:description\" content=\"Djogo du salon Djogo Barber remporte le premier prix d\u2019Awards de la coiffure masculine. Vaillant, ce jeune de 24 ans ...\" \/>\n<meta property=\"og:url\" content=\"https:\/\/www.africa-press.net\/comores\/toutes-les-actualites\/congres-national-de-lesthetique-et-de-la-beaute-djogo-gagne-le-premier-prix\" \/>\n<meta property=\"og:site_name\" content=\"Comores\" \/>\n<meta property=\"article:published_time\" content=\"2023-10-19T16:13:31+00:00\" \/>\n<meta property=\"article:modified_time\" content=\"2023-10-19T18:42:53+00:00\" \/>\n<meta property=\"og:image\" content=\"https:\/\/static.africa-press.net\/centrafricaine\/sites\/48\/2023\/10\/sm_1697724674.658056.jpg\" \/>\n\t<meta property=\"og:image:width\" content=\"1280\" \/>\n\t<meta property=\"og:image:height\" content=\"720\" \/>\n\t<meta property=\"og:image:type\" content=\"image\/jpeg\" \/>\n<meta name=\"author\" content=\"cfeditorfr\" \/>\n<meta name=\"twitter:card\" content=\"summary_large_image\" \/>\n<meta name=\"twitter:label1\" content=\"\u00c9crit par\" \/>\n\t<meta name=\"twitter:data1\" content=\"cfeditorfr\" \/>\n\t<meta name=\"twitter:label2\" content=\"Dur\u00e9e de lecture estim\u00e9e\" \/>\n\t<meta name=\"twitter:data2\" content=\"2 minutes\" \/>\n<script type=\"application\/ld+json\" class=\"yoast-schema-graph\">{\"@context\":\"https:\/\/schema.org\",\"@graph\":[{\"@type\":\"Article\",\"@id\":\"https:\/\/www.africa-press.net\/comores\/toutes-les-actualites\/congres-national-de-lesthetique-et-de-la-beaute-djogo-gagne-le-premier-prix#article\",\"isPartOf\":{\"@id\":\"https:\/\/www.africa-press.net\/comores\/toutes-les-actualites\/congres-national-de-lesthetique-et-de-la-beaute-djogo-gagne-le-premier-prix\"},\"author\":{\"name\":\"cfeditorfr\",\"@id\":\"https:\/\/www.africa-press.net\/comores\/#\/schema\/person\/2b1cf3cd81a31e3cd26889ca66d677f1\"},\"headline\":\"Congr\u00e8s national de l\u2019esth\u00e9tique\u00a0et de la beaut\u00e9: Djogo gagne le premier prix\",\"datePublished\":\"2023-10-19T16:13:31+00:00\",\"dateModified\":\"2023-10-19T18:42:53+00:00\",\"mainEntityOfPage\":{\"@id\":\"https:\/\/www.africa-press.net\/comores\/toutes-les-actualites\/congres-national-de-lesthetique-et-de-la-beaute-djogo-gagne-le-premier-prix\"},\"wordCount\":498,\"commentCount\":0,\"image\":{\"@id\":\"https:\/\/www.africa-press.net\/comores\/toutes-les-actualites\/congres-national-de-lesthetique-et-de-la-beaute-djogo-gagne-le-premier-prix#primaryimage\"},\"thumbnailUrl\":\"https:\/\/static.africa-press.net\/centrafricaine\/sites\/48\/2023\/10\/sm_1697724674.658056.jpg\",\"keywords\":[\"Africa Press\",\"Africa Press-Comores\",\"Comores\"],\"articleSection\":[\"Communaut\u00e9\",\"Toutes les actualit\u00e9s\"],\"inLanguage\":\"fr-FR\",\"potentialAction\":[{\"@type\":\"CommentAction\",\"name\":\"Comment\",\"target\":[\"https:\/\/www.africa-press.net\/comores\/toutes-les-actualites\/congres-national-de-lesthetique-et-de-la-beaute-djogo-gagne-le-premier-prix#respond\"]}]},{\"@type\":\"WebPage\",\"@id\":\"https:\/\/www.africa-press.net\/comores\/toutes-les-actualites\/congres-national-de-lesthetique-et-de-la-beaute-djogo-gagne-le-premier-prix\",\"url\":\"https:\/\/www.africa-press.net\/comores\/toutes-les-actualites\/congres-national-de-lesthetique-et-de-la-beaute-djogo-gagne-le-premier-prix\",\"name\":\"Congr\u00e8s national de l\u2019esth\u00e9tique\u00a0et de la beaut\u00e9: Djogo gagne le premier prix - Comores\",\"isPartOf\":{\"@id\":\"https:\/\/www.africa-press.net\/comores\/#website\"},\"primaryImageOfPage\":{\"@id\":\"https:\/\/www.africa-press.net\/comores\/toutes-les-actualites\/congres-national-de-lesthetique-et-de-la-beaute-djogo-gagne-le-premier-prix#primaryimage\"},\"image\":{\"@id\":\"https:\/\/www.africa-press.net\/comores\/toutes-les-actualites\/congres-national-de-lesthetique-et-de-la-beaute-djogo-gagne-le-premier-prix#primaryimage\"},\"thumbnailUrl\":\"https:\/\/static.africa-press.net\/centrafricaine\/sites\/48\/2023\/10\/sm_1697724674.658056.jpg\",\"datePublished\":\"2023-10-19T16:13:31+00:00\",\"dateModified\":\"2023-10-19T18:42:53+00:00\",\"author\":{\"@id\":\"https:\/\/www.africa-press.net\/comores\/#\/schema\/person\/2b1cf3cd81a31e3cd26889ca66d677f1\"},\"description\":\"Djogo du salon Djogo Barber remporte le premier prix d\u2019Awards de la coiffure masculine. Vaillant, ce jeune de 24 ans ...\",\"breadcrumb\":{\"@id\":\"https:\/\/www.africa-press.net\/comores\/toutes-les-actualites\/congres-national-de-lesthetique-et-de-la-beaute-djogo-gagne-le-premier-prix#breadcrumb\"},\"inLanguage\":\"fr-FR\",\"potentialAction\":[{\"@type\":\"ReadAction\",\"target\":[\"https:\/\/www.africa-press.net\/comores\/toutes-les-actualites\/congres-national-de-lesthetique-et-de-la-beaute-djogo-gagne-le-premier-prix\"]}]},{\"@type\":\"ImageObject\",\"inLanguage\":\"fr-FR\",\"@id\":\"https:\/\/www.africa-press.net\/comores\/toutes-les-actualites\/congres-national-de-lesthetique-et-de-la-beaute-djogo-gagne-le-premier-prix#primaryimage\",\"url\":\"https:\/\/static.africa-press.net\/centrafricaine\/sites\/48\/2023\/10\/sm_1697724674.658056.jpg\",\"contentUrl\":\"https:\/\/static.africa-press.net\/centrafricaine\/sites\/48\/2023\/10\/sm_1697724674.658056.jpg\",\"width\":1280,\"height\":720,\"caption\":\"Congr\u00e8s national de l\u2019esth\u00e9tique\u00a0et de la beaut\u00e9: Djogo gagne le premier prix\"},{\"@type\":\"BreadcrumbList\",\"@id\":\"https:\/\/www.africa-press.net\/comores\/toutes-les-actualites\/congres-national-de-lesthetique-et-de-la-beaute-djogo-gagne-le-premier-prix#breadcrumb\",\"itemListElement\":[{\"@type\":\"ListItem\",\"position\":1,\"name\":\"Accueil\",\"item\":\"https:\/\/www.africa-press.net\/comores\/\"},{\"@type\":\"ListItem\",\"position\":2,\"name\":\"Congr\u00e8s national de l\u2019esth\u00e9tique\u00a0et de la beaut\u00e9: Djogo gagne le premier prix\"}]},{\"@type\":\"WebSite\",\"@id\":\"https:\/\/www.africa-press.net\/comores\/#website\",\"url\":\"https:\/\/www.africa-press.net\/comores\/\",\"name\":\"Comores\",\"description\":\"Just another Africa News Agency Sites site\",\"potentialAction\":[{\"@type\":\"SearchAction\",\"target\":{\"@type\":\"EntryPoint\",\"urlTemplate\":\"https:\/\/www.africa-press.net\/comores\/?s={search_term_string}\"},\"query-input\":{\"@type\":\"PropertyValueSpecification\",\"valueRequired\":true,\"valueName\":\"search_term_string\"}}],\"inLanguage\":\"fr-FR\"},{\"@type\":\"Person\",\"@id\":\"https:\/\/www.africa-press.net\/comores\/#\/schema\/person\/2b1cf3cd81a31e3cd26889ca66d677f1\",\"name\":\"cfeditorfr\"}]}<\/script>\n<!-- \/ Yoast SEO Premium plugin. -->","yoast_head_json":{"title":"Congr\u00e8s national de l\u2019esth\u00e9tique\u00a0et de la beaut\u00e9: Djogo gagne le premier prix - Comores","description":"Djogo du salon Djogo Barber remporte le premier prix d\u2019Awards de la coiffure masculine. Vaillant, ce jeune de 24 ans ...","robots":{"index":"index","follow":"follow","max-snippet":"max-snippet:-1","max-image-preview":"max-image-preview:large","max-video-preview":"max-video-preview:-1"},"canonical":"https:\/\/www.africa-press.net\/comores\/toutes-les-actualites\/congres-national-de-lesthetique-et-de-la-beaute-djogo-gagne-le-premier-prix","og_locale":"fr_FR","og_type":"article","og_title":"Congr\u00e8s national de l\u2019esth\u00e9tique\u00a0et de la beaut\u00e9: Djogo gagne le premier prix","og_description":"Djogo du salon Djogo Barber remporte le premier prix d\u2019Awards de la coiffure masculine. Vaillant, ce jeune de 24 ans ...","og_url":"https:\/\/www.africa-press.net\/comores\/toutes-les-actualites\/congres-national-de-lesthetique-et-de-la-beaute-djogo-gagne-le-premier-prix","og_site_name":"Comores","article_published_time":"2023-10-19T16:13:31+00:00","article_modified_time":"2023-10-19T18:42:53+00:00","og_image":[{"width":1280,"height":720,"url":"https:\/\/static.africa-press.net\/centrafricaine\/sites\/48\/2023\/10\/sm_1697724674.658056.jpg","type":"image\/jpeg"}],"author":"cfeditorfr","twitter_card":"summary_large_image","twitter_misc":{"\u00c9crit par":"cfeditorfr","Dur\u00e9e de lecture estim\u00e9e":"2 minutes"},"schema":{"@context":"https:\/\/schema.org","@graph":[{"@type":"Article","@id":"https:\/\/www.africa-press.net\/comores\/toutes-les-actualites\/congres-national-de-lesthetique-et-de-la-beaute-djogo-gagne-le-premier-prix#article","isPartOf":{"@id":"https:\/\/www.africa-press.net\/comores\/toutes-les-actualites\/congres-national-de-lesthetique-et-de-la-beaute-djogo-gagne-le-premier-prix"},"author":{"name":"cfeditorfr","@id":"https:\/\/www.africa-press.net\/comores\/#\/schema\/person\/2b1cf3cd81a31e3cd26889ca66d677f1"},"headline":"Congr\u00e8s national de l\u2019esth\u00e9tique\u00a0et de la beaut\u00e9: Djogo gagne le premier prix","datePublished":"2023-10-19T16:13:31+00:00","dateModified":"2023-10-19T18:42:53+00:00","mainEntityOfPage":{"@id":"https:\/\/www.africa-press.net\/comores\/toutes-les-actualites\/congres-national-de-lesthetique-et-de-la-beaute-djogo-gagne-le-premier-prix"},"wordCount":498,"commentCount":0,"image":{"@id":"https:\/\/www.africa-press.net\/comores\/toutes-les-actualites\/congres-national-de-lesthetique-et-de-la-beaute-djogo-gagne-le-premier-prix#primaryimage"},"thumbnailUrl":"https:\/\/static.africa-press.net\/centrafricaine\/sites\/48\/2023\/10\/sm_1697724674.658056.jpg","keywords":["Africa Press","Africa Press-Comores","Comores"],"articleSection":["Communaut\u00e9","Toutes les actualit\u00e9s"],"inLanguage":"fr-FR","potentialAction":[{"@type":"CommentAction","name":"Comment","target":["https:\/\/www.africa-press.net\/comores\/toutes-les-actualites\/congres-national-de-lesthetique-et-de-la-beaute-djogo-gagne-le-premier-prix#respond"]}]},{"@type":"WebPage","@id":"https:\/\/www.africa-press.net\/comores\/toutes-les-actualites\/congres-national-de-lesthetique-et-de-la-beaute-djogo-gagne-le-premier-prix","url":"https:\/\/www.africa-press.net\/comores\/toutes-les-actualites\/congres-national-de-lesthetique-et-de-la-beaute-djogo-gagne-le-premier-prix","name":"Congr\u00e8s national de l\u2019esth\u00e9tique\u00a0et de la beaut\u00e9: Djogo gagne le premier prix - Comores","isPartOf":{"@id":"https:\/\/www.africa-press.net\/comores\/#website"},"primaryImageOfPage":{"@id":"https:\/\/www.africa-press.net\/comores\/toutes-les-actualites\/congres-national-de-lesthetique-et-de-la-beaute-djogo-gagne-le-premier-prix#primaryimage"},"image":{"@id":"https:\/\/www.africa-press.net\/comores\/toutes-les-actualites\/congres-national-de-lesthetique-et-de-la-beaute-djogo-gagne-le-premier-prix#primaryimage"},"thumbnailUrl":"https:\/\/static.africa-press.net\/centrafricaine\/sites\/48\/2023\/10\/sm_1697724674.658056.jpg","datePublished":"2023-10-19T16:13:31+00:00","dateModified":"2023-10-19T18:42:53+00:00","author":{"@id":"https:\/\/www.africa-press.net\/comores\/#\/schema\/person\/2b1cf3cd81a31e3cd26889ca66d677f1"},"description":"Djogo du salon Djogo Barber remporte le premier prix d\u2019Awards de la coiffure masculine. Vaillant, ce jeune de 24 ans ...","breadcrumb":{"@id":"https:\/\/www.africa-press.net\/comores\/toutes-les-actualites\/congres-national-de-lesthetique-et-de-la-beaute-djogo-gagne-le-premier-prix#breadcrumb"},"inLanguage":"fr-FR","potentialAction":[{"@type":"ReadAction","target":["https:\/\/www.africa-press.net\/comores\/toutes-les-actualites\/congres-national-de-lesthetique-et-de-la-beaute-djogo-gagne-le-premier-prix"]}]},{"@type":"ImageObject","inLanguage":"fr-FR","@id":"https:\/\/www.africa-press.net\/comores\/toutes-les-actualites\/congres-national-de-lesthetique-et-de-la-beaute-djogo-gagne-le-premier-prix#primaryimage","url":"https:\/\/static.africa-press.net\/centrafricaine\/sites\/48\/2023\/10\/sm_1697724674.658056.jpg","contentUrl":"https:\/\/static.africa-press.net\/centrafricaine\/sites\/48\/2023\/10\/sm_1697724674.658056.jpg","width":1280,"height":720,"caption":"Congr\u00e8s national de l\u2019esth\u00e9tique\u00a0et de la beaut\u00e9: Djogo gagne le premier prix"},{"@type":"BreadcrumbList","@id":"https:\/\/www.africa-press.net\/comores\/toutes-les-actualites\/congres-national-de-lesthetique-et-de-la-beaute-djogo-gagne-le-premier-prix#breadcrumb","itemListElement":[{"@type":"ListItem","position":1,"name":"Accueil","item":"https:\/\/www.africa-press.net\/comores\/"},{"@type":"ListItem","position":2,"name":"Congr\u00e8s national de l\u2019esth\u00e9tique\u00a0et de la beaut\u00e9: Djogo gagne le premier prix"}]},{"@type":"WebSite","@id":"https:\/\/www.africa-press.net\/comores\/#website","url":"https:\/\/www.africa-press.net\/comores\/","name":"Comores","description":"Just another Africa News Agency Sites site","potentialAction":[{"@type":"SearchAction","target":{"@type":"EntryPoint","urlTemplate":"https:\/\/www.africa-press.net\/comores\/?s={search_term_string}"},"query-input":{"@type":"PropertyValueSpecification","valueRequired":true,"valueName":"search_term_string"}}],"inLanguage":"fr-FR"},{"@type":"Person","@id":"https:\/\/www.africa-press.net\/comores\/#\/schema\/person\/2b1cf3cd81a31e3cd26889ca66d677f1","name":"cfeditorfr"}]}},"_links":{"self":[{"href":"https:\/\/www.africa-press.net\/comores\/wp-json\/wp\/v2\/posts\/13020","targetHints":{"allow":["GET"]}}],"collection":[{"href":"https:\/\/www.africa-press.net\/comores\/wp-json\/wp\/v2\/posts"}],"about":[{"href":"https:\/\/www.africa-press.net\/comores\/wp-json\/wp\/v2\/types\/post"}],"author":[{"embeddable":true,"href":"https:\/\/www.africa-press.net\/comores\/wp-json\/wp\/v2\/users\/82"}],"replies":[{"embeddable":true,"href":"https:\/\/www.africa-press.net\/comores\/wp-json\/wp\/v2\/comments?post=13020"}],"version-history":[{"count":0,"href":"https:\/\/www.africa-press.net\/comores\/wp-json\/wp\/v2\/posts\/13020\/revisions"}],"wp:featuredmedia":[{"embeddable":true,"href":"https:\/\/www.africa-press.net\/comores\/wp-json\/wp\/v2\/media\/13019"}],"wp:attachment":[{"href":"https:\/\/www.africa-press.net\/comores\/wp-json\/wp\/v2\/media?parent=13020"}],"wp:term":[{"taxonomy":"category","embeddable":true,"href":"https:\/\/www.africa-press.net\/comores\/wp-json\/wp\/v2\/categories?post=13020"},{"taxonomy":"post_tag","embeddable":true,"href":"https:\/\/www.africa-press.net\/comores\/wp-json\/wp\/v2\/tags?post=13020"}],"curies":[{"name":"wp","href":"https:\/\/api.w.org\/{rel}","templated":true}]}}