{"id":13022,"date":"2023-10-19T16:14:14","date_gmt":"2023-10-19T16:14:14","guid":{"rendered":"https:\/\/www.africa-press.net\/comores\/politique\/des-suggestions-pour-ameliorer-la-performance-des-projets-educatifs"},"modified":"2023-10-19T18:43:18","modified_gmt":"2023-10-19T18:43:18","slug":"des-suggestions-pour-ameliorer-la-performance-des-projets-educatifs","status":"publish","type":"post","link":"https:\/\/www.africa-press.net\/comores\/toutes-les-actualites\/des-suggestions-pour-ameliorer-la-performance-des-projets-educatifs","title":{"rendered":"Des suggestions pour am\u00e9liorer la performance des projets \u00e9ducatifs"},"content":{"rendered":"<p><span style=\"color: #ff6600\"><strong>Africa-Press &#8211; Comores. <\/strong><\/span><b>Le ministre de l&rsquo;e\u0301ducation nationale et de l&rsquo;enseignement supe\u0301rieur a rec\u0327u le 17 octobre dernier, l&rsquo;ambassadeur de France a\u0300 Moroni dans le but de poser un \u0153il analytique sur les projets encadre\u0301s par le PGEC. Ils se sont re\u0301jouis des re\u0301alisations mais ont e\u0301galement formule\u0301 des propositions pour ame\u0301liorer la gestion des projets en cours.<\/b><\/p>\n<p>Autour de la table, on a pu voir Patrice Thevier, chef de Service de coope\u0301ration et d&rsquo;action culturelle, Nicolas Gury, directeur adjoint de l&rsquo;Agence franc\u0327aise de de\u0301veloppement (AFD), Soulaimane Soilihi, secre\u0301taire ge\u0301ne\u0301ral du ministe\u0300re de l&rsquo;e\u0301ducation nationale, Gaylord Giordanino, conseiller de l&rsquo;e\u0301ducation, Asmine Mohamed, coordinatrice du PROFI, Bourhani Nourdini, coordinateur du BLM (Boundo la Malezi), Mohamed Sai\u0308d, coordinateur de Komor initiative. Ces responsables ont pre\u0301sente\u0301 chacun ses responsabilite\u0301s base\u0301es sur le projet d\u2019ame\u0301lioration de la performance de l&rsquo;e\u0301ducation (PGEC). Concernant le projet PROFI centre\u0301 sur quatre axes dont la formation et insertion des jeunes dans les domaines de l&rsquo;agriculture, de l&rsquo;environnement et de la sante\u0301, le directeur adjoint de l&rsquo;AFD a rappele\u0301 le texte re\u0301glementaire a\u0300 la cre\u0301ation des lyce\u0301es techniques notamment le lyce\u0301e agricole devant ouvrir les portes lundi prochain.<\/p>\n<p>Quant au programme des e\u0301tablissements et la participation citoyenne a\u0300 travers une meilleure gestion et gouvernance des e\u0301coles (BLM), son coordinateur Bourhani Nourdini a rappele\u0301 la conception des curriculums pour l&rsquo;enseignement de l&rsquo;e\u0301ducation physique et sportive (EPS) afin de permettre une bonne pratique de cette discipline. Et de recommander un renforcement des compe\u0301tences des enseignants du primaire par les formateurs et encadreurs pe\u0301dagogiques afin de rassurer une transmission de qualite\u0301 en classe. Le coordinateur du BLM a e\u0301galement souhaite\u0301 la validation des avant projets de 4 lyce\u0301es par le gouvernement avec les ressources e\u0301mises et les faisabilite\u0301s de remplacer le ba\u0302timent administratif et non l&rsquo;enle\u0300vement de\u0301finitif de celui-ci.<\/p>\n<p>De son co\u0302te\u0301, le ministre de l\u2019e\u0301ducation nationale Takiddine Youssouf a salue\u0301 la volonte\u0301 des uns et des autres de vouloir participer activement a\u0300 l&rsquo;ame\u0301lioration de la qualite\u0301 de l&rsquo;e\u0301ducation a\u0300 travers un accompagnement renforce\u0301 en vue de cre\u0301er un environnement propice du syste\u0300me e\u0301ducatif. De son co\u0302te\u0301, l&rsquo;ambassadeur de France Sylvain Riquier a re\u0301affirme\u0301 la volonte\u0301 de la France d\u2019accompagner les Comores dans son de\u0301veloppement.<\/p>\n<p><strong>Pour plus d&rsquo;informations et d&rsquo;analyses sur la <a href=\"https:\/\/www.africa-press.net\/comores\">Comores<\/a>, suivez <a href=\"https:\/\/www.africa-press.net\/\">Africa-Press<\/a><\/strong><\/p>\n","protected":false},"excerpt":{"rendered":"<p>Africa-Press &#8211; Comores. Le ministre de l&rsquo;e\u0301ducation nationale et de l&rsquo;enseignement supe\u0301rieur a rec\u0327u le 17 octobre dernier, l&rsquo;ambassadeur de France a\u0300 Moroni dans le but de poser un \u0153il analytique sur les projets encadre\u0301s par le PGEC. Ils se sont re\u0301jouis des re\u0301alisations mais ont e\u0301galement formule\u0301 des propositions pour ame\u0301liorer la gestion des [&hellip;]<\/p>\n","protected":false},"author":82,"featured_media":13021,"comment_status":"open","ping_status":"closed","sticky":false,"template":"","format":"standard","meta":{"footnotes":""},"categories":[21,10],"tags":[36,53,45],"class_list":["post-13022","post","type-post","status-publish","format-standard","has-post-thumbnail","hentry","category-communaute","category-toutes-les-actualites","tag-africa-press","tag-africa-press-comores","tag-comores"],"yoast_head":"<!-- This site is optimized with the Yoast SEO Premium plugin v26.1 (Yoast SEO v27.0) - https:\/\/yoast.com\/product\/yoast-seo-premium-wordpress\/ -->\n<title>Des suggestions pour am\u00e9liorer la performance des projets \u00e9ducatifs - Comores<\/title>\n<meta name=\"description\" content=\"Le ministre de l&#039;e\u0301ducation nationale et de l&#039;enseignement supe\u0301rieur a rec\u0327u le 17 octobre dernier, l&#039;ambassadeur de ...\" \/>\n<meta name=\"robots\" content=\"index, follow, max-snippet:-1, max-image-preview:large, max-video-preview:-1\" \/>\n<link rel=\"canonical\" href=\"https:\/\/www.africa-press.net\/comores\/toutes-les-actualites\/des-suggestions-pour-ameliorer-la-performance-des-projets-educatifs\" \/>\n<meta property=\"og:locale\" content=\"fr_FR\" \/>\n<meta property=\"og:type\" content=\"article\" \/>\n<meta property=\"og:title\" content=\"Des suggestions pour am\u00e9liorer la performance des projets \u00e9ducatifs\" \/>\n<meta property=\"og:description\" content=\"Le ministre de l&#039;e\u0301ducation nationale et de l&#039;enseignement supe\u0301rieur a rec\u0327u le 17 octobre dernier, l&#039;ambassadeur de ...\" \/>\n<meta property=\"og:url\" content=\"https:\/\/www.africa-press.net\/comores\/toutes-les-actualites\/des-suggestions-pour-ameliorer-la-performance-des-projets-educatifs\" \/>\n<meta property=\"og:site_name\" content=\"Comores\" \/>\n<meta property=\"article:published_time\" content=\"2023-10-19T16:14:14+00:00\" \/>\n<meta property=\"article:modified_time\" content=\"2023-10-19T18:43:18+00:00\" \/>\n<meta property=\"og:image\" content=\"https:\/\/static.africa-press.net\/centrafricaine\/sites\/48\/2023\/10\/sm_1697724702.646256.jpg\" \/>\n\t<meta property=\"og:image:width\" content=\"720\" \/>\n\t<meta property=\"og:image:height\" content=\"540\" \/>\n\t<meta property=\"og:image:type\" content=\"image\/jpeg\" \/>\n<meta name=\"author\" content=\"cfeditorfr\" \/>\n<meta name=\"twitter:card\" content=\"summary_large_image\" \/>\n<meta name=\"twitter:label1\" content=\"\u00c9crit par\" \/>\n\t<meta name=\"twitter:data1\" content=\"cfeditorfr\" \/>\n\t<meta name=\"twitter:label2\" content=\"Dur\u00e9e de lecture estim\u00e9e\" \/>\n\t<meta name=\"twitter:data2\" content=\"2 minutes\" \/>\n<script type=\"application\/ld+json\" class=\"yoast-schema-graph\">{\"@context\":\"https:\/\/schema.org\",\"@graph\":[{\"@type\":\"Article\",\"@id\":\"https:\/\/www.africa-press.net\/comores\/toutes-les-actualites\/des-suggestions-pour-ameliorer-la-performance-des-projets-educatifs#article\",\"isPartOf\":{\"@id\":\"https:\/\/www.africa-press.net\/comores\/toutes-les-actualites\/des-suggestions-pour-ameliorer-la-performance-des-projets-educatifs\"},\"author\":{\"name\":\"cfeditorfr\",\"@id\":\"https:\/\/www.africa-press.net\/comores\/#\/schema\/person\/2b1cf3cd81a31e3cd26889ca66d677f1\"},\"headline\":\"Des suggestions pour am\u00e9liorer la performance des projets \u00e9ducatifs\",\"datePublished\":\"2023-10-19T16:14:14+00:00\",\"dateModified\":\"2023-10-19T18:43:18+00:00\",\"mainEntityOfPage\":{\"@id\":\"https:\/\/www.africa-press.net\/comores\/toutes-les-actualites\/des-suggestions-pour-ameliorer-la-performance-des-projets-educatifs\"},\"wordCount\":452,\"commentCount\":0,\"image\":{\"@id\":\"https:\/\/www.africa-press.net\/comores\/toutes-les-actualites\/des-suggestions-pour-ameliorer-la-performance-des-projets-educatifs#primaryimage\"},\"thumbnailUrl\":\"https:\/\/static.africa-press.net\/centrafricaine\/sites\/48\/2023\/10\/sm_1697724702.646256.jpg\",\"keywords\":[\"Africa Press\",\"Africa Press-Comores\",\"Comores\"],\"articleSection\":[\"Communaut\u00e9\",\"Toutes les actualit\u00e9s\"],\"inLanguage\":\"fr-FR\",\"potentialAction\":[{\"@type\":\"CommentAction\",\"name\":\"Comment\",\"target\":[\"https:\/\/www.africa-press.net\/comores\/toutes-les-actualites\/des-suggestions-pour-ameliorer-la-performance-des-projets-educatifs#respond\"]}]},{\"@type\":\"WebPage\",\"@id\":\"https:\/\/www.africa-press.net\/comores\/toutes-les-actualites\/des-suggestions-pour-ameliorer-la-performance-des-projets-educatifs\",\"url\":\"https:\/\/www.africa-press.net\/comores\/toutes-les-actualites\/des-suggestions-pour-ameliorer-la-performance-des-projets-educatifs\",\"name\":\"Des suggestions pour am\u00e9liorer la performance des projets \u00e9ducatifs - Comores\",\"isPartOf\":{\"@id\":\"https:\/\/www.africa-press.net\/comores\/#website\"},\"primaryImageOfPage\":{\"@id\":\"https:\/\/www.africa-press.net\/comores\/toutes-les-actualites\/des-suggestions-pour-ameliorer-la-performance-des-projets-educatifs#primaryimage\"},\"image\":{\"@id\":\"https:\/\/www.africa-press.net\/comores\/toutes-les-actualites\/des-suggestions-pour-ameliorer-la-performance-des-projets-educatifs#primaryimage\"},\"thumbnailUrl\":\"https:\/\/static.africa-press.net\/centrafricaine\/sites\/48\/2023\/10\/sm_1697724702.646256.jpg\",\"datePublished\":\"2023-10-19T16:14:14+00:00\",\"dateModified\":\"2023-10-19T18:43:18+00:00\",\"author\":{\"@id\":\"https:\/\/www.africa-press.net\/comores\/#\/schema\/person\/2b1cf3cd81a31e3cd26889ca66d677f1\"},\"description\":\"Le ministre de l'e\u0301ducation nationale et de l'enseignement supe\u0301rieur a rec\u0327u le 17 octobre dernier, l'ambassadeur de ...\",\"breadcrumb\":{\"@id\":\"https:\/\/www.africa-press.net\/comores\/toutes-les-actualites\/des-suggestions-pour-ameliorer-la-performance-des-projets-educatifs#breadcrumb\"},\"inLanguage\":\"fr-FR\",\"potentialAction\":[{\"@type\":\"ReadAction\",\"target\":[\"https:\/\/www.africa-press.net\/comores\/toutes-les-actualites\/des-suggestions-pour-ameliorer-la-performance-des-projets-educatifs\"]}]},{\"@type\":\"ImageObject\",\"inLanguage\":\"fr-FR\",\"@id\":\"https:\/\/www.africa-press.net\/comores\/toutes-les-actualites\/des-suggestions-pour-ameliorer-la-performance-des-projets-educatifs#primaryimage\",\"url\":\"https:\/\/static.africa-press.net\/centrafricaine\/sites\/48\/2023\/10\/sm_1697724702.646256.jpg\",\"contentUrl\":\"https:\/\/static.africa-press.net\/centrafricaine\/sites\/48\/2023\/10\/sm_1697724702.646256.jpg\",\"width\":720,\"height\":540,\"caption\":\"Des suggestions pour am\u00e9liorer la performance des projets \u00e9ducatifs\"},{\"@type\":\"BreadcrumbList\",\"@id\":\"https:\/\/www.africa-press.net\/comores\/toutes-les-actualites\/des-suggestions-pour-ameliorer-la-performance-des-projets-educatifs#breadcrumb\",\"itemListElement\":[{\"@type\":\"ListItem\",\"position\":1,\"name\":\"Accueil\",\"item\":\"https:\/\/www.africa-press.net\/comores\/\"},{\"@type\":\"ListItem\",\"position\":2,\"name\":\"Des suggestions pour am\u00e9liorer la performance des projets \u00e9ducatifs\"}]},{\"@type\":\"WebSite\",\"@id\":\"https:\/\/www.africa-press.net\/comores\/#website\",\"url\":\"https:\/\/www.africa-press.net\/comores\/\",\"name\":\"Comores\",\"description\":\"Just another Africa News Agency Sites site\",\"potentialAction\":[{\"@type\":\"SearchAction\",\"target\":{\"@type\":\"EntryPoint\",\"urlTemplate\":\"https:\/\/www.africa-press.net\/comores\/?s={search_term_string}\"},\"query-input\":{\"@type\":\"PropertyValueSpecification\",\"valueRequired\":true,\"valueName\":\"search_term_string\"}}],\"inLanguage\":\"fr-FR\"},{\"@type\":\"Person\",\"@id\":\"https:\/\/www.africa-press.net\/comores\/#\/schema\/person\/2b1cf3cd81a31e3cd26889ca66d677f1\",\"name\":\"cfeditorfr\"}]}<\/script>\n<!-- \/ Yoast SEO Premium plugin. -->","yoast_head_json":{"title":"Des suggestions pour am\u00e9liorer la performance des projets \u00e9ducatifs - Comores","description":"Le ministre de l'e\u0301ducation nationale et de l'enseignement supe\u0301rieur a rec\u0327u le 17 octobre dernier, l'ambassadeur de ...","robots":{"index":"index","follow":"follow","max-snippet":"max-snippet:-1","max-image-preview":"max-image-preview:large","max-video-preview":"max-video-preview:-1"},"canonical":"https:\/\/www.africa-press.net\/comores\/toutes-les-actualites\/des-suggestions-pour-ameliorer-la-performance-des-projets-educatifs","og_locale":"fr_FR","og_type":"article","og_title":"Des suggestions pour am\u00e9liorer la performance des projets \u00e9ducatifs","og_description":"Le ministre de l'e\u0301ducation nationale et de l'enseignement supe\u0301rieur a rec\u0327u le 17 octobre dernier, l'ambassadeur de ...","og_url":"https:\/\/www.africa-press.net\/comores\/toutes-les-actualites\/des-suggestions-pour-ameliorer-la-performance-des-projets-educatifs","og_site_name":"Comores","article_published_time":"2023-10-19T16:14:14+00:00","article_modified_time":"2023-10-19T18:43:18+00:00","og_image":[{"width":720,"height":540,"url":"https:\/\/static.africa-press.net\/centrafricaine\/sites\/48\/2023\/10\/sm_1697724702.646256.jpg","type":"image\/jpeg"}],"author":"cfeditorfr","twitter_card":"summary_large_image","twitter_misc":{"\u00c9crit par":"cfeditorfr","Dur\u00e9e de lecture estim\u00e9e":"2 minutes"},"schema":{"@context":"https:\/\/schema.org","@graph":[{"@type":"Article","@id":"https:\/\/www.africa-press.net\/comores\/toutes-les-actualites\/des-suggestions-pour-ameliorer-la-performance-des-projets-educatifs#article","isPartOf":{"@id":"https:\/\/www.africa-press.net\/comores\/toutes-les-actualites\/des-suggestions-pour-ameliorer-la-performance-des-projets-educatifs"},"author":{"name":"cfeditorfr","@id":"https:\/\/www.africa-press.net\/comores\/#\/schema\/person\/2b1cf3cd81a31e3cd26889ca66d677f1"},"headline":"Des suggestions pour am\u00e9liorer la performance des projets \u00e9ducatifs","datePublished":"2023-10-19T16:14:14+00:00","dateModified":"2023-10-19T18:43:18+00:00","mainEntityOfPage":{"@id":"https:\/\/www.africa-press.net\/comores\/toutes-les-actualites\/des-suggestions-pour-ameliorer-la-performance-des-projets-educatifs"},"wordCount":452,"commentCount":0,"image":{"@id":"https:\/\/www.africa-press.net\/comores\/toutes-les-actualites\/des-suggestions-pour-ameliorer-la-performance-des-projets-educatifs#primaryimage"},"thumbnailUrl":"https:\/\/static.africa-press.net\/centrafricaine\/sites\/48\/2023\/10\/sm_1697724702.646256.jpg","keywords":["Africa Press","Africa Press-Comores","Comores"],"articleSection":["Communaut\u00e9","Toutes les actualit\u00e9s"],"inLanguage":"fr-FR","potentialAction":[{"@type":"CommentAction","name":"Comment","target":["https:\/\/www.africa-press.net\/comores\/toutes-les-actualites\/des-suggestions-pour-ameliorer-la-performance-des-projets-educatifs#respond"]}]},{"@type":"WebPage","@id":"https:\/\/www.africa-press.net\/comores\/toutes-les-actualites\/des-suggestions-pour-ameliorer-la-performance-des-projets-educatifs","url":"https:\/\/www.africa-press.net\/comores\/toutes-les-actualites\/des-suggestions-pour-ameliorer-la-performance-des-projets-educatifs","name":"Des suggestions pour am\u00e9liorer la performance des projets \u00e9ducatifs - Comores","isPartOf":{"@id":"https:\/\/www.africa-press.net\/comores\/#website"},"primaryImageOfPage":{"@id":"https:\/\/www.africa-press.net\/comores\/toutes-les-actualites\/des-suggestions-pour-ameliorer-la-performance-des-projets-educatifs#primaryimage"},"image":{"@id":"https:\/\/www.africa-press.net\/comores\/toutes-les-actualites\/des-suggestions-pour-ameliorer-la-performance-des-projets-educatifs#primaryimage"},"thumbnailUrl":"https:\/\/static.africa-press.net\/centrafricaine\/sites\/48\/2023\/10\/sm_1697724702.646256.jpg","datePublished":"2023-10-19T16:14:14+00:00","dateModified":"2023-10-19T18:43:18+00:00","author":{"@id":"https:\/\/www.africa-press.net\/comores\/#\/schema\/person\/2b1cf3cd81a31e3cd26889ca66d677f1"},"description":"Le ministre de l'e\u0301ducation nationale et de l'enseignement supe\u0301rieur a rec\u0327u le 17 octobre dernier, l'ambassadeur de ...","breadcrumb":{"@id":"https:\/\/www.africa-press.net\/comores\/toutes-les-actualites\/des-suggestions-pour-ameliorer-la-performance-des-projets-educatifs#breadcrumb"},"inLanguage":"fr-FR","potentialAction":[{"@type":"ReadAction","target":["https:\/\/www.africa-press.net\/comores\/toutes-les-actualites\/des-suggestions-pour-ameliorer-la-performance-des-projets-educatifs"]}]},{"@type":"ImageObject","inLanguage":"fr-FR","@id":"https:\/\/www.africa-press.net\/comores\/toutes-les-actualites\/des-suggestions-pour-ameliorer-la-performance-des-projets-educatifs#primaryimage","url":"https:\/\/static.africa-press.net\/centrafricaine\/sites\/48\/2023\/10\/sm_1697724702.646256.jpg","contentUrl":"https:\/\/static.africa-press.net\/centrafricaine\/sites\/48\/2023\/10\/sm_1697724702.646256.jpg","width":720,"height":540,"caption":"Des suggestions pour am\u00e9liorer la performance des projets \u00e9ducatifs"},{"@type":"BreadcrumbList","@id":"https:\/\/www.africa-press.net\/comores\/toutes-les-actualites\/des-suggestions-pour-ameliorer-la-performance-des-projets-educatifs#breadcrumb","itemListElement":[{"@type":"ListItem","position":1,"name":"Accueil","item":"https:\/\/www.africa-press.net\/comores\/"},{"@type":"ListItem","position":2,"name":"Des suggestions pour am\u00e9liorer la performance des projets \u00e9ducatifs"}]},{"@type":"WebSite","@id":"https:\/\/www.africa-press.net\/comores\/#website","url":"https:\/\/www.africa-press.net\/comores\/","name":"Comores","description":"Just another Africa News Agency Sites site","potentialAction":[{"@type":"SearchAction","target":{"@type":"EntryPoint","urlTemplate":"https:\/\/www.africa-press.net\/comores\/?s={search_term_string}"},"query-input":{"@type":"PropertyValueSpecification","valueRequired":true,"valueName":"search_term_string"}}],"inLanguage":"fr-FR"},{"@type":"Person","@id":"https:\/\/www.africa-press.net\/comores\/#\/schema\/person\/2b1cf3cd81a31e3cd26889ca66d677f1","name":"cfeditorfr"}]}},"_links":{"self":[{"href":"https:\/\/www.africa-press.net\/comores\/wp-json\/wp\/v2\/posts\/13022","targetHints":{"allow":["GET"]}}],"collection":[{"href":"https:\/\/www.africa-press.net\/comores\/wp-json\/wp\/v2\/posts"}],"about":[{"href":"https:\/\/www.africa-press.net\/comores\/wp-json\/wp\/v2\/types\/post"}],"author":[{"embeddable":true,"href":"https:\/\/www.africa-press.net\/comores\/wp-json\/wp\/v2\/users\/82"}],"replies":[{"embeddable":true,"href":"https:\/\/www.africa-press.net\/comores\/wp-json\/wp\/v2\/comments?post=13022"}],"version-history":[{"count":0,"href":"https:\/\/www.africa-press.net\/comores\/wp-json\/wp\/v2\/posts\/13022\/revisions"}],"wp:featuredmedia":[{"embeddable":true,"href":"https:\/\/www.africa-press.net\/comores\/wp-json\/wp\/v2\/media\/13021"}],"wp:attachment":[{"href":"https:\/\/www.africa-press.net\/comores\/wp-json\/wp\/v2\/media?parent=13022"}],"wp:term":[{"taxonomy":"category","embeddable":true,"href":"https:\/\/www.africa-press.net\/comores\/wp-json\/wp\/v2\/categories?post=13022"},{"taxonomy":"post_tag","embeddable":true,"href":"https:\/\/www.africa-press.net\/comores\/wp-json\/wp\/v2\/tags?post=13022"}],"curies":[{"name":"wp","href":"https:\/\/api.w.org\/{rel}","templated":true}]}}