{"id":13025,"date":"2023-10-19T16:15:09","date_gmt":"2023-10-19T16:15:09","guid":{"rendered":"https:\/\/www.africa-press.net\/comores\/politique\/la-cueillette-du-girofle-bat-son-plein-a-moheli"},"modified":"2023-10-19T18:43:52","modified_gmt":"2023-10-19T18:43:52","slug":"la-cueillette-du-girofle-bat-son-plein-a-moheli","status":"publish","type":"post","link":"https:\/\/www.africa-press.net\/comores\/toutes-les-actualites\/la-cueillette-du-girofle-bat-son-plein-a-moheli","title":{"rendered":"La cueillette du girofle bat son plein \u00e0 Moh\u00e9li"},"content":{"rendered":"<p><span style=\"color: #ff6600\"><strong>Africa-Press &#8211; Comores. <\/strong><\/span><b>La rentre\u0301e scolaire de cette anne\u0301e 2023-2024 a coi\u0308ncide\u0301 avec la pe\u0301riode de la cueillette du girofle. Beaucoup de jeunes dont des e\u0301le\u0300ves qui viennent des localite\u0301s lointaines de Moheli et me\u0302me d&rsquo;Anjouan pour travailler temporairement dans les re\u0301gions de forte production de girofle cette anne\u0301e, notamment a\u0300 Djando. Le kilogramme de clous de girofle sec se vend actuellement a\u0300 2800 fc, un prix bas par rapport a\u0300 Anjouan mais relativement alle\u0301chant.<\/b><\/p>\n<p>Nous sommes en de\u0301but de saison de re\u0301colte du girofle a\u0300 Mohe\u0301li. Une pe\u0301riode ou\u0300 des activite\u0301s ge\u0301ne\u0301ratrices de revenu sont cre\u0301e\u0301es. La cueillette, la se\u0301paration des pe\u0301doncules florales et le se\u0301chage en font partie. C\u2019est aussi la pe\u0301riode ou\u0300 les producteurs craignent les actes de vol aux champs, sur les toits des maisons et dans les magasins de stockage.<\/p>\n<p>Ce principal produit de rente que la plupart des habitants de Mohe\u0301li cultivent dans leurs champs, connai\u0302t des hauts et des bas car le prix du girofle sec de\u0301pend de la demande sur le marche\u0301. Cette anne\u0301e, les clous de girofle sec se ne\u0301gocient entre 2800fc et 2900fc, et parfois jusqu&rsquo;a\u0300 3000fc pour ceux qui en posse\u0300dent une tre\u0300s grande qualite\u0301. Contrairement aux deux dernie\u0300res anne\u0301es (2021 et 2022) ou\u0300 le prix du kg variait entre 1300 fc a\u0300 2300 fc. Les cueilleurs vendent le kg de girofle frais avec les griffes a\u0300 200fc aux producteurs et ceux qui enle\u0300vent les griffes sont paye\u0301s 50fc le kg.<\/p>\n<p>Un nouveau phe\u0301nome\u0300ne apparai\u0302t cette anne\u0301e, c\u2019est la vente des clous sur les girofliers a\u0300 un prix qui varie selon le proprie\u0301taire. Boina Ntandzi avait propose\u0301 5000 fc seulement tous les clous d&rsquo;un giroflier. L\u2019acheteur se de\u0301brouille pour la cueillette et le reste. \u00ab Il y a la crise financie\u0300re dans le pays qui fait qu&rsquo;on n\u2019arrive pas a\u0300 s\u2019en sortir. Les salaires mensuels sont bas. C&rsquo;est avec ce girofle qu&rsquo;on arrive a\u0300 satisfaire nos besoins tout en cre\u0301ant certains projets familiaux \u00bb explique Bachir Abdoulkarim de Djoiezi. \u00ab On se re\u0301jouit du prix actuel, je crains toutefois qu&rsquo;il va chuter, vu que beaucoup n&rsquo;ont pas encore commence\u0301 leur re\u0301colte \u00bb croit-il.<\/p>\n<p>A Djando, la re\u0301gion la plus productrice de girofle, plusieurs jeunes parmi eux des e\u0301le\u0300ves font le de\u0301placement depuis les localite\u0301s lointaines, et me\u0302me d&rsquo;Anjouan pour une embauche saisonnie\u0300re. Toutefois cette anne\u0301e, l&rsquo;ambiance n&rsquo;est pas au rendez-vous vu que la re\u0301colte coi\u0308ncide avec le de\u0301but de la rentre\u0301e scolaire. Ce qui fait que les cueilleurs manquent dans certaines localite\u0301s de l&rsquo;i\u0302le. Comme a\u0300 Mohe\u0301li il n&rsquo;y a pas un port capable d&rsquo;accueillir des gros navires, quelques 400 tonnes de girofle sec collecte\u0301s quittent le port de Bangoma sous une taxe de 250fc le kilo avant d&rsquo;e\u0302tre achemine\u0301 a\u0300 Anjouan pour e\u0302tre vendu aux grands commerc\u0327ants exportateurs.<\/p>\n<p><strong>Pour plus d&rsquo;informations et d&rsquo;analyses sur la <a href=\"https:\/\/www.africa-press.net\/comores\">Comores<\/a>, suivez <a href=\"https:\/\/www.africa-press.net\/\">Africa-Press<\/a><\/strong><\/p>\n","protected":false},"excerpt":{"rendered":"<p>Africa-Press &#8211; Comores. La rentre\u0301e scolaire de cette anne\u0301e 2023-2024 a coi\u0308ncide\u0301 avec la pe\u0301riode de la cueillette du girofle. Beaucoup de jeunes dont des e\u0301le\u0300ves qui viennent des localite\u0301s lointaines de Moheli et me\u0302me d&rsquo;Anjouan pour travailler temporairement dans les re\u0301gions de forte production de girofle cette anne\u0301e, notamment a\u0300 Djando. Le kilogramme de [&hellip;]<\/p>\n","protected":false},"author":82,"featured_media":13024,"comment_status":"open","ping_status":"closed","sticky":false,"template":"","format":"standard","meta":{"footnotes":""},"categories":[21,10],"tags":[36,53,45],"class_list":["post-13025","post","type-post","status-publish","format-standard","has-post-thumbnail","hentry","category-communaute","category-toutes-les-actualites","tag-africa-press","tag-africa-press-comores","tag-comores"],"yoast_head":"<!-- This site is optimized with the Yoast SEO Premium plugin v26.1 (Yoast SEO v27.0) - https:\/\/yoast.com\/product\/yoast-seo-premium-wordpress\/ -->\n<title>La cueillette du girofle bat son plein \u00e0 Moh\u00e9li - Comores<\/title>\n<meta name=\"description\" content=\"La rentre\u0301e scolaire de cette anne\u0301e 2023-2024 a coi\u0308ncide\u0301 avec la pe\u0301riode de la cueillette du girofle. Beaucoup de ...\" \/>\n<meta name=\"robots\" content=\"index, follow, max-snippet:-1, max-image-preview:large, max-video-preview:-1\" \/>\n<link rel=\"canonical\" href=\"https:\/\/www.africa-press.net\/comores\/toutes-les-actualites\/la-cueillette-du-girofle-bat-son-plein-a-moheli\" \/>\n<meta property=\"og:locale\" content=\"fr_FR\" \/>\n<meta property=\"og:type\" content=\"article\" \/>\n<meta property=\"og:title\" content=\"La cueillette du girofle bat son plein \u00e0 Moh\u00e9li\" \/>\n<meta property=\"og:description\" content=\"La rentre\u0301e scolaire de cette anne\u0301e 2023-2024 a coi\u0308ncide\u0301 avec la pe\u0301riode de la cueillette du girofle. Beaucoup de ...\" \/>\n<meta property=\"og:url\" content=\"https:\/\/www.africa-press.net\/comores\/toutes-les-actualites\/la-cueillette-du-girofle-bat-son-plein-a-moheli\" \/>\n<meta property=\"og:site_name\" content=\"Comores\" \/>\n<meta property=\"article:published_time\" content=\"2023-10-19T16:15:09+00:00\" \/>\n<meta property=\"article:modified_time\" content=\"2023-10-19T18:43:52+00:00\" \/>\n<meta property=\"og:image\" content=\"https:\/\/static.africa-press.net\/centrafricaine\/sites\/48\/2023\/10\/sm_1697724735.158718.jpg\" \/>\n\t<meta property=\"og:image:width\" content=\"960\" \/>\n\t<meta property=\"og:image:height\" content=\"540\" \/>\n\t<meta property=\"og:image:type\" content=\"image\/jpeg\" \/>\n<meta name=\"author\" content=\"cfeditorfr\" \/>\n<meta name=\"twitter:card\" content=\"summary_large_image\" \/>\n<meta name=\"twitter:label1\" content=\"\u00c9crit par\" \/>\n\t<meta name=\"twitter:data1\" content=\"cfeditorfr\" \/>\n\t<meta name=\"twitter:label2\" content=\"Dur\u00e9e de lecture estim\u00e9e\" \/>\n\t<meta name=\"twitter:data2\" content=\"3 minutes\" \/>\n<script type=\"application\/ld+json\" class=\"yoast-schema-graph\">{\"@context\":\"https:\/\/schema.org\",\"@graph\":[{\"@type\":\"Article\",\"@id\":\"https:\/\/www.africa-press.net\/comores\/toutes-les-actualites\/la-cueillette-du-girofle-bat-son-plein-a-moheli#article\",\"isPartOf\":{\"@id\":\"https:\/\/www.africa-press.net\/comores\/toutes-les-actualites\/la-cueillette-du-girofle-bat-son-plein-a-moheli\"},\"author\":{\"name\":\"cfeditorfr\",\"@id\":\"https:\/\/www.africa-press.net\/comores\/#\/schema\/person\/2b1cf3cd81a31e3cd26889ca66d677f1\"},\"headline\":\"La cueillette du girofle bat son plein \u00e0 Moh\u00e9li\",\"datePublished\":\"2023-10-19T16:15:09+00:00\",\"dateModified\":\"2023-10-19T18:43:52+00:00\",\"mainEntityOfPage\":{\"@id\":\"https:\/\/www.africa-press.net\/comores\/toutes-les-actualites\/la-cueillette-du-girofle-bat-son-plein-a-moheli\"},\"wordCount\":554,\"commentCount\":0,\"image\":{\"@id\":\"https:\/\/www.africa-press.net\/comores\/toutes-les-actualites\/la-cueillette-du-girofle-bat-son-plein-a-moheli#primaryimage\"},\"thumbnailUrl\":\"https:\/\/static.africa-press.net\/centrafricaine\/sites\/48\/2023\/10\/sm_1697724735.158718.jpg\",\"keywords\":[\"Africa Press\",\"Africa Press-Comores\",\"Comores\"],\"articleSection\":[\"Communaut\u00e9\",\"Toutes les actualit\u00e9s\"],\"inLanguage\":\"fr-FR\",\"potentialAction\":[{\"@type\":\"CommentAction\",\"name\":\"Comment\",\"target\":[\"https:\/\/www.africa-press.net\/comores\/toutes-les-actualites\/la-cueillette-du-girofle-bat-son-plein-a-moheli#respond\"]}]},{\"@type\":\"WebPage\",\"@id\":\"https:\/\/www.africa-press.net\/comores\/toutes-les-actualites\/la-cueillette-du-girofle-bat-son-plein-a-moheli\",\"url\":\"https:\/\/www.africa-press.net\/comores\/toutes-les-actualites\/la-cueillette-du-girofle-bat-son-plein-a-moheli\",\"name\":\"La cueillette du girofle bat son plein \u00e0 Moh\u00e9li - Comores\",\"isPartOf\":{\"@id\":\"https:\/\/www.africa-press.net\/comores\/#website\"},\"primaryImageOfPage\":{\"@id\":\"https:\/\/www.africa-press.net\/comores\/toutes-les-actualites\/la-cueillette-du-girofle-bat-son-plein-a-moheli#primaryimage\"},\"image\":{\"@id\":\"https:\/\/www.africa-press.net\/comores\/toutes-les-actualites\/la-cueillette-du-girofle-bat-son-plein-a-moheli#primaryimage\"},\"thumbnailUrl\":\"https:\/\/static.africa-press.net\/centrafricaine\/sites\/48\/2023\/10\/sm_1697724735.158718.jpg\",\"datePublished\":\"2023-10-19T16:15:09+00:00\",\"dateModified\":\"2023-10-19T18:43:52+00:00\",\"author\":{\"@id\":\"https:\/\/www.africa-press.net\/comores\/#\/schema\/person\/2b1cf3cd81a31e3cd26889ca66d677f1\"},\"description\":\"La rentre\u0301e scolaire de cette anne\u0301e 2023-2024 a coi\u0308ncide\u0301 avec la pe\u0301riode de la cueillette du girofle. Beaucoup de ...\",\"breadcrumb\":{\"@id\":\"https:\/\/www.africa-press.net\/comores\/toutes-les-actualites\/la-cueillette-du-girofle-bat-son-plein-a-moheli#breadcrumb\"},\"inLanguage\":\"fr-FR\",\"potentialAction\":[{\"@type\":\"ReadAction\",\"target\":[\"https:\/\/www.africa-press.net\/comores\/toutes-les-actualites\/la-cueillette-du-girofle-bat-son-plein-a-moheli\"]}]},{\"@type\":\"ImageObject\",\"inLanguage\":\"fr-FR\",\"@id\":\"https:\/\/www.africa-press.net\/comores\/toutes-les-actualites\/la-cueillette-du-girofle-bat-son-plein-a-moheli#primaryimage\",\"url\":\"https:\/\/static.africa-press.net\/centrafricaine\/sites\/48\/2023\/10\/sm_1697724735.158718.jpg\",\"contentUrl\":\"https:\/\/static.africa-press.net\/centrafricaine\/sites\/48\/2023\/10\/sm_1697724735.158718.jpg\",\"width\":960,\"height\":540,\"caption\":\"La cueillette du girofle bat son plein \u00e0 Moh\u00e9li\"},{\"@type\":\"BreadcrumbList\",\"@id\":\"https:\/\/www.africa-press.net\/comores\/toutes-les-actualites\/la-cueillette-du-girofle-bat-son-plein-a-moheli#breadcrumb\",\"itemListElement\":[{\"@type\":\"ListItem\",\"position\":1,\"name\":\"Accueil\",\"item\":\"https:\/\/www.africa-press.net\/comores\/\"},{\"@type\":\"ListItem\",\"position\":2,\"name\":\"La cueillette du girofle bat son plein \u00e0 Moh\u00e9li\"}]},{\"@type\":\"WebSite\",\"@id\":\"https:\/\/www.africa-press.net\/comores\/#website\",\"url\":\"https:\/\/www.africa-press.net\/comores\/\",\"name\":\"Comores\",\"description\":\"Just another Africa News Agency Sites site\",\"potentialAction\":[{\"@type\":\"SearchAction\",\"target\":{\"@type\":\"EntryPoint\",\"urlTemplate\":\"https:\/\/www.africa-press.net\/comores\/?s={search_term_string}\"},\"query-input\":{\"@type\":\"PropertyValueSpecification\",\"valueRequired\":true,\"valueName\":\"search_term_string\"}}],\"inLanguage\":\"fr-FR\"},{\"@type\":\"Person\",\"@id\":\"https:\/\/www.africa-press.net\/comores\/#\/schema\/person\/2b1cf3cd81a31e3cd26889ca66d677f1\",\"name\":\"cfeditorfr\"}]}<\/script>\n<!-- \/ Yoast SEO Premium plugin. -->","yoast_head_json":{"title":"La cueillette du girofle bat son plein \u00e0 Moh\u00e9li - Comores","description":"La rentre\u0301e scolaire de cette anne\u0301e 2023-2024 a coi\u0308ncide\u0301 avec la pe\u0301riode de la cueillette du girofle. Beaucoup de ...","robots":{"index":"index","follow":"follow","max-snippet":"max-snippet:-1","max-image-preview":"max-image-preview:large","max-video-preview":"max-video-preview:-1"},"canonical":"https:\/\/www.africa-press.net\/comores\/toutes-les-actualites\/la-cueillette-du-girofle-bat-son-plein-a-moheli","og_locale":"fr_FR","og_type":"article","og_title":"La cueillette du girofle bat son plein \u00e0 Moh\u00e9li","og_description":"La rentre\u0301e scolaire de cette anne\u0301e 2023-2024 a coi\u0308ncide\u0301 avec la pe\u0301riode de la cueillette du girofle. Beaucoup de ...","og_url":"https:\/\/www.africa-press.net\/comores\/toutes-les-actualites\/la-cueillette-du-girofle-bat-son-plein-a-moheli","og_site_name":"Comores","article_published_time":"2023-10-19T16:15:09+00:00","article_modified_time":"2023-10-19T18:43:52+00:00","og_image":[{"width":960,"height":540,"url":"https:\/\/static.africa-press.net\/centrafricaine\/sites\/48\/2023\/10\/sm_1697724735.158718.jpg","type":"image\/jpeg"}],"author":"cfeditorfr","twitter_card":"summary_large_image","twitter_misc":{"\u00c9crit par":"cfeditorfr","Dur\u00e9e de lecture estim\u00e9e":"3 minutes"},"schema":{"@context":"https:\/\/schema.org","@graph":[{"@type":"Article","@id":"https:\/\/www.africa-press.net\/comores\/toutes-les-actualites\/la-cueillette-du-girofle-bat-son-plein-a-moheli#article","isPartOf":{"@id":"https:\/\/www.africa-press.net\/comores\/toutes-les-actualites\/la-cueillette-du-girofle-bat-son-plein-a-moheli"},"author":{"name":"cfeditorfr","@id":"https:\/\/www.africa-press.net\/comores\/#\/schema\/person\/2b1cf3cd81a31e3cd26889ca66d677f1"},"headline":"La cueillette du girofle bat son plein \u00e0 Moh\u00e9li","datePublished":"2023-10-19T16:15:09+00:00","dateModified":"2023-10-19T18:43:52+00:00","mainEntityOfPage":{"@id":"https:\/\/www.africa-press.net\/comores\/toutes-les-actualites\/la-cueillette-du-girofle-bat-son-plein-a-moheli"},"wordCount":554,"commentCount":0,"image":{"@id":"https:\/\/www.africa-press.net\/comores\/toutes-les-actualites\/la-cueillette-du-girofle-bat-son-plein-a-moheli#primaryimage"},"thumbnailUrl":"https:\/\/static.africa-press.net\/centrafricaine\/sites\/48\/2023\/10\/sm_1697724735.158718.jpg","keywords":["Africa Press","Africa Press-Comores","Comores"],"articleSection":["Communaut\u00e9","Toutes les actualit\u00e9s"],"inLanguage":"fr-FR","potentialAction":[{"@type":"CommentAction","name":"Comment","target":["https:\/\/www.africa-press.net\/comores\/toutes-les-actualites\/la-cueillette-du-girofle-bat-son-plein-a-moheli#respond"]}]},{"@type":"WebPage","@id":"https:\/\/www.africa-press.net\/comores\/toutes-les-actualites\/la-cueillette-du-girofle-bat-son-plein-a-moheli","url":"https:\/\/www.africa-press.net\/comores\/toutes-les-actualites\/la-cueillette-du-girofle-bat-son-plein-a-moheli","name":"La cueillette du girofle bat son plein \u00e0 Moh\u00e9li - Comores","isPartOf":{"@id":"https:\/\/www.africa-press.net\/comores\/#website"},"primaryImageOfPage":{"@id":"https:\/\/www.africa-press.net\/comores\/toutes-les-actualites\/la-cueillette-du-girofle-bat-son-plein-a-moheli#primaryimage"},"image":{"@id":"https:\/\/www.africa-press.net\/comores\/toutes-les-actualites\/la-cueillette-du-girofle-bat-son-plein-a-moheli#primaryimage"},"thumbnailUrl":"https:\/\/static.africa-press.net\/centrafricaine\/sites\/48\/2023\/10\/sm_1697724735.158718.jpg","datePublished":"2023-10-19T16:15:09+00:00","dateModified":"2023-10-19T18:43:52+00:00","author":{"@id":"https:\/\/www.africa-press.net\/comores\/#\/schema\/person\/2b1cf3cd81a31e3cd26889ca66d677f1"},"description":"La rentre\u0301e scolaire de cette anne\u0301e 2023-2024 a coi\u0308ncide\u0301 avec la pe\u0301riode de la cueillette du girofle. Beaucoup de ...","breadcrumb":{"@id":"https:\/\/www.africa-press.net\/comores\/toutes-les-actualites\/la-cueillette-du-girofle-bat-son-plein-a-moheli#breadcrumb"},"inLanguage":"fr-FR","potentialAction":[{"@type":"ReadAction","target":["https:\/\/www.africa-press.net\/comores\/toutes-les-actualites\/la-cueillette-du-girofle-bat-son-plein-a-moheli"]}]},{"@type":"ImageObject","inLanguage":"fr-FR","@id":"https:\/\/www.africa-press.net\/comores\/toutes-les-actualites\/la-cueillette-du-girofle-bat-son-plein-a-moheli#primaryimage","url":"https:\/\/static.africa-press.net\/centrafricaine\/sites\/48\/2023\/10\/sm_1697724735.158718.jpg","contentUrl":"https:\/\/static.africa-press.net\/centrafricaine\/sites\/48\/2023\/10\/sm_1697724735.158718.jpg","width":960,"height":540,"caption":"La cueillette du girofle bat son plein \u00e0 Moh\u00e9li"},{"@type":"BreadcrumbList","@id":"https:\/\/www.africa-press.net\/comores\/toutes-les-actualites\/la-cueillette-du-girofle-bat-son-plein-a-moheli#breadcrumb","itemListElement":[{"@type":"ListItem","position":1,"name":"Accueil","item":"https:\/\/www.africa-press.net\/comores\/"},{"@type":"ListItem","position":2,"name":"La cueillette du girofle bat son plein \u00e0 Moh\u00e9li"}]},{"@type":"WebSite","@id":"https:\/\/www.africa-press.net\/comores\/#website","url":"https:\/\/www.africa-press.net\/comores\/","name":"Comores","description":"Just another Africa News Agency Sites site","potentialAction":[{"@type":"SearchAction","target":{"@type":"EntryPoint","urlTemplate":"https:\/\/www.africa-press.net\/comores\/?s={search_term_string}"},"query-input":{"@type":"PropertyValueSpecification","valueRequired":true,"valueName":"search_term_string"}}],"inLanguage":"fr-FR"},{"@type":"Person","@id":"https:\/\/www.africa-press.net\/comores\/#\/schema\/person\/2b1cf3cd81a31e3cd26889ca66d677f1","name":"cfeditorfr"}]}},"_links":{"self":[{"href":"https:\/\/www.africa-press.net\/comores\/wp-json\/wp\/v2\/posts\/13025","targetHints":{"allow":["GET"]}}],"collection":[{"href":"https:\/\/www.africa-press.net\/comores\/wp-json\/wp\/v2\/posts"}],"about":[{"href":"https:\/\/www.africa-press.net\/comores\/wp-json\/wp\/v2\/types\/post"}],"author":[{"embeddable":true,"href":"https:\/\/www.africa-press.net\/comores\/wp-json\/wp\/v2\/users\/82"}],"replies":[{"embeddable":true,"href":"https:\/\/www.africa-press.net\/comores\/wp-json\/wp\/v2\/comments?post=13025"}],"version-history":[{"count":0,"href":"https:\/\/www.africa-press.net\/comores\/wp-json\/wp\/v2\/posts\/13025\/revisions"}],"wp:featuredmedia":[{"embeddable":true,"href":"https:\/\/www.africa-press.net\/comores\/wp-json\/wp\/v2\/media\/13024"}],"wp:attachment":[{"href":"https:\/\/www.africa-press.net\/comores\/wp-json\/wp\/v2\/media?parent=13025"}],"wp:term":[{"taxonomy":"category","embeddable":true,"href":"https:\/\/www.africa-press.net\/comores\/wp-json\/wp\/v2\/categories?post=13025"},{"taxonomy":"post_tag","embeddable":true,"href":"https:\/\/www.africa-press.net\/comores\/wp-json\/wp\/v2\/tags?post=13025"}],"curies":[{"name":"wp","href":"https:\/\/api.w.org\/{rel}","templated":true}]}}