{"id":13109,"date":"2023-10-23T18:24:20","date_gmt":"2023-10-23T18:24:20","guid":{"rendered":"https:\/\/www.africa-press.net\/comores\/politique\/deces-de-nassur-ben-ali-dg-de-lanacm-le-secteur-aerien-a-perdu-un-de-ses-meilleurs-piliers"},"modified":"2023-10-23T19:57:48","modified_gmt":"2023-10-23T19:57:48","slug":"deces-de-nassur-ben-ali-dg-de-lanacm-le-secteur-aerien-a-perdu-un-de-ses-meilleurs-piliers","status":"publish","type":"post","link":"https:\/\/www.africa-press.net\/comores\/toutes-les-actualites\/deces-de-nassur-ben-ali-dg-de-lanacm-le-secteur-aerien-a-perdu-un-de-ses-meilleurs-piliers","title":{"rendered":"D\u00e9c\u00e8s de Nassur Ben Ali, DG de l\u2019Anacm : Le secteur a\u00e9rien a perdu un de ses meilleurs piliers"},"content":{"rendered":"<p><span style=\"color: #ff6600\"><strong>Africa-Press &#8211; Comores. <\/strong><\/span><b>Il aura e\u0301te\u0301 le premier directeur de l\u2019aviation civile (Anacm) a\u0300 avoir fait certifier une compagnie ae\u0301rienne de droit comorien. En 2020, soit deux ans apre\u0300s sa nomination a\u0300 la te\u0302te de l\u2019Anacm, il a en effet obtenu de l\u2019OACI, l\u2019aviation civile internationale, la certification d\u2019AB Aviation.<\/b><\/p>\n<p>Le directeur ge\u0301ne\u0301ral de l\u2019agence nationale de l\u2019aviation civile et de la me\u0301te\u0301orologie, Anacm, est mort, a\u0300 l\u2019a\u0302ge de 61 ans, au soir du 17 octobre sur son lit d\u2019ho\u0302pital a\u0300 El-maarouf, de suite d\u2019un accident vasculaire ce\u0301re\u0301bral selon une source familiale. Il a laisse\u0301 derrie\u0300re lui une femme et trois enfants. Le de\u0301ce\u0300s de ce technicien de l\u2019aviation civile reconnu par ses pairs, secoue le secteur de transport ae\u0301rien. \u00ab On vient de perdre un vrai serviteur de l\u2019E\u0301tat \u00bb, s\u2019e\u0301meut le patron d\u2019une compagnie ae\u0301rienne de la place, sous le sceau de l\u2019anonymat.<\/p>\n<p>Nassur, pour les intimes, e\u0301tait de\u0301tenteur d\u2019un Master 2 en ae\u0301ronautique spe\u0301cialite\u0301 maintenance. Il a rejoint la Dgacm, l\u2019ance\u0302tre de l\u2019Anacm en 1996 en tant qu\u2019inspecteur apre\u0300s quatre anne\u0301es aux cote\u0301s de la compagnie nationale Air Comores, qui a malheureusement cesse\u0301 d\u2019exister, puis d\u2019Air Austral en tant que me\u0301canicien en ae\u0301ronautique. A l\u2019Anacm, il a gravi les e\u0301chelons jusqu\u2019 devenir directeur de la se\u0301curite\u0301 des vols, le poste qu\u2019il occupait avant d\u2019e\u0302tre de\u0301signe\u0301 directeur ge\u0301ne\u0301ral en novembre 2018. Deux anne\u0301es plus tard, il a arrache\u0301 des mains de l\u2019organisation de l\u2019aviation civile internationale la certification d\u2019AB Aviation, une compagnie de droit comorien qui bat de l\u2019aile depuis le crash mortel d\u2019un de ses avions le 26 fe\u0301vrier 2022 a\u0300 Mohe\u0301li, avec 12 passagers et 2 membres d\u2019e\u0301quipage a\u0300 bord. Cette certification est une premie\u0300re dans l\u2019histoire du pays.<\/p>\n<p>Nassur Ben Ali est de\u0301crit par ceux qui l\u2019ont co\u0302toye\u0301 comme un homme \u00ab discret \u00bb et \u00ab attache\u0301 \u00bb a\u0300 son travail. Ce sont surtout ses qualite\u0301s professionnelles qui brillent dore\u0301navant par leur absence vu la rarete\u0301 de techniciens de son rang dans le pays. \u00ab Le de\u0301part de Nassur doit interpeller les autorite\u0301s sur la ne\u0301cessite\u0301 de former des jeunes dans le secteur de l\u2019ae\u0301ronautique \u00bb, avance de son co\u0302te\u0301 un autre patron d\u2019une compagnie ae\u0301rienne, interroge\u0301 par nos soins. \u00ab Je pense qu\u2019il e\u0301tait le seul a\u0300 avoir re\u0301ellement la formation d\u2019inspecteur en navigabilite\u0301. Il e\u0301tait le seul a\u0300 remplir les conditions parmi ceux qui sont encore en activite\u0301 \u00bb, abonde notre interlocuteur, un brin subjectif.<\/p>\n<p>Nassur avait tendance a\u0300 dire qu\u2019il \u00ab se fichait comple\u0300tement \u00bb des pressions des autorite\u0301s pour accorder des passe-droits a\u0300 ceux qui ne veulent pas se conformer aux re\u0300gles. \u00ab Je fais mon travail conforme\u0301ment aux textes qui re\u0301gissent le secteur \u00bb, re\u0301pe\u0301tait-il a\u0300 ses intimes. N\u2019empe\u0302che. Les pressions, il en subissait tous azimuts. Tout comme son pre\u0301de\u0301cesseur, Gauss, emporte\u0301 lui aussi par un AVC en aout 2018.<\/p>\n<p><strong>Pour plus d&rsquo;informations et d&rsquo;analyses sur la <a href=\"https:\/\/www.africa-press.net\/comores\">Comores<\/a>, suivez <a href=\"https:\/\/www.africa-press.net\/\">Africa-Press<\/a><\/strong><\/p>\n","protected":false},"excerpt":{"rendered":"<p>Africa-Press &#8211; Comores. Il aura e\u0301te\u0301 le premier directeur de l\u2019aviation civile (Anacm) a\u0300 avoir fait certifier une compagnie ae\u0301rienne de droit comorien. En 2020, soit deux ans apre\u0300s sa nomination a\u0300 la te\u0302te de l\u2019Anacm, il a en effet obtenu de l\u2019OACI, l\u2019aviation civile internationale, la certification d\u2019AB Aviation. Le directeur ge\u0301ne\u0301ral de l\u2019agence [&hellip;]<\/p>\n","protected":false},"author":82,"featured_media":13108,"comment_status":"open","ping_status":"closed","sticky":false,"template":"","format":"standard","meta":{"footnotes":""},"categories":[21,10],"tags":[36,53,45],"class_list":["post-13109","post","type-post","status-publish","format-standard","has-post-thumbnail","hentry","category-communaute","category-toutes-les-actualites","tag-africa-press","tag-africa-press-comores","tag-comores"],"yoast_head":"<!-- This site is optimized with the Yoast SEO Premium plugin v26.1 (Yoast SEO v27.0) - https:\/\/yoast.com\/product\/yoast-seo-premium-wordpress\/ -->\n<title>D\u00e9c\u00e8s de Nassur Ben Ali, DG de l\u2019Anacm : Le secteur a\u00e9rien a perdu un de ses meilleurs piliers - Comores<\/title>\n<meta name=\"description\" content=\"Il aura e\u0301te\u0301 le premier directeur de l\u2019aviation civile (Anacm) a\u0300 avoir fait certifier une compagnie ae\u0301rienne de dr ...\" \/>\n<meta name=\"robots\" content=\"index, follow, max-snippet:-1, max-image-preview:large, max-video-preview:-1\" \/>\n<link rel=\"canonical\" href=\"https:\/\/www.africa-press.net\/comores\/toutes-les-actualites\/deces-de-nassur-ben-ali-dg-de-lanacm-le-secteur-aerien-a-perdu-un-de-ses-meilleurs-piliers\" \/>\n<meta property=\"og:locale\" content=\"fr_FR\" \/>\n<meta property=\"og:type\" content=\"article\" \/>\n<meta property=\"og:title\" content=\"D\u00e9c\u00e8s de Nassur Ben Ali, DG de l\u2019Anacm : Le secteur a\u00e9rien a perdu un de ses meilleurs piliers\" \/>\n<meta property=\"og:description\" content=\"Il aura e\u0301te\u0301 le premier directeur de l\u2019aviation civile (Anacm) a\u0300 avoir fait certifier une compagnie ae\u0301rienne de dr ...\" \/>\n<meta property=\"og:url\" content=\"https:\/\/www.africa-press.net\/comores\/toutes-les-actualites\/deces-de-nassur-ben-ali-dg-de-lanacm-le-secteur-aerien-a-perdu-un-de-ses-meilleurs-piliers\" \/>\n<meta property=\"og:site_name\" content=\"Comores\" \/>\n<meta property=\"article:published_time\" content=\"2023-10-23T18:24:20+00:00\" \/>\n<meta property=\"article:modified_time\" content=\"2023-10-23T19:57:48+00:00\" \/>\n<meta property=\"og:image\" content=\"https:\/\/static.africa-press.net\/centrafricaine\/sites\/48\/2023\/10\/sm_1698074795.30543.jpg\" \/>\n\t<meta property=\"og:image:width\" content=\"1170\" \/>\n\t<meta property=\"og:image:height\" content=\"775\" \/>\n\t<meta property=\"og:image:type\" content=\"image\/jpeg\" \/>\n<meta name=\"author\" content=\"cfeditorfr\" \/>\n<meta name=\"twitter:card\" content=\"summary_large_image\" \/>\n<meta name=\"twitter:label1\" content=\"\u00c9crit par\" \/>\n\t<meta name=\"twitter:data1\" content=\"cfeditorfr\" \/>\n\t<meta name=\"twitter:label2\" content=\"Dur\u00e9e de lecture estim\u00e9e\" \/>\n\t<meta name=\"twitter:data2\" content=\"3 minutes\" \/>\n<script type=\"application\/ld+json\" class=\"yoast-schema-graph\">{\"@context\":\"https:\/\/schema.org\",\"@graph\":[{\"@type\":\"Article\",\"@id\":\"https:\/\/www.africa-press.net\/comores\/toutes-les-actualites\/deces-de-nassur-ben-ali-dg-de-lanacm-le-secteur-aerien-a-perdu-un-de-ses-meilleurs-piliers#article\",\"isPartOf\":{\"@id\":\"https:\/\/www.africa-press.net\/comores\/toutes-les-actualites\/deces-de-nassur-ben-ali-dg-de-lanacm-le-secteur-aerien-a-perdu-un-de-ses-meilleurs-piliers\"},\"author\":{\"name\":\"cfeditorfr\",\"@id\":\"https:\/\/www.africa-press.net\/comores\/#\/schema\/person\/2b1cf3cd81a31e3cd26889ca66d677f1\"},\"headline\":\"D\u00e9c\u00e8s de Nassur Ben Ali, DG de l\u2019Anacm : Le secteur a\u00e9rien a perdu un de ses meilleurs piliers\",\"datePublished\":\"2023-10-23T18:24:20+00:00\",\"dateModified\":\"2023-10-23T19:57:48+00:00\",\"mainEntityOfPage\":{\"@id\":\"https:\/\/www.africa-press.net\/comores\/toutes-les-actualites\/deces-de-nassur-ben-ali-dg-de-lanacm-le-secteur-aerien-a-perdu-un-de-ses-meilleurs-piliers\"},\"wordCount\":580,\"commentCount\":0,\"image\":{\"@id\":\"https:\/\/www.africa-press.net\/comores\/toutes-les-actualites\/deces-de-nassur-ben-ali-dg-de-lanacm-le-secteur-aerien-a-perdu-un-de-ses-meilleurs-piliers#primaryimage\"},\"thumbnailUrl\":\"https:\/\/static.africa-press.net\/centrafricaine\/sites\/48\/2023\/10\/sm_1698074795.30543.jpg\",\"keywords\":[\"Africa Press\",\"Africa Press-Comores\",\"Comores\"],\"articleSection\":[\"Communaut\u00e9\",\"Toutes les actualit\u00e9s\"],\"inLanguage\":\"fr-FR\",\"potentialAction\":[{\"@type\":\"CommentAction\",\"name\":\"Comment\",\"target\":[\"https:\/\/www.africa-press.net\/comores\/toutes-les-actualites\/deces-de-nassur-ben-ali-dg-de-lanacm-le-secteur-aerien-a-perdu-un-de-ses-meilleurs-piliers#respond\"]}]},{\"@type\":\"WebPage\",\"@id\":\"https:\/\/www.africa-press.net\/comores\/toutes-les-actualites\/deces-de-nassur-ben-ali-dg-de-lanacm-le-secteur-aerien-a-perdu-un-de-ses-meilleurs-piliers\",\"url\":\"https:\/\/www.africa-press.net\/comores\/toutes-les-actualites\/deces-de-nassur-ben-ali-dg-de-lanacm-le-secteur-aerien-a-perdu-un-de-ses-meilleurs-piliers\",\"name\":\"D\u00e9c\u00e8s de Nassur Ben Ali, DG de l\u2019Anacm : Le secteur a\u00e9rien a perdu un de ses meilleurs piliers - Comores\",\"isPartOf\":{\"@id\":\"https:\/\/www.africa-press.net\/comores\/#website\"},\"primaryImageOfPage\":{\"@id\":\"https:\/\/www.africa-press.net\/comores\/toutes-les-actualites\/deces-de-nassur-ben-ali-dg-de-lanacm-le-secteur-aerien-a-perdu-un-de-ses-meilleurs-piliers#primaryimage\"},\"image\":{\"@id\":\"https:\/\/www.africa-press.net\/comores\/toutes-les-actualites\/deces-de-nassur-ben-ali-dg-de-lanacm-le-secteur-aerien-a-perdu-un-de-ses-meilleurs-piliers#primaryimage\"},\"thumbnailUrl\":\"https:\/\/static.africa-press.net\/centrafricaine\/sites\/48\/2023\/10\/sm_1698074795.30543.jpg\",\"datePublished\":\"2023-10-23T18:24:20+00:00\",\"dateModified\":\"2023-10-23T19:57:48+00:00\",\"author\":{\"@id\":\"https:\/\/www.africa-press.net\/comores\/#\/schema\/person\/2b1cf3cd81a31e3cd26889ca66d677f1\"},\"description\":\"Il aura e\u0301te\u0301 le premier directeur de l\u2019aviation civile (Anacm) a\u0300 avoir fait certifier une compagnie ae\u0301rienne de dr ...\",\"breadcrumb\":{\"@id\":\"https:\/\/www.africa-press.net\/comores\/toutes-les-actualites\/deces-de-nassur-ben-ali-dg-de-lanacm-le-secteur-aerien-a-perdu-un-de-ses-meilleurs-piliers#breadcrumb\"},\"inLanguage\":\"fr-FR\",\"potentialAction\":[{\"@type\":\"ReadAction\",\"target\":[\"https:\/\/www.africa-press.net\/comores\/toutes-les-actualites\/deces-de-nassur-ben-ali-dg-de-lanacm-le-secteur-aerien-a-perdu-un-de-ses-meilleurs-piliers\"]}]},{\"@type\":\"ImageObject\",\"inLanguage\":\"fr-FR\",\"@id\":\"https:\/\/www.africa-press.net\/comores\/toutes-les-actualites\/deces-de-nassur-ben-ali-dg-de-lanacm-le-secteur-aerien-a-perdu-un-de-ses-meilleurs-piliers#primaryimage\",\"url\":\"https:\/\/static.africa-press.net\/centrafricaine\/sites\/48\/2023\/10\/sm_1698074795.30543.jpg\",\"contentUrl\":\"https:\/\/static.africa-press.net\/centrafricaine\/sites\/48\/2023\/10\/sm_1698074795.30543.jpg\",\"width\":1170,\"height\":775,\"caption\":\"D\u00e9c\u00e8s de Nassur Ben Ali, DG de l\u2019Anacm : Le secteur a\u00e9rien a perdu un de ses meilleurs piliers\"},{\"@type\":\"BreadcrumbList\",\"@id\":\"https:\/\/www.africa-press.net\/comores\/toutes-les-actualites\/deces-de-nassur-ben-ali-dg-de-lanacm-le-secteur-aerien-a-perdu-un-de-ses-meilleurs-piliers#breadcrumb\",\"itemListElement\":[{\"@type\":\"ListItem\",\"position\":1,\"name\":\"Accueil\",\"item\":\"https:\/\/www.africa-press.net\/comores\/\"},{\"@type\":\"ListItem\",\"position\":2,\"name\":\"D\u00e9c\u00e8s de Nassur Ben Ali, DG de l\u2019Anacm : Le secteur a\u00e9rien a perdu un de ses meilleurs piliers\"}]},{\"@type\":\"WebSite\",\"@id\":\"https:\/\/www.africa-press.net\/comores\/#website\",\"url\":\"https:\/\/www.africa-press.net\/comores\/\",\"name\":\"Comores\",\"description\":\"Just another Africa News Agency Sites site\",\"potentialAction\":[{\"@type\":\"SearchAction\",\"target\":{\"@type\":\"EntryPoint\",\"urlTemplate\":\"https:\/\/www.africa-press.net\/comores\/?s={search_term_string}\"},\"query-input\":{\"@type\":\"PropertyValueSpecification\",\"valueRequired\":true,\"valueName\":\"search_term_string\"}}],\"inLanguage\":\"fr-FR\"},{\"@type\":\"Person\",\"@id\":\"https:\/\/www.africa-press.net\/comores\/#\/schema\/person\/2b1cf3cd81a31e3cd26889ca66d677f1\",\"name\":\"cfeditorfr\"}]}<\/script>\n<!-- \/ Yoast SEO Premium plugin. -->","yoast_head_json":{"title":"D\u00e9c\u00e8s de Nassur Ben Ali, DG de l\u2019Anacm : Le secteur a\u00e9rien a perdu un de ses meilleurs piliers - Comores","description":"Il aura e\u0301te\u0301 le premier directeur de l\u2019aviation civile (Anacm) a\u0300 avoir fait certifier une compagnie ae\u0301rienne de dr ...","robots":{"index":"index","follow":"follow","max-snippet":"max-snippet:-1","max-image-preview":"max-image-preview:large","max-video-preview":"max-video-preview:-1"},"canonical":"https:\/\/www.africa-press.net\/comores\/toutes-les-actualites\/deces-de-nassur-ben-ali-dg-de-lanacm-le-secteur-aerien-a-perdu-un-de-ses-meilleurs-piliers","og_locale":"fr_FR","og_type":"article","og_title":"D\u00e9c\u00e8s de Nassur Ben Ali, DG de l\u2019Anacm : Le secteur a\u00e9rien a perdu un de ses meilleurs piliers","og_description":"Il aura e\u0301te\u0301 le premier directeur de l\u2019aviation civile (Anacm) a\u0300 avoir fait certifier une compagnie ae\u0301rienne de dr ...","og_url":"https:\/\/www.africa-press.net\/comores\/toutes-les-actualites\/deces-de-nassur-ben-ali-dg-de-lanacm-le-secteur-aerien-a-perdu-un-de-ses-meilleurs-piliers","og_site_name":"Comores","article_published_time":"2023-10-23T18:24:20+00:00","article_modified_time":"2023-10-23T19:57:48+00:00","og_image":[{"width":1170,"height":775,"url":"https:\/\/static.africa-press.net\/centrafricaine\/sites\/48\/2023\/10\/sm_1698074795.30543.jpg","type":"image\/jpeg"}],"author":"cfeditorfr","twitter_card":"summary_large_image","twitter_misc":{"\u00c9crit par":"cfeditorfr","Dur\u00e9e de lecture estim\u00e9e":"3 minutes"},"schema":{"@context":"https:\/\/schema.org","@graph":[{"@type":"Article","@id":"https:\/\/www.africa-press.net\/comores\/toutes-les-actualites\/deces-de-nassur-ben-ali-dg-de-lanacm-le-secteur-aerien-a-perdu-un-de-ses-meilleurs-piliers#article","isPartOf":{"@id":"https:\/\/www.africa-press.net\/comores\/toutes-les-actualites\/deces-de-nassur-ben-ali-dg-de-lanacm-le-secteur-aerien-a-perdu-un-de-ses-meilleurs-piliers"},"author":{"name":"cfeditorfr","@id":"https:\/\/www.africa-press.net\/comores\/#\/schema\/person\/2b1cf3cd81a31e3cd26889ca66d677f1"},"headline":"D\u00e9c\u00e8s de Nassur Ben Ali, DG de l\u2019Anacm : Le secteur a\u00e9rien a perdu un de ses meilleurs piliers","datePublished":"2023-10-23T18:24:20+00:00","dateModified":"2023-10-23T19:57:48+00:00","mainEntityOfPage":{"@id":"https:\/\/www.africa-press.net\/comores\/toutes-les-actualites\/deces-de-nassur-ben-ali-dg-de-lanacm-le-secteur-aerien-a-perdu-un-de-ses-meilleurs-piliers"},"wordCount":580,"commentCount":0,"image":{"@id":"https:\/\/www.africa-press.net\/comores\/toutes-les-actualites\/deces-de-nassur-ben-ali-dg-de-lanacm-le-secteur-aerien-a-perdu-un-de-ses-meilleurs-piliers#primaryimage"},"thumbnailUrl":"https:\/\/static.africa-press.net\/centrafricaine\/sites\/48\/2023\/10\/sm_1698074795.30543.jpg","keywords":["Africa Press","Africa Press-Comores","Comores"],"articleSection":["Communaut\u00e9","Toutes les actualit\u00e9s"],"inLanguage":"fr-FR","potentialAction":[{"@type":"CommentAction","name":"Comment","target":["https:\/\/www.africa-press.net\/comores\/toutes-les-actualites\/deces-de-nassur-ben-ali-dg-de-lanacm-le-secteur-aerien-a-perdu-un-de-ses-meilleurs-piliers#respond"]}]},{"@type":"WebPage","@id":"https:\/\/www.africa-press.net\/comores\/toutes-les-actualites\/deces-de-nassur-ben-ali-dg-de-lanacm-le-secteur-aerien-a-perdu-un-de-ses-meilleurs-piliers","url":"https:\/\/www.africa-press.net\/comores\/toutes-les-actualites\/deces-de-nassur-ben-ali-dg-de-lanacm-le-secteur-aerien-a-perdu-un-de-ses-meilleurs-piliers","name":"D\u00e9c\u00e8s de Nassur Ben Ali, DG de l\u2019Anacm : Le secteur a\u00e9rien a perdu un de ses meilleurs piliers - Comores","isPartOf":{"@id":"https:\/\/www.africa-press.net\/comores\/#website"},"primaryImageOfPage":{"@id":"https:\/\/www.africa-press.net\/comores\/toutes-les-actualites\/deces-de-nassur-ben-ali-dg-de-lanacm-le-secteur-aerien-a-perdu-un-de-ses-meilleurs-piliers#primaryimage"},"image":{"@id":"https:\/\/www.africa-press.net\/comores\/toutes-les-actualites\/deces-de-nassur-ben-ali-dg-de-lanacm-le-secteur-aerien-a-perdu-un-de-ses-meilleurs-piliers#primaryimage"},"thumbnailUrl":"https:\/\/static.africa-press.net\/centrafricaine\/sites\/48\/2023\/10\/sm_1698074795.30543.jpg","datePublished":"2023-10-23T18:24:20+00:00","dateModified":"2023-10-23T19:57:48+00:00","author":{"@id":"https:\/\/www.africa-press.net\/comores\/#\/schema\/person\/2b1cf3cd81a31e3cd26889ca66d677f1"},"description":"Il aura e\u0301te\u0301 le premier directeur de l\u2019aviation civile (Anacm) a\u0300 avoir fait certifier une compagnie ae\u0301rienne de dr ...","breadcrumb":{"@id":"https:\/\/www.africa-press.net\/comores\/toutes-les-actualites\/deces-de-nassur-ben-ali-dg-de-lanacm-le-secteur-aerien-a-perdu-un-de-ses-meilleurs-piliers#breadcrumb"},"inLanguage":"fr-FR","potentialAction":[{"@type":"ReadAction","target":["https:\/\/www.africa-press.net\/comores\/toutes-les-actualites\/deces-de-nassur-ben-ali-dg-de-lanacm-le-secteur-aerien-a-perdu-un-de-ses-meilleurs-piliers"]}]},{"@type":"ImageObject","inLanguage":"fr-FR","@id":"https:\/\/www.africa-press.net\/comores\/toutes-les-actualites\/deces-de-nassur-ben-ali-dg-de-lanacm-le-secteur-aerien-a-perdu-un-de-ses-meilleurs-piliers#primaryimage","url":"https:\/\/static.africa-press.net\/centrafricaine\/sites\/48\/2023\/10\/sm_1698074795.30543.jpg","contentUrl":"https:\/\/static.africa-press.net\/centrafricaine\/sites\/48\/2023\/10\/sm_1698074795.30543.jpg","width":1170,"height":775,"caption":"D\u00e9c\u00e8s de Nassur Ben Ali, DG de l\u2019Anacm : Le secteur a\u00e9rien a perdu un de ses meilleurs piliers"},{"@type":"BreadcrumbList","@id":"https:\/\/www.africa-press.net\/comores\/toutes-les-actualites\/deces-de-nassur-ben-ali-dg-de-lanacm-le-secteur-aerien-a-perdu-un-de-ses-meilleurs-piliers#breadcrumb","itemListElement":[{"@type":"ListItem","position":1,"name":"Accueil","item":"https:\/\/www.africa-press.net\/comores\/"},{"@type":"ListItem","position":2,"name":"D\u00e9c\u00e8s de Nassur Ben Ali, DG de l\u2019Anacm : Le secteur a\u00e9rien a perdu un de ses meilleurs piliers"}]},{"@type":"WebSite","@id":"https:\/\/www.africa-press.net\/comores\/#website","url":"https:\/\/www.africa-press.net\/comores\/","name":"Comores","description":"Just another Africa News Agency Sites site","potentialAction":[{"@type":"SearchAction","target":{"@type":"EntryPoint","urlTemplate":"https:\/\/www.africa-press.net\/comores\/?s={search_term_string}"},"query-input":{"@type":"PropertyValueSpecification","valueRequired":true,"valueName":"search_term_string"}}],"inLanguage":"fr-FR"},{"@type":"Person","@id":"https:\/\/www.africa-press.net\/comores\/#\/schema\/person\/2b1cf3cd81a31e3cd26889ca66d677f1","name":"cfeditorfr"}]}},"_links":{"self":[{"href":"https:\/\/www.africa-press.net\/comores\/wp-json\/wp\/v2\/posts\/13109","targetHints":{"allow":["GET"]}}],"collection":[{"href":"https:\/\/www.africa-press.net\/comores\/wp-json\/wp\/v2\/posts"}],"about":[{"href":"https:\/\/www.africa-press.net\/comores\/wp-json\/wp\/v2\/types\/post"}],"author":[{"embeddable":true,"href":"https:\/\/www.africa-press.net\/comores\/wp-json\/wp\/v2\/users\/82"}],"replies":[{"embeddable":true,"href":"https:\/\/www.africa-press.net\/comores\/wp-json\/wp\/v2\/comments?post=13109"}],"version-history":[{"count":0,"href":"https:\/\/www.africa-press.net\/comores\/wp-json\/wp\/v2\/posts\/13109\/revisions"}],"wp:featuredmedia":[{"embeddable":true,"href":"https:\/\/www.africa-press.net\/comores\/wp-json\/wp\/v2\/media\/13108"}],"wp:attachment":[{"href":"https:\/\/www.africa-press.net\/comores\/wp-json\/wp\/v2\/media?parent=13109"}],"wp:term":[{"taxonomy":"category","embeddable":true,"href":"https:\/\/www.africa-press.net\/comores\/wp-json\/wp\/v2\/categories?post=13109"},{"taxonomy":"post_tag","embeddable":true,"href":"https:\/\/www.africa-press.net\/comores\/wp-json\/wp\/v2\/tags?post=13109"}],"curies":[{"name":"wp","href":"https:\/\/api.w.org\/{rel}","templated":true}]}}