{"id":13132,"date":"2023-10-24T15:07:36","date_gmt":"2023-10-24T15:07:36","guid":{"rendered":"https:\/\/www.africa-press.net\/comores\/politique\/un-week-end-mouvemente-a-moheli"},"modified":"2023-10-24T16:57:16","modified_gmt":"2023-10-24T16:57:16","slug":"un-week-end-mouvemente-a-moheli","status":"publish","type":"post","link":"https:\/\/www.africa-press.net\/comores\/politique\/un-week-end-mouvemente-a-moheli","title":{"rendered":"Un week-end mouvement\u00e9 \u00e0 Moh\u00e9li"},"content":{"rendered":"<p><span style=\"color: #ff6600\"><strong>Africa-Press &#8211; Comores. <\/strong><\/span><b>Une forte de\u0301le\u0301gation du parti CRC avec a\u0300 sa te\u0302te le pre\u0301sident Azali, a se\u0301journe\u0301 a\u0300 Mohe\u0301li ce week-end pour installer officiellement le bureau fe\u0301de\u0301ral du parti. Au me\u0302me moment, une frange de militants CRC qui n\u2019approuve pas la gestion du parti et du pouvoir se sont re\u0301unis. Pendant que le mouvement 3e\u0300me force de la mouvance pre\u0301sidentielle a tenu son congre\u0300s, l\u2019opposition quant a\u0300 elle s\u2019est rassemble\u0301e pour rede\u0301finir la conduite a\u0300 tenir aux prochaines e\u0301lections, tout en re\u0301clamant le retour a\u0300 l\u2019ordre constitutionnel issu des accords de Fomboni. <\/b><\/p>\n<p>Ce dimanche 22 octobre a\u0300 la salle multifonctionnelle de Fomboni, la Convention pour le renouveau des Comores (CRC) parti au pouvoir, vient d\u2019installer officiellement son bureau fe\u0301de\u0301ral. Et ce, devant le chef de l\u2019E\u0301tat a\u0300 la te\u0302te d\u2019une forte de\u0301le\u0301gation venue des autres i\u0302les. Ainsi Milissane Hamdia a e\u0301te\u0301 confirme\u0301 a\u0300 son poste de secre\u0301taire fe\u0301de\u0301ral qu\u2019il occupait provisoirement apre\u0300s le congre\u0300s national. Il est suivi d\u2019Abdouroimane Abdallah, Yssouf Sai\u0308d Moissi, Mme Djafouanti Mohamed Said, Mouhdine Boura et Abdallah Saindou pour diriger le parti au pouvoir au niveau insulaire.<\/p>\n<p>Des discours ont e\u0301te\u0301 prononce\u0301s pour faire les e\u0301loges des re\u0301alisations du re\u0301gime surtout dans l\u2019i\u0302le, et Nour El Fath Azali d&rsquo;appeler les jeunes, lors de son discours a\u0300 accompagner le processus de de\u0301veloppement que le pays a entrepris. C\u2019e\u0301tait aussi l\u2019occasion de pre\u0301senter le bureau national aux militants du parti a\u0300 Mohe\u0301li. Mais entre temps, une frange de militants qui n\u2019approuvent pas la gestion du parti et du pouvoir dans l\u2019i\u0302le, parmi eux des anciens Ministres, des autorite\u0301s actuelles et e\u0301lus se sont rencontre\u0301s le samedi matin au restaurant Maecha Bora a\u0300 Bangoma pour tirer les lec\u0327ons et de\u0301finir une conduite a\u0300 tenir.<\/p>\n<p>Dans l\u2019apre\u0300s midi du dimanche, le mouvement 3e\u0300me force, une formation politique de la mouvance pre\u0301sidentielle, a organise\u0301 un grand rassemblement a\u0300 Moimbassa. Des de\u0301le\u0301gations venues des trois i\u0302les y e\u0301taient pre\u0301sentes. L\u2019objectif est de retrousser les manches pour accompagner le pouvoir dans le processus e\u0301lectoral afin de contribuer, selon Rachad Bacar Mohamed, le charge\u0301 de communication, a\u0300 la construction du pays. Rachid Ali, le pre\u0301sident national de ce mouvement viendra expliquer en long et en large l\u2019origine du mouvement et ses objectifs avant d&rsquo;appeler la jeunesse a\u0300 participer massivement aux prochaines e\u0301lections de 2024.<\/p>\n<p>L&rsquo;opposition de Mohe\u0301li quant a\u0300 elle, s&rsquo;est rassemble\u0301e ce samedi 21 octobre a\u0300 Midzoueni, un quartier de Fomboni pour adopter une strate\u0301gie face a\u0300 ces e\u0301lections qu&rsquo;elle rejette d\u2019un revers de la main. Ces fervents opposants au re\u0301gime re\u0301clament le retour des institutions issues des accords de Fomboni, notamment la pre\u0301sidence tournante telle qu&rsquo;elle a e\u0301te\u0301 de\u0301finie par l\u2019accord cadre de re\u0301conciliation nationale du 17 fe\u0301vrier 2001.<\/p>\n<p><strong>Pour plus d&rsquo;informations et d&rsquo;analyses sur la <a href=\"https:\/\/www.africa-press.net\/comores\">Comores<\/a>, suivez <a href=\"https:\/\/www.africa-press.net\/\">Africa-Press<\/a><\/strong><\/p>\n","protected":false},"excerpt":{"rendered":"<p>Africa-Press &#8211; Comores. Une forte de\u0301le\u0301gation du parti CRC avec a\u0300 sa te\u0302te le pre\u0301sident Azali, a se\u0301journe\u0301 a\u0300 Mohe\u0301li ce week-end pour installer officiellement le bureau fe\u0301de\u0301ral du parti. Au me\u0302me moment, une frange de militants CRC qui n\u2019approuve pas la gestion du parti et du pouvoir se sont re\u0301unis. Pendant que le mouvement [&hellip;]<\/p>\n","protected":false},"author":82,"featured_media":13131,"comment_status":"open","ping_status":"closed","sticky":false,"template":"","format":"standard","meta":{"footnotes":""},"categories":[4,2,20,10],"tags":[36,53,45],"class_list":["post-13132","post","type-post","status-publish","format-standard","has-post-thumbnail","hentry","category-parties","category-politique","category-top-nouvelles","category-toutes-les-actualites","tag-africa-press","tag-africa-press-comores","tag-comores"],"yoast_head":"<!-- This site is optimized with the Yoast SEO Premium plugin v26.1 (Yoast SEO v27.0) - https:\/\/yoast.com\/product\/yoast-seo-premium-wordpress\/ -->\n<title>Un week-end mouvement\u00e9 \u00e0 Moh\u00e9li - Comores<\/title>\n<meta name=\"description\" content=\"Une forte de\u0301le\u0301gation du parti CRC avec a\u0300 sa te\u0302te le pre\u0301sident Azali, a se\u0301journe\u0301 a\u0300 Mohe\u0301li ce week-end pour in ...\" \/>\n<meta name=\"robots\" content=\"index, follow, max-snippet:-1, max-image-preview:large, max-video-preview:-1\" \/>\n<link rel=\"canonical\" href=\"https:\/\/www.africa-press.net\/comores\/politique\/un-week-end-mouvemente-a-moheli\" \/>\n<meta property=\"og:locale\" content=\"fr_FR\" \/>\n<meta property=\"og:type\" content=\"article\" \/>\n<meta property=\"og:title\" content=\"Un week-end mouvement\u00e9 \u00e0 Moh\u00e9li\" \/>\n<meta property=\"og:description\" content=\"Une forte de\u0301le\u0301gation du parti CRC avec a\u0300 sa te\u0302te le pre\u0301sident Azali, a se\u0301journe\u0301 a\u0300 Mohe\u0301li ce week-end pour in ...\" \/>\n<meta property=\"og:url\" content=\"https:\/\/www.africa-press.net\/comores\/politique\/un-week-end-mouvemente-a-moheli\" \/>\n<meta property=\"og:site_name\" content=\"Comores\" \/>\n<meta property=\"article:published_time\" content=\"2023-10-24T15:07:36+00:00\" \/>\n<meta property=\"article:modified_time\" content=\"2023-10-24T16:57:16+00:00\" \/>\n<meta property=\"og:image\" content=\"https:\/\/static.africa-press.net\/centrafricaine\/sites\/48\/2023\/10\/sm_1698150265.671761.jpg\" \/>\n\t<meta property=\"og:image:width\" content=\"1000\" \/>\n\t<meta property=\"og:image:height\" content=\"563\" \/>\n\t<meta property=\"og:image:type\" content=\"image\/jpeg\" \/>\n<meta name=\"author\" content=\"cfeditorfr\" \/>\n<meta name=\"twitter:card\" content=\"summary_large_image\" \/>\n<meta name=\"twitter:label1\" content=\"\u00c9crit par\" \/>\n\t<meta name=\"twitter:data1\" content=\"cfeditorfr\" \/>\n\t<meta name=\"twitter:label2\" content=\"Dur\u00e9e de lecture estim\u00e9e\" \/>\n\t<meta name=\"twitter:data2\" content=\"3 minutes\" \/>\n<script type=\"application\/ld+json\" class=\"yoast-schema-graph\">{\"@context\":\"https:\/\/schema.org\",\"@graph\":[{\"@type\":\"Article\",\"@id\":\"https:\/\/www.africa-press.net\/comores\/politique\/un-week-end-mouvemente-a-moheli#article\",\"isPartOf\":{\"@id\":\"https:\/\/www.africa-press.net\/comores\/politique\/un-week-end-mouvemente-a-moheli\"},\"author\":{\"name\":\"cfeditorfr\",\"@id\":\"https:\/\/www.africa-press.net\/comores\/#\/schema\/person\/2b1cf3cd81a31e3cd26889ca66d677f1\"},\"headline\":\"Un week-end mouvement\u00e9 \u00e0 Moh\u00e9li\",\"datePublished\":\"2023-10-24T15:07:36+00:00\",\"dateModified\":\"2023-10-24T16:57:16+00:00\",\"mainEntityOfPage\":{\"@id\":\"https:\/\/www.africa-press.net\/comores\/politique\/un-week-end-mouvemente-a-moheli\"},\"wordCount\":554,\"commentCount\":0,\"image\":{\"@id\":\"https:\/\/www.africa-press.net\/comores\/politique\/un-week-end-mouvemente-a-moheli#primaryimage\"},\"thumbnailUrl\":\"https:\/\/static.africa-press.net\/centrafricaine\/sites\/48\/2023\/10\/sm_1698150265.671761.jpg\",\"keywords\":[\"Africa Press\",\"Africa Press-Comores\",\"Comores\"],\"articleSection\":[\"Parties\",\"Politique\",\"Top Nouvelles\",\"Toutes les actualit\u00e9s\"],\"inLanguage\":\"fr-FR\",\"potentialAction\":[{\"@type\":\"CommentAction\",\"name\":\"Comment\",\"target\":[\"https:\/\/www.africa-press.net\/comores\/politique\/un-week-end-mouvemente-a-moheli#respond\"]}]},{\"@type\":\"WebPage\",\"@id\":\"https:\/\/www.africa-press.net\/comores\/politique\/un-week-end-mouvemente-a-moheli\",\"url\":\"https:\/\/www.africa-press.net\/comores\/politique\/un-week-end-mouvemente-a-moheli\",\"name\":\"Un week-end mouvement\u00e9 \u00e0 Moh\u00e9li - Comores\",\"isPartOf\":{\"@id\":\"https:\/\/www.africa-press.net\/comores\/#website\"},\"primaryImageOfPage\":{\"@id\":\"https:\/\/www.africa-press.net\/comores\/politique\/un-week-end-mouvemente-a-moheli#primaryimage\"},\"image\":{\"@id\":\"https:\/\/www.africa-press.net\/comores\/politique\/un-week-end-mouvemente-a-moheli#primaryimage\"},\"thumbnailUrl\":\"https:\/\/static.africa-press.net\/centrafricaine\/sites\/48\/2023\/10\/sm_1698150265.671761.jpg\",\"datePublished\":\"2023-10-24T15:07:36+00:00\",\"dateModified\":\"2023-10-24T16:57:16+00:00\",\"author\":{\"@id\":\"https:\/\/www.africa-press.net\/comores\/#\/schema\/person\/2b1cf3cd81a31e3cd26889ca66d677f1\"},\"description\":\"Une forte de\u0301le\u0301gation du parti CRC avec a\u0300 sa te\u0302te le pre\u0301sident Azali, a se\u0301journe\u0301 a\u0300 Mohe\u0301li ce week-end pour in ...\",\"breadcrumb\":{\"@id\":\"https:\/\/www.africa-press.net\/comores\/politique\/un-week-end-mouvemente-a-moheli#breadcrumb\"},\"inLanguage\":\"fr-FR\",\"potentialAction\":[{\"@type\":\"ReadAction\",\"target\":[\"https:\/\/www.africa-press.net\/comores\/politique\/un-week-end-mouvemente-a-moheli\"]}]},{\"@type\":\"ImageObject\",\"inLanguage\":\"fr-FR\",\"@id\":\"https:\/\/www.africa-press.net\/comores\/politique\/un-week-end-mouvemente-a-moheli#primaryimage\",\"url\":\"https:\/\/static.africa-press.net\/centrafricaine\/sites\/48\/2023\/10\/sm_1698150265.671761.jpg\",\"contentUrl\":\"https:\/\/static.africa-press.net\/centrafricaine\/sites\/48\/2023\/10\/sm_1698150265.671761.jpg\",\"width\":1000,\"height\":563,\"caption\":\"Un week-end mouvement\u00e9 \u00e0 Moh\u00e9li\"},{\"@type\":\"BreadcrumbList\",\"@id\":\"https:\/\/www.africa-press.net\/comores\/politique\/un-week-end-mouvemente-a-moheli#breadcrumb\",\"itemListElement\":[{\"@type\":\"ListItem\",\"position\":1,\"name\":\"Accueil\",\"item\":\"https:\/\/www.africa-press.net\/comores\/\"},{\"@type\":\"ListItem\",\"position\":2,\"name\":\"Un week-end mouvement\u00e9 \u00e0 Moh\u00e9li\"}]},{\"@type\":\"WebSite\",\"@id\":\"https:\/\/www.africa-press.net\/comores\/#website\",\"url\":\"https:\/\/www.africa-press.net\/comores\/\",\"name\":\"Comores\",\"description\":\"Just another Africa News Agency Sites site\",\"potentialAction\":[{\"@type\":\"SearchAction\",\"target\":{\"@type\":\"EntryPoint\",\"urlTemplate\":\"https:\/\/www.africa-press.net\/comores\/?s={search_term_string}\"},\"query-input\":{\"@type\":\"PropertyValueSpecification\",\"valueRequired\":true,\"valueName\":\"search_term_string\"}}],\"inLanguage\":\"fr-FR\"},{\"@type\":\"Person\",\"@id\":\"https:\/\/www.africa-press.net\/comores\/#\/schema\/person\/2b1cf3cd81a31e3cd26889ca66d677f1\",\"name\":\"cfeditorfr\"}]}<\/script>\n<!-- \/ Yoast SEO Premium plugin. -->","yoast_head_json":{"title":"Un week-end mouvement\u00e9 \u00e0 Moh\u00e9li - Comores","description":"Une forte de\u0301le\u0301gation du parti CRC avec a\u0300 sa te\u0302te le pre\u0301sident Azali, a se\u0301journe\u0301 a\u0300 Mohe\u0301li ce week-end pour in ...","robots":{"index":"index","follow":"follow","max-snippet":"max-snippet:-1","max-image-preview":"max-image-preview:large","max-video-preview":"max-video-preview:-1"},"canonical":"https:\/\/www.africa-press.net\/comores\/politique\/un-week-end-mouvemente-a-moheli","og_locale":"fr_FR","og_type":"article","og_title":"Un week-end mouvement\u00e9 \u00e0 Moh\u00e9li","og_description":"Une forte de\u0301le\u0301gation du parti CRC avec a\u0300 sa te\u0302te le pre\u0301sident Azali, a se\u0301journe\u0301 a\u0300 Mohe\u0301li ce week-end pour in ...","og_url":"https:\/\/www.africa-press.net\/comores\/politique\/un-week-end-mouvemente-a-moheli","og_site_name":"Comores","article_published_time":"2023-10-24T15:07:36+00:00","article_modified_time":"2023-10-24T16:57:16+00:00","og_image":[{"width":1000,"height":563,"url":"https:\/\/static.africa-press.net\/centrafricaine\/sites\/48\/2023\/10\/sm_1698150265.671761.jpg","type":"image\/jpeg"}],"author":"cfeditorfr","twitter_card":"summary_large_image","twitter_misc":{"\u00c9crit par":"cfeditorfr","Dur\u00e9e de lecture estim\u00e9e":"3 minutes"},"schema":{"@context":"https:\/\/schema.org","@graph":[{"@type":"Article","@id":"https:\/\/www.africa-press.net\/comores\/politique\/un-week-end-mouvemente-a-moheli#article","isPartOf":{"@id":"https:\/\/www.africa-press.net\/comores\/politique\/un-week-end-mouvemente-a-moheli"},"author":{"name":"cfeditorfr","@id":"https:\/\/www.africa-press.net\/comores\/#\/schema\/person\/2b1cf3cd81a31e3cd26889ca66d677f1"},"headline":"Un week-end mouvement\u00e9 \u00e0 Moh\u00e9li","datePublished":"2023-10-24T15:07:36+00:00","dateModified":"2023-10-24T16:57:16+00:00","mainEntityOfPage":{"@id":"https:\/\/www.africa-press.net\/comores\/politique\/un-week-end-mouvemente-a-moheli"},"wordCount":554,"commentCount":0,"image":{"@id":"https:\/\/www.africa-press.net\/comores\/politique\/un-week-end-mouvemente-a-moheli#primaryimage"},"thumbnailUrl":"https:\/\/static.africa-press.net\/centrafricaine\/sites\/48\/2023\/10\/sm_1698150265.671761.jpg","keywords":["Africa Press","Africa Press-Comores","Comores"],"articleSection":["Parties","Politique","Top Nouvelles","Toutes les actualit\u00e9s"],"inLanguage":"fr-FR","potentialAction":[{"@type":"CommentAction","name":"Comment","target":["https:\/\/www.africa-press.net\/comores\/politique\/un-week-end-mouvemente-a-moheli#respond"]}]},{"@type":"WebPage","@id":"https:\/\/www.africa-press.net\/comores\/politique\/un-week-end-mouvemente-a-moheli","url":"https:\/\/www.africa-press.net\/comores\/politique\/un-week-end-mouvemente-a-moheli","name":"Un week-end mouvement\u00e9 \u00e0 Moh\u00e9li - Comores","isPartOf":{"@id":"https:\/\/www.africa-press.net\/comores\/#website"},"primaryImageOfPage":{"@id":"https:\/\/www.africa-press.net\/comores\/politique\/un-week-end-mouvemente-a-moheli#primaryimage"},"image":{"@id":"https:\/\/www.africa-press.net\/comores\/politique\/un-week-end-mouvemente-a-moheli#primaryimage"},"thumbnailUrl":"https:\/\/static.africa-press.net\/centrafricaine\/sites\/48\/2023\/10\/sm_1698150265.671761.jpg","datePublished":"2023-10-24T15:07:36+00:00","dateModified":"2023-10-24T16:57:16+00:00","author":{"@id":"https:\/\/www.africa-press.net\/comores\/#\/schema\/person\/2b1cf3cd81a31e3cd26889ca66d677f1"},"description":"Une forte de\u0301le\u0301gation du parti CRC avec a\u0300 sa te\u0302te le pre\u0301sident Azali, a se\u0301journe\u0301 a\u0300 Mohe\u0301li ce week-end pour in ...","breadcrumb":{"@id":"https:\/\/www.africa-press.net\/comores\/politique\/un-week-end-mouvemente-a-moheli#breadcrumb"},"inLanguage":"fr-FR","potentialAction":[{"@type":"ReadAction","target":["https:\/\/www.africa-press.net\/comores\/politique\/un-week-end-mouvemente-a-moheli"]}]},{"@type":"ImageObject","inLanguage":"fr-FR","@id":"https:\/\/www.africa-press.net\/comores\/politique\/un-week-end-mouvemente-a-moheli#primaryimage","url":"https:\/\/static.africa-press.net\/centrafricaine\/sites\/48\/2023\/10\/sm_1698150265.671761.jpg","contentUrl":"https:\/\/static.africa-press.net\/centrafricaine\/sites\/48\/2023\/10\/sm_1698150265.671761.jpg","width":1000,"height":563,"caption":"Un week-end mouvement\u00e9 \u00e0 Moh\u00e9li"},{"@type":"BreadcrumbList","@id":"https:\/\/www.africa-press.net\/comores\/politique\/un-week-end-mouvemente-a-moheli#breadcrumb","itemListElement":[{"@type":"ListItem","position":1,"name":"Accueil","item":"https:\/\/www.africa-press.net\/comores\/"},{"@type":"ListItem","position":2,"name":"Un week-end mouvement\u00e9 \u00e0 Moh\u00e9li"}]},{"@type":"WebSite","@id":"https:\/\/www.africa-press.net\/comores\/#website","url":"https:\/\/www.africa-press.net\/comores\/","name":"Comores","description":"Just another Africa News Agency Sites site","potentialAction":[{"@type":"SearchAction","target":{"@type":"EntryPoint","urlTemplate":"https:\/\/www.africa-press.net\/comores\/?s={search_term_string}"},"query-input":{"@type":"PropertyValueSpecification","valueRequired":true,"valueName":"search_term_string"}}],"inLanguage":"fr-FR"},{"@type":"Person","@id":"https:\/\/www.africa-press.net\/comores\/#\/schema\/person\/2b1cf3cd81a31e3cd26889ca66d677f1","name":"cfeditorfr"}]}},"_links":{"self":[{"href":"https:\/\/www.africa-press.net\/comores\/wp-json\/wp\/v2\/posts\/13132","targetHints":{"allow":["GET"]}}],"collection":[{"href":"https:\/\/www.africa-press.net\/comores\/wp-json\/wp\/v2\/posts"}],"about":[{"href":"https:\/\/www.africa-press.net\/comores\/wp-json\/wp\/v2\/types\/post"}],"author":[{"embeddable":true,"href":"https:\/\/www.africa-press.net\/comores\/wp-json\/wp\/v2\/users\/82"}],"replies":[{"embeddable":true,"href":"https:\/\/www.africa-press.net\/comores\/wp-json\/wp\/v2\/comments?post=13132"}],"version-history":[{"count":0,"href":"https:\/\/www.africa-press.net\/comores\/wp-json\/wp\/v2\/posts\/13132\/revisions"}],"wp:featuredmedia":[{"embeddable":true,"href":"https:\/\/www.africa-press.net\/comores\/wp-json\/wp\/v2\/media\/13131"}],"wp:attachment":[{"href":"https:\/\/www.africa-press.net\/comores\/wp-json\/wp\/v2\/media?parent=13132"}],"wp:term":[{"taxonomy":"category","embeddable":true,"href":"https:\/\/www.africa-press.net\/comores\/wp-json\/wp\/v2\/categories?post=13132"},{"taxonomy":"post_tag","embeddable":true,"href":"https:\/\/www.africa-press.net\/comores\/wp-json\/wp\/v2\/tags?post=13132"}],"curies":[{"name":"wp","href":"https:\/\/api.w.org\/{rel}","templated":true}]}}