{"id":13134,"date":"2023-10-24T15:08:24","date_gmt":"2023-10-24T15:08:24","guid":{"rendered":"https:\/\/www.africa-press.net\/comores\/politique\/lancement-dun-repertoire-professionnel-pour-les-artisans-danjouan"},"modified":"2023-10-24T16:57:58","modified_gmt":"2023-10-24T16:57:58","slug":"lancement-dun-repertoire-professionnel-pour-les-artisans-danjouan","status":"publish","type":"post","link":"https:\/\/www.africa-press.net\/comores\/toutes-les-actualites\/lancement-dun-repertoire-professionnel-pour-les-artisans-danjouan","title":{"rendered":"Lancement d\u2019un r\u00e9pertoire professionnel pour les artisans d\u2019Anjouan"},"content":{"rendered":"<p><span style=\"color: #ff6600\"><strong>Africa-Press &#8211; Comores. <\/strong><\/span><b>Le re\u0301pertoire professionnel des artisans d\u2019Anjouan, connu sous l\u2019acronyme de RPA a e\u0301te\u0301 officiellement lance\u0301 hier lundi 23 octobre a\u0300 la CCIA Anjouan. Un projet tant attendu par le public et en particulier les concerne\u0301s. Un travail qui a dure\u0301 des mois avant sa concre\u0301tisation, mais qui inspire le monde du secteur et des consommateurs des produits artisanaux. Une premie\u0300re pour l\u2019ile en particulier. <\/b><\/p>\n<p>Le re\u0301pertoire professionnel des artisans d\u2019Anjouan, connu sous l\u2019acronyme de RPA, a e\u0301te\u0301 lance\u0301 officiellement ce lundi 23 a\u0300 la CCIA Anjouan. Ce projet tant attendu par le public et les concerne\u0301es est enfin une re\u0301alite\u0301. Apre\u0300s des mois de travail acharne\u0301, il fait aujourd&rsquo;hui l&rsquo;admiration du monde du secteur artisanal et des consommateurs de produits locaux. Ce projet a e\u0301te\u0301 largement porte\u0301 par une e\u0301quipe fe\u0301minine, sous la supervision de l&rsquo;e\u0301minent Charkane Ali Franc\u0327ois, alias Zola. Kamal Eddine Anziza, l&rsquo;une des pie\u0300ces mai\u0302tresses de cette \u00ab\u00a0re\u0301ussite\u00a0\u00bb, de\u0301clare que \u00ab la volonte\u0301 de faire de\u0301pendait du talent, de la de\u0301termination et de la collaboration de chaque membre de l&rsquo;e\u0301quipe \u00bb.<\/p>\n<p>Ce re\u0301pertoire est un ve\u0301ritable outil qui permettra de valoriser et promouvoir les artisans d\u2019Anjouan. \u00ab Il re\u0301pertorie leurs compe\u0301tences, leurs re\u0301alisations et leur savoir-faire, offrant ainsi aux consommateurs un large choix de produits artisanaux locaux \u00bb indique-t-elle. A notre niveau, il constitue e\u0301galement une vitrine pour les artisans, leur permettant d&rsquo;accroi\u0302tre leur visibilite\u0301 et d&rsquo;attirer de nouveaux clients. Et de poursuivre : \u00ab Nous espe\u0301rons que ce projet inspirera d&rsquo;autres re\u0301gions a\u0300 mettre en place des initiatives similaires pour soutenir les artisans locaux \u00bb. En valorisant leur travail, la CCIA Anjouan contribue au de\u0301veloppement e\u0301conomique de notre re\u0301gion et a\u0300 la pre\u0301servation de notre patrimoine culturel.<\/p>\n<p>\u00ab La promotion digitale du re\u0301pertoire professionnel d&rsquo;artisans d&rsquo;Anjouan fera sa force \u00bb, souligne Mme Sitti Fatima Mohamed Kadi. La mise en valeur des talents locaux trouve enfin son cheval de bataille. En effet, de\u0300s ce lundi, ce re\u0301pertoire sera mis en ligne dans des sites d&rsquo;associations professionnelles. \u00ab Une galerie nume\u0301rique sera confie\u0301e par Comores Magazine. C&rsquo;est une excellente nouvelle pour tous les artisans de notre belle i\u0302le d&rsquo;Anjouan \u00bb, confie le secre\u0301taire exe\u0301cutif de la CCIA Anjouan, Abdourahmane Abdillah. \u00ab Gra\u0302ce a\u0300 cette initiative, les artisans pourront enfin se faire connai\u0302tre et promouvoir leurs talents au-dela\u0300 de nos frontie\u0300res. En effet, ce re\u0301pertoire en ligne permettra de cre\u0301er des liens entre les artisans d&rsquo;Anjouan et les potentiels clients, qu&rsquo;ils soient locaux ou internationaux. Plus besoin de se de\u0301placer physiquement pour de\u0301couvrir les cre\u0301ations originales de nos artisans, il suffira d&rsquo;un simple clic pour les admirer \u00bb, ajoute-t-il.<\/p>\n<p>Mais ce n&rsquo;est pas tout, d&rsquo;autres activite\u0301s digitales suivront selon le service de communication de la chambre de commerce. Les artisans auront la possibilite\u0301 de participer a\u0300 des expositions en ligne, d&rsquo;e\u0301changer avec d&rsquo;autres professionnels du secteur ou encore de proposer leurs services a\u0300 des clients potentiels. La digitalisation de ce re\u0301pertoire professionnel ouvre donc de nombreuses opportunite\u0301s pour le de\u0301veloppement de notre artisanat local.<\/p>\n<p><strong>Pour plus d&rsquo;informations et d&rsquo;analyses sur la <a href=\"https:\/\/www.africa-press.net\/comores\">Comores<\/a>, suivez <a href=\"https:\/\/www.africa-press.net\/\">Africa-Press<\/a><\/strong><\/p>\n","protected":false},"excerpt":{"rendered":"<p>Africa-Press &#8211; Comores. Le re\u0301pertoire professionnel des artisans d\u2019Anjouan, connu sous l\u2019acronyme de RPA a e\u0301te\u0301 officiellement lance\u0301 hier lundi 23 octobre a\u0300 la CCIA Anjouan. Un projet tant attendu par le public et en particulier les concerne\u0301s. Un travail qui a dure\u0301 des mois avant sa concre\u0301tisation, mais qui inspire le monde du secteur [&hellip;]<\/p>\n","protected":false},"author":82,"featured_media":13133,"comment_status":"open","ping_status":"closed","sticky":false,"template":"","format":"standard","meta":{"footnotes":""},"categories":[21,10],"tags":[36,53,45],"class_list":["post-13134","post","type-post","status-publish","format-standard","has-post-thumbnail","hentry","category-communaute","category-toutes-les-actualites","tag-africa-press","tag-africa-press-comores","tag-comores"],"yoast_head":"<!-- This site is optimized with the Yoast SEO Premium plugin v26.1 (Yoast SEO v27.0) - https:\/\/yoast.com\/product\/yoast-seo-premium-wordpress\/ -->\n<title>Lancement d\u2019un r\u00e9pertoire professionnel pour les artisans d\u2019Anjouan - Comores<\/title>\n<meta name=\"description\" content=\"Le re\u0301pertoire professionnel des artisans d\u2019Anjouan, connu sous l\u2019acronyme de RPA a e\u0301te\u0301 officiellement lance\u0301 hier ...\" \/>\n<meta name=\"robots\" content=\"index, follow, max-snippet:-1, max-image-preview:large, max-video-preview:-1\" \/>\n<link rel=\"canonical\" href=\"https:\/\/www.africa-press.net\/comores\/toutes-les-actualites\/lancement-dun-repertoire-professionnel-pour-les-artisans-danjouan\" \/>\n<meta property=\"og:locale\" content=\"fr_FR\" \/>\n<meta property=\"og:type\" content=\"article\" \/>\n<meta property=\"og:title\" content=\"Lancement d\u2019un r\u00e9pertoire professionnel pour les artisans d\u2019Anjouan\" \/>\n<meta property=\"og:description\" content=\"Le re\u0301pertoire professionnel des artisans d\u2019Anjouan, connu sous l\u2019acronyme de RPA a e\u0301te\u0301 officiellement lance\u0301 hier ...\" \/>\n<meta property=\"og:url\" content=\"https:\/\/www.africa-press.net\/comores\/toutes-les-actualites\/lancement-dun-repertoire-professionnel-pour-les-artisans-danjouan\" \/>\n<meta property=\"og:site_name\" content=\"Comores\" \/>\n<meta property=\"article:published_time\" content=\"2023-10-24T15:08:24+00:00\" \/>\n<meta property=\"article:modified_time\" content=\"2023-10-24T16:57:58+00:00\" \/>\n<meta property=\"og:image\" content=\"https:\/\/static.africa-press.net\/centrafricaine\/sites\/48\/2023\/10\/sm_1698150297.687921.jpg\" \/>\n\t<meta property=\"og:image:width\" content=\"1080\" \/>\n\t<meta property=\"og:image:height\" content=\"498\" \/>\n\t<meta property=\"og:image:type\" content=\"image\/jpeg\" \/>\n<meta name=\"author\" content=\"cfeditorfr\" \/>\n<meta name=\"twitter:card\" content=\"summary_large_image\" \/>\n<meta name=\"twitter:label1\" content=\"\u00c9crit par\" \/>\n\t<meta name=\"twitter:data1\" content=\"cfeditorfr\" \/>\n\t<meta name=\"twitter:label2\" content=\"Dur\u00e9e de lecture estim\u00e9e\" \/>\n\t<meta name=\"twitter:data2\" content=\"3 minutes\" \/>\n<script type=\"application\/ld+json\" class=\"yoast-schema-graph\">{\"@context\":\"https:\/\/schema.org\",\"@graph\":[{\"@type\":\"Article\",\"@id\":\"https:\/\/www.africa-press.net\/comores\/toutes-les-actualites\/lancement-dun-repertoire-professionnel-pour-les-artisans-danjouan#article\",\"isPartOf\":{\"@id\":\"https:\/\/www.africa-press.net\/comores\/toutes-les-actualites\/lancement-dun-repertoire-professionnel-pour-les-artisans-danjouan\"},\"author\":{\"name\":\"cfeditorfr\",\"@id\":\"https:\/\/www.africa-press.net\/comores\/#\/schema\/person\/2b1cf3cd81a31e3cd26889ca66d677f1\"},\"headline\":\"Lancement d\u2019un r\u00e9pertoire professionnel pour les artisans d\u2019Anjouan\",\"datePublished\":\"2023-10-24T15:08:24+00:00\",\"dateModified\":\"2023-10-24T16:57:58+00:00\",\"mainEntityOfPage\":{\"@id\":\"https:\/\/www.africa-press.net\/comores\/toutes-les-actualites\/lancement-dun-repertoire-professionnel-pour-les-artisans-danjouan\"},\"wordCount\":588,\"commentCount\":0,\"image\":{\"@id\":\"https:\/\/www.africa-press.net\/comores\/toutes-les-actualites\/lancement-dun-repertoire-professionnel-pour-les-artisans-danjouan#primaryimage\"},\"thumbnailUrl\":\"https:\/\/static.africa-press.net\/centrafricaine\/sites\/48\/2023\/10\/sm_1698150297.687921.jpg\",\"keywords\":[\"Africa Press\",\"Africa Press-Comores\",\"Comores\"],\"articleSection\":[\"Communaut\u00e9\",\"Toutes les actualit\u00e9s\"],\"inLanguage\":\"fr-FR\",\"potentialAction\":[{\"@type\":\"CommentAction\",\"name\":\"Comment\",\"target\":[\"https:\/\/www.africa-press.net\/comores\/toutes-les-actualites\/lancement-dun-repertoire-professionnel-pour-les-artisans-danjouan#respond\"]}]},{\"@type\":\"WebPage\",\"@id\":\"https:\/\/www.africa-press.net\/comores\/toutes-les-actualites\/lancement-dun-repertoire-professionnel-pour-les-artisans-danjouan\",\"url\":\"https:\/\/www.africa-press.net\/comores\/toutes-les-actualites\/lancement-dun-repertoire-professionnel-pour-les-artisans-danjouan\",\"name\":\"Lancement d\u2019un r\u00e9pertoire professionnel pour les artisans d\u2019Anjouan - Comores\",\"isPartOf\":{\"@id\":\"https:\/\/www.africa-press.net\/comores\/#website\"},\"primaryImageOfPage\":{\"@id\":\"https:\/\/www.africa-press.net\/comores\/toutes-les-actualites\/lancement-dun-repertoire-professionnel-pour-les-artisans-danjouan#primaryimage\"},\"image\":{\"@id\":\"https:\/\/www.africa-press.net\/comores\/toutes-les-actualites\/lancement-dun-repertoire-professionnel-pour-les-artisans-danjouan#primaryimage\"},\"thumbnailUrl\":\"https:\/\/static.africa-press.net\/centrafricaine\/sites\/48\/2023\/10\/sm_1698150297.687921.jpg\",\"datePublished\":\"2023-10-24T15:08:24+00:00\",\"dateModified\":\"2023-10-24T16:57:58+00:00\",\"author\":{\"@id\":\"https:\/\/www.africa-press.net\/comores\/#\/schema\/person\/2b1cf3cd81a31e3cd26889ca66d677f1\"},\"description\":\"Le re\u0301pertoire professionnel des artisans d\u2019Anjouan, connu sous l\u2019acronyme de RPA a e\u0301te\u0301 officiellement lance\u0301 hier ...\",\"breadcrumb\":{\"@id\":\"https:\/\/www.africa-press.net\/comores\/toutes-les-actualites\/lancement-dun-repertoire-professionnel-pour-les-artisans-danjouan#breadcrumb\"},\"inLanguage\":\"fr-FR\",\"potentialAction\":[{\"@type\":\"ReadAction\",\"target\":[\"https:\/\/www.africa-press.net\/comores\/toutes-les-actualites\/lancement-dun-repertoire-professionnel-pour-les-artisans-danjouan\"]}]},{\"@type\":\"ImageObject\",\"inLanguage\":\"fr-FR\",\"@id\":\"https:\/\/www.africa-press.net\/comores\/toutes-les-actualites\/lancement-dun-repertoire-professionnel-pour-les-artisans-danjouan#primaryimage\",\"url\":\"https:\/\/static.africa-press.net\/centrafricaine\/sites\/48\/2023\/10\/sm_1698150297.687921.jpg\",\"contentUrl\":\"https:\/\/static.africa-press.net\/centrafricaine\/sites\/48\/2023\/10\/sm_1698150297.687921.jpg\",\"width\":1080,\"height\":498,\"caption\":\"Lancement d\u2019un r\u00e9pertoire professionnel pour les artisans d\u2019Anjouan\"},{\"@type\":\"BreadcrumbList\",\"@id\":\"https:\/\/www.africa-press.net\/comores\/toutes-les-actualites\/lancement-dun-repertoire-professionnel-pour-les-artisans-danjouan#breadcrumb\",\"itemListElement\":[{\"@type\":\"ListItem\",\"position\":1,\"name\":\"Accueil\",\"item\":\"https:\/\/www.africa-press.net\/comores\/\"},{\"@type\":\"ListItem\",\"position\":2,\"name\":\"Lancement d\u2019un r\u00e9pertoire professionnel pour les artisans d\u2019Anjouan\"}]},{\"@type\":\"WebSite\",\"@id\":\"https:\/\/www.africa-press.net\/comores\/#website\",\"url\":\"https:\/\/www.africa-press.net\/comores\/\",\"name\":\"Comores\",\"description\":\"Just another Africa News Agency Sites site\",\"potentialAction\":[{\"@type\":\"SearchAction\",\"target\":{\"@type\":\"EntryPoint\",\"urlTemplate\":\"https:\/\/www.africa-press.net\/comores\/?s={search_term_string}\"},\"query-input\":{\"@type\":\"PropertyValueSpecification\",\"valueRequired\":true,\"valueName\":\"search_term_string\"}}],\"inLanguage\":\"fr-FR\"},{\"@type\":\"Person\",\"@id\":\"https:\/\/www.africa-press.net\/comores\/#\/schema\/person\/2b1cf3cd81a31e3cd26889ca66d677f1\",\"name\":\"cfeditorfr\"}]}<\/script>\n<!-- \/ Yoast SEO Premium plugin. -->","yoast_head_json":{"title":"Lancement d\u2019un r\u00e9pertoire professionnel pour les artisans d\u2019Anjouan - Comores","description":"Le re\u0301pertoire professionnel des artisans d\u2019Anjouan, connu sous l\u2019acronyme de RPA a e\u0301te\u0301 officiellement lance\u0301 hier ...","robots":{"index":"index","follow":"follow","max-snippet":"max-snippet:-1","max-image-preview":"max-image-preview:large","max-video-preview":"max-video-preview:-1"},"canonical":"https:\/\/www.africa-press.net\/comores\/toutes-les-actualites\/lancement-dun-repertoire-professionnel-pour-les-artisans-danjouan","og_locale":"fr_FR","og_type":"article","og_title":"Lancement d\u2019un r\u00e9pertoire professionnel pour les artisans d\u2019Anjouan","og_description":"Le re\u0301pertoire professionnel des artisans d\u2019Anjouan, connu sous l\u2019acronyme de RPA a e\u0301te\u0301 officiellement lance\u0301 hier ...","og_url":"https:\/\/www.africa-press.net\/comores\/toutes-les-actualites\/lancement-dun-repertoire-professionnel-pour-les-artisans-danjouan","og_site_name":"Comores","article_published_time":"2023-10-24T15:08:24+00:00","article_modified_time":"2023-10-24T16:57:58+00:00","og_image":[{"width":1080,"height":498,"url":"https:\/\/static.africa-press.net\/centrafricaine\/sites\/48\/2023\/10\/sm_1698150297.687921.jpg","type":"image\/jpeg"}],"author":"cfeditorfr","twitter_card":"summary_large_image","twitter_misc":{"\u00c9crit par":"cfeditorfr","Dur\u00e9e de lecture estim\u00e9e":"3 minutes"},"schema":{"@context":"https:\/\/schema.org","@graph":[{"@type":"Article","@id":"https:\/\/www.africa-press.net\/comores\/toutes-les-actualites\/lancement-dun-repertoire-professionnel-pour-les-artisans-danjouan#article","isPartOf":{"@id":"https:\/\/www.africa-press.net\/comores\/toutes-les-actualites\/lancement-dun-repertoire-professionnel-pour-les-artisans-danjouan"},"author":{"name":"cfeditorfr","@id":"https:\/\/www.africa-press.net\/comores\/#\/schema\/person\/2b1cf3cd81a31e3cd26889ca66d677f1"},"headline":"Lancement d\u2019un r\u00e9pertoire professionnel pour les artisans d\u2019Anjouan","datePublished":"2023-10-24T15:08:24+00:00","dateModified":"2023-10-24T16:57:58+00:00","mainEntityOfPage":{"@id":"https:\/\/www.africa-press.net\/comores\/toutes-les-actualites\/lancement-dun-repertoire-professionnel-pour-les-artisans-danjouan"},"wordCount":588,"commentCount":0,"image":{"@id":"https:\/\/www.africa-press.net\/comores\/toutes-les-actualites\/lancement-dun-repertoire-professionnel-pour-les-artisans-danjouan#primaryimage"},"thumbnailUrl":"https:\/\/static.africa-press.net\/centrafricaine\/sites\/48\/2023\/10\/sm_1698150297.687921.jpg","keywords":["Africa Press","Africa Press-Comores","Comores"],"articleSection":["Communaut\u00e9","Toutes les actualit\u00e9s"],"inLanguage":"fr-FR","potentialAction":[{"@type":"CommentAction","name":"Comment","target":["https:\/\/www.africa-press.net\/comores\/toutes-les-actualites\/lancement-dun-repertoire-professionnel-pour-les-artisans-danjouan#respond"]}]},{"@type":"WebPage","@id":"https:\/\/www.africa-press.net\/comores\/toutes-les-actualites\/lancement-dun-repertoire-professionnel-pour-les-artisans-danjouan","url":"https:\/\/www.africa-press.net\/comores\/toutes-les-actualites\/lancement-dun-repertoire-professionnel-pour-les-artisans-danjouan","name":"Lancement d\u2019un r\u00e9pertoire professionnel pour les artisans d\u2019Anjouan - Comores","isPartOf":{"@id":"https:\/\/www.africa-press.net\/comores\/#website"},"primaryImageOfPage":{"@id":"https:\/\/www.africa-press.net\/comores\/toutes-les-actualites\/lancement-dun-repertoire-professionnel-pour-les-artisans-danjouan#primaryimage"},"image":{"@id":"https:\/\/www.africa-press.net\/comores\/toutes-les-actualites\/lancement-dun-repertoire-professionnel-pour-les-artisans-danjouan#primaryimage"},"thumbnailUrl":"https:\/\/static.africa-press.net\/centrafricaine\/sites\/48\/2023\/10\/sm_1698150297.687921.jpg","datePublished":"2023-10-24T15:08:24+00:00","dateModified":"2023-10-24T16:57:58+00:00","author":{"@id":"https:\/\/www.africa-press.net\/comores\/#\/schema\/person\/2b1cf3cd81a31e3cd26889ca66d677f1"},"description":"Le re\u0301pertoire professionnel des artisans d\u2019Anjouan, connu sous l\u2019acronyme de RPA a e\u0301te\u0301 officiellement lance\u0301 hier ...","breadcrumb":{"@id":"https:\/\/www.africa-press.net\/comores\/toutes-les-actualites\/lancement-dun-repertoire-professionnel-pour-les-artisans-danjouan#breadcrumb"},"inLanguage":"fr-FR","potentialAction":[{"@type":"ReadAction","target":["https:\/\/www.africa-press.net\/comores\/toutes-les-actualites\/lancement-dun-repertoire-professionnel-pour-les-artisans-danjouan"]}]},{"@type":"ImageObject","inLanguage":"fr-FR","@id":"https:\/\/www.africa-press.net\/comores\/toutes-les-actualites\/lancement-dun-repertoire-professionnel-pour-les-artisans-danjouan#primaryimage","url":"https:\/\/static.africa-press.net\/centrafricaine\/sites\/48\/2023\/10\/sm_1698150297.687921.jpg","contentUrl":"https:\/\/static.africa-press.net\/centrafricaine\/sites\/48\/2023\/10\/sm_1698150297.687921.jpg","width":1080,"height":498,"caption":"Lancement d\u2019un r\u00e9pertoire professionnel pour les artisans d\u2019Anjouan"},{"@type":"BreadcrumbList","@id":"https:\/\/www.africa-press.net\/comores\/toutes-les-actualites\/lancement-dun-repertoire-professionnel-pour-les-artisans-danjouan#breadcrumb","itemListElement":[{"@type":"ListItem","position":1,"name":"Accueil","item":"https:\/\/www.africa-press.net\/comores\/"},{"@type":"ListItem","position":2,"name":"Lancement d\u2019un r\u00e9pertoire professionnel pour les artisans d\u2019Anjouan"}]},{"@type":"WebSite","@id":"https:\/\/www.africa-press.net\/comores\/#website","url":"https:\/\/www.africa-press.net\/comores\/","name":"Comores","description":"Just another Africa News Agency Sites site","potentialAction":[{"@type":"SearchAction","target":{"@type":"EntryPoint","urlTemplate":"https:\/\/www.africa-press.net\/comores\/?s={search_term_string}"},"query-input":{"@type":"PropertyValueSpecification","valueRequired":true,"valueName":"search_term_string"}}],"inLanguage":"fr-FR"},{"@type":"Person","@id":"https:\/\/www.africa-press.net\/comores\/#\/schema\/person\/2b1cf3cd81a31e3cd26889ca66d677f1","name":"cfeditorfr"}]}},"_links":{"self":[{"href":"https:\/\/www.africa-press.net\/comores\/wp-json\/wp\/v2\/posts\/13134","targetHints":{"allow":["GET"]}}],"collection":[{"href":"https:\/\/www.africa-press.net\/comores\/wp-json\/wp\/v2\/posts"}],"about":[{"href":"https:\/\/www.africa-press.net\/comores\/wp-json\/wp\/v2\/types\/post"}],"author":[{"embeddable":true,"href":"https:\/\/www.africa-press.net\/comores\/wp-json\/wp\/v2\/users\/82"}],"replies":[{"embeddable":true,"href":"https:\/\/www.africa-press.net\/comores\/wp-json\/wp\/v2\/comments?post=13134"}],"version-history":[{"count":0,"href":"https:\/\/www.africa-press.net\/comores\/wp-json\/wp\/v2\/posts\/13134\/revisions"}],"wp:featuredmedia":[{"embeddable":true,"href":"https:\/\/www.africa-press.net\/comores\/wp-json\/wp\/v2\/media\/13133"}],"wp:attachment":[{"href":"https:\/\/www.africa-press.net\/comores\/wp-json\/wp\/v2\/media?parent=13134"}],"wp:term":[{"taxonomy":"category","embeddable":true,"href":"https:\/\/www.africa-press.net\/comores\/wp-json\/wp\/v2\/categories?post=13134"},{"taxonomy":"post_tag","embeddable":true,"href":"https:\/\/www.africa-press.net\/comores\/wp-json\/wp\/v2\/tags?post=13134"}],"curies":[{"name":"wp","href":"https:\/\/api.w.org\/{rel}","templated":true}]}}