{"id":13171,"date":"2023-10-25T19:54:08","date_gmt":"2023-10-25T19:54:08","guid":{"rendered":"https:\/\/www.africa-press.net\/comores\/politique\/processus-electoral-plus-de-5000-electeurs-radies"},"modified":"2023-10-25T21:36:15","modified_gmt":"2023-10-25T21:36:15","slug":"processus-electoral-plus-de-5000-electeurs-radies","status":"publish","type":"post","link":"https:\/\/www.africa-press.net\/comores\/politique\/processus-electoral-plus-de-5000-electeurs-radies","title":{"rendered":"Processus \u00e9lectoral\u00a0: Plus de 5000 \u00e9lecteurs radi\u00e9s"},"content":{"rendered":"<p><span style=\"color: #ff6600\"><strong>Africa-Press &#8211; Comores. <\/strong><\/span><b>A moins de 2 mois de l\u2019ouverture de la campagne pour l\u2019e\u0301lection pre\u0301sidentielle, le pre\u0301sident de la Commission Electorale Nationale Inde\u0301pendante (CENI), Idrissa Sai\u0308d Ben Ahamada a fait le point sur le processus e\u0301lectoral en cours. Ce dernier a annonce\u0301 que la de\u0301claration des candidatures est fixe\u0301e au 7 novembre pour l\u2019e\u0301lection du pre\u0301sident de l\u2019Union et des gouverneurs des i\u0302les. Il a aussi re\u0301ve\u0301le\u0301 le chiffre de 5556 radiations d\u2019e\u0301lecteurs sur l\u2019ensemble du territoire national.<\/b><\/p>\n<p>Dans un entretien avec la presse, le pre\u0301sident de la CENI a e\u0301voque\u0301 le de\u0301cret portant convocation du corps e\u0301lectoral pour les e\u0301lections du pre\u0301sident de l\u2019Union des Comores et des gouverneurs des i\u0302les. Le premier tour de l\u2019e\u0301lection pre\u0301sidentielle aura lieu le 14 janvier 2024. Idrissa Said Ben Ahamada a rappele\u0301 que la de\u0301claration de candidature au double scrutin est fixe\u0301e au 7 novembre prochain. \u00ab Pour l\u2019e\u0301lection pre\u0301sidentielle, la de\u0301claration de candidature se fera a\u0300 la Cour Supre\u0302me du 7 nombre jusqu\u2019au 17 novembre. Pour les gouverneurs des i\u0302les, elle se fera a\u0300 la Commission Electorale Insulaire Inde\u0301pendante (CEII) de l\u2019i\u0302le concerne\u0301e aux me\u0302mes dates que ceux du pre\u0301sident de l\u2019Union \u00bb, pre\u0301cise-t-il.<\/p>\n<p>En ce qui concerne la re\u0301vision des listes e\u0301lectorales, le pre\u0301sident de la CENI n\u2019a pas cache\u0301 sa satisfaction d&rsquo;avoir atteint presque 70% des objectifs fixe\u0301s. \u00ab Je suis fier du travail de\u0301ja\u0300 accompli. C\u2019est la premie\u0300re fois dans notre pays qu\u2019on fait des re\u0301sultats pareils \u00bb, avance-t-il. Parmi les re\u0301alisations, le patron de la CENI a cite\u0301 les 31 991 nouveaux e\u0301lecteurs enregistre\u0301s. \u00ab En 2015, lors de la re\u0301vision exceptionnelle des listes e\u0301lectorales, 25 658 nouveaux e\u0301lecteurs ont e\u0301te\u0301 enregistre\u0301s, contre 7 305 en 2018, 10 121 en 2019. Ces re\u0301sultats couvrent l\u2019ensemble du territoire national. Donc je me re\u0301jouis de ce chiffre \u00bb, poursuit-il. Selon lui, si le nombre des e\u0301lecteurs augmente, cela signifierait aussi que le nombre des bureaux de vote va augmenter.<\/p>\n<p>\u00ab Nous avions 762 bureaux de vote en 2019, maintenant nous en avons 884 \u00bb, ajoute-t-il, tout en pre\u0301cisant que de\u0301sormais, aucun bureau de vote ne doit de\u0301passer le nombre de 500 e\u0301lecteurs, conforme\u0301ment a\u0300 l\u2019article 215 du code e\u0301lectoral afin de faciliter le de\u0301roulement du scrutin et d\u2019e\u0301viter le de\u0301sordre et les files d\u2019attente dans les bureaux de vote. L\u2019autre fait marquant c\u2019est la radiation des e\u0301lecteurs de\u0301ce\u0301de\u0301s. \u00ab Nous avons proce\u0301de\u0301 a\u0300 5556 radiations pour cette re\u0301vision. Ce chiffre de\u0301passe les radiations cumule\u0301es de deux pre\u0301ce\u0301dentes re\u0301visions. C\u2019est pour vous montrer que beaucoup d\u2019efforts ont e\u0301te\u0301 faits dans ce domaine \u00bb, souligne-t-il.<\/p>\n<p>Il a aussi parle\u0301 du cadre de concertation compose\u0301 par des repre\u0301sentants du gouvernement, de l\u2019opposition, de la majorite\u0301 pre\u0301sidentielle, de la socie\u0301te\u0301 civile, du CNPA et bien sur de la CENI. Il a annonce\u0301 qu\u2019ils me\u0300nent re\u0301gulie\u0300rement des e\u0301changes sur le processus e\u0301lectoral. Et le pre\u0301sident d\u2019annoncer qu\u2019il n\u2019ira pas a\u0300 l\u2019encontre de la loi e\u0301lectorale. Et d\u2019enchai\u0302ner : \u00ab Ni le gouvernement, ni l\u2019Assemble\u0301e Nationale ou autres institutions ne nous peut nous donner des ordres. Seul le juge du contentieux a un mot a\u0300 dire \u00bb.<\/p>\n<p>En annonc\u0327ant son engagement a\u0300 tout mettre en \u0153uvre pour re\u0301unir les conditions ne\u0301cessaires afin de garantir des e\u0301lections justes et transparentes, Idrissa Sai\u0308d Ben Ahamada affirme que certains partenaires ont manifeste\u0301 leur volonte\u0301 de contribuer dans ce processus pour des e\u0301lections libres, transparentes et cre\u0301dibles.<\/p>\n<p><strong>Pour plus d&rsquo;informations et d&rsquo;analyses sur la <a href=\"https:\/\/www.africa-press.net\/comores\">Comores<\/a>, suivez <a href=\"https:\/\/www.africa-press.net\/\">Africa-Press<\/a><\/strong><\/p>\n","protected":false},"excerpt":{"rendered":"<p>Africa-Press &#8211; Comores. A moins de 2 mois de l\u2019ouverture de la campagne pour l\u2019e\u0301lection pre\u0301sidentielle, le pre\u0301sident de la Commission Electorale Nationale Inde\u0301pendante (CENI), Idrissa Sai\u0308d Ben Ahamada a fait le point sur le processus e\u0301lectoral en cours. Ce dernier a annonce\u0301 que la de\u0301claration des candidatures est fixe\u0301e au 7 novembre pour l\u2019e\u0301lection [&hellip;]<\/p>\n","protected":false},"author":82,"featured_media":13170,"comment_status":"open","ping_status":"closed","sticky":false,"template":"","format":"standard","meta":{"footnotes":""},"categories":[2,10],"tags":[36,53,45],"class_list":["post-13171","post","type-post","status-publish","format-standard","has-post-thumbnail","hentry","category-politique","category-toutes-les-actualites","tag-africa-press","tag-africa-press-comores","tag-comores"],"yoast_head":"<!-- This site is optimized with the Yoast SEO Premium plugin v26.1 (Yoast SEO v27.0) - https:\/\/yoast.com\/product\/yoast-seo-premium-wordpress\/ -->\n<title>Processus \u00e9lectoral\u00a0: Plus de 5000 \u00e9lecteurs radi\u00e9s - Comores<\/title>\n<meta name=\"description\" content=\"A moins de 2 mois de l\u2019ouverture de la campagne pour l\u2019e\u0301lection pre\u0301sidentielle, le pre\u0301sident de la Commission Elec ...\" \/>\n<meta name=\"robots\" content=\"index, follow, max-snippet:-1, max-image-preview:large, max-video-preview:-1\" \/>\n<link rel=\"canonical\" href=\"https:\/\/www.africa-press.net\/comores\/politique\/processus-electoral-plus-de-5000-electeurs-radies\" \/>\n<meta property=\"og:locale\" content=\"fr_FR\" \/>\n<meta property=\"og:type\" content=\"article\" \/>\n<meta property=\"og:title\" content=\"Processus \u00e9lectoral\u00a0: Plus de 5000 \u00e9lecteurs radi\u00e9s\" \/>\n<meta property=\"og:description\" content=\"A moins de 2 mois de l\u2019ouverture de la campagne pour l\u2019e\u0301lection pre\u0301sidentielle, le pre\u0301sident de la Commission Elec ...\" \/>\n<meta property=\"og:url\" content=\"https:\/\/www.africa-press.net\/comores\/politique\/processus-electoral-plus-de-5000-electeurs-radies\" \/>\n<meta property=\"og:site_name\" content=\"Comores\" \/>\n<meta property=\"article:published_time\" content=\"2023-10-25T19:54:08+00:00\" \/>\n<meta property=\"article:modified_time\" content=\"2023-10-25T21:36:15+00:00\" \/>\n<meta property=\"og:image\" content=\"https:\/\/static.africa-press.net\/centrafricaine\/sites\/48\/2023\/10\/sm_1698253424.32646.jpg\" \/>\n\t<meta property=\"og:image:width\" content=\"1556\" \/>\n\t<meta property=\"og:image:height\" content=\"1167\" \/>\n\t<meta property=\"og:image:type\" content=\"image\/jpeg\" \/>\n<meta name=\"author\" content=\"cfeditorfr\" \/>\n<meta name=\"twitter:card\" content=\"summary_large_image\" \/>\n<meta name=\"twitter:label1\" content=\"\u00c9crit par\" \/>\n\t<meta name=\"twitter:data1\" content=\"cfeditorfr\" \/>\n\t<meta name=\"twitter:label2\" content=\"Dur\u00e9e de lecture estim\u00e9e\" \/>\n\t<meta name=\"twitter:data2\" content=\"3 minutes\" \/>\n<script type=\"application\/ld+json\" class=\"yoast-schema-graph\">{\"@context\":\"https:\/\/schema.org\",\"@graph\":[{\"@type\":\"Article\",\"@id\":\"https:\/\/www.africa-press.net\/comores\/politique\/processus-electoral-plus-de-5000-electeurs-radies#article\",\"isPartOf\":{\"@id\":\"https:\/\/www.africa-press.net\/comores\/politique\/processus-electoral-plus-de-5000-electeurs-radies\"},\"author\":{\"name\":\"cfeditorfr\",\"@id\":\"https:\/\/www.africa-press.net\/comores\/#\/schema\/person\/2b1cf3cd81a31e3cd26889ca66d677f1\"},\"headline\":\"Processus \u00e9lectoral\u00a0: Plus de 5000 \u00e9lecteurs radi\u00e9s\",\"datePublished\":\"2023-10-25T19:54:08+00:00\",\"dateModified\":\"2023-10-25T21:36:15+00:00\",\"mainEntityOfPage\":{\"@id\":\"https:\/\/www.africa-press.net\/comores\/politique\/processus-electoral-plus-de-5000-electeurs-radies\"},\"wordCount\":665,\"commentCount\":0,\"image\":{\"@id\":\"https:\/\/www.africa-press.net\/comores\/politique\/processus-electoral-plus-de-5000-electeurs-radies#primaryimage\"},\"thumbnailUrl\":\"https:\/\/static.africa-press.net\/centrafricaine\/sites\/48\/2023\/10\/sm_1698253424.32646.jpg\",\"keywords\":[\"Africa Press\",\"Africa Press-Comores\",\"Comores\"],\"articleSection\":[\"Politique\",\"Toutes les actualit\u00e9s\"],\"inLanguage\":\"fr-FR\",\"potentialAction\":[{\"@type\":\"CommentAction\",\"name\":\"Comment\",\"target\":[\"https:\/\/www.africa-press.net\/comores\/politique\/processus-electoral-plus-de-5000-electeurs-radies#respond\"]}]},{\"@type\":\"WebPage\",\"@id\":\"https:\/\/www.africa-press.net\/comores\/politique\/processus-electoral-plus-de-5000-electeurs-radies\",\"url\":\"https:\/\/www.africa-press.net\/comores\/politique\/processus-electoral-plus-de-5000-electeurs-radies\",\"name\":\"Processus \u00e9lectoral\u00a0: Plus de 5000 \u00e9lecteurs radi\u00e9s - Comores\",\"isPartOf\":{\"@id\":\"https:\/\/www.africa-press.net\/comores\/#website\"},\"primaryImageOfPage\":{\"@id\":\"https:\/\/www.africa-press.net\/comores\/politique\/processus-electoral-plus-de-5000-electeurs-radies#primaryimage\"},\"image\":{\"@id\":\"https:\/\/www.africa-press.net\/comores\/politique\/processus-electoral-plus-de-5000-electeurs-radies#primaryimage\"},\"thumbnailUrl\":\"https:\/\/static.africa-press.net\/centrafricaine\/sites\/48\/2023\/10\/sm_1698253424.32646.jpg\",\"datePublished\":\"2023-10-25T19:54:08+00:00\",\"dateModified\":\"2023-10-25T21:36:15+00:00\",\"author\":{\"@id\":\"https:\/\/www.africa-press.net\/comores\/#\/schema\/person\/2b1cf3cd81a31e3cd26889ca66d677f1\"},\"description\":\"A moins de 2 mois de l\u2019ouverture de la campagne pour l\u2019e\u0301lection pre\u0301sidentielle, le pre\u0301sident de la Commission Elec ...\",\"breadcrumb\":{\"@id\":\"https:\/\/www.africa-press.net\/comores\/politique\/processus-electoral-plus-de-5000-electeurs-radies#breadcrumb\"},\"inLanguage\":\"fr-FR\",\"potentialAction\":[{\"@type\":\"ReadAction\",\"target\":[\"https:\/\/www.africa-press.net\/comores\/politique\/processus-electoral-plus-de-5000-electeurs-radies\"]}]},{\"@type\":\"ImageObject\",\"inLanguage\":\"fr-FR\",\"@id\":\"https:\/\/www.africa-press.net\/comores\/politique\/processus-electoral-plus-de-5000-electeurs-radies#primaryimage\",\"url\":\"https:\/\/static.africa-press.net\/centrafricaine\/sites\/48\/2023\/10\/sm_1698253424.32646.jpg\",\"contentUrl\":\"https:\/\/static.africa-press.net\/centrafricaine\/sites\/48\/2023\/10\/sm_1698253424.32646.jpg\",\"width\":1556,\"height\":1167,\"caption\":\"Processus \u00e9lectoral\u00a0: Plus de 5000 \u00e9lecteurs radi\u00e9s\"},{\"@type\":\"BreadcrumbList\",\"@id\":\"https:\/\/www.africa-press.net\/comores\/politique\/processus-electoral-plus-de-5000-electeurs-radies#breadcrumb\",\"itemListElement\":[{\"@type\":\"ListItem\",\"position\":1,\"name\":\"Accueil\",\"item\":\"https:\/\/www.africa-press.net\/comores\/\"},{\"@type\":\"ListItem\",\"position\":2,\"name\":\"Processus \u00e9lectoral\u00a0: Plus de 5000 \u00e9lecteurs radi\u00e9s\"}]},{\"@type\":\"WebSite\",\"@id\":\"https:\/\/www.africa-press.net\/comores\/#website\",\"url\":\"https:\/\/www.africa-press.net\/comores\/\",\"name\":\"Comores\",\"description\":\"Just another Africa News Agency Sites site\",\"potentialAction\":[{\"@type\":\"SearchAction\",\"target\":{\"@type\":\"EntryPoint\",\"urlTemplate\":\"https:\/\/www.africa-press.net\/comores\/?s={search_term_string}\"},\"query-input\":{\"@type\":\"PropertyValueSpecification\",\"valueRequired\":true,\"valueName\":\"search_term_string\"}}],\"inLanguage\":\"fr-FR\"},{\"@type\":\"Person\",\"@id\":\"https:\/\/www.africa-press.net\/comores\/#\/schema\/person\/2b1cf3cd81a31e3cd26889ca66d677f1\",\"name\":\"cfeditorfr\"}]}<\/script>\n<!-- \/ Yoast SEO Premium plugin. -->","yoast_head_json":{"title":"Processus \u00e9lectoral\u00a0: Plus de 5000 \u00e9lecteurs radi\u00e9s - Comores","description":"A moins de 2 mois de l\u2019ouverture de la campagne pour l\u2019e\u0301lection pre\u0301sidentielle, le pre\u0301sident de la Commission Elec ...","robots":{"index":"index","follow":"follow","max-snippet":"max-snippet:-1","max-image-preview":"max-image-preview:large","max-video-preview":"max-video-preview:-1"},"canonical":"https:\/\/www.africa-press.net\/comores\/politique\/processus-electoral-plus-de-5000-electeurs-radies","og_locale":"fr_FR","og_type":"article","og_title":"Processus \u00e9lectoral\u00a0: Plus de 5000 \u00e9lecteurs radi\u00e9s","og_description":"A moins de 2 mois de l\u2019ouverture de la campagne pour l\u2019e\u0301lection pre\u0301sidentielle, le pre\u0301sident de la Commission Elec ...","og_url":"https:\/\/www.africa-press.net\/comores\/politique\/processus-electoral-plus-de-5000-electeurs-radies","og_site_name":"Comores","article_published_time":"2023-10-25T19:54:08+00:00","article_modified_time":"2023-10-25T21:36:15+00:00","og_image":[{"width":1556,"height":1167,"url":"https:\/\/static.africa-press.net\/centrafricaine\/sites\/48\/2023\/10\/sm_1698253424.32646.jpg","type":"image\/jpeg"}],"author":"cfeditorfr","twitter_card":"summary_large_image","twitter_misc":{"\u00c9crit par":"cfeditorfr","Dur\u00e9e de lecture estim\u00e9e":"3 minutes"},"schema":{"@context":"https:\/\/schema.org","@graph":[{"@type":"Article","@id":"https:\/\/www.africa-press.net\/comores\/politique\/processus-electoral-plus-de-5000-electeurs-radies#article","isPartOf":{"@id":"https:\/\/www.africa-press.net\/comores\/politique\/processus-electoral-plus-de-5000-electeurs-radies"},"author":{"name":"cfeditorfr","@id":"https:\/\/www.africa-press.net\/comores\/#\/schema\/person\/2b1cf3cd81a31e3cd26889ca66d677f1"},"headline":"Processus \u00e9lectoral\u00a0: Plus de 5000 \u00e9lecteurs radi\u00e9s","datePublished":"2023-10-25T19:54:08+00:00","dateModified":"2023-10-25T21:36:15+00:00","mainEntityOfPage":{"@id":"https:\/\/www.africa-press.net\/comores\/politique\/processus-electoral-plus-de-5000-electeurs-radies"},"wordCount":665,"commentCount":0,"image":{"@id":"https:\/\/www.africa-press.net\/comores\/politique\/processus-electoral-plus-de-5000-electeurs-radies#primaryimage"},"thumbnailUrl":"https:\/\/static.africa-press.net\/centrafricaine\/sites\/48\/2023\/10\/sm_1698253424.32646.jpg","keywords":["Africa Press","Africa Press-Comores","Comores"],"articleSection":["Politique","Toutes les actualit\u00e9s"],"inLanguage":"fr-FR","potentialAction":[{"@type":"CommentAction","name":"Comment","target":["https:\/\/www.africa-press.net\/comores\/politique\/processus-electoral-plus-de-5000-electeurs-radies#respond"]}]},{"@type":"WebPage","@id":"https:\/\/www.africa-press.net\/comores\/politique\/processus-electoral-plus-de-5000-electeurs-radies","url":"https:\/\/www.africa-press.net\/comores\/politique\/processus-electoral-plus-de-5000-electeurs-radies","name":"Processus \u00e9lectoral\u00a0: Plus de 5000 \u00e9lecteurs radi\u00e9s - Comores","isPartOf":{"@id":"https:\/\/www.africa-press.net\/comores\/#website"},"primaryImageOfPage":{"@id":"https:\/\/www.africa-press.net\/comores\/politique\/processus-electoral-plus-de-5000-electeurs-radies#primaryimage"},"image":{"@id":"https:\/\/www.africa-press.net\/comores\/politique\/processus-electoral-plus-de-5000-electeurs-radies#primaryimage"},"thumbnailUrl":"https:\/\/static.africa-press.net\/centrafricaine\/sites\/48\/2023\/10\/sm_1698253424.32646.jpg","datePublished":"2023-10-25T19:54:08+00:00","dateModified":"2023-10-25T21:36:15+00:00","author":{"@id":"https:\/\/www.africa-press.net\/comores\/#\/schema\/person\/2b1cf3cd81a31e3cd26889ca66d677f1"},"description":"A moins de 2 mois de l\u2019ouverture de la campagne pour l\u2019e\u0301lection pre\u0301sidentielle, le pre\u0301sident de la Commission Elec ...","breadcrumb":{"@id":"https:\/\/www.africa-press.net\/comores\/politique\/processus-electoral-plus-de-5000-electeurs-radies#breadcrumb"},"inLanguage":"fr-FR","potentialAction":[{"@type":"ReadAction","target":["https:\/\/www.africa-press.net\/comores\/politique\/processus-electoral-plus-de-5000-electeurs-radies"]}]},{"@type":"ImageObject","inLanguage":"fr-FR","@id":"https:\/\/www.africa-press.net\/comores\/politique\/processus-electoral-plus-de-5000-electeurs-radies#primaryimage","url":"https:\/\/static.africa-press.net\/centrafricaine\/sites\/48\/2023\/10\/sm_1698253424.32646.jpg","contentUrl":"https:\/\/static.africa-press.net\/centrafricaine\/sites\/48\/2023\/10\/sm_1698253424.32646.jpg","width":1556,"height":1167,"caption":"Processus \u00e9lectoral\u00a0: Plus de 5000 \u00e9lecteurs radi\u00e9s"},{"@type":"BreadcrumbList","@id":"https:\/\/www.africa-press.net\/comores\/politique\/processus-electoral-plus-de-5000-electeurs-radies#breadcrumb","itemListElement":[{"@type":"ListItem","position":1,"name":"Accueil","item":"https:\/\/www.africa-press.net\/comores\/"},{"@type":"ListItem","position":2,"name":"Processus \u00e9lectoral\u00a0: Plus de 5000 \u00e9lecteurs radi\u00e9s"}]},{"@type":"WebSite","@id":"https:\/\/www.africa-press.net\/comores\/#website","url":"https:\/\/www.africa-press.net\/comores\/","name":"Comores","description":"Just another Africa News Agency Sites site","potentialAction":[{"@type":"SearchAction","target":{"@type":"EntryPoint","urlTemplate":"https:\/\/www.africa-press.net\/comores\/?s={search_term_string}"},"query-input":{"@type":"PropertyValueSpecification","valueRequired":true,"valueName":"search_term_string"}}],"inLanguage":"fr-FR"},{"@type":"Person","@id":"https:\/\/www.africa-press.net\/comores\/#\/schema\/person\/2b1cf3cd81a31e3cd26889ca66d677f1","name":"cfeditorfr"}]}},"_links":{"self":[{"href":"https:\/\/www.africa-press.net\/comores\/wp-json\/wp\/v2\/posts\/13171","targetHints":{"allow":["GET"]}}],"collection":[{"href":"https:\/\/www.africa-press.net\/comores\/wp-json\/wp\/v2\/posts"}],"about":[{"href":"https:\/\/www.africa-press.net\/comores\/wp-json\/wp\/v2\/types\/post"}],"author":[{"embeddable":true,"href":"https:\/\/www.africa-press.net\/comores\/wp-json\/wp\/v2\/users\/82"}],"replies":[{"embeddable":true,"href":"https:\/\/www.africa-press.net\/comores\/wp-json\/wp\/v2\/comments?post=13171"}],"version-history":[{"count":0,"href":"https:\/\/www.africa-press.net\/comores\/wp-json\/wp\/v2\/posts\/13171\/revisions"}],"wp:featuredmedia":[{"embeddable":true,"href":"https:\/\/www.africa-press.net\/comores\/wp-json\/wp\/v2\/media\/13170"}],"wp:attachment":[{"href":"https:\/\/www.africa-press.net\/comores\/wp-json\/wp\/v2\/media?parent=13171"}],"wp:term":[{"taxonomy":"category","embeddable":true,"href":"https:\/\/www.africa-press.net\/comores\/wp-json\/wp\/v2\/categories?post=13171"},{"taxonomy":"post_tag","embeddable":true,"href":"https:\/\/www.africa-press.net\/comores\/wp-json\/wp\/v2\/tags?post=13171"}],"curies":[{"name":"wp","href":"https:\/\/api.w.org\/{rel}","templated":true}]}}