{"id":13206,"date":"2023-10-26T18:44:00","date_gmt":"2023-10-26T18:44:00","guid":{"rendered":"https:\/\/www.africa-press.net\/comores\/politique\/des-techniciens-de-la-sonelec-aux-mains-de-la-gendarmerie"},"modified":"2023-10-26T20:48:05","modified_gmt":"2023-10-26T20:48:05","slug":"des-techniciens-de-la-sonelec-aux-mains-de-la-gendarmerie","status":"publish","type":"post","link":"https:\/\/www.africa-press.net\/comores\/toutes-les-actualites\/des-techniciens-de-la-sonelec-aux-mains-de-la-gendarmerie","title":{"rendered":"Des techniciens de la SONELEC aux mains de la gendarmerie"},"content":{"rendered":"<p><span style=\"color: #ff6600\"><strong>Africa-Press &#8211; Comores. <\/strong><\/span><b>Dans un point de presse tenu ce mercredi 25 octobre, l\u2019avocat de la socie\u0301te\u0301 nationale d\u2019e\u0301lectricite\u0301 des Comores (SONELEC) Me Idriss Saandi a e\u0301voque\u0301 le vol de 3000 litres de gasoil destine\u0301 a\u0300 l\u2019approvisionnement des groupes de la centrale de Voidjou. Trois agents de la socie\u0301te\u0301 se trouvent de\u0301ja\u0300 aux mains de la gendarmerie. <\/b><\/p>\n<p>Encore un scenario de vol de carburant a\u0300 la centrale de Voidjou. Devant la presse, l\u2019avocat de la socie\u0301te\u0301 a parle\u0301 d\u2019un vol de 3000 litres de gasoil et que trois agents de la centrale sont arre\u0302te\u0301s par la gendarmerie. Selon lui, une enque\u0302te a e\u0301te\u0301 ouverte. \u00ab Comme d\u2019habitude, la socie\u0301te\u0301 comorienne des hydrocarbures (SCH) a livre\u0301 les 65 000 litre a\u0300 la centrale de Voidjou le samedi 21 octobre. Le carburant a e\u0301te\u0301 livre\u0301 en trois phases : 27 000 litres, 11 000 litres et les 27 000 litres. Mais, jusqu\u2019au dimanche 22 octobre, un moteur s\u2019est e\u0301teint. Les techniciens ont fait des diagnostics pour comprendre ce qui se passe. Ils ont constate\u0301 qu\u2019il y a eu un me\u0301lange d\u2019eau et de gasoil. Donc, en tant qu\u2019avocat de la socie\u0301te\u0301, on nous a appele\u0301s mardi dernier pour observer ce qui s\u2019est passe\u0301. Effectivement sur les 65 000 litre livre\u0301s, 3 000 litres ont e\u0301te\u0301 de\u0301tourne\u0301s \u00bb, explique l\u2019avocat de la Sonelec, Me Idris Saadi.<\/p>\n<p>Selon lui, les techniciens qui calculent la gestion du stock ont constate\u0301 que la quantite\u0301 des re\u0301servoirs du moteur e\u0301tait tre\u0300s basse. \u00ab Si le gasoil est tre\u0300s bas, c\u0327a peut se me\u0301langer avec de l\u2019eau qui se trouve toujours en bas du re\u0301servoir. Ce qui fait que si le moteur marche toujours, cela peut causer des proble\u0300mes. Et comme on a de\u0301tourne\u0301 les 3000 litre, les moteurs n\u2019ont pas tenu jusqu\u2019a\u0300 lundi ou mardi pour qu\u2019on livre une autre commande. Donc, les moteurs e\u0301taient oblige\u0301s de fonctionner en supportant ces me\u0301langes. Du coup, un de nos moteurs a la\u0302che\u0301 \u00bb, dit-il.<\/p>\n<p>Et d\u2019ajouter : \u00ab C\u2019est le moteur qu\u2019on vient juste de re\u0301viser pour amortir la situation \u00bb. A en croire Me Idriss, les indices laissent supposer que les agents qui e\u0301taient en service le samedi dernier sont lie\u0301s a\u0300 ce de\u0301tournement du carburant. \u00ab Ils sont de\u0301ja\u0300 arre\u0302te\u0301s par la gendarmerie et l\u2019enque\u0302te se poursuit \u00bb, pre\u0301cise-t-il, tout en appelant tout le personnel de la socie\u0301te\u0301 d\u2019e\u0302tre responsable. Pour rappel, c\u2019est la 5e\u0300me fois que la Sonelec parle d\u2019un de\u0301tournement de carburant. Et l\u2019enque\u0302te n\u2019est jamais alle\u0301e jusqu\u2019au bout. Aucune poursuite judiciaire ni condamnation pour fait de vol, ce qui soule\u0300ve des interrogations sur les ve\u0301ritables causes des coupures intempestives d\u2019e\u0301lectricite\u0301 devenues syste\u0301matique, malgre\u0301 les investissements lourds consentis ces dix dernie\u0300res anne\u0301es par l\u2019Etat.<\/p>\n<p><b>Encadre\u0301<\/b><br \/>\n<b>Selon un technicien de la socie\u0301te\u0301 interroge\u0301 a\u0300 ce sujet, \u00ab ces agents arre\u0302te\u0301s n\u2019avaient e\u0301te\u0301 attrape\u0301s en possession de bidon ni de quoi que mettre cette grosse quantite\u0301 de gasoil. Mais, juste qu\u2019ils e\u0301taient en service le jour de la panne. Ce ne sont pas eux qui e\u0301taient en service le soir. Et par coi\u0308ncidence, c\u2019est le moteur qui vient d\u2019e\u0302tre re\u0301vise\u0301 qui a la\u0302che\u0301 \u00bb. Ce dernier tient aussi a\u0300 souligner que la cause e\u0301voque\u0301e par l\u2019avocat de la socie\u0301te\u0301 ne tient pas debout. \u00ab Le monteur en question e\u0301tait constitue\u0301 par des pie\u0300ces qui en vrac. C\u2019est-a\u0300-dire des pie\u0300ces de re\u0301cupe\u0301ration. Il n\u2019y avait aucune pie\u0300ce neuve \u00bb, affirme-t-il. <\/b><\/p>\n<p><strong>Pour plus d&rsquo;informations et d&rsquo;analyses sur la <a href=\"https:\/\/www.africa-press.net\/comores\">Comores<\/a>, suivez <a href=\"https:\/\/www.africa-press.net\/\">Africa-Press<\/a><\/strong><\/p>\n","protected":false},"excerpt":{"rendered":"<p>Africa-Press &#8211; Comores. Dans un point de presse tenu ce mercredi 25 octobre, l\u2019avocat de la socie\u0301te\u0301 nationale d\u2019e\u0301lectricite\u0301 des Comores (SONELEC) Me Idriss Saandi a e\u0301voque\u0301 le vol de 3000 litres de gasoil destine\u0301 a\u0300 l\u2019approvisionnement des groupes de la centrale de Voidjou. Trois agents de la socie\u0301te\u0301 se trouvent de\u0301ja\u0300 aux mains de [&hellip;]<\/p>\n","protected":false},"author":82,"featured_media":13205,"comment_status":"open","ping_status":"closed","sticky":false,"template":"","format":"standard","meta":{"footnotes":""},"categories":[21,10],"tags":[36,53,45],"class_list":["post-13206","post","type-post","status-publish","format-standard","has-post-thumbnail","hentry","category-communaute","category-toutes-les-actualites","tag-africa-press","tag-africa-press-comores","tag-comores"],"yoast_head":"<!-- This site is optimized with the Yoast SEO Premium plugin v26.1 (Yoast SEO v27.0) - https:\/\/yoast.com\/product\/yoast-seo-premium-wordpress\/ -->\n<title>Des techniciens de la SONELEC aux mains de la gendarmerie - Comores<\/title>\n<meta name=\"description\" content=\"Dans un point de presse tenu ce mercredi 25 octobre, l\u2019avocat de la socie\u0301te\u0301 nationale d\u2019e\u0301lectricite\u0301 des Comores ( ...\" \/>\n<meta name=\"robots\" content=\"index, follow, max-snippet:-1, max-image-preview:large, max-video-preview:-1\" \/>\n<link rel=\"canonical\" href=\"https:\/\/www.africa-press.net\/comores\/toutes-les-actualites\/des-techniciens-de-la-sonelec-aux-mains-de-la-gendarmerie\" \/>\n<meta property=\"og:locale\" content=\"fr_FR\" \/>\n<meta property=\"og:type\" content=\"article\" \/>\n<meta property=\"og:title\" content=\"Des techniciens de la SONELEC aux mains de la gendarmerie\" \/>\n<meta property=\"og:description\" content=\"Dans un point de presse tenu ce mercredi 25 octobre, l\u2019avocat de la socie\u0301te\u0301 nationale d\u2019e\u0301lectricite\u0301 des Comores ( ...\" \/>\n<meta property=\"og:url\" content=\"https:\/\/www.africa-press.net\/comores\/toutes-les-actualites\/des-techniciens-de-la-sonelec-aux-mains-de-la-gendarmerie\" \/>\n<meta property=\"og:site_name\" content=\"Comores\" \/>\n<meta property=\"article:published_time\" content=\"2023-10-26T18:44:00+00:00\" \/>\n<meta property=\"article:modified_time\" content=\"2023-10-26T20:48:05+00:00\" \/>\n<meta property=\"og:image\" content=\"https:\/\/static.africa-press.net\/centrafricaine\/sites\/48\/2023\/10\/sm_1698336954.074625.jpg\" \/>\n\t<meta property=\"og:image:width\" content=\"1280\" \/>\n\t<meta property=\"og:image:height\" content=\"720\" \/>\n\t<meta property=\"og:image:type\" content=\"image\/jpeg\" \/>\n<meta name=\"author\" content=\"cfeditorfr\" \/>\n<meta name=\"twitter:card\" content=\"summary_large_image\" \/>\n<meta name=\"twitter:label1\" content=\"\u00c9crit par\" \/>\n\t<meta name=\"twitter:data1\" content=\"cfeditorfr\" \/>\n\t<meta name=\"twitter:label2\" content=\"Dur\u00e9e de lecture estim\u00e9e\" \/>\n\t<meta name=\"twitter:data2\" content=\"3 minutes\" \/>\n<script type=\"application\/ld+json\" class=\"yoast-schema-graph\">{\"@context\":\"https:\/\/schema.org\",\"@graph\":[{\"@type\":\"Article\",\"@id\":\"https:\/\/www.africa-press.net\/comores\/toutes-les-actualites\/des-techniciens-de-la-sonelec-aux-mains-de-la-gendarmerie#article\",\"isPartOf\":{\"@id\":\"https:\/\/www.africa-press.net\/comores\/toutes-les-actualites\/des-techniciens-de-la-sonelec-aux-mains-de-la-gendarmerie\"},\"author\":{\"name\":\"cfeditorfr\",\"@id\":\"https:\/\/www.africa-press.net\/comores\/#\/schema\/person\/2b1cf3cd81a31e3cd26889ca66d677f1\"},\"headline\":\"Des techniciens de la SONELEC aux mains de la gendarmerie\",\"datePublished\":\"2023-10-26T18:44:00+00:00\",\"dateModified\":\"2023-10-26T20:48:05+00:00\",\"mainEntityOfPage\":{\"@id\":\"https:\/\/www.africa-press.net\/comores\/toutes-les-actualites\/des-techniciens-de-la-sonelec-aux-mains-de-la-gendarmerie\"},\"wordCount\":663,\"commentCount\":0,\"image\":{\"@id\":\"https:\/\/www.africa-press.net\/comores\/toutes-les-actualites\/des-techniciens-de-la-sonelec-aux-mains-de-la-gendarmerie#primaryimage\"},\"thumbnailUrl\":\"https:\/\/static.africa-press.net\/centrafricaine\/sites\/48\/2023\/10\/sm_1698336954.074625.jpg\",\"keywords\":[\"Africa Press\",\"Africa Press-Comores\",\"Comores\"],\"articleSection\":[\"Communaut\u00e9\",\"Toutes les actualit\u00e9s\"],\"inLanguage\":\"fr-FR\",\"potentialAction\":[{\"@type\":\"CommentAction\",\"name\":\"Comment\",\"target\":[\"https:\/\/www.africa-press.net\/comores\/toutes-les-actualites\/des-techniciens-de-la-sonelec-aux-mains-de-la-gendarmerie#respond\"]}]},{\"@type\":\"WebPage\",\"@id\":\"https:\/\/www.africa-press.net\/comores\/toutes-les-actualites\/des-techniciens-de-la-sonelec-aux-mains-de-la-gendarmerie\",\"url\":\"https:\/\/www.africa-press.net\/comores\/toutes-les-actualites\/des-techniciens-de-la-sonelec-aux-mains-de-la-gendarmerie\",\"name\":\"Des techniciens de la SONELEC aux mains de la gendarmerie - Comores\",\"isPartOf\":{\"@id\":\"https:\/\/www.africa-press.net\/comores\/#website\"},\"primaryImageOfPage\":{\"@id\":\"https:\/\/www.africa-press.net\/comores\/toutes-les-actualites\/des-techniciens-de-la-sonelec-aux-mains-de-la-gendarmerie#primaryimage\"},\"image\":{\"@id\":\"https:\/\/www.africa-press.net\/comores\/toutes-les-actualites\/des-techniciens-de-la-sonelec-aux-mains-de-la-gendarmerie#primaryimage\"},\"thumbnailUrl\":\"https:\/\/static.africa-press.net\/centrafricaine\/sites\/48\/2023\/10\/sm_1698336954.074625.jpg\",\"datePublished\":\"2023-10-26T18:44:00+00:00\",\"dateModified\":\"2023-10-26T20:48:05+00:00\",\"author\":{\"@id\":\"https:\/\/www.africa-press.net\/comores\/#\/schema\/person\/2b1cf3cd81a31e3cd26889ca66d677f1\"},\"description\":\"Dans un point de presse tenu ce mercredi 25 octobre, l\u2019avocat de la socie\u0301te\u0301 nationale d\u2019e\u0301lectricite\u0301 des Comores ( ...\",\"breadcrumb\":{\"@id\":\"https:\/\/www.africa-press.net\/comores\/toutes-les-actualites\/des-techniciens-de-la-sonelec-aux-mains-de-la-gendarmerie#breadcrumb\"},\"inLanguage\":\"fr-FR\",\"potentialAction\":[{\"@type\":\"ReadAction\",\"target\":[\"https:\/\/www.africa-press.net\/comores\/toutes-les-actualites\/des-techniciens-de-la-sonelec-aux-mains-de-la-gendarmerie\"]}]},{\"@type\":\"ImageObject\",\"inLanguage\":\"fr-FR\",\"@id\":\"https:\/\/www.africa-press.net\/comores\/toutes-les-actualites\/des-techniciens-de-la-sonelec-aux-mains-de-la-gendarmerie#primaryimage\",\"url\":\"https:\/\/static.africa-press.net\/centrafricaine\/sites\/48\/2023\/10\/sm_1698336954.074625.jpg\",\"contentUrl\":\"https:\/\/static.africa-press.net\/centrafricaine\/sites\/48\/2023\/10\/sm_1698336954.074625.jpg\",\"width\":1280,\"height\":720,\"caption\":\"Des techniciens de la SONELEC aux mains de la gendarmerie\"},{\"@type\":\"BreadcrumbList\",\"@id\":\"https:\/\/www.africa-press.net\/comores\/toutes-les-actualites\/des-techniciens-de-la-sonelec-aux-mains-de-la-gendarmerie#breadcrumb\",\"itemListElement\":[{\"@type\":\"ListItem\",\"position\":1,\"name\":\"Accueil\",\"item\":\"https:\/\/www.africa-press.net\/comores\/\"},{\"@type\":\"ListItem\",\"position\":2,\"name\":\"Des techniciens de la SONELEC aux mains de la gendarmerie\"}]},{\"@type\":\"WebSite\",\"@id\":\"https:\/\/www.africa-press.net\/comores\/#website\",\"url\":\"https:\/\/www.africa-press.net\/comores\/\",\"name\":\"Comores\",\"description\":\"Just another Africa News Agency Sites site\",\"potentialAction\":[{\"@type\":\"SearchAction\",\"target\":{\"@type\":\"EntryPoint\",\"urlTemplate\":\"https:\/\/www.africa-press.net\/comores\/?s={search_term_string}\"},\"query-input\":{\"@type\":\"PropertyValueSpecification\",\"valueRequired\":true,\"valueName\":\"search_term_string\"}}],\"inLanguage\":\"fr-FR\"},{\"@type\":\"Person\",\"@id\":\"https:\/\/www.africa-press.net\/comores\/#\/schema\/person\/2b1cf3cd81a31e3cd26889ca66d677f1\",\"name\":\"cfeditorfr\"}]}<\/script>\n<!-- \/ Yoast SEO Premium plugin. -->","yoast_head_json":{"title":"Des techniciens de la SONELEC aux mains de la gendarmerie - Comores","description":"Dans un point de presse tenu ce mercredi 25 octobre, l\u2019avocat de la socie\u0301te\u0301 nationale d\u2019e\u0301lectricite\u0301 des Comores ( ...","robots":{"index":"index","follow":"follow","max-snippet":"max-snippet:-1","max-image-preview":"max-image-preview:large","max-video-preview":"max-video-preview:-1"},"canonical":"https:\/\/www.africa-press.net\/comores\/toutes-les-actualites\/des-techniciens-de-la-sonelec-aux-mains-de-la-gendarmerie","og_locale":"fr_FR","og_type":"article","og_title":"Des techniciens de la SONELEC aux mains de la gendarmerie","og_description":"Dans un point de presse tenu ce mercredi 25 octobre, l\u2019avocat de la socie\u0301te\u0301 nationale d\u2019e\u0301lectricite\u0301 des Comores ( ...","og_url":"https:\/\/www.africa-press.net\/comores\/toutes-les-actualites\/des-techniciens-de-la-sonelec-aux-mains-de-la-gendarmerie","og_site_name":"Comores","article_published_time":"2023-10-26T18:44:00+00:00","article_modified_time":"2023-10-26T20:48:05+00:00","og_image":[{"width":1280,"height":720,"url":"https:\/\/static.africa-press.net\/centrafricaine\/sites\/48\/2023\/10\/sm_1698336954.074625.jpg","type":"image\/jpeg"}],"author":"cfeditorfr","twitter_card":"summary_large_image","twitter_misc":{"\u00c9crit par":"cfeditorfr","Dur\u00e9e de lecture estim\u00e9e":"3 minutes"},"schema":{"@context":"https:\/\/schema.org","@graph":[{"@type":"Article","@id":"https:\/\/www.africa-press.net\/comores\/toutes-les-actualites\/des-techniciens-de-la-sonelec-aux-mains-de-la-gendarmerie#article","isPartOf":{"@id":"https:\/\/www.africa-press.net\/comores\/toutes-les-actualites\/des-techniciens-de-la-sonelec-aux-mains-de-la-gendarmerie"},"author":{"name":"cfeditorfr","@id":"https:\/\/www.africa-press.net\/comores\/#\/schema\/person\/2b1cf3cd81a31e3cd26889ca66d677f1"},"headline":"Des techniciens de la SONELEC aux mains de la gendarmerie","datePublished":"2023-10-26T18:44:00+00:00","dateModified":"2023-10-26T20:48:05+00:00","mainEntityOfPage":{"@id":"https:\/\/www.africa-press.net\/comores\/toutes-les-actualites\/des-techniciens-de-la-sonelec-aux-mains-de-la-gendarmerie"},"wordCount":663,"commentCount":0,"image":{"@id":"https:\/\/www.africa-press.net\/comores\/toutes-les-actualites\/des-techniciens-de-la-sonelec-aux-mains-de-la-gendarmerie#primaryimage"},"thumbnailUrl":"https:\/\/static.africa-press.net\/centrafricaine\/sites\/48\/2023\/10\/sm_1698336954.074625.jpg","keywords":["Africa Press","Africa Press-Comores","Comores"],"articleSection":["Communaut\u00e9","Toutes les actualit\u00e9s"],"inLanguage":"fr-FR","potentialAction":[{"@type":"CommentAction","name":"Comment","target":["https:\/\/www.africa-press.net\/comores\/toutes-les-actualites\/des-techniciens-de-la-sonelec-aux-mains-de-la-gendarmerie#respond"]}]},{"@type":"WebPage","@id":"https:\/\/www.africa-press.net\/comores\/toutes-les-actualites\/des-techniciens-de-la-sonelec-aux-mains-de-la-gendarmerie","url":"https:\/\/www.africa-press.net\/comores\/toutes-les-actualites\/des-techniciens-de-la-sonelec-aux-mains-de-la-gendarmerie","name":"Des techniciens de la SONELEC aux mains de la gendarmerie - Comores","isPartOf":{"@id":"https:\/\/www.africa-press.net\/comores\/#website"},"primaryImageOfPage":{"@id":"https:\/\/www.africa-press.net\/comores\/toutes-les-actualites\/des-techniciens-de-la-sonelec-aux-mains-de-la-gendarmerie#primaryimage"},"image":{"@id":"https:\/\/www.africa-press.net\/comores\/toutes-les-actualites\/des-techniciens-de-la-sonelec-aux-mains-de-la-gendarmerie#primaryimage"},"thumbnailUrl":"https:\/\/static.africa-press.net\/centrafricaine\/sites\/48\/2023\/10\/sm_1698336954.074625.jpg","datePublished":"2023-10-26T18:44:00+00:00","dateModified":"2023-10-26T20:48:05+00:00","author":{"@id":"https:\/\/www.africa-press.net\/comores\/#\/schema\/person\/2b1cf3cd81a31e3cd26889ca66d677f1"},"description":"Dans un point de presse tenu ce mercredi 25 octobre, l\u2019avocat de la socie\u0301te\u0301 nationale d\u2019e\u0301lectricite\u0301 des Comores ( ...","breadcrumb":{"@id":"https:\/\/www.africa-press.net\/comores\/toutes-les-actualites\/des-techniciens-de-la-sonelec-aux-mains-de-la-gendarmerie#breadcrumb"},"inLanguage":"fr-FR","potentialAction":[{"@type":"ReadAction","target":["https:\/\/www.africa-press.net\/comores\/toutes-les-actualites\/des-techniciens-de-la-sonelec-aux-mains-de-la-gendarmerie"]}]},{"@type":"ImageObject","inLanguage":"fr-FR","@id":"https:\/\/www.africa-press.net\/comores\/toutes-les-actualites\/des-techniciens-de-la-sonelec-aux-mains-de-la-gendarmerie#primaryimage","url":"https:\/\/static.africa-press.net\/centrafricaine\/sites\/48\/2023\/10\/sm_1698336954.074625.jpg","contentUrl":"https:\/\/static.africa-press.net\/centrafricaine\/sites\/48\/2023\/10\/sm_1698336954.074625.jpg","width":1280,"height":720,"caption":"Des techniciens de la SONELEC aux mains de la gendarmerie"},{"@type":"BreadcrumbList","@id":"https:\/\/www.africa-press.net\/comores\/toutes-les-actualites\/des-techniciens-de-la-sonelec-aux-mains-de-la-gendarmerie#breadcrumb","itemListElement":[{"@type":"ListItem","position":1,"name":"Accueil","item":"https:\/\/www.africa-press.net\/comores\/"},{"@type":"ListItem","position":2,"name":"Des techniciens de la SONELEC aux mains de la gendarmerie"}]},{"@type":"WebSite","@id":"https:\/\/www.africa-press.net\/comores\/#website","url":"https:\/\/www.africa-press.net\/comores\/","name":"Comores","description":"Just another Africa News Agency Sites site","potentialAction":[{"@type":"SearchAction","target":{"@type":"EntryPoint","urlTemplate":"https:\/\/www.africa-press.net\/comores\/?s={search_term_string}"},"query-input":{"@type":"PropertyValueSpecification","valueRequired":true,"valueName":"search_term_string"}}],"inLanguage":"fr-FR"},{"@type":"Person","@id":"https:\/\/www.africa-press.net\/comores\/#\/schema\/person\/2b1cf3cd81a31e3cd26889ca66d677f1","name":"cfeditorfr"}]}},"_links":{"self":[{"href":"https:\/\/www.africa-press.net\/comores\/wp-json\/wp\/v2\/posts\/13206","targetHints":{"allow":["GET"]}}],"collection":[{"href":"https:\/\/www.africa-press.net\/comores\/wp-json\/wp\/v2\/posts"}],"about":[{"href":"https:\/\/www.africa-press.net\/comores\/wp-json\/wp\/v2\/types\/post"}],"author":[{"embeddable":true,"href":"https:\/\/www.africa-press.net\/comores\/wp-json\/wp\/v2\/users\/82"}],"replies":[{"embeddable":true,"href":"https:\/\/www.africa-press.net\/comores\/wp-json\/wp\/v2\/comments?post=13206"}],"version-history":[{"count":0,"href":"https:\/\/www.africa-press.net\/comores\/wp-json\/wp\/v2\/posts\/13206\/revisions"}],"wp:featuredmedia":[{"embeddable":true,"href":"https:\/\/www.africa-press.net\/comores\/wp-json\/wp\/v2\/media\/13205"}],"wp:attachment":[{"href":"https:\/\/www.africa-press.net\/comores\/wp-json\/wp\/v2\/media?parent=13206"}],"wp:term":[{"taxonomy":"category","embeddable":true,"href":"https:\/\/www.africa-press.net\/comores\/wp-json\/wp\/v2\/categories?post=13206"},{"taxonomy":"post_tag","embeddable":true,"href":"https:\/\/www.africa-press.net\/comores\/wp-json\/wp\/v2\/tags?post=13206"}],"curies":[{"name":"wp","href":"https:\/\/api.w.org\/{rel}","templated":true}]}}