{"id":13208,"date":"2023-10-26T18:46:20","date_gmt":"2023-10-26T18:46:20","guid":{"rendered":"https:\/\/www.africa-press.net\/comores\/politique\/presidentielle-2024-fahmi-said-ibrahim-candidat-a-la-primaire-de-juwa"},"modified":"2023-10-26T20:48:39","modified_gmt":"2023-10-26T20:48:39","slug":"presidentielle-2024-fahmi-said-ibrahim-candidat-a-la-primaire-de-juwa","status":"publish","type":"post","link":"https:\/\/www.africa-press.net\/comores\/politique\/presidentielle-2024-fahmi-said-ibrahim-candidat-a-la-primaire-de-juwa","title":{"rendered":"Pr\u00e9sidentielle 2024 :  Fahmi Sa\u00efd Ibrahim candidat \u00e0 la primaire de Juwa"},"content":{"rendered":"<p><span style=\"color: #ff6600\"><strong>Africa-Press &#8211; Comores. <\/strong><\/span><b>L\u2019ancien ministre des affaires e\u0301trange\u0300res Fahmi Sai\u0308d Ibrahim a annonce\u0301 hier sa candidature a\u0300 la primaire du parti Juwa, pre\u0301vue ce 29 octobre en vue de la pre\u0301sidentielle de janvier 2024. Il est, pour l\u2019heure, le seul membre issu de ladite formation politique a\u0300 faire une telle de\u0301claration. Il s\u2019engage une fois e\u0301lu chef de l\u2019E\u0301tat a\u0300 e\u0301couter son mandat et confier les re\u0302nes a\u0300 un ressortissant d\u2019Anjouan.<\/b><\/p>\n<p>C\u2019est dans une vide\u0301o relaye\u0301e par Comores Infos que Fahmi Sai\u0308d Ibrahim a annonce\u0301 e\u0302tre candidat a\u0300 la primaire du parti Juwa, pre\u0301vue se de\u0301rouler ce dimanche 29 octobre. \u00ab Je suis candidat a\u0300 la primaire du parti Juwa pre\u0301vue ce dimanche \u00bb lance l\u2019ancien de\u0301pute\u0301 d\u2019Istandra dans une vide\u0301o visiblement pre\u0301enregistre\u0301e depuis Paris, puisqu\u2019au moment de la diffusion l\u2019inte\u0301resse\u0301 e\u0301tait de\u0301ja\u0300 dans l\u2019avion pour Moroni. Alors qu\u2019une partie de l\u2019opposition bat campagne pour le boycott, M. Fahmi soutient mordicus que \u00ab la seule \u00bb option pour arriver au pouvoir c\u2019est \u00ab le vote \u00bb. \u00ab Je suis persuade\u0301 qu\u2019au stade ou\u0300 nous en sommes, chacune et chacun d\u2019entre nous appelle de ses v\u0153ux le retour de la de\u0301mocratie \u00bb, souligne celui qui, indirectement, fustige les me\u0301thodes de\u0301crie\u0301es du re\u0301gime en place vis-a\u0300-vis des institutions mais aussi de l\u2019opposition.<\/p>\n<p>Cet avocat de 59 ans connu par son inte\u0301grite\u0301 s\u2019engage, une fois e\u0301lu pre\u0301sident de la Re\u0301publique, a\u0300 faire renaitre de ses cendres l\u2019Accord de Fomboni, de\u0301pouille\u0301 de son esprit lors des reformes constitutionnelles de 2018, organise\u0301es contre vents et mare\u0301es. Comme pour affirmer son attachement profond a\u0300 cet engagement solennel, il annonce qu\u2019il mettra en place un ministe\u0300re de\u0301die\u0301 a\u0300 cette cause : \u00ab Je nommerai un ministre d\u2019E\u0301tat charge\u0301 de la re\u0301conciliation et de la re\u0301forme. Il aura pour mission d\u2019e\u0301laborer un projet de loi qui va e\u0302tre fide\u0300le a\u0300 l\u2019Accord de Fomboni. Je vais e\u0301galement gracier les prisonniers politiques. D\u2019ailleurs, c\u0327a sera mon tout premier de\u0301cret \u00bb. Parmi les opposants politiques qui sont jete\u0301s en prison, l\u2019ancien chef de l\u2019E\u0301tat et pre\u0301sident d\u2019honneur du parti Juwa, Ahmed Abdallah Sambi, ainsi que le gouverneur de\u0301chu d\u2019Anjouan, Abdou Salami Abdou de\u0301tenus depuis mai et octobre 2018.<\/p>\n<p>Autres promesse e\u0301lectorale phare, la gratuite\u0301 des services des urgences des ho\u0302pitaux publics. Les couts inhe\u0301rents seront supporte\u0301s par l\u2019E\u0301tat, a\u0300 l\u2019en croire. \u00ab J\u2019espe\u0300re que le parti Juwa et ses militants vont faire le bon choix en me choisissant (le 29 octobre) pour e\u0302tre leur candidat a\u0300 la pre\u0301sidentielle \u00bb, espe\u0300re-t-il, tout en s\u2019engageant a\u0300 s\u2019aligner sur le choix de la majorite\u0301 si d\u2019aventure il n\u2019est pas e\u0301lu.<\/p>\n<p><strong>Pour plus d&rsquo;informations et d&rsquo;analyses sur la <a href=\"https:\/\/www.africa-press.net\/comores\">Comores<\/a>, suivez <a href=\"https:\/\/www.africa-press.net\/\">Africa-Press<\/a><\/strong><\/p>\n","protected":false},"excerpt":{"rendered":"<p>Africa-Press &#8211; Comores. L\u2019ancien ministre des affaires e\u0301trange\u0300res Fahmi Sai\u0308d Ibrahim a annonce\u0301 hier sa candidature a\u0300 la primaire du parti Juwa, pre\u0301vue ce 29 octobre en vue de la pre\u0301sidentielle de janvier 2024. Il est, pour l\u2019heure, le seul membre issu de ladite formation politique a\u0300 faire une telle de\u0301claration. Il s\u2019engage une fois [&hellip;]<\/p>\n","protected":false},"author":82,"featured_media":13207,"comment_status":"open","ping_status":"closed","sticky":false,"template":"","format":"standard","meta":{"footnotes":""},"categories":[4,2,20,10],"tags":[36,53,45],"class_list":["post-13208","post","type-post","status-publish","format-standard","has-post-thumbnail","hentry","category-parties","category-politique","category-top-nouvelles","category-toutes-les-actualites","tag-africa-press","tag-africa-press-comores","tag-comores"],"yoast_head":"<!-- This site is optimized with the Yoast SEO Premium plugin v26.1 (Yoast SEO v27.0) - https:\/\/yoast.com\/product\/yoast-seo-premium-wordpress\/ -->\n<title>Pr\u00e9sidentielle 2024 : Fahmi Sa\u00efd Ibrahim candidat \u00e0 la primaire de Juwa - Comores<\/title>\n<meta name=\"description\" content=\"L\u2019ancien ministre des affaires e\u0301trange\u0300res Fahmi Sai\u0308d Ibrahim a annonce\u0301 hier sa candidature a\u0300 la primaire du part ...\" \/>\n<meta name=\"robots\" content=\"index, follow, max-snippet:-1, max-image-preview:large, max-video-preview:-1\" \/>\n<link rel=\"canonical\" href=\"https:\/\/www.africa-press.net\/comores\/politique\/presidentielle-2024-fahmi-said-ibrahim-candidat-a-la-primaire-de-juwa\" \/>\n<meta property=\"og:locale\" content=\"fr_FR\" \/>\n<meta property=\"og:type\" content=\"article\" \/>\n<meta property=\"og:title\" content=\"Pr\u00e9sidentielle 2024 : Fahmi Sa\u00efd Ibrahim candidat \u00e0 la primaire de Juwa\" \/>\n<meta property=\"og:description\" content=\"L\u2019ancien ministre des affaires e\u0301trange\u0300res Fahmi Sai\u0308d Ibrahim a annonce\u0301 hier sa candidature a\u0300 la primaire du part ...\" \/>\n<meta property=\"og:url\" content=\"https:\/\/www.africa-press.net\/comores\/politique\/presidentielle-2024-fahmi-said-ibrahim-candidat-a-la-primaire-de-juwa\" \/>\n<meta property=\"og:site_name\" content=\"Comores\" \/>\n<meta property=\"article:published_time\" content=\"2023-10-26T18:46:20+00:00\" \/>\n<meta property=\"article:modified_time\" content=\"2023-10-26T20:48:39+00:00\" \/>\n<meta property=\"og:image\" content=\"https:\/\/static.africa-press.net\/centrafricaine\/sites\/48\/2023\/10\/sm_1698336993.069156.jpg\" \/>\n\t<meta property=\"og:image:width\" content=\"800\" \/>\n\t<meta property=\"og:image:height\" content=\"800\" \/>\n\t<meta property=\"og:image:type\" content=\"image\/jpeg\" \/>\n<meta name=\"author\" content=\"cfeditorfr\" \/>\n<meta name=\"twitter:card\" content=\"summary_large_image\" \/>\n<meta name=\"twitter:label1\" content=\"\u00c9crit par\" \/>\n\t<meta name=\"twitter:data1\" content=\"cfeditorfr\" \/>\n\t<meta name=\"twitter:label2\" content=\"Dur\u00e9e de lecture estim\u00e9e\" \/>\n\t<meta name=\"twitter:data2\" content=\"3 minutes\" \/>\n<script type=\"application\/ld+json\" class=\"yoast-schema-graph\">{\"@context\":\"https:\/\/schema.org\",\"@graph\":[{\"@type\":\"Article\",\"@id\":\"https:\/\/www.africa-press.net\/comores\/politique\/presidentielle-2024-fahmi-said-ibrahim-candidat-a-la-primaire-de-juwa#article\",\"isPartOf\":{\"@id\":\"https:\/\/www.africa-press.net\/comores\/politique\/presidentielle-2024-fahmi-said-ibrahim-candidat-a-la-primaire-de-juwa\"},\"author\":{\"name\":\"cfeditorfr\",\"@id\":\"https:\/\/www.africa-press.net\/comores\/#\/schema\/person\/2b1cf3cd81a31e3cd26889ca66d677f1\"},\"headline\":\"Pr\u00e9sidentielle 2024 : Fahmi Sa\u00efd Ibrahim candidat \u00e0 la primaire de Juwa\",\"datePublished\":\"2023-10-26T18:46:20+00:00\",\"dateModified\":\"2023-10-26T20:48:39+00:00\",\"mainEntityOfPage\":{\"@id\":\"https:\/\/www.africa-press.net\/comores\/politique\/presidentielle-2024-fahmi-said-ibrahim-candidat-a-la-primaire-de-juwa\"},\"wordCount\":528,\"commentCount\":0,\"image\":{\"@id\":\"https:\/\/www.africa-press.net\/comores\/politique\/presidentielle-2024-fahmi-said-ibrahim-candidat-a-la-primaire-de-juwa#primaryimage\"},\"thumbnailUrl\":\"https:\/\/static.africa-press.net\/centrafricaine\/sites\/48\/2023\/10\/sm_1698336993.069156.jpg\",\"keywords\":[\"Africa Press\",\"Africa Press-Comores\",\"Comores\"],\"articleSection\":[\"Parties\",\"Politique\",\"Top Nouvelles\",\"Toutes les actualit\u00e9s\"],\"inLanguage\":\"fr-FR\",\"potentialAction\":[{\"@type\":\"CommentAction\",\"name\":\"Comment\",\"target\":[\"https:\/\/www.africa-press.net\/comores\/politique\/presidentielle-2024-fahmi-said-ibrahim-candidat-a-la-primaire-de-juwa#respond\"]}]},{\"@type\":\"WebPage\",\"@id\":\"https:\/\/www.africa-press.net\/comores\/politique\/presidentielle-2024-fahmi-said-ibrahim-candidat-a-la-primaire-de-juwa\",\"url\":\"https:\/\/www.africa-press.net\/comores\/politique\/presidentielle-2024-fahmi-said-ibrahim-candidat-a-la-primaire-de-juwa\",\"name\":\"Pr\u00e9sidentielle 2024 : Fahmi Sa\u00efd Ibrahim candidat \u00e0 la primaire de Juwa - Comores\",\"isPartOf\":{\"@id\":\"https:\/\/www.africa-press.net\/comores\/#website\"},\"primaryImageOfPage\":{\"@id\":\"https:\/\/www.africa-press.net\/comores\/politique\/presidentielle-2024-fahmi-said-ibrahim-candidat-a-la-primaire-de-juwa#primaryimage\"},\"image\":{\"@id\":\"https:\/\/www.africa-press.net\/comores\/politique\/presidentielle-2024-fahmi-said-ibrahim-candidat-a-la-primaire-de-juwa#primaryimage\"},\"thumbnailUrl\":\"https:\/\/static.africa-press.net\/centrafricaine\/sites\/48\/2023\/10\/sm_1698336993.069156.jpg\",\"datePublished\":\"2023-10-26T18:46:20+00:00\",\"dateModified\":\"2023-10-26T20:48:39+00:00\",\"author\":{\"@id\":\"https:\/\/www.africa-press.net\/comores\/#\/schema\/person\/2b1cf3cd81a31e3cd26889ca66d677f1\"},\"description\":\"L\u2019ancien ministre des affaires e\u0301trange\u0300res Fahmi Sai\u0308d Ibrahim a annonce\u0301 hier sa candidature a\u0300 la primaire du part ...\",\"breadcrumb\":{\"@id\":\"https:\/\/www.africa-press.net\/comores\/politique\/presidentielle-2024-fahmi-said-ibrahim-candidat-a-la-primaire-de-juwa#breadcrumb\"},\"inLanguage\":\"fr-FR\",\"potentialAction\":[{\"@type\":\"ReadAction\",\"target\":[\"https:\/\/www.africa-press.net\/comores\/politique\/presidentielle-2024-fahmi-said-ibrahim-candidat-a-la-primaire-de-juwa\"]}]},{\"@type\":\"ImageObject\",\"inLanguage\":\"fr-FR\",\"@id\":\"https:\/\/www.africa-press.net\/comores\/politique\/presidentielle-2024-fahmi-said-ibrahim-candidat-a-la-primaire-de-juwa#primaryimage\",\"url\":\"https:\/\/static.africa-press.net\/centrafricaine\/sites\/48\/2023\/10\/sm_1698336993.069156.jpg\",\"contentUrl\":\"https:\/\/static.africa-press.net\/centrafricaine\/sites\/48\/2023\/10\/sm_1698336993.069156.jpg\",\"width\":800,\"height\":800,\"caption\":\"Pr\u00e9sidentielle 2024 : Fahmi Sa\u00efd Ibrahim candidat \u00e0 la primaire de Juwa\"},{\"@type\":\"BreadcrumbList\",\"@id\":\"https:\/\/www.africa-press.net\/comores\/politique\/presidentielle-2024-fahmi-said-ibrahim-candidat-a-la-primaire-de-juwa#breadcrumb\",\"itemListElement\":[{\"@type\":\"ListItem\",\"position\":1,\"name\":\"Accueil\",\"item\":\"https:\/\/www.africa-press.net\/comores\/\"},{\"@type\":\"ListItem\",\"position\":2,\"name\":\"Pr\u00e9sidentielle 2024 : Fahmi Sa\u00efd Ibrahim candidat \u00e0 la primaire de Juwa\"}]},{\"@type\":\"WebSite\",\"@id\":\"https:\/\/www.africa-press.net\/comores\/#website\",\"url\":\"https:\/\/www.africa-press.net\/comores\/\",\"name\":\"Comores\",\"description\":\"Just another Africa News Agency Sites site\",\"potentialAction\":[{\"@type\":\"SearchAction\",\"target\":{\"@type\":\"EntryPoint\",\"urlTemplate\":\"https:\/\/www.africa-press.net\/comores\/?s={search_term_string}\"},\"query-input\":{\"@type\":\"PropertyValueSpecification\",\"valueRequired\":true,\"valueName\":\"search_term_string\"}}],\"inLanguage\":\"fr-FR\"},{\"@type\":\"Person\",\"@id\":\"https:\/\/www.africa-press.net\/comores\/#\/schema\/person\/2b1cf3cd81a31e3cd26889ca66d677f1\",\"name\":\"cfeditorfr\"}]}<\/script>\n<!-- \/ Yoast SEO Premium plugin. -->","yoast_head_json":{"title":"Pr\u00e9sidentielle 2024 : Fahmi Sa\u00efd Ibrahim candidat \u00e0 la primaire de Juwa - Comores","description":"L\u2019ancien ministre des affaires e\u0301trange\u0300res Fahmi Sai\u0308d Ibrahim a annonce\u0301 hier sa candidature a\u0300 la primaire du part ...","robots":{"index":"index","follow":"follow","max-snippet":"max-snippet:-1","max-image-preview":"max-image-preview:large","max-video-preview":"max-video-preview:-1"},"canonical":"https:\/\/www.africa-press.net\/comores\/politique\/presidentielle-2024-fahmi-said-ibrahim-candidat-a-la-primaire-de-juwa","og_locale":"fr_FR","og_type":"article","og_title":"Pr\u00e9sidentielle 2024 : Fahmi Sa\u00efd Ibrahim candidat \u00e0 la primaire de Juwa","og_description":"L\u2019ancien ministre des affaires e\u0301trange\u0300res Fahmi Sai\u0308d Ibrahim a annonce\u0301 hier sa candidature a\u0300 la primaire du part ...","og_url":"https:\/\/www.africa-press.net\/comores\/politique\/presidentielle-2024-fahmi-said-ibrahim-candidat-a-la-primaire-de-juwa","og_site_name":"Comores","article_published_time":"2023-10-26T18:46:20+00:00","article_modified_time":"2023-10-26T20:48:39+00:00","og_image":[{"width":800,"height":800,"url":"https:\/\/static.africa-press.net\/centrafricaine\/sites\/48\/2023\/10\/sm_1698336993.069156.jpg","type":"image\/jpeg"}],"author":"cfeditorfr","twitter_card":"summary_large_image","twitter_misc":{"\u00c9crit par":"cfeditorfr","Dur\u00e9e de lecture estim\u00e9e":"3 minutes"},"schema":{"@context":"https:\/\/schema.org","@graph":[{"@type":"Article","@id":"https:\/\/www.africa-press.net\/comores\/politique\/presidentielle-2024-fahmi-said-ibrahim-candidat-a-la-primaire-de-juwa#article","isPartOf":{"@id":"https:\/\/www.africa-press.net\/comores\/politique\/presidentielle-2024-fahmi-said-ibrahim-candidat-a-la-primaire-de-juwa"},"author":{"name":"cfeditorfr","@id":"https:\/\/www.africa-press.net\/comores\/#\/schema\/person\/2b1cf3cd81a31e3cd26889ca66d677f1"},"headline":"Pr\u00e9sidentielle 2024 : Fahmi Sa\u00efd Ibrahim candidat \u00e0 la primaire de Juwa","datePublished":"2023-10-26T18:46:20+00:00","dateModified":"2023-10-26T20:48:39+00:00","mainEntityOfPage":{"@id":"https:\/\/www.africa-press.net\/comores\/politique\/presidentielle-2024-fahmi-said-ibrahim-candidat-a-la-primaire-de-juwa"},"wordCount":528,"commentCount":0,"image":{"@id":"https:\/\/www.africa-press.net\/comores\/politique\/presidentielle-2024-fahmi-said-ibrahim-candidat-a-la-primaire-de-juwa#primaryimage"},"thumbnailUrl":"https:\/\/static.africa-press.net\/centrafricaine\/sites\/48\/2023\/10\/sm_1698336993.069156.jpg","keywords":["Africa Press","Africa Press-Comores","Comores"],"articleSection":["Parties","Politique","Top Nouvelles","Toutes les actualit\u00e9s"],"inLanguage":"fr-FR","potentialAction":[{"@type":"CommentAction","name":"Comment","target":["https:\/\/www.africa-press.net\/comores\/politique\/presidentielle-2024-fahmi-said-ibrahim-candidat-a-la-primaire-de-juwa#respond"]}]},{"@type":"WebPage","@id":"https:\/\/www.africa-press.net\/comores\/politique\/presidentielle-2024-fahmi-said-ibrahim-candidat-a-la-primaire-de-juwa","url":"https:\/\/www.africa-press.net\/comores\/politique\/presidentielle-2024-fahmi-said-ibrahim-candidat-a-la-primaire-de-juwa","name":"Pr\u00e9sidentielle 2024 : Fahmi Sa\u00efd Ibrahim candidat \u00e0 la primaire de Juwa - Comores","isPartOf":{"@id":"https:\/\/www.africa-press.net\/comores\/#website"},"primaryImageOfPage":{"@id":"https:\/\/www.africa-press.net\/comores\/politique\/presidentielle-2024-fahmi-said-ibrahim-candidat-a-la-primaire-de-juwa#primaryimage"},"image":{"@id":"https:\/\/www.africa-press.net\/comores\/politique\/presidentielle-2024-fahmi-said-ibrahim-candidat-a-la-primaire-de-juwa#primaryimage"},"thumbnailUrl":"https:\/\/static.africa-press.net\/centrafricaine\/sites\/48\/2023\/10\/sm_1698336993.069156.jpg","datePublished":"2023-10-26T18:46:20+00:00","dateModified":"2023-10-26T20:48:39+00:00","author":{"@id":"https:\/\/www.africa-press.net\/comores\/#\/schema\/person\/2b1cf3cd81a31e3cd26889ca66d677f1"},"description":"L\u2019ancien ministre des affaires e\u0301trange\u0300res Fahmi Sai\u0308d Ibrahim a annonce\u0301 hier sa candidature a\u0300 la primaire du part ...","breadcrumb":{"@id":"https:\/\/www.africa-press.net\/comores\/politique\/presidentielle-2024-fahmi-said-ibrahim-candidat-a-la-primaire-de-juwa#breadcrumb"},"inLanguage":"fr-FR","potentialAction":[{"@type":"ReadAction","target":["https:\/\/www.africa-press.net\/comores\/politique\/presidentielle-2024-fahmi-said-ibrahim-candidat-a-la-primaire-de-juwa"]}]},{"@type":"ImageObject","inLanguage":"fr-FR","@id":"https:\/\/www.africa-press.net\/comores\/politique\/presidentielle-2024-fahmi-said-ibrahim-candidat-a-la-primaire-de-juwa#primaryimage","url":"https:\/\/static.africa-press.net\/centrafricaine\/sites\/48\/2023\/10\/sm_1698336993.069156.jpg","contentUrl":"https:\/\/static.africa-press.net\/centrafricaine\/sites\/48\/2023\/10\/sm_1698336993.069156.jpg","width":800,"height":800,"caption":"Pr\u00e9sidentielle 2024 : Fahmi Sa\u00efd Ibrahim candidat \u00e0 la primaire de Juwa"},{"@type":"BreadcrumbList","@id":"https:\/\/www.africa-press.net\/comores\/politique\/presidentielle-2024-fahmi-said-ibrahim-candidat-a-la-primaire-de-juwa#breadcrumb","itemListElement":[{"@type":"ListItem","position":1,"name":"Accueil","item":"https:\/\/www.africa-press.net\/comores\/"},{"@type":"ListItem","position":2,"name":"Pr\u00e9sidentielle 2024 : Fahmi Sa\u00efd Ibrahim candidat \u00e0 la primaire de Juwa"}]},{"@type":"WebSite","@id":"https:\/\/www.africa-press.net\/comores\/#website","url":"https:\/\/www.africa-press.net\/comores\/","name":"Comores","description":"Just another Africa News Agency Sites site","potentialAction":[{"@type":"SearchAction","target":{"@type":"EntryPoint","urlTemplate":"https:\/\/www.africa-press.net\/comores\/?s={search_term_string}"},"query-input":{"@type":"PropertyValueSpecification","valueRequired":true,"valueName":"search_term_string"}}],"inLanguage":"fr-FR"},{"@type":"Person","@id":"https:\/\/www.africa-press.net\/comores\/#\/schema\/person\/2b1cf3cd81a31e3cd26889ca66d677f1","name":"cfeditorfr"}]}},"_links":{"self":[{"href":"https:\/\/www.africa-press.net\/comores\/wp-json\/wp\/v2\/posts\/13208","targetHints":{"allow":["GET"]}}],"collection":[{"href":"https:\/\/www.africa-press.net\/comores\/wp-json\/wp\/v2\/posts"}],"about":[{"href":"https:\/\/www.africa-press.net\/comores\/wp-json\/wp\/v2\/types\/post"}],"author":[{"embeddable":true,"href":"https:\/\/www.africa-press.net\/comores\/wp-json\/wp\/v2\/users\/82"}],"replies":[{"embeddable":true,"href":"https:\/\/www.africa-press.net\/comores\/wp-json\/wp\/v2\/comments?post=13208"}],"version-history":[{"count":0,"href":"https:\/\/www.africa-press.net\/comores\/wp-json\/wp\/v2\/posts\/13208\/revisions"}],"wp:featuredmedia":[{"embeddable":true,"href":"https:\/\/www.africa-press.net\/comores\/wp-json\/wp\/v2\/media\/13207"}],"wp:attachment":[{"href":"https:\/\/www.africa-press.net\/comores\/wp-json\/wp\/v2\/media?parent=13208"}],"wp:term":[{"taxonomy":"category","embeddable":true,"href":"https:\/\/www.africa-press.net\/comores\/wp-json\/wp\/v2\/categories?post=13208"},{"taxonomy":"post_tag","embeddable":true,"href":"https:\/\/www.africa-press.net\/comores\/wp-json\/wp\/v2\/tags?post=13208"}],"curies":[{"name":"wp","href":"https:\/\/api.w.org\/{rel}","templated":true}]}}