{"id":13210,"date":"2023-10-26T18:48:10","date_gmt":"2023-10-26T18:48:10","guid":{"rendered":"https:\/\/www.africa-press.net\/comores\/politique\/portrait-madame-rafida-alioiou-la-broderie-et-la-culture-des-fleurs-une-passion-jusqua-la-moelle"},"modified":"2023-10-26T20:49:33","modified_gmt":"2023-10-26T20:49:33","slug":"portrait-madame-rafida-alioiou-la-broderie-et-la-culture-des-fleurs-une-passion-jusqua-la-moelle","status":"publish","type":"post","link":"https:\/\/www.africa-press.net\/comores\/culture-et-art\/portrait-madame-rafida-alioiou-la-broderie-et-la-culture-des-fleurs-une-passion-jusqua-la-moelle","title":{"rendered":"Portrait \/ Madame Rafida Alioiou:  La broderie et la culture des fleurs, une passion jusqu\u2019\u00e0 la moelle"},"content":{"rendered":"<p><span style=\"color: #ff6600\"><strong>Africa-Press &#8211; Comores. <\/strong><\/span><b>Originaire de Moya, Rafida Alioiou fait de la plantation des fleurs et de la broderie une \u00ab passion tre\u0300s noble\u00bb. D\u2019une autre profession, elle se donne beaucoup dans son domaine et est souvent partout dans les expositions. Son atelier de broderie et son jardin d\u2019exploitation se trouvent a\u0300 Domoni.<\/b><\/p>\n<p>\u00ab Elle repre\u0301sente le talent fe\u0301minin \u00bb et \u00ab elle est elle-me\u0302me une main d\u2019or. Elle est toujours pre\u0301sente dans nos foires et expositions de la chambre de commerce en tant que talentueuse qui croient fort en ses dix doigts \u00bb, indique le service de communication de la CCIA. Rafida Alioiou est une passionne\u0301e de la terre, des plantes et de la broderie\u00bb. Elle est aujourd\u2019hui un bon exemple a\u0300 suivre, selon plusieurs autres professionnels de l\u2019i\u0302le.<\/p>\n<p>Madame Rafida Alioiou, originaire de la cite\u0301 aux influences ye\u0301me\u0301nites d&rsquo;Anjouan (Moya), est une femme qui consacre sa vie a\u0300 ses deux grandes passions : la broderie et la culture des fleurs. Cette me\u0300re d&rsquo;enfants met tout son c\u0153ur dans ses activite\u0301s, en y consacrant un temps conside\u0301rable. On la retrouve souvent pre\u0301sente dans diffe\u0301rents salons et expositions, ou\u0300 elle expose fie\u0300rement ses cre\u0301ations. \u00ab Je suis fie\u0300re de ce que je fais. La broderie et les fleurs sont plus qu&rsquo;un simple passe-temps, ils repre\u0301sentent une ve\u0301ritable passion dans laquelle je me plonge jusqu&rsquo;a\u0300 la moelle \u00bb, dit-elle.<\/p>\n<p>Son atelier de broderie et son jardin d&rsquo;exploitation se trouvent a\u0300 Domoni, ou\u0300 elle cultive un ve\u0301ritable petit paradis floral. Ses doigts de\u0301licats et habiles donnent naissance a\u0300 de ve\u0301ritables \u0153uvres d&rsquo;art, faisant d&rsquo;elle une ve\u0301ritable \u00ab\u00a0main d&rsquo;or\u00a0\u00bb. Et ces mains d\u2019or, ornent parfois sa vie et ses ambitions les plus distingue\u0301es, parmi lesquelles ; \u00abamour, gloire et beaute\u0301 de sa passion\u00bb<\/p>\n<p>A Anjouan, elle incarne le talent fe\u0301minin et est reconnue comme telle. Sa pre\u0301sence lors des foires et expositions organise\u0301es par la chambre de commerce et\/ou les instances de l\u2019artisanat du pays, est toujours appre\u0301cie\u0301e et attendue. Madame Rafida Alioiou est une femme talentueuse qui croit fortement en elle-me\u0302me et en son travail. Elle repre\u0301sente l&rsquo;excellence artistique et met en valeur le patrimoine culturel de la re\u0301gion en particulier, selon encore ses fans. Madame Rafida Alioiou est une femme exceptionnelle qui, a\u0300 travers ses cre\u0301ations, nous fait de\u0301couvrir la beaute\u0301 et la richesse de son art. Sa passion pour la broderie et la culture des fleurs est contagieuse et ne peut laisser indiffe\u0301rent.<\/p>\n<p><strong>Pour plus d&rsquo;informations et d&rsquo;analyses sur la <a href=\"https:\/\/www.africa-press.net\/comores\">Comores<\/a>, suivez <a href=\"https:\/\/www.africa-press.net\/\">Africa-Press<\/a><\/strong><\/p>\n","protected":false},"excerpt":{"rendered":"<p>Africa-Press &#8211; Comores. Originaire de Moya, Rafida Alioiou fait de la plantation des fleurs et de la broderie une \u00ab passion tre\u0300s noble\u00bb. D\u2019une autre profession, elle se donne beaucoup dans son domaine et est souvent partout dans les expositions. Son atelier de broderie et son jardin d\u2019exploitation se trouvent a\u0300 Domoni. \u00ab Elle repre\u0301sente [&hellip;]<\/p>\n","protected":false},"author":82,"featured_media":13209,"comment_status":"open","ping_status":"closed","sticky":false,"template":"","format":"standard","meta":{"footnotes":""},"categories":[5,10],"tags":[36,53,45],"class_list":["post-13210","post","type-post","status-publish","format-standard","has-post-thumbnail","hentry","category-culture-et-art","category-toutes-les-actualites","tag-africa-press","tag-africa-press-comores","tag-comores"],"yoast_head":"<!-- This site is optimized with the Yoast SEO Premium plugin v26.1 (Yoast SEO v27.0) - https:\/\/yoast.com\/product\/yoast-seo-premium-wordpress\/ -->\n<title>Portrait \/ Madame Rafida Alioiou: La broderie et la culture des fleurs, une passion jusqu\u2019\u00e0 la moelle - Comores<\/title>\n<meta name=\"description\" content=\"Originaire de Moya, Rafida Alioiou fait de la plantation des fleurs et de la broderie une \u00ab passion tre\u0300s noble\u00bb. D\u2019u ...\" \/>\n<meta name=\"robots\" content=\"index, follow, max-snippet:-1, max-image-preview:large, max-video-preview:-1\" \/>\n<link rel=\"canonical\" href=\"https:\/\/www.africa-press.net\/comores\/culture-et-art\/portrait-madame-rafida-alioiou-la-broderie-et-la-culture-des-fleurs-une-passion-jusqua-la-moelle\" \/>\n<meta property=\"og:locale\" content=\"fr_FR\" \/>\n<meta property=\"og:type\" content=\"article\" \/>\n<meta property=\"og:title\" content=\"Portrait \/ Madame Rafida Alioiou: La broderie et la culture des fleurs, une passion jusqu\u2019\u00e0 la moelle\" \/>\n<meta property=\"og:description\" content=\"Originaire de Moya, Rafida Alioiou fait de la plantation des fleurs et de la broderie une \u00ab passion tre\u0300s noble\u00bb. D\u2019u ...\" \/>\n<meta property=\"og:url\" content=\"https:\/\/www.africa-press.net\/comores\/culture-et-art\/portrait-madame-rafida-alioiou-la-broderie-et-la-culture-des-fleurs-une-passion-jusqua-la-moelle\" \/>\n<meta property=\"og:site_name\" content=\"Comores\" \/>\n<meta property=\"article:published_time\" content=\"2023-10-26T18:48:10+00:00\" \/>\n<meta property=\"article:modified_time\" content=\"2023-10-26T20:49:33+00:00\" \/>\n<meta property=\"og:image\" content=\"https:\/\/static.africa-press.net\/centrafricaine\/sites\/48\/2023\/10\/sm_1698337028.00782.jpg\" \/>\n\t<meta property=\"og:image:width\" content=\"771\" \/>\n\t<meta property=\"og:image:height\" content=\"574\" \/>\n\t<meta property=\"og:image:type\" content=\"image\/jpeg\" \/>\n<meta name=\"author\" content=\"cfeditorfr\" \/>\n<meta name=\"twitter:card\" content=\"summary_large_image\" \/>\n<meta name=\"twitter:label1\" content=\"\u00c9crit par\" \/>\n\t<meta name=\"twitter:data1\" content=\"cfeditorfr\" \/>\n\t<meta name=\"twitter:label2\" content=\"Dur\u00e9e de lecture estim\u00e9e\" \/>\n\t<meta name=\"twitter:data2\" content=\"2 minutes\" \/>\n<script type=\"application\/ld+json\" class=\"yoast-schema-graph\">{\"@context\":\"https:\/\/schema.org\",\"@graph\":[{\"@type\":\"Article\",\"@id\":\"https:\/\/www.africa-press.net\/comores\/culture-et-art\/portrait-madame-rafida-alioiou-la-broderie-et-la-culture-des-fleurs-une-passion-jusqua-la-moelle#article\",\"isPartOf\":{\"@id\":\"https:\/\/www.africa-press.net\/comores\/culture-et-art\/portrait-madame-rafida-alioiou-la-broderie-et-la-culture-des-fleurs-une-passion-jusqua-la-moelle\"},\"author\":{\"name\":\"cfeditorfr\",\"@id\":\"https:\/\/www.africa-press.net\/comores\/#\/schema\/person\/2b1cf3cd81a31e3cd26889ca66d677f1\"},\"headline\":\"Portrait \/ Madame Rafida Alioiou: La broderie et la culture des fleurs, une passion jusqu\u2019\u00e0 la moelle\",\"datePublished\":\"2023-10-26T18:48:10+00:00\",\"dateModified\":\"2023-10-26T20:49:33+00:00\",\"mainEntityOfPage\":{\"@id\":\"https:\/\/www.africa-press.net\/comores\/culture-et-art\/portrait-madame-rafida-alioiou-la-broderie-et-la-culture-des-fleurs-une-passion-jusqua-la-moelle\"},\"wordCount\":474,\"commentCount\":0,\"image\":{\"@id\":\"https:\/\/www.africa-press.net\/comores\/culture-et-art\/portrait-madame-rafida-alioiou-la-broderie-et-la-culture-des-fleurs-une-passion-jusqua-la-moelle#primaryimage\"},\"thumbnailUrl\":\"https:\/\/static.africa-press.net\/centrafricaine\/sites\/48\/2023\/10\/sm_1698337028.00782.jpg\",\"keywords\":[\"Africa Press\",\"Africa Press-Comores\",\"Comores\"],\"articleSection\":[\"Culture et Art\",\"Toutes les actualit\u00e9s\"],\"inLanguage\":\"fr-FR\",\"potentialAction\":[{\"@type\":\"CommentAction\",\"name\":\"Comment\",\"target\":[\"https:\/\/www.africa-press.net\/comores\/culture-et-art\/portrait-madame-rafida-alioiou-la-broderie-et-la-culture-des-fleurs-une-passion-jusqua-la-moelle#respond\"]}]},{\"@type\":\"WebPage\",\"@id\":\"https:\/\/www.africa-press.net\/comores\/culture-et-art\/portrait-madame-rafida-alioiou-la-broderie-et-la-culture-des-fleurs-une-passion-jusqua-la-moelle\",\"url\":\"https:\/\/www.africa-press.net\/comores\/culture-et-art\/portrait-madame-rafida-alioiou-la-broderie-et-la-culture-des-fleurs-une-passion-jusqua-la-moelle\",\"name\":\"Portrait \/ Madame Rafida Alioiou: La broderie et la culture des fleurs, une passion jusqu\u2019\u00e0 la moelle - Comores\",\"isPartOf\":{\"@id\":\"https:\/\/www.africa-press.net\/comores\/#website\"},\"primaryImageOfPage\":{\"@id\":\"https:\/\/www.africa-press.net\/comores\/culture-et-art\/portrait-madame-rafida-alioiou-la-broderie-et-la-culture-des-fleurs-une-passion-jusqua-la-moelle#primaryimage\"},\"image\":{\"@id\":\"https:\/\/www.africa-press.net\/comores\/culture-et-art\/portrait-madame-rafida-alioiou-la-broderie-et-la-culture-des-fleurs-une-passion-jusqua-la-moelle#primaryimage\"},\"thumbnailUrl\":\"https:\/\/static.africa-press.net\/centrafricaine\/sites\/48\/2023\/10\/sm_1698337028.00782.jpg\",\"datePublished\":\"2023-10-26T18:48:10+00:00\",\"dateModified\":\"2023-10-26T20:49:33+00:00\",\"author\":{\"@id\":\"https:\/\/www.africa-press.net\/comores\/#\/schema\/person\/2b1cf3cd81a31e3cd26889ca66d677f1\"},\"description\":\"Originaire de Moya, Rafida Alioiou fait de la plantation des fleurs et de la broderie une \u00ab passion tre\u0300s noble\u00bb. D\u2019u ...\",\"breadcrumb\":{\"@id\":\"https:\/\/www.africa-press.net\/comores\/culture-et-art\/portrait-madame-rafida-alioiou-la-broderie-et-la-culture-des-fleurs-une-passion-jusqua-la-moelle#breadcrumb\"},\"inLanguage\":\"fr-FR\",\"potentialAction\":[{\"@type\":\"ReadAction\",\"target\":[\"https:\/\/www.africa-press.net\/comores\/culture-et-art\/portrait-madame-rafida-alioiou-la-broderie-et-la-culture-des-fleurs-une-passion-jusqua-la-moelle\"]}]},{\"@type\":\"ImageObject\",\"inLanguage\":\"fr-FR\",\"@id\":\"https:\/\/www.africa-press.net\/comores\/culture-et-art\/portrait-madame-rafida-alioiou-la-broderie-et-la-culture-des-fleurs-une-passion-jusqua-la-moelle#primaryimage\",\"url\":\"https:\/\/static.africa-press.net\/centrafricaine\/sites\/48\/2023\/10\/sm_1698337028.00782.jpg\",\"contentUrl\":\"https:\/\/static.africa-press.net\/centrafricaine\/sites\/48\/2023\/10\/sm_1698337028.00782.jpg\",\"width\":771,\"height\":574,\"caption\":\"Portrait \/ Madame Rafida Alioiou: La broderie et la culture des fleurs, une passion jusqu\u2019\u00e0 la moelle\"},{\"@type\":\"BreadcrumbList\",\"@id\":\"https:\/\/www.africa-press.net\/comores\/culture-et-art\/portrait-madame-rafida-alioiou-la-broderie-et-la-culture-des-fleurs-une-passion-jusqua-la-moelle#breadcrumb\",\"itemListElement\":[{\"@type\":\"ListItem\",\"position\":1,\"name\":\"Accueil\",\"item\":\"https:\/\/www.africa-press.net\/comores\/\"},{\"@type\":\"ListItem\",\"position\":2,\"name\":\"Portrait \/ Madame Rafida Alioiou: La broderie et la culture des fleurs, une passion jusqu\u2019\u00e0 la moelle\"}]},{\"@type\":\"WebSite\",\"@id\":\"https:\/\/www.africa-press.net\/comores\/#website\",\"url\":\"https:\/\/www.africa-press.net\/comores\/\",\"name\":\"Comores\",\"description\":\"Just another Africa News Agency Sites site\",\"potentialAction\":[{\"@type\":\"SearchAction\",\"target\":{\"@type\":\"EntryPoint\",\"urlTemplate\":\"https:\/\/www.africa-press.net\/comores\/?s={search_term_string}\"},\"query-input\":{\"@type\":\"PropertyValueSpecification\",\"valueRequired\":true,\"valueName\":\"search_term_string\"}}],\"inLanguage\":\"fr-FR\"},{\"@type\":\"Person\",\"@id\":\"https:\/\/www.africa-press.net\/comores\/#\/schema\/person\/2b1cf3cd81a31e3cd26889ca66d677f1\",\"name\":\"cfeditorfr\"}]}<\/script>\n<!-- \/ Yoast SEO Premium plugin. -->","yoast_head_json":{"title":"Portrait \/ Madame Rafida Alioiou: La broderie et la culture des fleurs, une passion jusqu\u2019\u00e0 la moelle - Comores","description":"Originaire de Moya, Rafida Alioiou fait de la plantation des fleurs et de la broderie une \u00ab passion tre\u0300s noble\u00bb. D\u2019u ...","robots":{"index":"index","follow":"follow","max-snippet":"max-snippet:-1","max-image-preview":"max-image-preview:large","max-video-preview":"max-video-preview:-1"},"canonical":"https:\/\/www.africa-press.net\/comores\/culture-et-art\/portrait-madame-rafida-alioiou-la-broderie-et-la-culture-des-fleurs-une-passion-jusqua-la-moelle","og_locale":"fr_FR","og_type":"article","og_title":"Portrait \/ Madame Rafida Alioiou: La broderie et la culture des fleurs, une passion jusqu\u2019\u00e0 la moelle","og_description":"Originaire de Moya, Rafida Alioiou fait de la plantation des fleurs et de la broderie une \u00ab passion tre\u0300s noble\u00bb. D\u2019u ...","og_url":"https:\/\/www.africa-press.net\/comores\/culture-et-art\/portrait-madame-rafida-alioiou-la-broderie-et-la-culture-des-fleurs-une-passion-jusqua-la-moelle","og_site_name":"Comores","article_published_time":"2023-10-26T18:48:10+00:00","article_modified_time":"2023-10-26T20:49:33+00:00","og_image":[{"width":771,"height":574,"url":"https:\/\/static.africa-press.net\/centrafricaine\/sites\/48\/2023\/10\/sm_1698337028.00782.jpg","type":"image\/jpeg"}],"author":"cfeditorfr","twitter_card":"summary_large_image","twitter_misc":{"\u00c9crit par":"cfeditorfr","Dur\u00e9e de lecture estim\u00e9e":"2 minutes"},"schema":{"@context":"https:\/\/schema.org","@graph":[{"@type":"Article","@id":"https:\/\/www.africa-press.net\/comores\/culture-et-art\/portrait-madame-rafida-alioiou-la-broderie-et-la-culture-des-fleurs-une-passion-jusqua-la-moelle#article","isPartOf":{"@id":"https:\/\/www.africa-press.net\/comores\/culture-et-art\/portrait-madame-rafida-alioiou-la-broderie-et-la-culture-des-fleurs-une-passion-jusqua-la-moelle"},"author":{"name":"cfeditorfr","@id":"https:\/\/www.africa-press.net\/comores\/#\/schema\/person\/2b1cf3cd81a31e3cd26889ca66d677f1"},"headline":"Portrait \/ Madame Rafida Alioiou: La broderie et la culture des fleurs, une passion jusqu\u2019\u00e0 la moelle","datePublished":"2023-10-26T18:48:10+00:00","dateModified":"2023-10-26T20:49:33+00:00","mainEntityOfPage":{"@id":"https:\/\/www.africa-press.net\/comores\/culture-et-art\/portrait-madame-rafida-alioiou-la-broderie-et-la-culture-des-fleurs-une-passion-jusqua-la-moelle"},"wordCount":474,"commentCount":0,"image":{"@id":"https:\/\/www.africa-press.net\/comores\/culture-et-art\/portrait-madame-rafida-alioiou-la-broderie-et-la-culture-des-fleurs-une-passion-jusqua-la-moelle#primaryimage"},"thumbnailUrl":"https:\/\/static.africa-press.net\/centrafricaine\/sites\/48\/2023\/10\/sm_1698337028.00782.jpg","keywords":["Africa Press","Africa Press-Comores","Comores"],"articleSection":["Culture et Art","Toutes les actualit\u00e9s"],"inLanguage":"fr-FR","potentialAction":[{"@type":"CommentAction","name":"Comment","target":["https:\/\/www.africa-press.net\/comores\/culture-et-art\/portrait-madame-rafida-alioiou-la-broderie-et-la-culture-des-fleurs-une-passion-jusqua-la-moelle#respond"]}]},{"@type":"WebPage","@id":"https:\/\/www.africa-press.net\/comores\/culture-et-art\/portrait-madame-rafida-alioiou-la-broderie-et-la-culture-des-fleurs-une-passion-jusqua-la-moelle","url":"https:\/\/www.africa-press.net\/comores\/culture-et-art\/portrait-madame-rafida-alioiou-la-broderie-et-la-culture-des-fleurs-une-passion-jusqua-la-moelle","name":"Portrait \/ Madame Rafida Alioiou: La broderie et la culture des fleurs, une passion jusqu\u2019\u00e0 la moelle - Comores","isPartOf":{"@id":"https:\/\/www.africa-press.net\/comores\/#website"},"primaryImageOfPage":{"@id":"https:\/\/www.africa-press.net\/comores\/culture-et-art\/portrait-madame-rafida-alioiou-la-broderie-et-la-culture-des-fleurs-une-passion-jusqua-la-moelle#primaryimage"},"image":{"@id":"https:\/\/www.africa-press.net\/comores\/culture-et-art\/portrait-madame-rafida-alioiou-la-broderie-et-la-culture-des-fleurs-une-passion-jusqua-la-moelle#primaryimage"},"thumbnailUrl":"https:\/\/static.africa-press.net\/centrafricaine\/sites\/48\/2023\/10\/sm_1698337028.00782.jpg","datePublished":"2023-10-26T18:48:10+00:00","dateModified":"2023-10-26T20:49:33+00:00","author":{"@id":"https:\/\/www.africa-press.net\/comores\/#\/schema\/person\/2b1cf3cd81a31e3cd26889ca66d677f1"},"description":"Originaire de Moya, Rafida Alioiou fait de la plantation des fleurs et de la broderie une \u00ab passion tre\u0300s noble\u00bb. D\u2019u ...","breadcrumb":{"@id":"https:\/\/www.africa-press.net\/comores\/culture-et-art\/portrait-madame-rafida-alioiou-la-broderie-et-la-culture-des-fleurs-une-passion-jusqua-la-moelle#breadcrumb"},"inLanguage":"fr-FR","potentialAction":[{"@type":"ReadAction","target":["https:\/\/www.africa-press.net\/comores\/culture-et-art\/portrait-madame-rafida-alioiou-la-broderie-et-la-culture-des-fleurs-une-passion-jusqua-la-moelle"]}]},{"@type":"ImageObject","inLanguage":"fr-FR","@id":"https:\/\/www.africa-press.net\/comores\/culture-et-art\/portrait-madame-rafida-alioiou-la-broderie-et-la-culture-des-fleurs-une-passion-jusqua-la-moelle#primaryimage","url":"https:\/\/static.africa-press.net\/centrafricaine\/sites\/48\/2023\/10\/sm_1698337028.00782.jpg","contentUrl":"https:\/\/static.africa-press.net\/centrafricaine\/sites\/48\/2023\/10\/sm_1698337028.00782.jpg","width":771,"height":574,"caption":"Portrait \/ Madame Rafida Alioiou: La broderie et la culture des fleurs, une passion jusqu\u2019\u00e0 la moelle"},{"@type":"BreadcrumbList","@id":"https:\/\/www.africa-press.net\/comores\/culture-et-art\/portrait-madame-rafida-alioiou-la-broderie-et-la-culture-des-fleurs-une-passion-jusqua-la-moelle#breadcrumb","itemListElement":[{"@type":"ListItem","position":1,"name":"Accueil","item":"https:\/\/www.africa-press.net\/comores\/"},{"@type":"ListItem","position":2,"name":"Portrait \/ Madame Rafida Alioiou: La broderie et la culture des fleurs, une passion jusqu\u2019\u00e0 la moelle"}]},{"@type":"WebSite","@id":"https:\/\/www.africa-press.net\/comores\/#website","url":"https:\/\/www.africa-press.net\/comores\/","name":"Comores","description":"Just another Africa News Agency Sites site","potentialAction":[{"@type":"SearchAction","target":{"@type":"EntryPoint","urlTemplate":"https:\/\/www.africa-press.net\/comores\/?s={search_term_string}"},"query-input":{"@type":"PropertyValueSpecification","valueRequired":true,"valueName":"search_term_string"}}],"inLanguage":"fr-FR"},{"@type":"Person","@id":"https:\/\/www.africa-press.net\/comores\/#\/schema\/person\/2b1cf3cd81a31e3cd26889ca66d677f1","name":"cfeditorfr"}]}},"_links":{"self":[{"href":"https:\/\/www.africa-press.net\/comores\/wp-json\/wp\/v2\/posts\/13210","targetHints":{"allow":["GET"]}}],"collection":[{"href":"https:\/\/www.africa-press.net\/comores\/wp-json\/wp\/v2\/posts"}],"about":[{"href":"https:\/\/www.africa-press.net\/comores\/wp-json\/wp\/v2\/types\/post"}],"author":[{"embeddable":true,"href":"https:\/\/www.africa-press.net\/comores\/wp-json\/wp\/v2\/users\/82"}],"replies":[{"embeddable":true,"href":"https:\/\/www.africa-press.net\/comores\/wp-json\/wp\/v2\/comments?post=13210"}],"version-history":[{"count":0,"href":"https:\/\/www.africa-press.net\/comores\/wp-json\/wp\/v2\/posts\/13210\/revisions"}],"wp:featuredmedia":[{"embeddable":true,"href":"https:\/\/www.africa-press.net\/comores\/wp-json\/wp\/v2\/media\/13209"}],"wp:attachment":[{"href":"https:\/\/www.africa-press.net\/comores\/wp-json\/wp\/v2\/media?parent=13210"}],"wp:term":[{"taxonomy":"category","embeddable":true,"href":"https:\/\/www.africa-press.net\/comores\/wp-json\/wp\/v2\/categories?post=13210"},{"taxonomy":"post_tag","embeddable":true,"href":"https:\/\/www.africa-press.net\/comores\/wp-json\/wp\/v2\/tags?post=13210"}],"curies":[{"name":"wp","href":"https:\/\/api.w.org\/{rel}","templated":true}]}}