{"id":13213,"date":"2023-10-26T18:51:37","date_gmt":"2023-10-26T18:51:37","guid":{"rendered":"https:\/\/www.africa-press.net\/comores\/politique\/des-cas-importes-a-moheli-mesures-preventives-a-renforcer"},"modified":"2023-10-26T20:50:19","modified_gmt":"2023-10-26T20:50:19","slug":"des-cas-importes-a-moheli-mesures-preventives-a-renforcer","status":"publish","type":"post","link":"https:\/\/www.africa-press.net\/comores\/toutes-les-actualites\/des-cas-importes-a-moheli-mesures-preventives-a-renforcer","title":{"rendered":"Des cas import\u00e9s \u00e0 Moh\u00e9li, mesures pr\u00e9ventives \u00e0 renforcer"},"content":{"rendered":"<p><span style=\"color: #ff6600\"><strong>Africa-Press &#8211; Comores. <\/strong><\/span><b>Une re\u0301union de sensibilisation contre le paludisme a\u0300 Mohe\u0301li s&rsquo;est tenue mercredi dernier a\u0300 la direction re\u0301gionale de la sante\u0301. L&rsquo;objectif est de trouver des solutions contre la propagation du paludisme dans l&rsquo;i\u0302le. Les responsables de la sante\u0301 et les parties prenantes ont convenu de renforcer les mesures de surveillance aux portes d&rsquo;entre\u0301es de l&rsquo;i\u0302le.<\/b><\/p>\n<p>La direction re\u0301gionale de la sante\u0301 a re\u0301uni dans ses locaux la gendarmerie, la police nationale ainsi que la garde co\u0302te comorienne, pour adopter une strate\u0301gie commune pour limiter la propagation du paludisme dans l\u2019i\u0302le. Une maladie tropicale en voie d\u2019e\u0301radication a\u0300 Mohe\u0301li mais qui re\u0301apparai\u0302t suite a\u0300 un flux migratoire entre les i\u0302les de l\u2019archipel.<\/p>\n<p>En effet, Mohe\u0301li enregistre actuellement 51 cas de paludisme contre 49 en 2022, 48 cas en 2021, 22 et 43 cas respectivement en 2020 et 2019. Une situation non rassurante selon les me\u0301decins de la place. C\u2019est pour cette raison qu&rsquo;il est indispensable, selon eux, de prendre des mesures de pre\u0301vention contre cette maladie en voie d\u2019e\u0301radication dans le pays. Il est convenu de renforcer les mesures de surveillance aux portes d\u2019entre\u0301e.<\/p>\n<p>\u00ab Le paludisme n&rsquo;est pas une pande\u0301mie, nous n\u2019allons pas pratiquer le me\u0302me protocole de surveillance tel qu&rsquo;on l&rsquo;a fait avec le coronavirus. Mais nous allons quand-me\u0302me mettre en place un dispositif de contro\u0302le surtout pour les personnes en provenance de Ngazidja, afin de prote\u0301ger d&rsquo;avantage la population locale \u00bb a explique\u0301 Dr Ade\u0301lai\u0308de Madi Hamada point focal du projet paludisme a\u0300 Mohe\u0301li.<\/p>\n<p>Selon lui, cette de\u0301cision n&rsquo;est pas fortuite puisque c&rsquo;est a\u0300 Ngazidja ou\u0300 le paludisme est fortement localise\u0301 par rapport aux autres i\u0302les des Comores. Rien qu&rsquo;en 2020, 4000 cas ont e\u0301te\u0301 enregistre\u0301s et 10000 en 2021. 15 ans apre\u0300s son e\u0301limination, le paludisme a refait surface a\u0300 Mohe\u0301li depuis 2018 avec 138 cas importe\u0301s. L&rsquo;implication de tout un chacun dans cette lutte est donc vivement sollicite\u0301e.<\/p>\n<p><strong>Pour plus d&rsquo;informations et d&rsquo;analyses sur la <a href=\"https:\/\/www.africa-press.net\/comores\">Comores<\/a>, suivez <a href=\"https:\/\/www.africa-press.net\/\">Africa-Press<\/a><\/strong><\/p>\n","protected":false},"excerpt":{"rendered":"<p>Africa-Press &#8211; Comores. Une re\u0301union de sensibilisation contre le paludisme a\u0300 Mohe\u0301li s&rsquo;est tenue mercredi dernier a\u0300 la direction re\u0301gionale de la sante\u0301. L&rsquo;objectif est de trouver des solutions contre la propagation du paludisme dans l&rsquo;i\u0302le. Les responsables de la sante\u0301 et les parties prenantes ont convenu de renforcer les mesures de surveillance aux portes [&hellip;]<\/p>\n","protected":false},"author":82,"featured_media":13211,"comment_status":"open","ping_status":"closed","sticky":false,"template":"","format":"standard","meta":{"footnotes":""},"categories":[21,10],"tags":[36,53,45],"class_list":["post-13213","post","type-post","status-publish","format-standard","has-post-thumbnail","hentry","category-communaute","category-toutes-les-actualites","tag-africa-press","tag-africa-press-comores","tag-comores"],"yoast_head":"<!-- This site is optimized with the Yoast SEO Premium plugin v26.1 (Yoast SEO v27.0) - https:\/\/yoast.com\/product\/yoast-seo-premium-wordpress\/ -->\n<title>Des cas import\u00e9s \u00e0 Moh\u00e9li, mesures pr\u00e9ventives \u00e0 renforcer - Comores<\/title>\n<meta name=\"description\" content=\"Une re\u0301union de sensibilisation contre le paludisme a\u0300 Mohe\u0301li s&#039;est tenue mercredi dernier a\u0300 la direction re\u0301gional ...\" \/>\n<meta name=\"robots\" content=\"index, follow, max-snippet:-1, max-image-preview:large, max-video-preview:-1\" \/>\n<link rel=\"canonical\" href=\"https:\/\/www.africa-press.net\/comores\/toutes-les-actualites\/des-cas-importes-a-moheli-mesures-preventives-a-renforcer\" \/>\n<meta property=\"og:locale\" content=\"fr_FR\" \/>\n<meta property=\"og:type\" content=\"article\" \/>\n<meta property=\"og:title\" content=\"Des cas import\u00e9s \u00e0 Moh\u00e9li, mesures pr\u00e9ventives \u00e0 renforcer\" \/>\n<meta property=\"og:description\" content=\"Une re\u0301union de sensibilisation contre le paludisme a\u0300 Mohe\u0301li s&#039;est tenue mercredi dernier a\u0300 la direction re\u0301gional ...\" \/>\n<meta property=\"og:url\" content=\"https:\/\/www.africa-press.net\/comores\/toutes-les-actualites\/des-cas-importes-a-moheli-mesures-preventives-a-renforcer\" \/>\n<meta property=\"og:site_name\" content=\"Comores\" \/>\n<meta property=\"article:published_time\" content=\"2023-10-26T18:51:37+00:00\" \/>\n<meta property=\"article:modified_time\" content=\"2023-10-26T20:50:19+00:00\" \/>\n<meta property=\"og:image\" content=\"https:\/\/static.africa-press.net\/centrafricaine\/sites\/48\/2023\/10\/sm_1698337057.63557.jpg\" \/>\n\t<meta property=\"og:image:width\" content=\"923\" \/>\n\t<meta property=\"og:image:height\" content=\"480\" \/>\n\t<meta property=\"og:image:type\" content=\"image\/jpeg\" \/>\n<meta name=\"author\" content=\"cfeditorfr\" \/>\n<meta name=\"twitter:card\" content=\"summary_large_image\" \/>\n<meta name=\"twitter:label1\" content=\"\u00c9crit par\" \/>\n\t<meta name=\"twitter:data1\" content=\"cfeditorfr\" \/>\n\t<meta name=\"twitter:label2\" content=\"Dur\u00e9e de lecture estim\u00e9e\" \/>\n\t<meta name=\"twitter:data2\" content=\"2 minutes\" \/>\n<script type=\"application\/ld+json\" class=\"yoast-schema-graph\">{\"@context\":\"https:\/\/schema.org\",\"@graph\":[{\"@type\":\"Article\",\"@id\":\"https:\/\/www.africa-press.net\/comores\/toutes-les-actualites\/des-cas-importes-a-moheli-mesures-preventives-a-renforcer#article\",\"isPartOf\":{\"@id\":\"https:\/\/www.africa-press.net\/comores\/toutes-les-actualites\/des-cas-importes-a-moheli-mesures-preventives-a-renforcer\"},\"author\":{\"name\":\"cfeditorfr\",\"@id\":\"https:\/\/www.africa-press.net\/comores\/#\/schema\/person\/2b1cf3cd81a31e3cd26889ca66d677f1\"},\"headline\":\"Des cas import\u00e9s \u00e0 Moh\u00e9li, mesures pr\u00e9ventives \u00e0 renforcer\",\"datePublished\":\"2023-10-26T18:51:37+00:00\",\"dateModified\":\"2023-10-26T20:50:19+00:00\",\"mainEntityOfPage\":{\"@id\":\"https:\/\/www.africa-press.net\/comores\/toutes-les-actualites\/des-cas-importes-a-moheli-mesures-preventives-a-renforcer\"},\"wordCount\":378,\"commentCount\":0,\"image\":{\"@id\":\"https:\/\/www.africa-press.net\/comores\/toutes-les-actualites\/des-cas-importes-a-moheli-mesures-preventives-a-renforcer#primaryimage\"},\"thumbnailUrl\":\"https:\/\/static.africa-press.net\/centrafricaine\/sites\/48\/2023\/10\/sm_1698337057.63557.jpg\",\"keywords\":[\"Africa Press\",\"Africa Press-Comores\",\"Comores\"],\"articleSection\":[\"Communaut\u00e9\",\"Toutes les actualit\u00e9s\"],\"inLanguage\":\"fr-FR\",\"potentialAction\":[{\"@type\":\"CommentAction\",\"name\":\"Comment\",\"target\":[\"https:\/\/www.africa-press.net\/comores\/toutes-les-actualites\/des-cas-importes-a-moheli-mesures-preventives-a-renforcer#respond\"]}]},{\"@type\":\"WebPage\",\"@id\":\"https:\/\/www.africa-press.net\/comores\/toutes-les-actualites\/des-cas-importes-a-moheli-mesures-preventives-a-renforcer\",\"url\":\"https:\/\/www.africa-press.net\/comores\/toutes-les-actualites\/des-cas-importes-a-moheli-mesures-preventives-a-renforcer\",\"name\":\"Des cas import\u00e9s \u00e0 Moh\u00e9li, mesures pr\u00e9ventives \u00e0 renforcer - Comores\",\"isPartOf\":{\"@id\":\"https:\/\/www.africa-press.net\/comores\/#website\"},\"primaryImageOfPage\":{\"@id\":\"https:\/\/www.africa-press.net\/comores\/toutes-les-actualites\/des-cas-importes-a-moheli-mesures-preventives-a-renforcer#primaryimage\"},\"image\":{\"@id\":\"https:\/\/www.africa-press.net\/comores\/toutes-les-actualites\/des-cas-importes-a-moheli-mesures-preventives-a-renforcer#primaryimage\"},\"thumbnailUrl\":\"https:\/\/static.africa-press.net\/centrafricaine\/sites\/48\/2023\/10\/sm_1698337057.63557.jpg\",\"datePublished\":\"2023-10-26T18:51:37+00:00\",\"dateModified\":\"2023-10-26T20:50:19+00:00\",\"author\":{\"@id\":\"https:\/\/www.africa-press.net\/comores\/#\/schema\/person\/2b1cf3cd81a31e3cd26889ca66d677f1\"},\"description\":\"Une re\u0301union de sensibilisation contre le paludisme a\u0300 Mohe\u0301li s'est tenue mercredi dernier a\u0300 la direction re\u0301gional ...\",\"breadcrumb\":{\"@id\":\"https:\/\/www.africa-press.net\/comores\/toutes-les-actualites\/des-cas-importes-a-moheli-mesures-preventives-a-renforcer#breadcrumb\"},\"inLanguage\":\"fr-FR\",\"potentialAction\":[{\"@type\":\"ReadAction\",\"target\":[\"https:\/\/www.africa-press.net\/comores\/toutes-les-actualites\/des-cas-importes-a-moheli-mesures-preventives-a-renforcer\"]}]},{\"@type\":\"ImageObject\",\"inLanguage\":\"fr-FR\",\"@id\":\"https:\/\/www.africa-press.net\/comores\/toutes-les-actualites\/des-cas-importes-a-moheli-mesures-preventives-a-renforcer#primaryimage\",\"url\":\"https:\/\/static.africa-press.net\/centrafricaine\/sites\/48\/2023\/10\/sm_1698337057.63557.jpg\",\"contentUrl\":\"https:\/\/static.africa-press.net\/centrafricaine\/sites\/48\/2023\/10\/sm_1698337057.63557.jpg\",\"width\":923,\"height\":480,\"caption\":\"Des cas import\u00e9s \u00e0 Moh\u00e9li, mesures pr\u00e9ventives \u00e0 renforcer\"},{\"@type\":\"BreadcrumbList\",\"@id\":\"https:\/\/www.africa-press.net\/comores\/toutes-les-actualites\/des-cas-importes-a-moheli-mesures-preventives-a-renforcer#breadcrumb\",\"itemListElement\":[{\"@type\":\"ListItem\",\"position\":1,\"name\":\"Accueil\",\"item\":\"https:\/\/www.africa-press.net\/comores\/\"},{\"@type\":\"ListItem\",\"position\":2,\"name\":\"Des cas import\u00e9s \u00e0 Moh\u00e9li, mesures pr\u00e9ventives \u00e0 renforcer\"}]},{\"@type\":\"WebSite\",\"@id\":\"https:\/\/www.africa-press.net\/comores\/#website\",\"url\":\"https:\/\/www.africa-press.net\/comores\/\",\"name\":\"Comores\",\"description\":\"Just another Africa News Agency Sites site\",\"potentialAction\":[{\"@type\":\"SearchAction\",\"target\":{\"@type\":\"EntryPoint\",\"urlTemplate\":\"https:\/\/www.africa-press.net\/comores\/?s={search_term_string}\"},\"query-input\":{\"@type\":\"PropertyValueSpecification\",\"valueRequired\":true,\"valueName\":\"search_term_string\"}}],\"inLanguage\":\"fr-FR\"},{\"@type\":\"Person\",\"@id\":\"https:\/\/www.africa-press.net\/comores\/#\/schema\/person\/2b1cf3cd81a31e3cd26889ca66d677f1\",\"name\":\"cfeditorfr\"}]}<\/script>\n<!-- \/ Yoast SEO Premium plugin. -->","yoast_head_json":{"title":"Des cas import\u00e9s \u00e0 Moh\u00e9li, mesures pr\u00e9ventives \u00e0 renforcer - Comores","description":"Une re\u0301union de sensibilisation contre le paludisme a\u0300 Mohe\u0301li s'est tenue mercredi dernier a\u0300 la direction re\u0301gional ...","robots":{"index":"index","follow":"follow","max-snippet":"max-snippet:-1","max-image-preview":"max-image-preview:large","max-video-preview":"max-video-preview:-1"},"canonical":"https:\/\/www.africa-press.net\/comores\/toutes-les-actualites\/des-cas-importes-a-moheli-mesures-preventives-a-renforcer","og_locale":"fr_FR","og_type":"article","og_title":"Des cas import\u00e9s \u00e0 Moh\u00e9li, mesures pr\u00e9ventives \u00e0 renforcer","og_description":"Une re\u0301union de sensibilisation contre le paludisme a\u0300 Mohe\u0301li s'est tenue mercredi dernier a\u0300 la direction re\u0301gional ...","og_url":"https:\/\/www.africa-press.net\/comores\/toutes-les-actualites\/des-cas-importes-a-moheli-mesures-preventives-a-renforcer","og_site_name":"Comores","article_published_time":"2023-10-26T18:51:37+00:00","article_modified_time":"2023-10-26T20:50:19+00:00","og_image":[{"width":923,"height":480,"url":"https:\/\/static.africa-press.net\/centrafricaine\/sites\/48\/2023\/10\/sm_1698337057.63557.jpg","type":"image\/jpeg"}],"author":"cfeditorfr","twitter_card":"summary_large_image","twitter_misc":{"\u00c9crit par":"cfeditorfr","Dur\u00e9e de lecture estim\u00e9e":"2 minutes"},"schema":{"@context":"https:\/\/schema.org","@graph":[{"@type":"Article","@id":"https:\/\/www.africa-press.net\/comores\/toutes-les-actualites\/des-cas-importes-a-moheli-mesures-preventives-a-renforcer#article","isPartOf":{"@id":"https:\/\/www.africa-press.net\/comores\/toutes-les-actualites\/des-cas-importes-a-moheli-mesures-preventives-a-renforcer"},"author":{"name":"cfeditorfr","@id":"https:\/\/www.africa-press.net\/comores\/#\/schema\/person\/2b1cf3cd81a31e3cd26889ca66d677f1"},"headline":"Des cas import\u00e9s \u00e0 Moh\u00e9li, mesures pr\u00e9ventives \u00e0 renforcer","datePublished":"2023-10-26T18:51:37+00:00","dateModified":"2023-10-26T20:50:19+00:00","mainEntityOfPage":{"@id":"https:\/\/www.africa-press.net\/comores\/toutes-les-actualites\/des-cas-importes-a-moheli-mesures-preventives-a-renforcer"},"wordCount":378,"commentCount":0,"image":{"@id":"https:\/\/www.africa-press.net\/comores\/toutes-les-actualites\/des-cas-importes-a-moheli-mesures-preventives-a-renforcer#primaryimage"},"thumbnailUrl":"https:\/\/static.africa-press.net\/centrafricaine\/sites\/48\/2023\/10\/sm_1698337057.63557.jpg","keywords":["Africa Press","Africa Press-Comores","Comores"],"articleSection":["Communaut\u00e9","Toutes les actualit\u00e9s"],"inLanguage":"fr-FR","potentialAction":[{"@type":"CommentAction","name":"Comment","target":["https:\/\/www.africa-press.net\/comores\/toutes-les-actualites\/des-cas-importes-a-moheli-mesures-preventives-a-renforcer#respond"]}]},{"@type":"WebPage","@id":"https:\/\/www.africa-press.net\/comores\/toutes-les-actualites\/des-cas-importes-a-moheli-mesures-preventives-a-renforcer","url":"https:\/\/www.africa-press.net\/comores\/toutes-les-actualites\/des-cas-importes-a-moheli-mesures-preventives-a-renforcer","name":"Des cas import\u00e9s \u00e0 Moh\u00e9li, mesures pr\u00e9ventives \u00e0 renforcer - Comores","isPartOf":{"@id":"https:\/\/www.africa-press.net\/comores\/#website"},"primaryImageOfPage":{"@id":"https:\/\/www.africa-press.net\/comores\/toutes-les-actualites\/des-cas-importes-a-moheli-mesures-preventives-a-renforcer#primaryimage"},"image":{"@id":"https:\/\/www.africa-press.net\/comores\/toutes-les-actualites\/des-cas-importes-a-moheli-mesures-preventives-a-renforcer#primaryimage"},"thumbnailUrl":"https:\/\/static.africa-press.net\/centrafricaine\/sites\/48\/2023\/10\/sm_1698337057.63557.jpg","datePublished":"2023-10-26T18:51:37+00:00","dateModified":"2023-10-26T20:50:19+00:00","author":{"@id":"https:\/\/www.africa-press.net\/comores\/#\/schema\/person\/2b1cf3cd81a31e3cd26889ca66d677f1"},"description":"Une re\u0301union de sensibilisation contre le paludisme a\u0300 Mohe\u0301li s'est tenue mercredi dernier a\u0300 la direction re\u0301gional ...","breadcrumb":{"@id":"https:\/\/www.africa-press.net\/comores\/toutes-les-actualites\/des-cas-importes-a-moheli-mesures-preventives-a-renforcer#breadcrumb"},"inLanguage":"fr-FR","potentialAction":[{"@type":"ReadAction","target":["https:\/\/www.africa-press.net\/comores\/toutes-les-actualites\/des-cas-importes-a-moheli-mesures-preventives-a-renforcer"]}]},{"@type":"ImageObject","inLanguage":"fr-FR","@id":"https:\/\/www.africa-press.net\/comores\/toutes-les-actualites\/des-cas-importes-a-moheli-mesures-preventives-a-renforcer#primaryimage","url":"https:\/\/static.africa-press.net\/centrafricaine\/sites\/48\/2023\/10\/sm_1698337057.63557.jpg","contentUrl":"https:\/\/static.africa-press.net\/centrafricaine\/sites\/48\/2023\/10\/sm_1698337057.63557.jpg","width":923,"height":480,"caption":"Des cas import\u00e9s \u00e0 Moh\u00e9li, mesures pr\u00e9ventives \u00e0 renforcer"},{"@type":"BreadcrumbList","@id":"https:\/\/www.africa-press.net\/comores\/toutes-les-actualites\/des-cas-importes-a-moheli-mesures-preventives-a-renforcer#breadcrumb","itemListElement":[{"@type":"ListItem","position":1,"name":"Accueil","item":"https:\/\/www.africa-press.net\/comores\/"},{"@type":"ListItem","position":2,"name":"Des cas import\u00e9s \u00e0 Moh\u00e9li, mesures pr\u00e9ventives \u00e0 renforcer"}]},{"@type":"WebSite","@id":"https:\/\/www.africa-press.net\/comores\/#website","url":"https:\/\/www.africa-press.net\/comores\/","name":"Comores","description":"Just another Africa News Agency Sites site","potentialAction":[{"@type":"SearchAction","target":{"@type":"EntryPoint","urlTemplate":"https:\/\/www.africa-press.net\/comores\/?s={search_term_string}"},"query-input":{"@type":"PropertyValueSpecification","valueRequired":true,"valueName":"search_term_string"}}],"inLanguage":"fr-FR"},{"@type":"Person","@id":"https:\/\/www.africa-press.net\/comores\/#\/schema\/person\/2b1cf3cd81a31e3cd26889ca66d677f1","name":"cfeditorfr"}]}},"_links":{"self":[{"href":"https:\/\/www.africa-press.net\/comores\/wp-json\/wp\/v2\/posts\/13213","targetHints":{"allow":["GET"]}}],"collection":[{"href":"https:\/\/www.africa-press.net\/comores\/wp-json\/wp\/v2\/posts"}],"about":[{"href":"https:\/\/www.africa-press.net\/comores\/wp-json\/wp\/v2\/types\/post"}],"author":[{"embeddable":true,"href":"https:\/\/www.africa-press.net\/comores\/wp-json\/wp\/v2\/users\/82"}],"replies":[{"embeddable":true,"href":"https:\/\/www.africa-press.net\/comores\/wp-json\/wp\/v2\/comments?post=13213"}],"version-history":[{"count":0,"href":"https:\/\/www.africa-press.net\/comores\/wp-json\/wp\/v2\/posts\/13213\/revisions"}],"wp:featuredmedia":[{"embeddable":true,"href":"https:\/\/www.africa-press.net\/comores\/wp-json\/wp\/v2\/media\/13211"}],"wp:attachment":[{"href":"https:\/\/www.africa-press.net\/comores\/wp-json\/wp\/v2\/media?parent=13213"}],"wp:term":[{"taxonomy":"category","embeddable":true,"href":"https:\/\/www.africa-press.net\/comores\/wp-json\/wp\/v2\/categories?post=13213"},{"taxonomy":"post_tag","embeddable":true,"href":"https:\/\/www.africa-press.net\/comores\/wp-json\/wp\/v2\/tags?post=13213"}],"curies":[{"name":"wp","href":"https:\/\/api.w.org\/{rel}","templated":true}]}}