{"id":13243,"date":"2023-10-27T14:26:58","date_gmt":"2023-10-27T14:26:58","guid":{"rendered":"https:\/\/www.africa-press.net\/comores\/politique\/le-vrai-objectif-cest-daller-a-la-can-au-maroc"},"modified":"2023-10-27T17:10:44","modified_gmt":"2023-10-27T17:10:44","slug":"le-vrai-objectif-cest-daller-a-la-can-au-maroc","status":"publish","type":"post","link":"https:\/\/www.africa-press.net\/comores\/sports\/le-vrai-objectif-cest-daller-a-la-can-au-maroc","title":{"rendered":"\u00ab Le vrai objectif c\u2019est d\u2019aller \u00e0 la CAN au Maroc \u00bb"},"content":{"rendered":"<p><span style=\"color: #ff6600\"><strong>Africa-Press &#8211; Comores. <\/strong><\/span><b>Une semaine apre\u0300s son premier match a\u0300 la te\u0302te des C\u0153lacanthes, le se\u0301lectionneur Stefano Cusin nous a accorde\u0301 un entretien exclusif ou\u0300 il revient sur ses de\u0301buts avec une e\u0301quipe comple\u0300tement remanie\u0301e, sur son plan de travail pour les deux matchs a\u0300 venir, sur les forces et faiblesses du football comorien, et enfin sur les perspectives d\u2019avenir.<\/b><br \/>\n<b>LGDC : Jouer un match avec une e\u0301quipe comple\u0300tement remanie\u0301e, est-ce que cela ne vous a pas cause\u0301 de soucis ?<\/b><br \/>\n<b>Stefano Cusin :<\/b> Bon, e\u0301coutez-moi je l\u2019ai ve\u0301cu comme une opportunite\u0301 dans le sens qu\u2019au dernier moment, nous avons une vingtaine de joueurs qui ne sont pas venus. On a du\u0302 appeler des jeunes qui e\u0301taient de\u0301ja\u0300 en orbite de l\u2019e\u0301quipe nationale. Je n\u2019ai pas trouve\u0301 cela comme un proble\u0300me au contraire c\u2019e\u0301tait une opportunite\u0301 de voir ce qu\u2019on avait du co\u0302te\u0301 des jeunes et c\u2019est une belle de\u0301couverte. Cela va nous permettre d\u2019avoir des nouveaux visages en e\u0301quipe nationale car ces jeunes ont de\u0301montre\u0301 qu\u2019ils pouvaient faire partie du groupe. Je pense que c\u2019est un processus graduel de les mettre en e\u0301quipe nationale.<\/p>\n<p><b>LGDC : Quel est votre plan de travail pour les deux prochains matchs ?<\/b><br \/>\n<b>S.C :<\/b> Depuis le de\u0301but, le vrai projet c\u2019est d\u2019e\u0302tre pre\u0301sent a\u0300 la CAN au Maroc (2025), les matchs de qualifications pour la coupe du monde doivent nous servir de pre\u0301paration pour la CAN. Maintenant c\u2019est normal. Quand il s\u2019agit de matchs officiels, il faut les jouer a\u0300 cent pour cent. Si jamais on a une chance de se qualifier, on ne va pas laisser, on ne va rien la\u0302cher, mais on part dans l\u2019optique de se connaitre. Il y\u2019a des joueurs nouveaux qui vont arriver, il y\u2019aura des changements. Moi je m\u2019attends a\u0300 des difficulte\u0301s c\u2019est normal mais je m\u2019attends aussi a\u0300 de la fraicheur. Ces matchs-la\u0300, on va les aborder d\u2019une fac\u0327on se\u0301rieuse, mais le vrai objectif c\u2019est d\u2019aller a\u0300 la CAN au Maroc.<\/p>\n<p><b>LGDC : Quels sont les atouts et faiblesses ?<\/b><br \/>\n<b>S.C :<\/b> Les forces, c\u2019est de\u0301ja\u0300 la passion qui a autour de l\u2019e\u0301quipe, l\u2019esprit patriotique des joueurs c\u2019est quelque chose qui m\u2019a beaucoup marque\u0301. Et me\u0302me l\u2019absence des cadres dans le rassemblement d\u2019Istres, on a vu l\u2019envie des jeunes. Et me\u0302me dans cette situation difficile, j\u2019ai trouve\u0301 cet esprit inte\u0301ressant. Notre football n\u2019a pas mal d\u2019avantages parce qu\u2019a\u0300 la fin il y\u2019a un football local qui est tout a\u0300 de\u0301velopper, il y\u2019a beaucoup de joueurs a\u0300 l\u2019e\u0301tranger sur lesquels on peut construire l\u2019e\u0301quipe pour l\u2019avenir. Je pense que dans l\u2019ensemble, on peut e\u0302tre une nation compe\u0301titive, naturellement on n\u2019a pas 130 millions d\u2019habitants comme peut l\u2019avoir le Nigeria, ou d\u2019autres pays africains ou s\u2019appuyer sur des gros investissements comme l\u2019Egypte qui a des grands clubs ou pluto\u0302t le Maroc qui a une colonie de joueurs impressionnantes a\u0300 l\u2019e\u0301tranger, mais on va e\u0302tre compe\u0301titif. Moi j\u2019y crois. C\u2019est un projet qui me plait depuis le de\u0301but et je de\u0301couvre vraiment un pays merveilleux.<\/p>\n<p><b>LGDC : Que faire pour gommer le manque de physique que l\u2019on reproche aux C\u0153lacanthes ?<\/b><br \/>\n<b>S.C :<\/b> Si on parle de condition optimale c\u2019est normal. Les joueurs s\u2019ils ne jouent pas dans leur club et qu\u2019ils arrivent en e\u0301quipe nationale, ils n\u2019ont pas 90 dans les jambes. C\u0327a c\u2019est difficile a\u0300 ame\u0301liorer car c\u2019est un travail qui devrait e\u0302tre fait au niveau des clubs. En ce qui concerne la caracte\u0301ristique du football comorien, c\u2019est un football technique et de\u0301ja\u0300 il faut qu\u2019on joue sur nos qualite\u0301s et apre\u0300s si l\u2019adversaire est meilleur, il est meilleur. Maintenant il y\u2019a des zones du terrain ou\u0300 on a besoin d\u2019e\u0302tre physique comme au milieu de terrain ou\u0300 ce sont des duels. Quand on a le ballon il faut le faire voyager rapidement par des balles a\u0300 terre et les verticaliser rapidement pour nos attaquants. Mais en position de\u0301fensive c\u2019est su\u0302r qu\u2019il faut e\u0302tre agressif sur l\u2019adversaire, moi je ne vois pas c\u0327a comme un handicap insurmontable.<\/p>\n<p><b>LGDC : Que faire pour ame\u0301liorer le football local ?<\/b><\/p>\n<p>S.C : On a besoin de de\u0301velopper le football local, en tout cas c\u2019est ma priorite\u0301. Une des clefs du succe\u0300s c\u0327a sera de suivre de tre\u0300s pre\u0300s le championnat local. A l\u2019occasion de ce rassemblement, je viendrai une semaine avant et on fera un stage avec les meilleurs joueurs locaux que je suis en train de pre\u0301parer une liste. Je vais les entrainer avec le staff en milieu de semaine de fac\u0327on a\u0300 ce qu\u2019ils puissent rejoindre leurs clubs pour le week-end et leur faire des tests technico-tactiques pour connaitre dans quelle direction y aller. Physiquement, on doit travailler un peu plus. J\u2019ai vu un match de championnat, j\u2019ai vu que techniquement les joueurs e\u0301taient bien mais le gap c\u2019e\u0301tait surtout physique donc j\u2019aimerai qu\u2019on pre\u0301pare des stages pour les pre\u0301parateurs physiques locaux pour diminuer le gap et ame\u0301liorer les conditions physiques. C\u2019est un travail de longue haleine mais, le football local il faut vraiment le valoriser et que des joueurs puissent partir a\u0300 l\u2019e\u0301tranger.<\/p>\n<p><strong>Pour plus d&rsquo;informations et d&rsquo;analyses sur la <a href=\"https:\/\/www.africa-press.net\/comores\">Comores<\/a>, suivez <a href=\"https:\/\/www.africa-press.net\/\">Africa-Press<\/a><\/strong><\/p>\n","protected":false},"excerpt":{"rendered":"<p>Africa-Press &#8211; Comores. Une semaine apre\u0300s son premier match a\u0300 la te\u0302te des C\u0153lacanthes, le se\u0301lectionneur Stefano Cusin nous a accorde\u0301 un entretien exclusif ou\u0300 il revient sur ses de\u0301buts avec une e\u0301quipe comple\u0300tement remanie\u0301e, sur son plan de travail pour les deux matchs a\u0300 venir, sur les forces et faiblesses du football comorien, et [&hellip;]<\/p>\n","protected":false},"author":82,"featured_media":13242,"comment_status":"open","ping_status":"closed","sticky":false,"template":"","format":"standard","meta":{"footnotes":""},"categories":[6,10],"tags":[36,53,45],"class_list":["post-13243","post","type-post","status-publish","format-standard","has-post-thumbnail","hentry","category-sports","category-toutes-les-actualites","tag-africa-press","tag-africa-press-comores","tag-comores"],"yoast_head":"<!-- This site is optimized with the Yoast SEO Premium plugin v26.1 (Yoast SEO v27.0) - https:\/\/yoast.com\/product\/yoast-seo-premium-wordpress\/ -->\n<title>\u00ab Le vrai objectif c\u2019est d\u2019aller \u00e0 la CAN au Maroc \u00bb - Comores<\/title>\n<meta name=\"description\" content=\"Une semaine apre\u0300s son premier match a\u0300 la te\u0302te des C\u0153lacanthes, le se\u0301lectionneur Stefano Cusin nous a accorde\u0301 un ...\" \/>\n<meta name=\"robots\" content=\"index, follow, max-snippet:-1, max-image-preview:large, max-video-preview:-1\" \/>\n<link rel=\"canonical\" href=\"https:\/\/www.africa-press.net\/comores\/sports\/le-vrai-objectif-cest-daller-a-la-can-au-maroc\" \/>\n<meta property=\"og:locale\" content=\"fr_FR\" \/>\n<meta property=\"og:type\" content=\"article\" \/>\n<meta property=\"og:title\" content=\"\u00ab Le vrai objectif c\u2019est d\u2019aller \u00e0 la CAN au Maroc \u00bb\" \/>\n<meta property=\"og:description\" content=\"Une semaine apre\u0300s son premier match a\u0300 la te\u0302te des C\u0153lacanthes, le se\u0301lectionneur Stefano Cusin nous a accorde\u0301 un ...\" \/>\n<meta property=\"og:url\" content=\"https:\/\/www.africa-press.net\/comores\/sports\/le-vrai-objectif-cest-daller-a-la-can-au-maroc\" \/>\n<meta property=\"og:site_name\" content=\"Comores\" \/>\n<meta property=\"article:published_time\" content=\"2023-10-27T14:26:58+00:00\" \/>\n<meta property=\"article:modified_time\" content=\"2023-10-27T17:10:44+00:00\" \/>\n<meta property=\"og:image\" content=\"https:\/\/static.africa-press.net\/centrafricaine\/sites\/48\/2023\/10\/sm_1698410314.224873.jpg\" \/>\n\t<meta property=\"og:image:width\" content=\"856\" \/>\n\t<meta property=\"og:image:height\" content=\"866\" \/>\n\t<meta property=\"og:image:type\" content=\"image\/jpeg\" \/>\n<meta name=\"author\" content=\"cfeditorfr\" \/>\n<meta name=\"twitter:card\" content=\"summary_large_image\" \/>\n<meta name=\"twitter:label1\" content=\"\u00c9crit par\" \/>\n\t<meta name=\"twitter:data1\" content=\"cfeditorfr\" \/>\n\t<meta name=\"twitter:label2\" content=\"Dur\u00e9e de lecture estim\u00e9e\" \/>\n\t<meta name=\"twitter:data2\" content=\"5 minutes\" \/>\n<script type=\"application\/ld+json\" class=\"yoast-schema-graph\">{\"@context\":\"https:\/\/schema.org\",\"@graph\":[{\"@type\":\"Article\",\"@id\":\"https:\/\/www.africa-press.net\/comores\/sports\/le-vrai-objectif-cest-daller-a-la-can-au-maroc#article\",\"isPartOf\":{\"@id\":\"https:\/\/www.africa-press.net\/comores\/sports\/le-vrai-objectif-cest-daller-a-la-can-au-maroc\"},\"author\":{\"name\":\"cfeditorfr\",\"@id\":\"https:\/\/www.africa-press.net\/comores\/#\/schema\/person\/2b1cf3cd81a31e3cd26889ca66d677f1\"},\"headline\":\"\u00ab Le vrai objectif c\u2019est d\u2019aller \u00e0 la CAN au Maroc \u00bb\",\"datePublished\":\"2023-10-27T14:26:58+00:00\",\"dateModified\":\"2023-10-27T17:10:44+00:00\",\"mainEntityOfPage\":{\"@id\":\"https:\/\/www.africa-press.net\/comores\/sports\/le-vrai-objectif-cest-daller-a-la-can-au-maroc\"},\"wordCount\":996,\"commentCount\":0,\"image\":{\"@id\":\"https:\/\/www.africa-press.net\/comores\/sports\/le-vrai-objectif-cest-daller-a-la-can-au-maroc#primaryimage\"},\"thumbnailUrl\":\"https:\/\/static.africa-press.net\/centrafricaine\/sites\/48\/2023\/10\/sm_1698410314.224873.jpg\",\"keywords\":[\"Africa Press\",\"Africa Press-Comores\",\"Comores\"],\"articleSection\":[\"Sports\",\"Toutes les actualit\u00e9s\"],\"inLanguage\":\"fr-FR\",\"potentialAction\":[{\"@type\":\"CommentAction\",\"name\":\"Comment\",\"target\":[\"https:\/\/www.africa-press.net\/comores\/sports\/le-vrai-objectif-cest-daller-a-la-can-au-maroc#respond\"]}]},{\"@type\":\"WebPage\",\"@id\":\"https:\/\/www.africa-press.net\/comores\/sports\/le-vrai-objectif-cest-daller-a-la-can-au-maroc\",\"url\":\"https:\/\/www.africa-press.net\/comores\/sports\/le-vrai-objectif-cest-daller-a-la-can-au-maroc\",\"name\":\"\u00ab Le vrai objectif c\u2019est d\u2019aller \u00e0 la CAN au Maroc \u00bb - Comores\",\"isPartOf\":{\"@id\":\"https:\/\/www.africa-press.net\/comores\/#website\"},\"primaryImageOfPage\":{\"@id\":\"https:\/\/www.africa-press.net\/comores\/sports\/le-vrai-objectif-cest-daller-a-la-can-au-maroc#primaryimage\"},\"image\":{\"@id\":\"https:\/\/www.africa-press.net\/comores\/sports\/le-vrai-objectif-cest-daller-a-la-can-au-maroc#primaryimage\"},\"thumbnailUrl\":\"https:\/\/static.africa-press.net\/centrafricaine\/sites\/48\/2023\/10\/sm_1698410314.224873.jpg\",\"datePublished\":\"2023-10-27T14:26:58+00:00\",\"dateModified\":\"2023-10-27T17:10:44+00:00\",\"author\":{\"@id\":\"https:\/\/www.africa-press.net\/comores\/#\/schema\/person\/2b1cf3cd81a31e3cd26889ca66d677f1\"},\"description\":\"Une semaine apre\u0300s son premier match a\u0300 la te\u0302te des C\u0153lacanthes, le se\u0301lectionneur Stefano Cusin nous a accorde\u0301 un ...\",\"breadcrumb\":{\"@id\":\"https:\/\/www.africa-press.net\/comores\/sports\/le-vrai-objectif-cest-daller-a-la-can-au-maroc#breadcrumb\"},\"inLanguage\":\"fr-FR\",\"potentialAction\":[{\"@type\":\"ReadAction\",\"target\":[\"https:\/\/www.africa-press.net\/comores\/sports\/le-vrai-objectif-cest-daller-a-la-can-au-maroc\"]}]},{\"@type\":\"ImageObject\",\"inLanguage\":\"fr-FR\",\"@id\":\"https:\/\/www.africa-press.net\/comores\/sports\/le-vrai-objectif-cest-daller-a-la-can-au-maroc#primaryimage\",\"url\":\"https:\/\/static.africa-press.net\/centrafricaine\/sites\/48\/2023\/10\/sm_1698410314.224873.jpg\",\"contentUrl\":\"https:\/\/static.africa-press.net\/centrafricaine\/sites\/48\/2023\/10\/sm_1698410314.224873.jpg\",\"width\":856,\"height\":866,\"caption\":\"\u00ab Le vrai objectif c\u2019est d\u2019aller \u00e0 la CAN au Maroc \u00bb\"},{\"@type\":\"BreadcrumbList\",\"@id\":\"https:\/\/www.africa-press.net\/comores\/sports\/le-vrai-objectif-cest-daller-a-la-can-au-maroc#breadcrumb\",\"itemListElement\":[{\"@type\":\"ListItem\",\"position\":1,\"name\":\"Accueil\",\"item\":\"https:\/\/www.africa-press.net\/comores\/\"},{\"@type\":\"ListItem\",\"position\":2,\"name\":\"\u00ab Le vrai objectif c\u2019est d\u2019aller \u00e0 la CAN au Maroc \u00bb\"}]},{\"@type\":\"WebSite\",\"@id\":\"https:\/\/www.africa-press.net\/comores\/#website\",\"url\":\"https:\/\/www.africa-press.net\/comores\/\",\"name\":\"Comores\",\"description\":\"Just another Africa News Agency Sites site\",\"potentialAction\":[{\"@type\":\"SearchAction\",\"target\":{\"@type\":\"EntryPoint\",\"urlTemplate\":\"https:\/\/www.africa-press.net\/comores\/?s={search_term_string}\"},\"query-input\":{\"@type\":\"PropertyValueSpecification\",\"valueRequired\":true,\"valueName\":\"search_term_string\"}}],\"inLanguage\":\"fr-FR\"},{\"@type\":\"Person\",\"@id\":\"https:\/\/www.africa-press.net\/comores\/#\/schema\/person\/2b1cf3cd81a31e3cd26889ca66d677f1\",\"name\":\"cfeditorfr\"}]}<\/script>\n<!-- \/ Yoast SEO Premium plugin. -->","yoast_head_json":{"title":"\u00ab Le vrai objectif c\u2019est d\u2019aller \u00e0 la CAN au Maroc \u00bb - Comores","description":"Une semaine apre\u0300s son premier match a\u0300 la te\u0302te des C\u0153lacanthes, le se\u0301lectionneur Stefano Cusin nous a accorde\u0301 un ...","robots":{"index":"index","follow":"follow","max-snippet":"max-snippet:-1","max-image-preview":"max-image-preview:large","max-video-preview":"max-video-preview:-1"},"canonical":"https:\/\/www.africa-press.net\/comores\/sports\/le-vrai-objectif-cest-daller-a-la-can-au-maroc","og_locale":"fr_FR","og_type":"article","og_title":"\u00ab Le vrai objectif c\u2019est d\u2019aller \u00e0 la CAN au Maroc \u00bb","og_description":"Une semaine apre\u0300s son premier match a\u0300 la te\u0302te des C\u0153lacanthes, le se\u0301lectionneur Stefano Cusin nous a accorde\u0301 un ...","og_url":"https:\/\/www.africa-press.net\/comores\/sports\/le-vrai-objectif-cest-daller-a-la-can-au-maroc","og_site_name":"Comores","article_published_time":"2023-10-27T14:26:58+00:00","article_modified_time":"2023-10-27T17:10:44+00:00","og_image":[{"width":856,"height":866,"url":"https:\/\/static.africa-press.net\/centrafricaine\/sites\/48\/2023\/10\/sm_1698410314.224873.jpg","type":"image\/jpeg"}],"author":"cfeditorfr","twitter_card":"summary_large_image","twitter_misc":{"\u00c9crit par":"cfeditorfr","Dur\u00e9e de lecture estim\u00e9e":"5 minutes"},"schema":{"@context":"https:\/\/schema.org","@graph":[{"@type":"Article","@id":"https:\/\/www.africa-press.net\/comores\/sports\/le-vrai-objectif-cest-daller-a-la-can-au-maroc#article","isPartOf":{"@id":"https:\/\/www.africa-press.net\/comores\/sports\/le-vrai-objectif-cest-daller-a-la-can-au-maroc"},"author":{"name":"cfeditorfr","@id":"https:\/\/www.africa-press.net\/comores\/#\/schema\/person\/2b1cf3cd81a31e3cd26889ca66d677f1"},"headline":"\u00ab Le vrai objectif c\u2019est d\u2019aller \u00e0 la CAN au Maroc \u00bb","datePublished":"2023-10-27T14:26:58+00:00","dateModified":"2023-10-27T17:10:44+00:00","mainEntityOfPage":{"@id":"https:\/\/www.africa-press.net\/comores\/sports\/le-vrai-objectif-cest-daller-a-la-can-au-maroc"},"wordCount":996,"commentCount":0,"image":{"@id":"https:\/\/www.africa-press.net\/comores\/sports\/le-vrai-objectif-cest-daller-a-la-can-au-maroc#primaryimage"},"thumbnailUrl":"https:\/\/static.africa-press.net\/centrafricaine\/sites\/48\/2023\/10\/sm_1698410314.224873.jpg","keywords":["Africa Press","Africa Press-Comores","Comores"],"articleSection":["Sports","Toutes les actualit\u00e9s"],"inLanguage":"fr-FR","potentialAction":[{"@type":"CommentAction","name":"Comment","target":["https:\/\/www.africa-press.net\/comores\/sports\/le-vrai-objectif-cest-daller-a-la-can-au-maroc#respond"]}]},{"@type":"WebPage","@id":"https:\/\/www.africa-press.net\/comores\/sports\/le-vrai-objectif-cest-daller-a-la-can-au-maroc","url":"https:\/\/www.africa-press.net\/comores\/sports\/le-vrai-objectif-cest-daller-a-la-can-au-maroc","name":"\u00ab Le vrai objectif c\u2019est d\u2019aller \u00e0 la CAN au Maroc \u00bb - Comores","isPartOf":{"@id":"https:\/\/www.africa-press.net\/comores\/#website"},"primaryImageOfPage":{"@id":"https:\/\/www.africa-press.net\/comores\/sports\/le-vrai-objectif-cest-daller-a-la-can-au-maroc#primaryimage"},"image":{"@id":"https:\/\/www.africa-press.net\/comores\/sports\/le-vrai-objectif-cest-daller-a-la-can-au-maroc#primaryimage"},"thumbnailUrl":"https:\/\/static.africa-press.net\/centrafricaine\/sites\/48\/2023\/10\/sm_1698410314.224873.jpg","datePublished":"2023-10-27T14:26:58+00:00","dateModified":"2023-10-27T17:10:44+00:00","author":{"@id":"https:\/\/www.africa-press.net\/comores\/#\/schema\/person\/2b1cf3cd81a31e3cd26889ca66d677f1"},"description":"Une semaine apre\u0300s son premier match a\u0300 la te\u0302te des C\u0153lacanthes, le se\u0301lectionneur Stefano Cusin nous a accorde\u0301 un ...","breadcrumb":{"@id":"https:\/\/www.africa-press.net\/comores\/sports\/le-vrai-objectif-cest-daller-a-la-can-au-maroc#breadcrumb"},"inLanguage":"fr-FR","potentialAction":[{"@type":"ReadAction","target":["https:\/\/www.africa-press.net\/comores\/sports\/le-vrai-objectif-cest-daller-a-la-can-au-maroc"]}]},{"@type":"ImageObject","inLanguage":"fr-FR","@id":"https:\/\/www.africa-press.net\/comores\/sports\/le-vrai-objectif-cest-daller-a-la-can-au-maroc#primaryimage","url":"https:\/\/static.africa-press.net\/centrafricaine\/sites\/48\/2023\/10\/sm_1698410314.224873.jpg","contentUrl":"https:\/\/static.africa-press.net\/centrafricaine\/sites\/48\/2023\/10\/sm_1698410314.224873.jpg","width":856,"height":866,"caption":"\u00ab Le vrai objectif c\u2019est d\u2019aller \u00e0 la CAN au Maroc \u00bb"},{"@type":"BreadcrumbList","@id":"https:\/\/www.africa-press.net\/comores\/sports\/le-vrai-objectif-cest-daller-a-la-can-au-maroc#breadcrumb","itemListElement":[{"@type":"ListItem","position":1,"name":"Accueil","item":"https:\/\/www.africa-press.net\/comores\/"},{"@type":"ListItem","position":2,"name":"\u00ab Le vrai objectif c\u2019est d\u2019aller \u00e0 la CAN au Maroc \u00bb"}]},{"@type":"WebSite","@id":"https:\/\/www.africa-press.net\/comores\/#website","url":"https:\/\/www.africa-press.net\/comores\/","name":"Comores","description":"Just another Africa News Agency Sites site","potentialAction":[{"@type":"SearchAction","target":{"@type":"EntryPoint","urlTemplate":"https:\/\/www.africa-press.net\/comores\/?s={search_term_string}"},"query-input":{"@type":"PropertyValueSpecification","valueRequired":true,"valueName":"search_term_string"}}],"inLanguage":"fr-FR"},{"@type":"Person","@id":"https:\/\/www.africa-press.net\/comores\/#\/schema\/person\/2b1cf3cd81a31e3cd26889ca66d677f1","name":"cfeditorfr"}]}},"_links":{"self":[{"href":"https:\/\/www.africa-press.net\/comores\/wp-json\/wp\/v2\/posts\/13243","targetHints":{"allow":["GET"]}}],"collection":[{"href":"https:\/\/www.africa-press.net\/comores\/wp-json\/wp\/v2\/posts"}],"about":[{"href":"https:\/\/www.africa-press.net\/comores\/wp-json\/wp\/v2\/types\/post"}],"author":[{"embeddable":true,"href":"https:\/\/www.africa-press.net\/comores\/wp-json\/wp\/v2\/users\/82"}],"replies":[{"embeddable":true,"href":"https:\/\/www.africa-press.net\/comores\/wp-json\/wp\/v2\/comments?post=13243"}],"version-history":[{"count":0,"href":"https:\/\/www.africa-press.net\/comores\/wp-json\/wp\/v2\/posts\/13243\/revisions"}],"wp:featuredmedia":[{"embeddable":true,"href":"https:\/\/www.africa-press.net\/comores\/wp-json\/wp\/v2\/media\/13242"}],"wp:attachment":[{"href":"https:\/\/www.africa-press.net\/comores\/wp-json\/wp\/v2\/media?parent=13243"}],"wp:term":[{"taxonomy":"category","embeddable":true,"href":"https:\/\/www.africa-press.net\/comores\/wp-json\/wp\/v2\/categories?post=13243"},{"taxonomy":"post_tag","embeddable":true,"href":"https:\/\/www.africa-press.net\/comores\/wp-json\/wp\/v2\/tags?post=13243"}],"curies":[{"name":"wp","href":"https:\/\/api.w.org\/{rel}","templated":true}]}}