{"id":13327,"date":"2023-10-30T19:00:32","date_gmt":"2023-10-30T19:00:32","guid":{"rendered":"https:\/\/www.africa-press.net\/comores\/politique\/penurie-deau-le-mouvement-adrikini-descend-dans-la-rue"},"modified":"2023-10-30T21:37:24","modified_gmt":"2023-10-30T21:37:24","slug":"penurie-deau-le-mouvement-adrikini-descend-dans-la-rue","status":"publish","type":"post","link":"https:\/\/www.africa-press.net\/comores\/toutes-les-actualites\/penurie-deau-le-mouvement-adrikini-descend-dans-la-rue","title":{"rendered":"P\u00e9nurie d\u2019eau :   Le mouvement Adrikini descend dans la rue"},"content":{"rendered":"<p><span style=\"color: #ff6600\"><strong>Africa-Press &#8211; Comores. <\/strong><\/span><b>Les crises d\u2019eau et d\u2019e\u0301lectricite\u0301 font sortir de ses gonds le mouvement Adrikni qui demande des comptes aux autorite\u0301s. <\/b><\/p>\n<p>\u00ab Trop c\u2019est trop \u00bb. Vent debout, le mouvement Adrikni descend dans la rue pour protester contre les crises d\u2019eau et d\u2019e\u0301lectricite\u0301 qui happent la population depuis plusieurs semaines. \u00ab Nous voulons de l\u2019eau et de l\u2019e\u0301lectricite\u0301. Nous sommes touche\u0301es par cette situation. C\u2019est inadmissible de vivre dans le noir et sans eau \u00bb, lance une des manifestantes.<\/p>\n<p>Bouteille et bougie a\u0300 la main pour illustrer les crises devenues syste\u0301miques, ces vaillantes femmes revendiquent des droits le\u0301gitimes. Dans son intervention, la pre\u0301sidente du mouvement Amina Abbas, veuve de l\u2019ancien premier ministre Abbas Djoussouf, monte au cre\u0301neau : \u00ab On nous a roule\u0301s dans la farine. Je me souviens qu\u2019en 2015, apre\u0300s la cre\u0301ation de notre mouvement, on nous a dit que 7 milliards de fonds propres ont e\u0301te\u0301 alloue\u0301s pour l\u2019achat de groupes e\u0301lectroge\u0300nes. Nous avions cru que nous allions sortir de l\u2019auberge. He\u0301las c\u2019e\u0301tait des vieux moteurs. A\u0300 chaque fois ils ache\u0300tent d\u2019autres groupes e\u0301lectroge\u0300nes. Jusqu\u2019a\u0300 quand nous allons rester dans cette situation ? Aujourd\u2019hui encore, le me\u0302me proble\u0300me se pose avec l\u2019eau. Il y a eu un financement de partenaires exte\u0301rieurs pour permettre a\u0300 la population d\u2019avoir de l\u2019eau. Qu\u2019est-ce qu\u2019ils en ont fait ? Aujourd\u2019hui, ils ont tous des camions d\u2019eau a\u0300 vendre. Comment nous pouvons continuer a\u0300 nous faire livrer de l\u2019eau alors que nous payons toujours nos compteurs ? \u00bb, marte\u0300le-t-elle avant d\u2019ajouter qu\u2019\u00ab ils nous ont envoye\u0301 a\u0300 la rescousse des camions d\u2019eau dans les quartiers, sauf que nous voulons de l\u2019eau dans nos foyers. Cela fait 3 mois que nous souffrons de la crise d\u2019eau. Nous demandons des re\u0301ponses. Ou\u0300 sont passe\u0301s les financements ? \u00bb<\/p>\n<p>Les manifestantes n\u2019ont pas pu battre le pave\u0301 longtemps car la marche a e\u0301te\u0301 empe\u0302che\u0301e par les forces de l\u2019ordre. Marche ou non, elles ont jure\u0301 de ne pas abdiquer jusqu\u2019a\u0300 ce qu\u2019elles obtiennent gain de cause.<\/p>\n<p><strong>Pour plus d&rsquo;informations et d&rsquo;analyses sur la <a href=\"https:\/\/www.africa-press.net\/comores\">Comores<\/a>, suivez <a href=\"https:\/\/www.africa-press.net\/\">Africa-Press<\/a><\/strong><\/p>\n","protected":false},"excerpt":{"rendered":"<p>Africa-Press &#8211; Comores. Les crises d\u2019eau et d\u2019e\u0301lectricite\u0301 font sortir de ses gonds le mouvement Adrikni qui demande des comptes aux autorite\u0301s. \u00ab Trop c\u2019est trop \u00bb. Vent debout, le mouvement Adrikni descend dans la rue pour protester contre les crises d\u2019eau et d\u2019e\u0301lectricite\u0301 qui happent la population depuis plusieurs semaines. \u00ab Nous voulons de [&hellip;]<\/p>\n","protected":false},"author":82,"featured_media":13326,"comment_status":"open","ping_status":"closed","sticky":false,"template":"","format":"standard","meta":{"footnotes":""},"categories":[21,10],"tags":[36,53,45],"class_list":["post-13327","post","type-post","status-publish","format-standard","has-post-thumbnail","hentry","category-communaute","category-toutes-les-actualites","tag-africa-press","tag-africa-press-comores","tag-comores"],"yoast_head":"<!-- This site is optimized with the Yoast SEO Premium plugin v26.1 (Yoast SEO v27.0) - https:\/\/yoast.com\/product\/yoast-seo-premium-wordpress\/ -->\n<title>P\u00e9nurie d\u2019eau :  Le mouvement Adrikini descend dans la rue - Comores<\/title>\n<meta name=\"description\" content=\"Les crises d\u2019eau et d\u2019e\u0301lectricite\u0301 font sortir de ses gonds le mouvement Adrikni qui demande des comptes aux autorit ...\" \/>\n<meta name=\"robots\" content=\"index, follow, max-snippet:-1, max-image-preview:large, max-video-preview:-1\" \/>\n<link rel=\"canonical\" href=\"https:\/\/www.africa-press.net\/comores\/toutes-les-actualites\/penurie-deau-le-mouvement-adrikini-descend-dans-la-rue\" \/>\n<meta property=\"og:locale\" content=\"fr_FR\" \/>\n<meta property=\"og:type\" content=\"article\" \/>\n<meta property=\"og:title\" content=\"P\u00e9nurie d\u2019eau :  Le mouvement Adrikini descend dans la rue\" \/>\n<meta property=\"og:description\" content=\"Les crises d\u2019eau et d\u2019e\u0301lectricite\u0301 font sortir de ses gonds le mouvement Adrikni qui demande des comptes aux autorit ...\" \/>\n<meta property=\"og:url\" content=\"https:\/\/www.africa-press.net\/comores\/toutes-les-actualites\/penurie-deau-le-mouvement-adrikini-descend-dans-la-rue\" \/>\n<meta property=\"og:site_name\" content=\"Comores\" \/>\n<meta property=\"article:published_time\" content=\"2023-10-30T19:00:32+00:00\" \/>\n<meta property=\"article:modified_time\" content=\"2023-10-30T21:37:24+00:00\" \/>\n<meta property=\"og:image\" content=\"https:\/\/static.africa-press.net\/centrafricaine\/sites\/48\/2023\/10\/sm_1698685557.772093.jpg\" \/>\n\t<meta property=\"og:image:width\" content=\"1556\" \/>\n\t<meta property=\"og:image:height\" content=\"1167\" \/>\n\t<meta property=\"og:image:type\" content=\"image\/jpeg\" \/>\n<meta name=\"author\" content=\"cfeditorfr\" \/>\n<meta name=\"twitter:card\" content=\"summary_large_image\" \/>\n<meta name=\"twitter:label1\" content=\"\u00c9crit par\" \/>\n\t<meta name=\"twitter:data1\" content=\"cfeditorfr\" \/>\n\t<meta name=\"twitter:label2\" content=\"Dur\u00e9e de lecture estim\u00e9e\" \/>\n\t<meta name=\"twitter:data2\" content=\"2 minutes\" \/>\n<script type=\"application\/ld+json\" class=\"yoast-schema-graph\">{\"@context\":\"https:\/\/schema.org\",\"@graph\":[{\"@type\":\"Article\",\"@id\":\"https:\/\/www.africa-press.net\/comores\/toutes-les-actualites\/penurie-deau-le-mouvement-adrikini-descend-dans-la-rue#article\",\"isPartOf\":{\"@id\":\"https:\/\/www.africa-press.net\/comores\/toutes-les-actualites\/penurie-deau-le-mouvement-adrikini-descend-dans-la-rue\"},\"author\":{\"name\":\"cfeditorfr\",\"@id\":\"https:\/\/www.africa-press.net\/comores\/#\/schema\/person\/2b1cf3cd81a31e3cd26889ca66d677f1\"},\"headline\":\"P\u00e9nurie d\u2019eau : Le mouvement Adrikini descend dans la rue\",\"datePublished\":\"2023-10-30T19:00:32+00:00\",\"dateModified\":\"2023-10-30T21:37:24+00:00\",\"mainEntityOfPage\":{\"@id\":\"https:\/\/www.africa-press.net\/comores\/toutes-les-actualites\/penurie-deau-le-mouvement-adrikini-descend-dans-la-rue\"},\"wordCount\":402,\"commentCount\":0,\"image\":{\"@id\":\"https:\/\/www.africa-press.net\/comores\/toutes-les-actualites\/penurie-deau-le-mouvement-adrikini-descend-dans-la-rue#primaryimage\"},\"thumbnailUrl\":\"https:\/\/static.africa-press.net\/centrafricaine\/sites\/48\/2023\/10\/sm_1698685557.772093.jpg\",\"keywords\":[\"Africa Press\",\"Africa Press-Comores\",\"Comores\"],\"articleSection\":[\"Communaut\u00e9\",\"Toutes les actualit\u00e9s\"],\"inLanguage\":\"fr-FR\",\"potentialAction\":[{\"@type\":\"CommentAction\",\"name\":\"Comment\",\"target\":[\"https:\/\/www.africa-press.net\/comores\/toutes-les-actualites\/penurie-deau-le-mouvement-adrikini-descend-dans-la-rue#respond\"]}]},{\"@type\":\"WebPage\",\"@id\":\"https:\/\/www.africa-press.net\/comores\/toutes-les-actualites\/penurie-deau-le-mouvement-adrikini-descend-dans-la-rue\",\"url\":\"https:\/\/www.africa-press.net\/comores\/toutes-les-actualites\/penurie-deau-le-mouvement-adrikini-descend-dans-la-rue\",\"name\":\"P\u00e9nurie d\u2019eau : Le mouvement Adrikini descend dans la rue - Comores\",\"isPartOf\":{\"@id\":\"https:\/\/www.africa-press.net\/comores\/#website\"},\"primaryImageOfPage\":{\"@id\":\"https:\/\/www.africa-press.net\/comores\/toutes-les-actualites\/penurie-deau-le-mouvement-adrikini-descend-dans-la-rue#primaryimage\"},\"image\":{\"@id\":\"https:\/\/www.africa-press.net\/comores\/toutes-les-actualites\/penurie-deau-le-mouvement-adrikini-descend-dans-la-rue#primaryimage\"},\"thumbnailUrl\":\"https:\/\/static.africa-press.net\/centrafricaine\/sites\/48\/2023\/10\/sm_1698685557.772093.jpg\",\"datePublished\":\"2023-10-30T19:00:32+00:00\",\"dateModified\":\"2023-10-30T21:37:24+00:00\",\"author\":{\"@id\":\"https:\/\/www.africa-press.net\/comores\/#\/schema\/person\/2b1cf3cd81a31e3cd26889ca66d677f1\"},\"description\":\"Les crises d\u2019eau et d\u2019e\u0301lectricite\u0301 font sortir de ses gonds le mouvement Adrikni qui demande des comptes aux autorit ...\",\"breadcrumb\":{\"@id\":\"https:\/\/www.africa-press.net\/comores\/toutes-les-actualites\/penurie-deau-le-mouvement-adrikini-descend-dans-la-rue#breadcrumb\"},\"inLanguage\":\"fr-FR\",\"potentialAction\":[{\"@type\":\"ReadAction\",\"target\":[\"https:\/\/www.africa-press.net\/comores\/toutes-les-actualites\/penurie-deau-le-mouvement-adrikini-descend-dans-la-rue\"]}]},{\"@type\":\"ImageObject\",\"inLanguage\":\"fr-FR\",\"@id\":\"https:\/\/www.africa-press.net\/comores\/toutes-les-actualites\/penurie-deau-le-mouvement-adrikini-descend-dans-la-rue#primaryimage\",\"url\":\"https:\/\/static.africa-press.net\/centrafricaine\/sites\/48\/2023\/10\/sm_1698685557.772093.jpg\",\"contentUrl\":\"https:\/\/static.africa-press.net\/centrafricaine\/sites\/48\/2023\/10\/sm_1698685557.772093.jpg\",\"width\":1556,\"height\":1167,\"caption\":\"P\u00e9nurie d\u2019eau : Le mouvement Adrikini descend dans la rue\"},{\"@type\":\"BreadcrumbList\",\"@id\":\"https:\/\/www.africa-press.net\/comores\/toutes-les-actualites\/penurie-deau-le-mouvement-adrikini-descend-dans-la-rue#breadcrumb\",\"itemListElement\":[{\"@type\":\"ListItem\",\"position\":1,\"name\":\"Accueil\",\"item\":\"https:\/\/www.africa-press.net\/comores\/\"},{\"@type\":\"ListItem\",\"position\":2,\"name\":\"P\u00e9nurie d\u2019eau : Le mouvement Adrikini descend dans la rue\"}]},{\"@type\":\"WebSite\",\"@id\":\"https:\/\/www.africa-press.net\/comores\/#website\",\"url\":\"https:\/\/www.africa-press.net\/comores\/\",\"name\":\"Comores\",\"description\":\"Just another Africa News Agency Sites site\",\"potentialAction\":[{\"@type\":\"SearchAction\",\"target\":{\"@type\":\"EntryPoint\",\"urlTemplate\":\"https:\/\/www.africa-press.net\/comores\/?s={search_term_string}\"},\"query-input\":{\"@type\":\"PropertyValueSpecification\",\"valueRequired\":true,\"valueName\":\"search_term_string\"}}],\"inLanguage\":\"fr-FR\"},{\"@type\":\"Person\",\"@id\":\"https:\/\/www.africa-press.net\/comores\/#\/schema\/person\/2b1cf3cd81a31e3cd26889ca66d677f1\",\"name\":\"cfeditorfr\"}]}<\/script>\n<!-- \/ Yoast SEO Premium plugin. -->","yoast_head_json":{"title":"P\u00e9nurie d\u2019eau :  Le mouvement Adrikini descend dans la rue - Comores","description":"Les crises d\u2019eau et d\u2019e\u0301lectricite\u0301 font sortir de ses gonds le mouvement Adrikni qui demande des comptes aux autorit ...","robots":{"index":"index","follow":"follow","max-snippet":"max-snippet:-1","max-image-preview":"max-image-preview:large","max-video-preview":"max-video-preview:-1"},"canonical":"https:\/\/www.africa-press.net\/comores\/toutes-les-actualites\/penurie-deau-le-mouvement-adrikini-descend-dans-la-rue","og_locale":"fr_FR","og_type":"article","og_title":"P\u00e9nurie d\u2019eau :  Le mouvement Adrikini descend dans la rue","og_description":"Les crises d\u2019eau et d\u2019e\u0301lectricite\u0301 font sortir de ses gonds le mouvement Adrikni qui demande des comptes aux autorit ...","og_url":"https:\/\/www.africa-press.net\/comores\/toutes-les-actualites\/penurie-deau-le-mouvement-adrikini-descend-dans-la-rue","og_site_name":"Comores","article_published_time":"2023-10-30T19:00:32+00:00","article_modified_time":"2023-10-30T21:37:24+00:00","og_image":[{"width":1556,"height":1167,"url":"https:\/\/static.africa-press.net\/centrafricaine\/sites\/48\/2023\/10\/sm_1698685557.772093.jpg","type":"image\/jpeg"}],"author":"cfeditorfr","twitter_card":"summary_large_image","twitter_misc":{"\u00c9crit par":"cfeditorfr","Dur\u00e9e de lecture estim\u00e9e":"2 minutes"},"schema":{"@context":"https:\/\/schema.org","@graph":[{"@type":"Article","@id":"https:\/\/www.africa-press.net\/comores\/toutes-les-actualites\/penurie-deau-le-mouvement-adrikini-descend-dans-la-rue#article","isPartOf":{"@id":"https:\/\/www.africa-press.net\/comores\/toutes-les-actualites\/penurie-deau-le-mouvement-adrikini-descend-dans-la-rue"},"author":{"name":"cfeditorfr","@id":"https:\/\/www.africa-press.net\/comores\/#\/schema\/person\/2b1cf3cd81a31e3cd26889ca66d677f1"},"headline":"P\u00e9nurie d\u2019eau : Le mouvement Adrikini descend dans la rue","datePublished":"2023-10-30T19:00:32+00:00","dateModified":"2023-10-30T21:37:24+00:00","mainEntityOfPage":{"@id":"https:\/\/www.africa-press.net\/comores\/toutes-les-actualites\/penurie-deau-le-mouvement-adrikini-descend-dans-la-rue"},"wordCount":402,"commentCount":0,"image":{"@id":"https:\/\/www.africa-press.net\/comores\/toutes-les-actualites\/penurie-deau-le-mouvement-adrikini-descend-dans-la-rue#primaryimage"},"thumbnailUrl":"https:\/\/static.africa-press.net\/centrafricaine\/sites\/48\/2023\/10\/sm_1698685557.772093.jpg","keywords":["Africa Press","Africa Press-Comores","Comores"],"articleSection":["Communaut\u00e9","Toutes les actualit\u00e9s"],"inLanguage":"fr-FR","potentialAction":[{"@type":"CommentAction","name":"Comment","target":["https:\/\/www.africa-press.net\/comores\/toutes-les-actualites\/penurie-deau-le-mouvement-adrikini-descend-dans-la-rue#respond"]}]},{"@type":"WebPage","@id":"https:\/\/www.africa-press.net\/comores\/toutes-les-actualites\/penurie-deau-le-mouvement-adrikini-descend-dans-la-rue","url":"https:\/\/www.africa-press.net\/comores\/toutes-les-actualites\/penurie-deau-le-mouvement-adrikini-descend-dans-la-rue","name":"P\u00e9nurie d\u2019eau : Le mouvement Adrikini descend dans la rue - Comores","isPartOf":{"@id":"https:\/\/www.africa-press.net\/comores\/#website"},"primaryImageOfPage":{"@id":"https:\/\/www.africa-press.net\/comores\/toutes-les-actualites\/penurie-deau-le-mouvement-adrikini-descend-dans-la-rue#primaryimage"},"image":{"@id":"https:\/\/www.africa-press.net\/comores\/toutes-les-actualites\/penurie-deau-le-mouvement-adrikini-descend-dans-la-rue#primaryimage"},"thumbnailUrl":"https:\/\/static.africa-press.net\/centrafricaine\/sites\/48\/2023\/10\/sm_1698685557.772093.jpg","datePublished":"2023-10-30T19:00:32+00:00","dateModified":"2023-10-30T21:37:24+00:00","author":{"@id":"https:\/\/www.africa-press.net\/comores\/#\/schema\/person\/2b1cf3cd81a31e3cd26889ca66d677f1"},"description":"Les crises d\u2019eau et d\u2019e\u0301lectricite\u0301 font sortir de ses gonds le mouvement Adrikni qui demande des comptes aux autorit ...","breadcrumb":{"@id":"https:\/\/www.africa-press.net\/comores\/toutes-les-actualites\/penurie-deau-le-mouvement-adrikini-descend-dans-la-rue#breadcrumb"},"inLanguage":"fr-FR","potentialAction":[{"@type":"ReadAction","target":["https:\/\/www.africa-press.net\/comores\/toutes-les-actualites\/penurie-deau-le-mouvement-adrikini-descend-dans-la-rue"]}]},{"@type":"ImageObject","inLanguage":"fr-FR","@id":"https:\/\/www.africa-press.net\/comores\/toutes-les-actualites\/penurie-deau-le-mouvement-adrikini-descend-dans-la-rue#primaryimage","url":"https:\/\/static.africa-press.net\/centrafricaine\/sites\/48\/2023\/10\/sm_1698685557.772093.jpg","contentUrl":"https:\/\/static.africa-press.net\/centrafricaine\/sites\/48\/2023\/10\/sm_1698685557.772093.jpg","width":1556,"height":1167,"caption":"P\u00e9nurie d\u2019eau : Le mouvement Adrikini descend dans la rue"},{"@type":"BreadcrumbList","@id":"https:\/\/www.africa-press.net\/comores\/toutes-les-actualites\/penurie-deau-le-mouvement-adrikini-descend-dans-la-rue#breadcrumb","itemListElement":[{"@type":"ListItem","position":1,"name":"Accueil","item":"https:\/\/www.africa-press.net\/comores\/"},{"@type":"ListItem","position":2,"name":"P\u00e9nurie d\u2019eau : Le mouvement Adrikini descend dans la rue"}]},{"@type":"WebSite","@id":"https:\/\/www.africa-press.net\/comores\/#website","url":"https:\/\/www.africa-press.net\/comores\/","name":"Comores","description":"Just another Africa News Agency Sites site","potentialAction":[{"@type":"SearchAction","target":{"@type":"EntryPoint","urlTemplate":"https:\/\/www.africa-press.net\/comores\/?s={search_term_string}"},"query-input":{"@type":"PropertyValueSpecification","valueRequired":true,"valueName":"search_term_string"}}],"inLanguage":"fr-FR"},{"@type":"Person","@id":"https:\/\/www.africa-press.net\/comores\/#\/schema\/person\/2b1cf3cd81a31e3cd26889ca66d677f1","name":"cfeditorfr"}]}},"_links":{"self":[{"href":"https:\/\/www.africa-press.net\/comores\/wp-json\/wp\/v2\/posts\/13327","targetHints":{"allow":["GET"]}}],"collection":[{"href":"https:\/\/www.africa-press.net\/comores\/wp-json\/wp\/v2\/posts"}],"about":[{"href":"https:\/\/www.africa-press.net\/comores\/wp-json\/wp\/v2\/types\/post"}],"author":[{"embeddable":true,"href":"https:\/\/www.africa-press.net\/comores\/wp-json\/wp\/v2\/users\/82"}],"replies":[{"embeddable":true,"href":"https:\/\/www.africa-press.net\/comores\/wp-json\/wp\/v2\/comments?post=13327"}],"version-history":[{"count":0,"href":"https:\/\/www.africa-press.net\/comores\/wp-json\/wp\/v2\/posts\/13327\/revisions"}],"wp:featuredmedia":[{"embeddable":true,"href":"https:\/\/www.africa-press.net\/comores\/wp-json\/wp\/v2\/media\/13326"}],"wp:attachment":[{"href":"https:\/\/www.africa-press.net\/comores\/wp-json\/wp\/v2\/media?parent=13327"}],"wp:term":[{"taxonomy":"category","embeddable":true,"href":"https:\/\/www.africa-press.net\/comores\/wp-json\/wp\/v2\/categories?post=13327"},{"taxonomy":"post_tag","embeddable":true,"href":"https:\/\/www.africa-press.net\/comores\/wp-json\/wp\/v2\/tags?post=13327"}],"curies":[{"name":"wp","href":"https:\/\/api.w.org\/{rel}","templated":true}]}}