{"id":13372,"date":"2023-10-31T19:38:11","date_gmt":"2023-10-31T19:38:11","guid":{"rendered":"https:\/\/www.africa-press.net\/comores\/politique\/linjs-va-accueillir-la-journee-africaine-de-la-jeunesse"},"modified":"2023-10-31T22:13:05","modified_gmt":"2023-10-31T22:13:05","slug":"linjs-va-accueillir-la-journee-africaine-de-la-jeunesse","status":"publish","type":"post","link":"https:\/\/www.africa-press.net\/comores\/toutes-les-actualites\/linjs-va-accueillir-la-journee-africaine-de-la-jeunesse","title":{"rendered":"L\u2019INJS va accueillir la journ\u00e9e africaine de la jeunesse"},"content":{"rendered":"<p><span style=\"color: #ff6600\"><strong>Africa-Press &#8211; Comores. <\/strong><\/span><b>Pour la premie\u0300re fois, les Comores vont ce\u0301le\u0301brer la journe\u0301e africaine de la jeunesse ce 1er novembre 2023. La journe\u0301e vise a\u0300 sensibiliser la jeunesse comorienne a\u0300 la vision Afrique 2063, a\u0300 la charte africaine de la jeunesse et aux enjeux et de\u0301fis de l\u2019Afrique du 21e\u0300me sie\u0300cle en vue de les encourager a\u0300 devenir des citoyens conscients et engage\u0301s en faveur du de\u0301veloppement humain et durable de leur pays et du continent africain. <\/b><\/p>\n<p>Depuis l\u2019adoption de la charte africaine de la jeunesse, lors de sommet du conseil exe\u0301cutif a\u0300 Banjul en 2006, le 1er novembre est proclame\u0301 et institue\u0301 comme \u00ab journe\u0301e africaine de la jeunesse \u00bb. Cette dernie\u0300re permet chaque anne\u0301e de promouvoir la reconnaissance des jeunes comme acteurs cle\u0301s pour le changement social, la croissance e\u0301conomique et le de\u0301veloppement durable dans tous domaines de la socie\u0301te\u0301 africaine. Cela vise e\u0301galement a\u0300 mettre a\u0300 contribution l\u2019ide\u0301alisme, l\u2019e\u0301nergie et la voix des jeunes pour renforcer les initiatives en vue de la re\u0301alisation du de\u0301veloppement durable en Afrique.<\/p>\n<p>Avec le soutien du ministe\u0300re de la jeunesse, l\u2019Institut National de la Jeunesse et Sport (INJS) va organiser pour la premie\u0300re fois cette journe\u0301e. Elle vise a\u0300 sensibiliser la jeunesse comorienne a\u0300 la vision Afrique 2063, a\u0300 la charte africaine de la jeunesse et aux enjeux et de\u0301fis de l\u2019Afrique du 21e\u0300me sie\u0300cle en vue de les encourager a\u0300 devenir des citoyens conscients et engage\u0301s en faveur du de\u0301veloppement humain et durable de leur pays et du continent africaine. Au programme de cette journe\u0301e, une dicte\u0301e festive sur les enjeux et de\u0301fis de l\u2019Afrique au 21e\u0300me sie\u0300cle, des questions de compre\u0301hension et de culture ge\u0301ne\u0301rale par e\u0301quipe et cre\u0301ation des clubs de l\u2019UA au sein des e\u0301coles participants.<\/p>\n<p>\u00ab C\u2019est pour nous un honneur d\u2019abriter cette journe\u0301e. Nous sommes conscients de la grandeur de cette journe\u0301e. C\u0327a sera le moment de cre\u0301er des clubs de l\u2019Union Africaine (AU) au sein de 14 colle\u0300ges ruraux de l\u2019Union des Comores pour renforcer l\u2019e\u0301ducation civique des e\u0301le\u0300ves, promouvoir leur compre\u0301hension des enjeux africains et mondiaux, et encourager leur engagement civique en faveur du de\u0301veloppement de l\u2019Afrique. C\u0327a sera aussi l\u2019occasion de familiariser les e\u0301le\u0300ves du colle\u0300ge avec la vision Afrique 2063 en mettant en e\u0301vidence ses principaux objectifs et aspirations pour le continent africain et sensibiliser les jeunes aux enjeux et de\u0301fis auxquels l\u2019Afrique est confronte\u0301e au 21e sie\u0300cle \u00bb, indique Ali Mohamed Chahid directeur de l\u2019Injs, tout en encourageant les e\u0301le\u0300ves a\u0300 re\u0301fle\u0301chir sur leur ro\u0302le en tant que futurs citoyens engage\u0301s dans la transformation positive de leur pays et du continent africain.<\/p>\n<p>Selon lui, beaucoup de re\u0301sultats sont attendu dans cette journe\u0301e dont l\u2019officialisation de la cre\u0301ation de 14 clubs de l\u2019UA au sein des colle\u0300ges ruraux des Comores, une meilleure compre\u0301hension de la vision Afrique 2063 parmi les e\u0301le\u0300ves du colle\u0300ge, y compris ses principaux objectifs et aspiration pour le continent et une sensibilisation accrue a\u0300 la charte africaine de la jeunesse et son ro\u0302le dans l\u2019e\u0301mancipation des jeunes et leur participation a\u0300 la vie politique et sociale de l\u2019Afrique.<\/p>\n<p><strong>Pour plus d&rsquo;informations et d&rsquo;analyses sur la <a href=\"https:\/\/www.africa-press.net\/comores\">Comores<\/a>, suivez <a href=\"https:\/\/www.africa-press.net\/\">Africa-Press<\/a><\/strong><\/p>\n","protected":false},"excerpt":{"rendered":"<p>Africa-Press &#8211; Comores. Pour la premie\u0300re fois, les Comores vont ce\u0301le\u0301brer la journe\u0301e africaine de la jeunesse ce 1er novembre 2023. La journe\u0301e vise a\u0300 sensibiliser la jeunesse comorienne a\u0300 la vision Afrique 2063, a\u0300 la charte africaine de la jeunesse et aux enjeux et de\u0301fis de l\u2019Afrique du 21e\u0300me sie\u0300cle en vue de les [&hellip;]<\/p>\n","protected":false},"author":82,"featured_media":13370,"comment_status":"open","ping_status":"closed","sticky":false,"template":"","format":"standard","meta":{"footnotes":""},"categories":[21,10],"tags":[36,53,45],"class_list":["post-13372","post","type-post","status-publish","format-standard","has-post-thumbnail","hentry","category-communaute","category-toutes-les-actualites","tag-africa-press","tag-africa-press-comores","tag-comores"],"yoast_head":"<!-- This site is optimized with the Yoast SEO Premium plugin v26.1 (Yoast SEO v27.0) - https:\/\/yoast.com\/product\/yoast-seo-premium-wordpress\/ -->\n<title>L\u2019INJS va accueillir la journ\u00e9e africaine de la jeunesse - Comores<\/title>\n<meta name=\"description\" content=\"Pour la premie\u0300re fois, les Comores vont ce\u0301le\u0301brer la journe\u0301e africaine de la jeunesse ce 1er novembre 2023. La jou ...\" \/>\n<meta name=\"robots\" content=\"index, follow, max-snippet:-1, max-image-preview:large, max-video-preview:-1\" \/>\n<link rel=\"canonical\" href=\"https:\/\/www.africa-press.net\/comores\/toutes-les-actualites\/linjs-va-accueillir-la-journee-africaine-de-la-jeunesse\" \/>\n<meta property=\"og:locale\" content=\"fr_FR\" \/>\n<meta property=\"og:type\" content=\"article\" \/>\n<meta property=\"og:title\" content=\"L\u2019INJS va accueillir la journ\u00e9e africaine de la jeunesse\" \/>\n<meta property=\"og:description\" content=\"Pour la premie\u0300re fois, les Comores vont ce\u0301le\u0301brer la journe\u0301e africaine de la jeunesse ce 1er novembre 2023. La jou ...\" \/>\n<meta property=\"og:url\" content=\"https:\/\/www.africa-press.net\/comores\/toutes-les-actualites\/linjs-va-accueillir-la-journee-africaine-de-la-jeunesse\" \/>\n<meta property=\"og:site_name\" content=\"Comores\" \/>\n<meta property=\"article:published_time\" content=\"2023-10-31T19:38:11+00:00\" \/>\n<meta property=\"article:modified_time\" content=\"2023-10-31T22:13:05+00:00\" \/>\n<meta property=\"og:image\" content=\"https:\/\/static.africa-press.net\/centrafricaine\/sites\/48\/2023\/10\/sm_1698774096.178107.jpg\" \/>\n\t<meta property=\"og:image:width\" content=\"720\" \/>\n\t<meta property=\"og:image:height\" content=\"655\" \/>\n\t<meta property=\"og:image:type\" content=\"image\/jpeg\" \/>\n<meta name=\"author\" content=\"cfeditorfr\" \/>\n<meta name=\"twitter:card\" content=\"summary_large_image\" \/>\n<meta name=\"twitter:label1\" content=\"\u00c9crit par\" \/>\n\t<meta name=\"twitter:data1\" content=\"cfeditorfr\" \/>\n\t<meta name=\"twitter:label2\" content=\"Dur\u00e9e de lecture estim\u00e9e\" \/>\n\t<meta name=\"twitter:data2\" content=\"3 minutes\" \/>\n<script type=\"application\/ld+json\" class=\"yoast-schema-graph\">{\"@context\":\"https:\/\/schema.org\",\"@graph\":[{\"@type\":\"Article\",\"@id\":\"https:\/\/www.africa-press.net\/comores\/toutes-les-actualites\/linjs-va-accueillir-la-journee-africaine-de-la-jeunesse#article\",\"isPartOf\":{\"@id\":\"https:\/\/www.africa-press.net\/comores\/toutes-les-actualites\/linjs-va-accueillir-la-journee-africaine-de-la-jeunesse\"},\"author\":{\"name\":\"cfeditorfr\",\"@id\":\"https:\/\/www.africa-press.net\/comores\/#\/schema\/person\/2b1cf3cd81a31e3cd26889ca66d677f1\"},\"headline\":\"L\u2019INJS va accueillir la journ\u00e9e africaine de la jeunesse\",\"datePublished\":\"2023-10-31T19:38:11+00:00\",\"dateModified\":\"2023-10-31T22:13:05+00:00\",\"mainEntityOfPage\":{\"@id\":\"https:\/\/www.africa-press.net\/comores\/toutes-les-actualites\/linjs-va-accueillir-la-journee-africaine-de-la-jeunesse\"},\"wordCount\":619,\"commentCount\":0,\"image\":{\"@id\":\"https:\/\/www.africa-press.net\/comores\/toutes-les-actualites\/linjs-va-accueillir-la-journee-africaine-de-la-jeunesse#primaryimage\"},\"thumbnailUrl\":\"https:\/\/static.africa-press.net\/centrafricaine\/sites\/48\/2023\/10\/sm_1698774096.178107.jpg\",\"keywords\":[\"Africa Press\",\"Africa Press-Comores\",\"Comores\"],\"articleSection\":[\"Communaut\u00e9\",\"Toutes les actualit\u00e9s\"],\"inLanguage\":\"fr-FR\",\"potentialAction\":[{\"@type\":\"CommentAction\",\"name\":\"Comment\",\"target\":[\"https:\/\/www.africa-press.net\/comores\/toutes-les-actualites\/linjs-va-accueillir-la-journee-africaine-de-la-jeunesse#respond\"]}]},{\"@type\":\"WebPage\",\"@id\":\"https:\/\/www.africa-press.net\/comores\/toutes-les-actualites\/linjs-va-accueillir-la-journee-africaine-de-la-jeunesse\",\"url\":\"https:\/\/www.africa-press.net\/comores\/toutes-les-actualites\/linjs-va-accueillir-la-journee-africaine-de-la-jeunesse\",\"name\":\"L\u2019INJS va accueillir la journ\u00e9e africaine de la jeunesse - Comores\",\"isPartOf\":{\"@id\":\"https:\/\/www.africa-press.net\/comores\/#website\"},\"primaryImageOfPage\":{\"@id\":\"https:\/\/www.africa-press.net\/comores\/toutes-les-actualites\/linjs-va-accueillir-la-journee-africaine-de-la-jeunesse#primaryimage\"},\"image\":{\"@id\":\"https:\/\/www.africa-press.net\/comores\/toutes-les-actualites\/linjs-va-accueillir-la-journee-africaine-de-la-jeunesse#primaryimage\"},\"thumbnailUrl\":\"https:\/\/static.africa-press.net\/centrafricaine\/sites\/48\/2023\/10\/sm_1698774096.178107.jpg\",\"datePublished\":\"2023-10-31T19:38:11+00:00\",\"dateModified\":\"2023-10-31T22:13:05+00:00\",\"author\":{\"@id\":\"https:\/\/www.africa-press.net\/comores\/#\/schema\/person\/2b1cf3cd81a31e3cd26889ca66d677f1\"},\"description\":\"Pour la premie\u0300re fois, les Comores vont ce\u0301le\u0301brer la journe\u0301e africaine de la jeunesse ce 1er novembre 2023. La jou ...\",\"breadcrumb\":{\"@id\":\"https:\/\/www.africa-press.net\/comores\/toutes-les-actualites\/linjs-va-accueillir-la-journee-africaine-de-la-jeunesse#breadcrumb\"},\"inLanguage\":\"fr-FR\",\"potentialAction\":[{\"@type\":\"ReadAction\",\"target\":[\"https:\/\/www.africa-press.net\/comores\/toutes-les-actualites\/linjs-va-accueillir-la-journee-africaine-de-la-jeunesse\"]}]},{\"@type\":\"ImageObject\",\"inLanguage\":\"fr-FR\",\"@id\":\"https:\/\/www.africa-press.net\/comores\/toutes-les-actualites\/linjs-va-accueillir-la-journee-africaine-de-la-jeunesse#primaryimage\",\"url\":\"https:\/\/static.africa-press.net\/centrafricaine\/sites\/48\/2023\/10\/sm_1698774096.178107.jpg\",\"contentUrl\":\"https:\/\/static.africa-press.net\/centrafricaine\/sites\/48\/2023\/10\/sm_1698774096.178107.jpg\",\"width\":720,\"height\":655,\"caption\":\"L\u2019INJS va accueillir la journ\u00e9e africaine de la jeunesse\"},{\"@type\":\"BreadcrumbList\",\"@id\":\"https:\/\/www.africa-press.net\/comores\/toutes-les-actualites\/linjs-va-accueillir-la-journee-africaine-de-la-jeunesse#breadcrumb\",\"itemListElement\":[{\"@type\":\"ListItem\",\"position\":1,\"name\":\"Accueil\",\"item\":\"https:\/\/www.africa-press.net\/comores\/\"},{\"@type\":\"ListItem\",\"position\":2,\"name\":\"L\u2019INJS va accueillir la journ\u00e9e africaine de la jeunesse\"}]},{\"@type\":\"WebSite\",\"@id\":\"https:\/\/www.africa-press.net\/comores\/#website\",\"url\":\"https:\/\/www.africa-press.net\/comores\/\",\"name\":\"Comores\",\"description\":\"Just another Africa News Agency Sites site\",\"potentialAction\":[{\"@type\":\"SearchAction\",\"target\":{\"@type\":\"EntryPoint\",\"urlTemplate\":\"https:\/\/www.africa-press.net\/comores\/?s={search_term_string}\"},\"query-input\":{\"@type\":\"PropertyValueSpecification\",\"valueRequired\":true,\"valueName\":\"search_term_string\"}}],\"inLanguage\":\"fr-FR\"},{\"@type\":\"Person\",\"@id\":\"https:\/\/www.africa-press.net\/comores\/#\/schema\/person\/2b1cf3cd81a31e3cd26889ca66d677f1\",\"name\":\"cfeditorfr\"}]}<\/script>\n<!-- \/ Yoast SEO Premium plugin. -->","yoast_head_json":{"title":"L\u2019INJS va accueillir la journ\u00e9e africaine de la jeunesse - Comores","description":"Pour la premie\u0300re fois, les Comores vont ce\u0301le\u0301brer la journe\u0301e africaine de la jeunesse ce 1er novembre 2023. La jou ...","robots":{"index":"index","follow":"follow","max-snippet":"max-snippet:-1","max-image-preview":"max-image-preview:large","max-video-preview":"max-video-preview:-1"},"canonical":"https:\/\/www.africa-press.net\/comores\/toutes-les-actualites\/linjs-va-accueillir-la-journee-africaine-de-la-jeunesse","og_locale":"fr_FR","og_type":"article","og_title":"L\u2019INJS va accueillir la journ\u00e9e africaine de la jeunesse","og_description":"Pour la premie\u0300re fois, les Comores vont ce\u0301le\u0301brer la journe\u0301e africaine de la jeunesse ce 1er novembre 2023. La jou ...","og_url":"https:\/\/www.africa-press.net\/comores\/toutes-les-actualites\/linjs-va-accueillir-la-journee-africaine-de-la-jeunesse","og_site_name":"Comores","article_published_time":"2023-10-31T19:38:11+00:00","article_modified_time":"2023-10-31T22:13:05+00:00","og_image":[{"width":720,"height":655,"url":"https:\/\/static.africa-press.net\/centrafricaine\/sites\/48\/2023\/10\/sm_1698774096.178107.jpg","type":"image\/jpeg"}],"author":"cfeditorfr","twitter_card":"summary_large_image","twitter_misc":{"\u00c9crit par":"cfeditorfr","Dur\u00e9e de lecture estim\u00e9e":"3 minutes"},"schema":{"@context":"https:\/\/schema.org","@graph":[{"@type":"Article","@id":"https:\/\/www.africa-press.net\/comores\/toutes-les-actualites\/linjs-va-accueillir-la-journee-africaine-de-la-jeunesse#article","isPartOf":{"@id":"https:\/\/www.africa-press.net\/comores\/toutes-les-actualites\/linjs-va-accueillir-la-journee-africaine-de-la-jeunesse"},"author":{"name":"cfeditorfr","@id":"https:\/\/www.africa-press.net\/comores\/#\/schema\/person\/2b1cf3cd81a31e3cd26889ca66d677f1"},"headline":"L\u2019INJS va accueillir la journ\u00e9e africaine de la jeunesse","datePublished":"2023-10-31T19:38:11+00:00","dateModified":"2023-10-31T22:13:05+00:00","mainEntityOfPage":{"@id":"https:\/\/www.africa-press.net\/comores\/toutes-les-actualites\/linjs-va-accueillir-la-journee-africaine-de-la-jeunesse"},"wordCount":619,"commentCount":0,"image":{"@id":"https:\/\/www.africa-press.net\/comores\/toutes-les-actualites\/linjs-va-accueillir-la-journee-africaine-de-la-jeunesse#primaryimage"},"thumbnailUrl":"https:\/\/static.africa-press.net\/centrafricaine\/sites\/48\/2023\/10\/sm_1698774096.178107.jpg","keywords":["Africa Press","Africa Press-Comores","Comores"],"articleSection":["Communaut\u00e9","Toutes les actualit\u00e9s"],"inLanguage":"fr-FR","potentialAction":[{"@type":"CommentAction","name":"Comment","target":["https:\/\/www.africa-press.net\/comores\/toutes-les-actualites\/linjs-va-accueillir-la-journee-africaine-de-la-jeunesse#respond"]}]},{"@type":"WebPage","@id":"https:\/\/www.africa-press.net\/comores\/toutes-les-actualites\/linjs-va-accueillir-la-journee-africaine-de-la-jeunesse","url":"https:\/\/www.africa-press.net\/comores\/toutes-les-actualites\/linjs-va-accueillir-la-journee-africaine-de-la-jeunesse","name":"L\u2019INJS va accueillir la journ\u00e9e africaine de la jeunesse - Comores","isPartOf":{"@id":"https:\/\/www.africa-press.net\/comores\/#website"},"primaryImageOfPage":{"@id":"https:\/\/www.africa-press.net\/comores\/toutes-les-actualites\/linjs-va-accueillir-la-journee-africaine-de-la-jeunesse#primaryimage"},"image":{"@id":"https:\/\/www.africa-press.net\/comores\/toutes-les-actualites\/linjs-va-accueillir-la-journee-africaine-de-la-jeunesse#primaryimage"},"thumbnailUrl":"https:\/\/static.africa-press.net\/centrafricaine\/sites\/48\/2023\/10\/sm_1698774096.178107.jpg","datePublished":"2023-10-31T19:38:11+00:00","dateModified":"2023-10-31T22:13:05+00:00","author":{"@id":"https:\/\/www.africa-press.net\/comores\/#\/schema\/person\/2b1cf3cd81a31e3cd26889ca66d677f1"},"description":"Pour la premie\u0300re fois, les Comores vont ce\u0301le\u0301brer la journe\u0301e africaine de la jeunesse ce 1er novembre 2023. La jou ...","breadcrumb":{"@id":"https:\/\/www.africa-press.net\/comores\/toutes-les-actualites\/linjs-va-accueillir-la-journee-africaine-de-la-jeunesse#breadcrumb"},"inLanguage":"fr-FR","potentialAction":[{"@type":"ReadAction","target":["https:\/\/www.africa-press.net\/comores\/toutes-les-actualites\/linjs-va-accueillir-la-journee-africaine-de-la-jeunesse"]}]},{"@type":"ImageObject","inLanguage":"fr-FR","@id":"https:\/\/www.africa-press.net\/comores\/toutes-les-actualites\/linjs-va-accueillir-la-journee-africaine-de-la-jeunesse#primaryimage","url":"https:\/\/static.africa-press.net\/centrafricaine\/sites\/48\/2023\/10\/sm_1698774096.178107.jpg","contentUrl":"https:\/\/static.africa-press.net\/centrafricaine\/sites\/48\/2023\/10\/sm_1698774096.178107.jpg","width":720,"height":655,"caption":"L\u2019INJS va accueillir la journ\u00e9e africaine de la jeunesse"},{"@type":"BreadcrumbList","@id":"https:\/\/www.africa-press.net\/comores\/toutes-les-actualites\/linjs-va-accueillir-la-journee-africaine-de-la-jeunesse#breadcrumb","itemListElement":[{"@type":"ListItem","position":1,"name":"Accueil","item":"https:\/\/www.africa-press.net\/comores\/"},{"@type":"ListItem","position":2,"name":"L\u2019INJS va accueillir la journ\u00e9e africaine de la jeunesse"}]},{"@type":"WebSite","@id":"https:\/\/www.africa-press.net\/comores\/#website","url":"https:\/\/www.africa-press.net\/comores\/","name":"Comores","description":"Just another Africa News Agency Sites site","potentialAction":[{"@type":"SearchAction","target":{"@type":"EntryPoint","urlTemplate":"https:\/\/www.africa-press.net\/comores\/?s={search_term_string}"},"query-input":{"@type":"PropertyValueSpecification","valueRequired":true,"valueName":"search_term_string"}}],"inLanguage":"fr-FR"},{"@type":"Person","@id":"https:\/\/www.africa-press.net\/comores\/#\/schema\/person\/2b1cf3cd81a31e3cd26889ca66d677f1","name":"cfeditorfr"}]}},"_links":{"self":[{"href":"https:\/\/www.africa-press.net\/comores\/wp-json\/wp\/v2\/posts\/13372","targetHints":{"allow":["GET"]}}],"collection":[{"href":"https:\/\/www.africa-press.net\/comores\/wp-json\/wp\/v2\/posts"}],"about":[{"href":"https:\/\/www.africa-press.net\/comores\/wp-json\/wp\/v2\/types\/post"}],"author":[{"embeddable":true,"href":"https:\/\/www.africa-press.net\/comores\/wp-json\/wp\/v2\/users\/82"}],"replies":[{"embeddable":true,"href":"https:\/\/www.africa-press.net\/comores\/wp-json\/wp\/v2\/comments?post=13372"}],"version-history":[{"count":0,"href":"https:\/\/www.africa-press.net\/comores\/wp-json\/wp\/v2\/posts\/13372\/revisions"}],"wp:featuredmedia":[{"embeddable":true,"href":"https:\/\/www.africa-press.net\/comores\/wp-json\/wp\/v2\/media\/13370"}],"wp:attachment":[{"href":"https:\/\/www.africa-press.net\/comores\/wp-json\/wp\/v2\/media?parent=13372"}],"wp:term":[{"taxonomy":"category","embeddable":true,"href":"https:\/\/www.africa-press.net\/comores\/wp-json\/wp\/v2\/categories?post=13372"},{"taxonomy":"post_tag","embeddable":true,"href":"https:\/\/www.africa-press.net\/comores\/wp-json\/wp\/v2\/tags?post=13372"}],"curies":[{"name":"wp","href":"https:\/\/api.w.org\/{rel}","templated":true}]}}