{"id":13413,"date":"2023-11-01T18:32:10","date_gmt":"2023-11-01T18:32:10","guid":{"rendered":"https:\/\/www.africa-press.net\/comores\/politique\/lintersyndicale-brandit-la-menace-dune-greve"},"modified":"2023-11-01T20:06:17","modified_gmt":"2023-11-01T20:06:17","slug":"lintersyndicale-brandit-la-menace-dune-greve","status":"publish","type":"post","link":"https:\/\/www.africa-press.net\/comores\/toutes-les-actualites\/lintersyndicale-brandit-la-menace-dune-greve","title":{"rendered":"L\u2019intersyndicale brandit la menace d\u2019une gr\u00e8ve"},"content":{"rendered":"<p><span style=\"color: #ff6600\"><strong>Africa-Press &#8211; Comores. <\/strong><\/span><b>Toujours dans l\u2019attente d\u2019une ame\u0301lioration de leurs conditions de travail, notamment la valorisation de la grille indiciaire et leur avancement, l\u2019intersyndicale des agents de l\u2019e\u0301ducation nationale interpelle le gouvernement. Si d\u2019ici le 16 novembre, ils n\u2019obtiennent pas gain de cause, ils vont de\u0301clencher une gre\u0300ve illimite\u0301e. <\/b><\/p>\n<p>Devant la presse, hier mardi 31 octobre, le secre\u0301taire ge\u0301ne\u0301ral de l\u2019intersyndicale des agents de l\u2019e\u0301ducation nationale Moussa Mfougouliye a informe\u0301 que le protocole d\u2019accord qui a e\u0301te\u0301 signe\u0301 entre le gouvernement et le syndicat des enseignants n\u2019est toujours pas respecte\u0301. \u00ab Nous avons attendu plusieurs mois, et jusqu\u2019a\u0300 pre\u0301sent rien n\u2019a e\u0301te\u0301 fait. Lors de notre dernie\u0300re rencontre avec le chef de l\u2019Etat, il nous a promis qu\u2019il va se pencher sur nos revendications mais force est de constater que nous sommes toujours dans l\u2019attente. Nous e\u0301tions oblige\u0301s d\u2019organiser la rentre\u0301e pour ne pas amputer l\u2019anne\u0301e scolaire et jusqu\u2019a\u0300 pre\u0301sent nous sommes dans l\u2019impasse \u00bb, souligne-t-il.<\/p>\n<p>Si d\u2019ici la\u0300, il n\u2019y a pas eu un compromis, l\u2019intersyndicale pre\u0301voit d\u2019ici jeudi 02 novembres prochain d\u2019adresser un pre\u0301avis de gre\u0300ve au ministe\u0300re de l\u2019e\u0301ducation. \u00ab Si d\u2019ici le 16 novembre prochain, rien n\u2019est fait, nous serons oblige\u0301s d\u2019entamer une gre\u0300ve illimite\u0301e jusqu\u2019a\u0300 avoir gain de cause \u00bb, lance-t-il.<\/p>\n<p>Pour me\u0301moire c\u2019e\u0301tait en mai 2022, dans le but de sauver l&rsquo;anne\u0301e scolaire et re\u0301aliser les examens nationaux, le ministe\u0300re de l&rsquo;e\u0301ducation nationale, la fonction publique et l&rsquo;intersyndicale ont signe\u0301 un protocole d&rsquo;accord. Ce dernier avait pour objectif d\u2019ame\u0301liorer les conditions de travail des enseignants en accordant a\u0300 ces derniers le be\u0301ne\u0301fice d&rsquo;une nouvelle grille indiciaire ou l&rsquo;ame\u0301lioration du point indiciaire et d&rsquo;avancement. Ce fut un v\u0153u pieux comme tant d\u2019autres. \u00ab Alors que pour nos colle\u0300gues des autres de\u0301partements, leurs conditions ont change\u0301, nous on est toujours la\u0300, sans rien, me\u0302me nos avancements sont gele\u0301s \u00bb, de\u0301plore-t-il.<\/p>\n<p><strong>Pour plus d&rsquo;informations et d&rsquo;analyses sur la <a href=\"https:\/\/www.africa-press.net\/comores\">Comores<\/a>, suivez <a href=\"https:\/\/www.africa-press.net\/\">Africa-Press<\/a><\/strong><\/p>\n","protected":false},"excerpt":{"rendered":"<p>Africa-Press &#8211; Comores. Toujours dans l\u2019attente d\u2019une ame\u0301lioration de leurs conditions de travail, notamment la valorisation de la grille indiciaire et leur avancement, l\u2019intersyndicale des agents de l\u2019e\u0301ducation nationale interpelle le gouvernement. Si d\u2019ici le 16 novembre, ils n\u2019obtiennent pas gain de cause, ils vont de\u0301clencher une gre\u0300ve illimite\u0301e. Devant la presse, hier mardi 31 [&hellip;]<\/p>\n","protected":false},"author":82,"featured_media":13412,"comment_status":"open","ping_status":"closed","sticky":false,"template":"","format":"standard","meta":{"footnotes":""},"categories":[21,10],"tags":[36,53,45],"class_list":["post-13413","post","type-post","status-publish","format-standard","has-post-thumbnail","hentry","category-communaute","category-toutes-les-actualites","tag-africa-press","tag-africa-press-comores","tag-comores"],"yoast_head":"<!-- This site is optimized with the Yoast SEO Premium plugin v26.1 (Yoast SEO v27.0) - https:\/\/yoast.com\/product\/yoast-seo-premium-wordpress\/ -->\n<title>L\u2019intersyndicale brandit la menace d\u2019une gr\u00e8ve - Comores<\/title>\n<meta name=\"description\" content=\"Toujours dans l\u2019attente d\u2019une ame\u0301lioration de leurs conditions de travail, notamment la valorisation de la grille in ...\" \/>\n<meta name=\"robots\" content=\"index, follow, max-snippet:-1, max-image-preview:large, max-video-preview:-1\" \/>\n<link rel=\"canonical\" href=\"https:\/\/www.africa-press.net\/comores\/toutes-les-actualites\/lintersyndicale-brandit-la-menace-dune-greve\" \/>\n<meta property=\"og:locale\" content=\"fr_FR\" \/>\n<meta property=\"og:type\" content=\"article\" \/>\n<meta property=\"og:title\" content=\"L\u2019intersyndicale brandit la menace d\u2019une gr\u00e8ve\" \/>\n<meta property=\"og:description\" content=\"Toujours dans l\u2019attente d\u2019une ame\u0301lioration de leurs conditions de travail, notamment la valorisation de la grille in ...\" \/>\n<meta property=\"og:url\" content=\"https:\/\/www.africa-press.net\/comores\/toutes-les-actualites\/lintersyndicale-brandit-la-menace-dune-greve\" \/>\n<meta property=\"og:site_name\" content=\"Comores\" \/>\n<meta property=\"article:published_time\" content=\"2023-11-01T18:32:10+00:00\" \/>\n<meta property=\"article:modified_time\" content=\"2023-11-01T20:06:17+00:00\" \/>\n<meta property=\"og:image\" content=\"https:\/\/static.africa-press.net\/centrafricaine\/sites\/48\/2023\/11\/sm_1698852913.764468.jpg\" \/>\n\t<meta property=\"og:image:width\" content=\"750\" \/>\n\t<meta property=\"og:image:height\" content=\"447\" \/>\n\t<meta property=\"og:image:type\" content=\"image\/jpeg\" \/>\n<meta name=\"author\" content=\"cfeditorfr\" \/>\n<meta name=\"twitter:card\" content=\"summary_large_image\" \/>\n<meta name=\"twitter:label1\" content=\"\u00c9crit par\" \/>\n\t<meta name=\"twitter:data1\" content=\"cfeditorfr\" \/>\n\t<meta name=\"twitter:label2\" content=\"Dur\u00e9e de lecture estim\u00e9e\" \/>\n\t<meta name=\"twitter:data2\" content=\"2 minutes\" \/>\n<script type=\"application\/ld+json\" class=\"yoast-schema-graph\">{\"@context\":\"https:\/\/schema.org\",\"@graph\":[{\"@type\":\"Article\",\"@id\":\"https:\/\/www.africa-press.net\/comores\/toutes-les-actualites\/lintersyndicale-brandit-la-menace-dune-greve#article\",\"isPartOf\":{\"@id\":\"https:\/\/www.africa-press.net\/comores\/toutes-les-actualites\/lintersyndicale-brandit-la-menace-dune-greve\"},\"author\":{\"name\":\"cfeditorfr\",\"@id\":\"https:\/\/www.africa-press.net\/comores\/#\/schema\/person\/2b1cf3cd81a31e3cd26889ca66d677f1\"},\"headline\":\"L\u2019intersyndicale brandit la menace d\u2019une gr\u00e8ve\",\"datePublished\":\"2023-11-01T18:32:10+00:00\",\"dateModified\":\"2023-11-01T20:06:17+00:00\",\"mainEntityOfPage\":{\"@id\":\"https:\/\/www.africa-press.net\/comores\/toutes-les-actualites\/lintersyndicale-brandit-la-menace-dune-greve\"},\"wordCount\":395,\"commentCount\":0,\"image\":{\"@id\":\"https:\/\/www.africa-press.net\/comores\/toutes-les-actualites\/lintersyndicale-brandit-la-menace-dune-greve#primaryimage\"},\"thumbnailUrl\":\"https:\/\/static.africa-press.net\/centrafricaine\/sites\/48\/2023\/11\/sm_1698852913.764468.jpg\",\"keywords\":[\"Africa Press\",\"Africa Press-Comores\",\"Comores\"],\"articleSection\":[\"Communaut\u00e9\",\"Toutes les actualit\u00e9s\"],\"inLanguage\":\"fr-FR\",\"potentialAction\":[{\"@type\":\"CommentAction\",\"name\":\"Comment\",\"target\":[\"https:\/\/www.africa-press.net\/comores\/toutes-les-actualites\/lintersyndicale-brandit-la-menace-dune-greve#respond\"]}]},{\"@type\":\"WebPage\",\"@id\":\"https:\/\/www.africa-press.net\/comores\/toutes-les-actualites\/lintersyndicale-brandit-la-menace-dune-greve\",\"url\":\"https:\/\/www.africa-press.net\/comores\/toutes-les-actualites\/lintersyndicale-brandit-la-menace-dune-greve\",\"name\":\"L\u2019intersyndicale brandit la menace d\u2019une gr\u00e8ve - Comores\",\"isPartOf\":{\"@id\":\"https:\/\/www.africa-press.net\/comores\/#website\"},\"primaryImageOfPage\":{\"@id\":\"https:\/\/www.africa-press.net\/comores\/toutes-les-actualites\/lintersyndicale-brandit-la-menace-dune-greve#primaryimage\"},\"image\":{\"@id\":\"https:\/\/www.africa-press.net\/comores\/toutes-les-actualites\/lintersyndicale-brandit-la-menace-dune-greve#primaryimage\"},\"thumbnailUrl\":\"https:\/\/static.africa-press.net\/centrafricaine\/sites\/48\/2023\/11\/sm_1698852913.764468.jpg\",\"datePublished\":\"2023-11-01T18:32:10+00:00\",\"dateModified\":\"2023-11-01T20:06:17+00:00\",\"author\":{\"@id\":\"https:\/\/www.africa-press.net\/comores\/#\/schema\/person\/2b1cf3cd81a31e3cd26889ca66d677f1\"},\"description\":\"Toujours dans l\u2019attente d\u2019une ame\u0301lioration de leurs conditions de travail, notamment la valorisation de la grille in ...\",\"breadcrumb\":{\"@id\":\"https:\/\/www.africa-press.net\/comores\/toutes-les-actualites\/lintersyndicale-brandit-la-menace-dune-greve#breadcrumb\"},\"inLanguage\":\"fr-FR\",\"potentialAction\":[{\"@type\":\"ReadAction\",\"target\":[\"https:\/\/www.africa-press.net\/comores\/toutes-les-actualites\/lintersyndicale-brandit-la-menace-dune-greve\"]}]},{\"@type\":\"ImageObject\",\"inLanguage\":\"fr-FR\",\"@id\":\"https:\/\/www.africa-press.net\/comores\/toutes-les-actualites\/lintersyndicale-brandit-la-menace-dune-greve#primaryimage\",\"url\":\"https:\/\/static.africa-press.net\/centrafricaine\/sites\/48\/2023\/11\/sm_1698852913.764468.jpg\",\"contentUrl\":\"https:\/\/static.africa-press.net\/centrafricaine\/sites\/48\/2023\/11\/sm_1698852913.764468.jpg\",\"width\":750,\"height\":447,\"caption\":\"L\u2019intersyndicale brandit la menace d\u2019une gr\u00e8ve\"},{\"@type\":\"BreadcrumbList\",\"@id\":\"https:\/\/www.africa-press.net\/comores\/toutes-les-actualites\/lintersyndicale-brandit-la-menace-dune-greve#breadcrumb\",\"itemListElement\":[{\"@type\":\"ListItem\",\"position\":1,\"name\":\"Accueil\",\"item\":\"https:\/\/www.africa-press.net\/comores\/\"},{\"@type\":\"ListItem\",\"position\":2,\"name\":\"L\u2019intersyndicale brandit la menace d\u2019une gr\u00e8ve\"}]},{\"@type\":\"WebSite\",\"@id\":\"https:\/\/www.africa-press.net\/comores\/#website\",\"url\":\"https:\/\/www.africa-press.net\/comores\/\",\"name\":\"Comores\",\"description\":\"Just another Africa News Agency Sites site\",\"potentialAction\":[{\"@type\":\"SearchAction\",\"target\":{\"@type\":\"EntryPoint\",\"urlTemplate\":\"https:\/\/www.africa-press.net\/comores\/?s={search_term_string}\"},\"query-input\":{\"@type\":\"PropertyValueSpecification\",\"valueRequired\":true,\"valueName\":\"search_term_string\"}}],\"inLanguage\":\"fr-FR\"},{\"@type\":\"Person\",\"@id\":\"https:\/\/www.africa-press.net\/comores\/#\/schema\/person\/2b1cf3cd81a31e3cd26889ca66d677f1\",\"name\":\"cfeditorfr\"}]}<\/script>\n<!-- \/ Yoast SEO Premium plugin. -->","yoast_head_json":{"title":"L\u2019intersyndicale brandit la menace d\u2019une gr\u00e8ve - Comores","description":"Toujours dans l\u2019attente d\u2019une ame\u0301lioration de leurs conditions de travail, notamment la valorisation de la grille in ...","robots":{"index":"index","follow":"follow","max-snippet":"max-snippet:-1","max-image-preview":"max-image-preview:large","max-video-preview":"max-video-preview:-1"},"canonical":"https:\/\/www.africa-press.net\/comores\/toutes-les-actualites\/lintersyndicale-brandit-la-menace-dune-greve","og_locale":"fr_FR","og_type":"article","og_title":"L\u2019intersyndicale brandit la menace d\u2019une gr\u00e8ve","og_description":"Toujours dans l\u2019attente d\u2019une ame\u0301lioration de leurs conditions de travail, notamment la valorisation de la grille in ...","og_url":"https:\/\/www.africa-press.net\/comores\/toutes-les-actualites\/lintersyndicale-brandit-la-menace-dune-greve","og_site_name":"Comores","article_published_time":"2023-11-01T18:32:10+00:00","article_modified_time":"2023-11-01T20:06:17+00:00","og_image":[{"width":750,"height":447,"url":"https:\/\/static.africa-press.net\/centrafricaine\/sites\/48\/2023\/11\/sm_1698852913.764468.jpg","type":"image\/jpeg"}],"author":"cfeditorfr","twitter_card":"summary_large_image","twitter_misc":{"\u00c9crit par":"cfeditorfr","Dur\u00e9e de lecture estim\u00e9e":"2 minutes"},"schema":{"@context":"https:\/\/schema.org","@graph":[{"@type":"Article","@id":"https:\/\/www.africa-press.net\/comores\/toutes-les-actualites\/lintersyndicale-brandit-la-menace-dune-greve#article","isPartOf":{"@id":"https:\/\/www.africa-press.net\/comores\/toutes-les-actualites\/lintersyndicale-brandit-la-menace-dune-greve"},"author":{"name":"cfeditorfr","@id":"https:\/\/www.africa-press.net\/comores\/#\/schema\/person\/2b1cf3cd81a31e3cd26889ca66d677f1"},"headline":"L\u2019intersyndicale brandit la menace d\u2019une gr\u00e8ve","datePublished":"2023-11-01T18:32:10+00:00","dateModified":"2023-11-01T20:06:17+00:00","mainEntityOfPage":{"@id":"https:\/\/www.africa-press.net\/comores\/toutes-les-actualites\/lintersyndicale-brandit-la-menace-dune-greve"},"wordCount":395,"commentCount":0,"image":{"@id":"https:\/\/www.africa-press.net\/comores\/toutes-les-actualites\/lintersyndicale-brandit-la-menace-dune-greve#primaryimage"},"thumbnailUrl":"https:\/\/static.africa-press.net\/centrafricaine\/sites\/48\/2023\/11\/sm_1698852913.764468.jpg","keywords":["Africa Press","Africa Press-Comores","Comores"],"articleSection":["Communaut\u00e9","Toutes les actualit\u00e9s"],"inLanguage":"fr-FR","potentialAction":[{"@type":"CommentAction","name":"Comment","target":["https:\/\/www.africa-press.net\/comores\/toutes-les-actualites\/lintersyndicale-brandit-la-menace-dune-greve#respond"]}]},{"@type":"WebPage","@id":"https:\/\/www.africa-press.net\/comores\/toutes-les-actualites\/lintersyndicale-brandit-la-menace-dune-greve","url":"https:\/\/www.africa-press.net\/comores\/toutes-les-actualites\/lintersyndicale-brandit-la-menace-dune-greve","name":"L\u2019intersyndicale brandit la menace d\u2019une gr\u00e8ve - Comores","isPartOf":{"@id":"https:\/\/www.africa-press.net\/comores\/#website"},"primaryImageOfPage":{"@id":"https:\/\/www.africa-press.net\/comores\/toutes-les-actualites\/lintersyndicale-brandit-la-menace-dune-greve#primaryimage"},"image":{"@id":"https:\/\/www.africa-press.net\/comores\/toutes-les-actualites\/lintersyndicale-brandit-la-menace-dune-greve#primaryimage"},"thumbnailUrl":"https:\/\/static.africa-press.net\/centrafricaine\/sites\/48\/2023\/11\/sm_1698852913.764468.jpg","datePublished":"2023-11-01T18:32:10+00:00","dateModified":"2023-11-01T20:06:17+00:00","author":{"@id":"https:\/\/www.africa-press.net\/comores\/#\/schema\/person\/2b1cf3cd81a31e3cd26889ca66d677f1"},"description":"Toujours dans l\u2019attente d\u2019une ame\u0301lioration de leurs conditions de travail, notamment la valorisation de la grille in ...","breadcrumb":{"@id":"https:\/\/www.africa-press.net\/comores\/toutes-les-actualites\/lintersyndicale-brandit-la-menace-dune-greve#breadcrumb"},"inLanguage":"fr-FR","potentialAction":[{"@type":"ReadAction","target":["https:\/\/www.africa-press.net\/comores\/toutes-les-actualites\/lintersyndicale-brandit-la-menace-dune-greve"]}]},{"@type":"ImageObject","inLanguage":"fr-FR","@id":"https:\/\/www.africa-press.net\/comores\/toutes-les-actualites\/lintersyndicale-brandit-la-menace-dune-greve#primaryimage","url":"https:\/\/static.africa-press.net\/centrafricaine\/sites\/48\/2023\/11\/sm_1698852913.764468.jpg","contentUrl":"https:\/\/static.africa-press.net\/centrafricaine\/sites\/48\/2023\/11\/sm_1698852913.764468.jpg","width":750,"height":447,"caption":"L\u2019intersyndicale brandit la menace d\u2019une gr\u00e8ve"},{"@type":"BreadcrumbList","@id":"https:\/\/www.africa-press.net\/comores\/toutes-les-actualites\/lintersyndicale-brandit-la-menace-dune-greve#breadcrumb","itemListElement":[{"@type":"ListItem","position":1,"name":"Accueil","item":"https:\/\/www.africa-press.net\/comores\/"},{"@type":"ListItem","position":2,"name":"L\u2019intersyndicale brandit la menace d\u2019une gr\u00e8ve"}]},{"@type":"WebSite","@id":"https:\/\/www.africa-press.net\/comores\/#website","url":"https:\/\/www.africa-press.net\/comores\/","name":"Comores","description":"Just another Africa News Agency Sites site","potentialAction":[{"@type":"SearchAction","target":{"@type":"EntryPoint","urlTemplate":"https:\/\/www.africa-press.net\/comores\/?s={search_term_string}"},"query-input":{"@type":"PropertyValueSpecification","valueRequired":true,"valueName":"search_term_string"}}],"inLanguage":"fr-FR"},{"@type":"Person","@id":"https:\/\/www.africa-press.net\/comores\/#\/schema\/person\/2b1cf3cd81a31e3cd26889ca66d677f1","name":"cfeditorfr"}]}},"_links":{"self":[{"href":"https:\/\/www.africa-press.net\/comores\/wp-json\/wp\/v2\/posts\/13413","targetHints":{"allow":["GET"]}}],"collection":[{"href":"https:\/\/www.africa-press.net\/comores\/wp-json\/wp\/v2\/posts"}],"about":[{"href":"https:\/\/www.africa-press.net\/comores\/wp-json\/wp\/v2\/types\/post"}],"author":[{"embeddable":true,"href":"https:\/\/www.africa-press.net\/comores\/wp-json\/wp\/v2\/users\/82"}],"replies":[{"embeddable":true,"href":"https:\/\/www.africa-press.net\/comores\/wp-json\/wp\/v2\/comments?post=13413"}],"version-history":[{"count":0,"href":"https:\/\/www.africa-press.net\/comores\/wp-json\/wp\/v2\/posts\/13413\/revisions"}],"wp:featuredmedia":[{"embeddable":true,"href":"https:\/\/www.africa-press.net\/comores\/wp-json\/wp\/v2\/media\/13412"}],"wp:attachment":[{"href":"https:\/\/www.africa-press.net\/comores\/wp-json\/wp\/v2\/media?parent=13413"}],"wp:term":[{"taxonomy":"category","embeddable":true,"href":"https:\/\/www.africa-press.net\/comores\/wp-json\/wp\/v2\/categories?post=13413"},{"taxonomy":"post_tag","embeddable":true,"href":"https:\/\/www.africa-press.net\/comores\/wp-json\/wp\/v2\/tags?post=13413"}],"curies":[{"name":"wp","href":"https:\/\/api.w.org\/{rel}","templated":true}]}}