{"id":13447,"date":"2023-11-03T18:58:07","date_gmt":"2023-11-03T18:58:07","guid":{"rendered":"https:\/\/www.africa-press.net\/comores\/politique\/quelle-strategie-pour-mieux-mobiliser-la-diaspora"},"modified":"2023-11-03T21:21:16","modified_gmt":"2023-11-03T21:21:16","slug":"quelle-strategie-pour-mieux-mobiliser-la-diaspora","status":"publish","type":"post","link":"https:\/\/www.africa-press.net\/comores\/toutes-les-actualites\/quelle-strategie-pour-mieux-mobiliser-la-diaspora","title":{"rendered":"Quelle strat\u00e9gie pour mieux mobiliser la diaspora ?"},"content":{"rendered":"<p><span style=\"color: #ff6600\"><strong>Africa-Press &#8211; Comores. <\/strong><\/span><b>Pour valider la strate\u0301gie de mobilisation de la diaspora, le commissariat en charge de la diaspora en partenariat avec Expertise France a convie\u0301 les parties prenantes dans un atelier d\u2019e\u0301changes. Cette strate\u0301gie va servir de tableau de bord pour accompagner les activite\u0301s, les initiatives de la diaspora a\u0300 la fois entrepreneuriales et estudiantines. <\/b><\/p>\n<p>Le commissariat en charge de la diaspora, en partenariat avec l\u2019agence Expertise France a organise\u0301 un atelier de deux jours a\u0300 Moroni (du 1er au 02 novembre) pour valider la strate\u0301gie de mobilisation de la diaspora. Ce document essentiel a pour but de promouvoir l&rsquo;engagement de la diaspora comorienne en faveur du de\u0301veloppement du pays. Selon le commissaire a\u0300 la diaspora Abdoussalam Issa, cette rencontre fait suite a\u0300 un atelier d\u2019e\u0301change organise\u0301 l&rsquo;anne\u0301e dernie\u0300re qui consistait a\u0300 e\u0301crire l&rsquo;e\u0301bauche de cette strate\u0301gie. \u00ab Nous avons regroupe\u0301 toutes les parties prenantes, et toutes les structures dont les ministe\u0300res de l&rsquo;inte\u0301rieur et des affaires e\u0301trange\u0300res. Nous avons re\u0301fle\u0301chi sur les axes et la vision de cette strate\u0301gie. Aujourd&rsquo;hui, nous allons encore rediscuter sur ce document. Les axes, les activite\u0301s que nous avons propose\u0301es, la mise en place d&rsquo;un cadre de coordination interministe\u0301riel pour accompagner et ge\u0301rer la diaspora comorienne. Si les discussions e\u0301voluent tre\u0300s bien nous finirons par la validation technique \u00bb, souligne-t-il.<\/p>\n<p>Cette strate\u0301gie va servir de tableau de bord pour accompagner les activite\u0301s, les initiatives de la diaspora a\u0300 la fois entrepreneuriales, estudiantines et la diaspora d\u2019ici et d\u2019ailleurs. \u00ab La diaspora est une question transversale. Beaucoup d\u2019institutions travaillent sur la question. On ne peut pas ge\u0301rer uniquement la diaspora au niveau du commissariat du ministe\u0300re des affaires e\u0301trange\u0300res. Il y a des pre\u0301occupations qui devraient e\u0302tre ge\u0301re\u0301es, organise\u0301es et accompagne\u0301es par d&rsquo;autres institutions ministe\u0301rielles, d&rsquo;autres organisations de la socie\u0301te\u0301 civile. Cela nous permet e\u0301galement de re\u0301unir les parties prenantes, pour se mettre d&rsquo;accord sur l&rsquo;e\u0301laboration de ce document et que chacun en ce qui le concerne essaie de mettre en pratique les pistes qui lui sont effectivement de\u0301die\u0301es\u00bb, pre\u0301cise-t-il.<\/p>\n<p>Selon lui, cette strate\u0301gie sera projete\u0301e vers 2030. \u00ab Dans le long terme, l\u2019ide\u0301e est de mai\u0302triser cette strate\u0301gie de gestion et d&rsquo;accompagnement de la diaspora comorienne pour que cette dernie\u0300re intervient dans le de\u0301veloppement productif du pays. Le pays occupe la 3e place en Afrique en matie\u0300re de transfert de fonds. C&rsquo;est une manie\u0300re de drainer ces fonds dans l&rsquo;investissement productif \u00bb, conclut-il.<\/p>\n<p><strong>Pour plus d&rsquo;informations et d&rsquo;analyses sur la <a href=\"https:\/\/www.africa-press.net\/comores\">Comores<\/a>, suivez <a href=\"https:\/\/www.africa-press.net\/\">Africa-Press<\/a><\/strong><\/p>\n","protected":false},"excerpt":{"rendered":"<p>Africa-Press &#8211; Comores. Pour valider la strate\u0301gie de mobilisation de la diaspora, le commissariat en charge de la diaspora en partenariat avec Expertise France a convie\u0301 les parties prenantes dans un atelier d\u2019e\u0301changes. Cette strate\u0301gie va servir de tableau de bord pour accompagner les activite\u0301s, les initiatives de la diaspora a\u0300 la fois entrepreneuriales et [&hellip;]<\/p>\n","protected":false},"author":82,"featured_media":13446,"comment_status":"open","ping_status":"closed","sticky":false,"template":"","format":"standard","meta":{"footnotes":""},"categories":[21,10],"tags":[36,53,45],"class_list":["post-13447","post","type-post","status-publish","format-standard","has-post-thumbnail","hentry","category-communaute","category-toutes-les-actualites","tag-africa-press","tag-africa-press-comores","tag-comores"],"yoast_head":"<!-- This site is optimized with the Yoast SEO Premium plugin v26.1 (Yoast SEO v27.0) - https:\/\/yoast.com\/product\/yoast-seo-premium-wordpress\/ -->\n<title>Quelle strat\u00e9gie pour mieux mobiliser la diaspora ? - Comores<\/title>\n<meta name=\"description\" content=\"Pour valider la strate\u0301gie de mobilisation de la diaspora, le commissariat en charge de la diaspora en partenariat av ...\" \/>\n<meta name=\"robots\" content=\"index, follow, max-snippet:-1, max-image-preview:large, max-video-preview:-1\" \/>\n<link rel=\"canonical\" href=\"https:\/\/www.africa-press.net\/comores\/toutes-les-actualites\/quelle-strategie-pour-mieux-mobiliser-la-diaspora\" \/>\n<meta property=\"og:locale\" content=\"fr_FR\" \/>\n<meta property=\"og:type\" content=\"article\" \/>\n<meta property=\"og:title\" content=\"Quelle strat\u00e9gie pour mieux mobiliser la diaspora ?\" \/>\n<meta property=\"og:description\" content=\"Pour valider la strate\u0301gie de mobilisation de la diaspora, le commissariat en charge de la diaspora en partenariat av ...\" \/>\n<meta property=\"og:url\" content=\"https:\/\/www.africa-press.net\/comores\/toutes-les-actualites\/quelle-strategie-pour-mieux-mobiliser-la-diaspora\" \/>\n<meta property=\"og:site_name\" content=\"Comores\" \/>\n<meta property=\"article:published_time\" content=\"2023-11-03T18:58:07+00:00\" \/>\n<meta property=\"article:modified_time\" content=\"2023-11-03T21:21:16+00:00\" \/>\n<meta property=\"og:image\" content=\"https:\/\/static.africa-press.net\/centrafricaine\/sites\/48\/2023\/11\/sm_1699030145.695504.jpg\" \/>\n\t<meta property=\"og:image:width\" content=\"1081\" \/>\n\t<meta property=\"og:image:height\" content=\"720\" \/>\n\t<meta property=\"og:image:type\" content=\"image\/jpeg\" \/>\n<meta name=\"author\" content=\"cfeditorfr\" \/>\n<meta name=\"twitter:card\" content=\"summary_large_image\" \/>\n<meta name=\"twitter:label1\" content=\"\u00c9crit par\" \/>\n\t<meta name=\"twitter:data1\" content=\"cfeditorfr\" \/>\n\t<meta name=\"twitter:label2\" content=\"Dur\u00e9e de lecture estim\u00e9e\" \/>\n\t<meta name=\"twitter:data2\" content=\"3 minutes\" \/>\n<script type=\"application\/ld+json\" class=\"yoast-schema-graph\">{\"@context\":\"https:\/\/schema.org\",\"@graph\":[{\"@type\":\"Article\",\"@id\":\"https:\/\/www.africa-press.net\/comores\/toutes-les-actualites\/quelle-strategie-pour-mieux-mobiliser-la-diaspora#article\",\"isPartOf\":{\"@id\":\"https:\/\/www.africa-press.net\/comores\/toutes-les-actualites\/quelle-strategie-pour-mieux-mobiliser-la-diaspora\"},\"author\":{\"name\":\"cfeditorfr\",\"@id\":\"https:\/\/www.africa-press.net\/comores\/#\/schema\/person\/2b1cf3cd81a31e3cd26889ca66d677f1\"},\"headline\":\"Quelle strat\u00e9gie pour mieux mobiliser la diaspora ?\",\"datePublished\":\"2023-11-03T18:58:07+00:00\",\"dateModified\":\"2023-11-03T21:21:16+00:00\",\"mainEntityOfPage\":{\"@id\":\"https:\/\/www.africa-press.net\/comores\/toutes-les-actualites\/quelle-strategie-pour-mieux-mobiliser-la-diaspora\"},\"wordCount\":487,\"commentCount\":0,\"image\":{\"@id\":\"https:\/\/www.africa-press.net\/comores\/toutes-les-actualites\/quelle-strategie-pour-mieux-mobiliser-la-diaspora#primaryimage\"},\"thumbnailUrl\":\"https:\/\/static.africa-press.net\/centrafricaine\/sites\/48\/2023\/11\/sm_1699030145.695504.jpg\",\"keywords\":[\"Africa Press\",\"Africa Press-Comores\",\"Comores\"],\"articleSection\":[\"Communaut\u00e9\",\"Toutes les actualit\u00e9s\"],\"inLanguage\":\"fr-FR\",\"potentialAction\":[{\"@type\":\"CommentAction\",\"name\":\"Comment\",\"target\":[\"https:\/\/www.africa-press.net\/comores\/toutes-les-actualites\/quelle-strategie-pour-mieux-mobiliser-la-diaspora#respond\"]}]},{\"@type\":\"WebPage\",\"@id\":\"https:\/\/www.africa-press.net\/comores\/toutes-les-actualites\/quelle-strategie-pour-mieux-mobiliser-la-diaspora\",\"url\":\"https:\/\/www.africa-press.net\/comores\/toutes-les-actualites\/quelle-strategie-pour-mieux-mobiliser-la-diaspora\",\"name\":\"Quelle strat\u00e9gie pour mieux mobiliser la diaspora ? - Comores\",\"isPartOf\":{\"@id\":\"https:\/\/www.africa-press.net\/comores\/#website\"},\"primaryImageOfPage\":{\"@id\":\"https:\/\/www.africa-press.net\/comores\/toutes-les-actualites\/quelle-strategie-pour-mieux-mobiliser-la-diaspora#primaryimage\"},\"image\":{\"@id\":\"https:\/\/www.africa-press.net\/comores\/toutes-les-actualites\/quelle-strategie-pour-mieux-mobiliser-la-diaspora#primaryimage\"},\"thumbnailUrl\":\"https:\/\/static.africa-press.net\/centrafricaine\/sites\/48\/2023\/11\/sm_1699030145.695504.jpg\",\"datePublished\":\"2023-11-03T18:58:07+00:00\",\"dateModified\":\"2023-11-03T21:21:16+00:00\",\"author\":{\"@id\":\"https:\/\/www.africa-press.net\/comores\/#\/schema\/person\/2b1cf3cd81a31e3cd26889ca66d677f1\"},\"description\":\"Pour valider la strate\u0301gie de mobilisation de la diaspora, le commissariat en charge de la diaspora en partenariat av ...\",\"breadcrumb\":{\"@id\":\"https:\/\/www.africa-press.net\/comores\/toutes-les-actualites\/quelle-strategie-pour-mieux-mobiliser-la-diaspora#breadcrumb\"},\"inLanguage\":\"fr-FR\",\"potentialAction\":[{\"@type\":\"ReadAction\",\"target\":[\"https:\/\/www.africa-press.net\/comores\/toutes-les-actualites\/quelle-strategie-pour-mieux-mobiliser-la-diaspora\"]}]},{\"@type\":\"ImageObject\",\"inLanguage\":\"fr-FR\",\"@id\":\"https:\/\/www.africa-press.net\/comores\/toutes-les-actualites\/quelle-strategie-pour-mieux-mobiliser-la-diaspora#primaryimage\",\"url\":\"https:\/\/static.africa-press.net\/centrafricaine\/sites\/48\/2023\/11\/sm_1699030145.695504.jpg\",\"contentUrl\":\"https:\/\/static.africa-press.net\/centrafricaine\/sites\/48\/2023\/11\/sm_1699030145.695504.jpg\",\"width\":1081,\"height\":720,\"caption\":\"Quelle strat\u00e9gie pour mieux mobiliser la diaspora ?\"},{\"@type\":\"BreadcrumbList\",\"@id\":\"https:\/\/www.africa-press.net\/comores\/toutes-les-actualites\/quelle-strategie-pour-mieux-mobiliser-la-diaspora#breadcrumb\",\"itemListElement\":[{\"@type\":\"ListItem\",\"position\":1,\"name\":\"Accueil\",\"item\":\"https:\/\/www.africa-press.net\/comores\/\"},{\"@type\":\"ListItem\",\"position\":2,\"name\":\"Quelle strat\u00e9gie pour mieux mobiliser la diaspora ?\"}]},{\"@type\":\"WebSite\",\"@id\":\"https:\/\/www.africa-press.net\/comores\/#website\",\"url\":\"https:\/\/www.africa-press.net\/comores\/\",\"name\":\"Comores\",\"description\":\"Just another Africa News Agency Sites site\",\"potentialAction\":[{\"@type\":\"SearchAction\",\"target\":{\"@type\":\"EntryPoint\",\"urlTemplate\":\"https:\/\/www.africa-press.net\/comores\/?s={search_term_string}\"},\"query-input\":{\"@type\":\"PropertyValueSpecification\",\"valueRequired\":true,\"valueName\":\"search_term_string\"}}],\"inLanguage\":\"fr-FR\"},{\"@type\":\"Person\",\"@id\":\"https:\/\/www.africa-press.net\/comores\/#\/schema\/person\/2b1cf3cd81a31e3cd26889ca66d677f1\",\"name\":\"cfeditorfr\"}]}<\/script>\n<!-- \/ Yoast SEO Premium plugin. -->","yoast_head_json":{"title":"Quelle strat\u00e9gie pour mieux mobiliser la diaspora ? - Comores","description":"Pour valider la strate\u0301gie de mobilisation de la diaspora, le commissariat en charge de la diaspora en partenariat av ...","robots":{"index":"index","follow":"follow","max-snippet":"max-snippet:-1","max-image-preview":"max-image-preview:large","max-video-preview":"max-video-preview:-1"},"canonical":"https:\/\/www.africa-press.net\/comores\/toutes-les-actualites\/quelle-strategie-pour-mieux-mobiliser-la-diaspora","og_locale":"fr_FR","og_type":"article","og_title":"Quelle strat\u00e9gie pour mieux mobiliser la diaspora ?","og_description":"Pour valider la strate\u0301gie de mobilisation de la diaspora, le commissariat en charge de la diaspora en partenariat av ...","og_url":"https:\/\/www.africa-press.net\/comores\/toutes-les-actualites\/quelle-strategie-pour-mieux-mobiliser-la-diaspora","og_site_name":"Comores","article_published_time":"2023-11-03T18:58:07+00:00","article_modified_time":"2023-11-03T21:21:16+00:00","og_image":[{"width":1081,"height":720,"url":"https:\/\/static.africa-press.net\/centrafricaine\/sites\/48\/2023\/11\/sm_1699030145.695504.jpg","type":"image\/jpeg"}],"author":"cfeditorfr","twitter_card":"summary_large_image","twitter_misc":{"\u00c9crit par":"cfeditorfr","Dur\u00e9e de lecture estim\u00e9e":"3 minutes"},"schema":{"@context":"https:\/\/schema.org","@graph":[{"@type":"Article","@id":"https:\/\/www.africa-press.net\/comores\/toutes-les-actualites\/quelle-strategie-pour-mieux-mobiliser-la-diaspora#article","isPartOf":{"@id":"https:\/\/www.africa-press.net\/comores\/toutes-les-actualites\/quelle-strategie-pour-mieux-mobiliser-la-diaspora"},"author":{"name":"cfeditorfr","@id":"https:\/\/www.africa-press.net\/comores\/#\/schema\/person\/2b1cf3cd81a31e3cd26889ca66d677f1"},"headline":"Quelle strat\u00e9gie pour mieux mobiliser la diaspora ?","datePublished":"2023-11-03T18:58:07+00:00","dateModified":"2023-11-03T21:21:16+00:00","mainEntityOfPage":{"@id":"https:\/\/www.africa-press.net\/comores\/toutes-les-actualites\/quelle-strategie-pour-mieux-mobiliser-la-diaspora"},"wordCount":487,"commentCount":0,"image":{"@id":"https:\/\/www.africa-press.net\/comores\/toutes-les-actualites\/quelle-strategie-pour-mieux-mobiliser-la-diaspora#primaryimage"},"thumbnailUrl":"https:\/\/static.africa-press.net\/centrafricaine\/sites\/48\/2023\/11\/sm_1699030145.695504.jpg","keywords":["Africa Press","Africa Press-Comores","Comores"],"articleSection":["Communaut\u00e9","Toutes les actualit\u00e9s"],"inLanguage":"fr-FR","potentialAction":[{"@type":"CommentAction","name":"Comment","target":["https:\/\/www.africa-press.net\/comores\/toutes-les-actualites\/quelle-strategie-pour-mieux-mobiliser-la-diaspora#respond"]}]},{"@type":"WebPage","@id":"https:\/\/www.africa-press.net\/comores\/toutes-les-actualites\/quelle-strategie-pour-mieux-mobiliser-la-diaspora","url":"https:\/\/www.africa-press.net\/comores\/toutes-les-actualites\/quelle-strategie-pour-mieux-mobiliser-la-diaspora","name":"Quelle strat\u00e9gie pour mieux mobiliser la diaspora ? - Comores","isPartOf":{"@id":"https:\/\/www.africa-press.net\/comores\/#website"},"primaryImageOfPage":{"@id":"https:\/\/www.africa-press.net\/comores\/toutes-les-actualites\/quelle-strategie-pour-mieux-mobiliser-la-diaspora#primaryimage"},"image":{"@id":"https:\/\/www.africa-press.net\/comores\/toutes-les-actualites\/quelle-strategie-pour-mieux-mobiliser-la-diaspora#primaryimage"},"thumbnailUrl":"https:\/\/static.africa-press.net\/centrafricaine\/sites\/48\/2023\/11\/sm_1699030145.695504.jpg","datePublished":"2023-11-03T18:58:07+00:00","dateModified":"2023-11-03T21:21:16+00:00","author":{"@id":"https:\/\/www.africa-press.net\/comores\/#\/schema\/person\/2b1cf3cd81a31e3cd26889ca66d677f1"},"description":"Pour valider la strate\u0301gie de mobilisation de la diaspora, le commissariat en charge de la diaspora en partenariat av ...","breadcrumb":{"@id":"https:\/\/www.africa-press.net\/comores\/toutes-les-actualites\/quelle-strategie-pour-mieux-mobiliser-la-diaspora#breadcrumb"},"inLanguage":"fr-FR","potentialAction":[{"@type":"ReadAction","target":["https:\/\/www.africa-press.net\/comores\/toutes-les-actualites\/quelle-strategie-pour-mieux-mobiliser-la-diaspora"]}]},{"@type":"ImageObject","inLanguage":"fr-FR","@id":"https:\/\/www.africa-press.net\/comores\/toutes-les-actualites\/quelle-strategie-pour-mieux-mobiliser-la-diaspora#primaryimage","url":"https:\/\/static.africa-press.net\/centrafricaine\/sites\/48\/2023\/11\/sm_1699030145.695504.jpg","contentUrl":"https:\/\/static.africa-press.net\/centrafricaine\/sites\/48\/2023\/11\/sm_1699030145.695504.jpg","width":1081,"height":720,"caption":"Quelle strat\u00e9gie pour mieux mobiliser la diaspora ?"},{"@type":"BreadcrumbList","@id":"https:\/\/www.africa-press.net\/comores\/toutes-les-actualites\/quelle-strategie-pour-mieux-mobiliser-la-diaspora#breadcrumb","itemListElement":[{"@type":"ListItem","position":1,"name":"Accueil","item":"https:\/\/www.africa-press.net\/comores\/"},{"@type":"ListItem","position":2,"name":"Quelle strat\u00e9gie pour mieux mobiliser la diaspora ?"}]},{"@type":"WebSite","@id":"https:\/\/www.africa-press.net\/comores\/#website","url":"https:\/\/www.africa-press.net\/comores\/","name":"Comores","description":"Just another Africa News Agency Sites site","potentialAction":[{"@type":"SearchAction","target":{"@type":"EntryPoint","urlTemplate":"https:\/\/www.africa-press.net\/comores\/?s={search_term_string}"},"query-input":{"@type":"PropertyValueSpecification","valueRequired":true,"valueName":"search_term_string"}}],"inLanguage":"fr-FR"},{"@type":"Person","@id":"https:\/\/www.africa-press.net\/comores\/#\/schema\/person\/2b1cf3cd81a31e3cd26889ca66d677f1","name":"cfeditorfr"}]}},"_links":{"self":[{"href":"https:\/\/www.africa-press.net\/comores\/wp-json\/wp\/v2\/posts\/13447","targetHints":{"allow":["GET"]}}],"collection":[{"href":"https:\/\/www.africa-press.net\/comores\/wp-json\/wp\/v2\/posts"}],"about":[{"href":"https:\/\/www.africa-press.net\/comores\/wp-json\/wp\/v2\/types\/post"}],"author":[{"embeddable":true,"href":"https:\/\/www.africa-press.net\/comores\/wp-json\/wp\/v2\/users\/82"}],"replies":[{"embeddable":true,"href":"https:\/\/www.africa-press.net\/comores\/wp-json\/wp\/v2\/comments?post=13447"}],"version-history":[{"count":0,"href":"https:\/\/www.africa-press.net\/comores\/wp-json\/wp\/v2\/posts\/13447\/revisions"}],"wp:featuredmedia":[{"embeddable":true,"href":"https:\/\/www.africa-press.net\/comores\/wp-json\/wp\/v2\/media\/13446"}],"wp:attachment":[{"href":"https:\/\/www.africa-press.net\/comores\/wp-json\/wp\/v2\/media?parent=13447"}],"wp:term":[{"taxonomy":"category","embeddable":true,"href":"https:\/\/www.africa-press.net\/comores\/wp-json\/wp\/v2\/categories?post=13447"},{"taxonomy":"post_tag","embeddable":true,"href":"https:\/\/www.africa-press.net\/comores\/wp-json\/wp\/v2\/tags?post=13447"}],"curies":[{"name":"wp","href":"https:\/\/api.w.org\/{rel}","templated":true}]}}