{"id":13449,"date":"2023-11-03T19:03:54","date_gmt":"2023-11-03T19:03:54","guid":{"rendered":"https:\/\/www.africa-press.net\/comores\/politique\/la-paix-et-la-cohesion-sociale-au-coeur-de-levenement"},"modified":"2023-11-03T21:21:45","modified_gmt":"2023-11-03T21:21:45","slug":"la-paix-et-la-cohesion-sociale-au-coeur-de-levenement","status":"publish","type":"post","link":"https:\/\/www.africa-press.net\/comores\/politique\/la-paix-et-la-cohesion-sociale-au-coeur-de-levenement","title":{"rendered":"La paix et la coh\u00e9sion sociale au c\u0153ur de l\u2019\u00e9v\u00e8nement"},"content":{"rendered":"<p><span style=\"color: #ff6600\"><strong>Africa-Press &#8211; Comores. <\/strong><\/span><b>L\u2019Union des Comores a ce\u0301le\u0301bre\u0301 hier jeudi la journe\u0301e des Nations-Unies, jour d\u2019entre\u0301e en vigueur de la charte des Nations-unies. La paix et la cohe\u0301sion sociale au c\u0153ur de l\u2019e\u0301ve\u0300nement. <\/b><\/p>\n<p>Comme chaque 24 octobre, le monde ce\u0301le\u0300bre la journe\u0301e des Nations unies, jour d\u2019entre\u0301e en vigueur de la charte de l\u2019ONU en 1945. Aux Comores, l\u2019e\u0301ve\u0300nement a e\u0301te\u0301 ce\u0301le\u0301bre\u0301 hier jeudi 02 novembre au sie\u0300ge des Nations unies. Cette ce\u0301le\u0301bration a vu la pre\u0301sence des chefs des agences en poste a\u0300 Moroni, des autorite\u0301s comoriennes a\u0300 l\u2019instar du secre\u0301taire ge\u0301ne\u0301ral du gouvernement, du ministre des affaires e\u0301trange\u0300res, du commissaire ge\u0301ne\u0301ral au plan, etc. Il a e\u0301te\u0301 de\u0301montre\u0301 qu\u2019avec ce qui se passe dans le monde, il est aujourd\u2019hui crucial et urgent pour tous les pays de se rassembler afin de tenir la promesse de faire de la plane\u0300te un monde meilleur.<\/p>\n<p>Dans son allocution, le coordinateur re\u0301sidant des Nations Unies, Franc\u0327ois Batalingaya a rappele\u0301 les valeurs de la charte de l\u2019Onu, ce traite\u0301 qui codifie les principes fondamentaux des relations internationales, de l\u2019e\u0301galite\u0301 souveraine des Etats a\u0300 l\u2019interdiction de l\u2019usage de la force. C\u2019est ce qu\u2019il appelle la pre\u0301servation du fle\u0301au de la guerre, d\u2019ou\u0300 la paix et la cohe\u0301sion. \u00ab Me\u0302me si nous traversons une crise existentielle, les Nations-Unies restent toujours une organisation d\u2019actualite\u0301, a\u0300 cause du travail que vous faites. Nous tous, nous sommes concerne\u0301s \u00bb, lance-t-il.<\/p>\n<p>Le the\u0300me choisi est \u00ab \u0153uvrer pour la paix et la cohe\u0301sion sociale, et impulser les progre\u0300s vers l\u2019atteinte des ODD. \u00bb Ce the\u0300me est important aux Comores, car d\u2019ici quelques mois, le pays s\u2019appre\u0302te a\u0300 rentrer dans une phase e\u0301lectorale. \u00ab Durant cette pe\u0301riode, il faut que chacun de nous joue son ro\u0302le, de maintenir cette cohe\u0301sion. Je vous demande a\u0300 tous de faire en sorte que le vivre ensemble qui a toujours caracte\u0301rise\u0301 les comoriens, reste toujours d\u2019actualite\u0301 \u00bb, plaide-t-il, tout en re\u0301ite\u0301rant quelques expressions de sa tribune parue dans les journaux. \u00ab Au moment ou\u0300 le peuple comoriens se pre\u0301pare a\u0300 e\u0301lire en janvier 2024 son pre\u0301sident et ses gouverneurs des iles, il est primordial que ces e\u0301lections se de\u0301roulent de manie\u0300re a\u0300 pre\u0301server la paix dans toutes ses formes&#8230;. \u00bb.<\/p>\n<p>De son co\u0302te\u0301, le ministre des affaires e\u0301trange\u0300res Dhoihir Dhoulkamal a appele\u0301 a\u0300 croire a\u0300 la paix et a\u0300 la ne\u0301cessite\u0301 de la pre\u0301server. \u00ab Le chef de l\u2019Etat avait souligne\u0301 que la richesse dont les Comores disposent c\u2019est la paix et la stabilite\u0301. La cohe\u0301sion nous y arriverons, car le vivre ensemble est tre\u0300s important. Nous allons faire l\u2019effort pour cette cohe\u0301sion \u00bb, promet-il.<\/p>\n<p>Pre\u0301sent a\u0300 cet e\u0301ve\u0300nement, le commissaire ge\u0301ne\u0301ral au plan Fouad Goulam a re\u0301ite\u0301re\u0301 l\u2019engagement de la charte des Nations Unies. Cette journe\u0301e est plane\u0301taire, d\u2019ailleurs, le deuxie\u0300me pilier des ODD est la paix. \u00ab La paix nous re\u0301unit. La cohe\u0301sion nationale, c\u2019est un mot cher pour les Comores. Nous avons connu le se\u0301paratisme. La cohe\u0301sion sociale est un mot que nous allons de\u0301fendre tous les jours par rapport a\u0300 ces proble\u0301matiques plane\u0301taires et par rapport aussi a\u0300 ce que nous devons de\u0301fendre ici aux Comores \u00bb, renche\u0301rit-il.<\/p>\n<p><strong>Pour plus d&rsquo;informations et d&rsquo;analyses sur la <a href=\"https:\/\/www.africa-press.net\/comores\">Comores<\/a>, suivez <a href=\"https:\/\/www.africa-press.net\/\">Africa-Press<\/a><\/strong><\/p>\n","protected":false},"excerpt":{"rendered":"<p>Africa-Press &#8211; Comores. L\u2019Union des Comores a ce\u0301le\u0301bre\u0301 hier jeudi la journe\u0301e des Nations-Unies, jour d\u2019entre\u0301e en vigueur de la charte des Nations-unies. La paix et la cohe\u0301sion sociale au c\u0153ur de l\u2019e\u0301ve\u0300nement. Comme chaque 24 octobre, le monde ce\u0301le\u0300bre la journe\u0301e des Nations unies, jour d\u2019entre\u0301e en vigueur de la charte de l\u2019ONU en [&hellip;]<\/p>\n","protected":false},"author":82,"featured_media":13448,"comment_status":"open","ping_status":"closed","sticky":false,"template":"","format":"standard","meta":{"footnotes":""},"categories":[2,20,10],"tags":[36,53,45],"class_list":["post-13449","post","type-post","status-publish","format-standard","has-post-thumbnail","hentry","category-politique","category-top-nouvelles","category-toutes-les-actualites","tag-africa-press","tag-africa-press-comores","tag-comores"],"yoast_head":"<!-- This site is optimized with the Yoast SEO Premium plugin v26.1 (Yoast SEO v27.0) - https:\/\/yoast.com\/product\/yoast-seo-premium-wordpress\/ -->\n<title>La paix et la coh\u00e9sion sociale au c\u0153ur de l\u2019\u00e9v\u00e8nement - Comores<\/title>\n<meta name=\"description\" content=\"L\u2019Union des Comores a ce\u0301le\u0301bre\u0301 hier jeudi la journe\u0301e des Nations-Unies, jour d\u2019entre\u0301e en vigueur de la charte des ...\" \/>\n<meta name=\"robots\" content=\"index, follow, max-snippet:-1, max-image-preview:large, max-video-preview:-1\" \/>\n<link rel=\"canonical\" href=\"https:\/\/www.africa-press.net\/comores\/politique\/la-paix-et-la-cohesion-sociale-au-coeur-de-levenement\" \/>\n<meta property=\"og:locale\" content=\"fr_FR\" \/>\n<meta property=\"og:type\" content=\"article\" \/>\n<meta property=\"og:title\" content=\"La paix et la coh\u00e9sion sociale au c\u0153ur de l\u2019\u00e9v\u00e8nement\" \/>\n<meta property=\"og:description\" content=\"L\u2019Union des Comores a ce\u0301le\u0301bre\u0301 hier jeudi la journe\u0301e des Nations-Unies, jour d\u2019entre\u0301e en vigueur de la charte des ...\" \/>\n<meta property=\"og:url\" content=\"https:\/\/www.africa-press.net\/comores\/politique\/la-paix-et-la-cohesion-sociale-au-coeur-de-levenement\" \/>\n<meta property=\"og:site_name\" content=\"Comores\" \/>\n<meta property=\"article:published_time\" content=\"2023-11-03T19:03:54+00:00\" \/>\n<meta property=\"article:modified_time\" content=\"2023-11-03T21:21:45+00:00\" \/>\n<meta property=\"og:image\" content=\"https:\/\/static.africa-press.net\/centrafricaine\/sites\/48\/2023\/11\/sm_1699030178.411447.jpg\" \/>\n\t<meta property=\"og:image:width\" content=\"1280\" \/>\n\t<meta property=\"og:image:height\" content=\"960\" \/>\n\t<meta property=\"og:image:type\" content=\"image\/jpeg\" \/>\n<meta name=\"author\" content=\"cfeditorfr\" \/>\n<meta name=\"twitter:card\" content=\"summary_large_image\" \/>\n<meta name=\"twitter:label1\" content=\"\u00c9crit par\" \/>\n\t<meta name=\"twitter:data1\" content=\"cfeditorfr\" \/>\n\t<meta name=\"twitter:label2\" content=\"Dur\u00e9e de lecture estim\u00e9e\" \/>\n\t<meta name=\"twitter:data2\" content=\"3 minutes\" \/>\n<script type=\"application\/ld+json\" class=\"yoast-schema-graph\">{\"@context\":\"https:\/\/schema.org\",\"@graph\":[{\"@type\":\"Article\",\"@id\":\"https:\/\/www.africa-press.net\/comores\/politique\/la-paix-et-la-cohesion-sociale-au-coeur-de-levenement#article\",\"isPartOf\":{\"@id\":\"https:\/\/www.africa-press.net\/comores\/politique\/la-paix-et-la-cohesion-sociale-au-coeur-de-levenement\"},\"author\":{\"name\":\"cfeditorfr\",\"@id\":\"https:\/\/www.africa-press.net\/comores\/#\/schema\/person\/2b1cf3cd81a31e3cd26889ca66d677f1\"},\"headline\":\"La paix et la coh\u00e9sion sociale au c\u0153ur de l\u2019\u00e9v\u00e8nement\",\"datePublished\":\"2023-11-03T19:03:54+00:00\",\"dateModified\":\"2023-11-03T21:21:45+00:00\",\"mainEntityOfPage\":{\"@id\":\"https:\/\/www.africa-press.net\/comores\/politique\/la-paix-et-la-cohesion-sociale-au-coeur-de-levenement\"},\"wordCount\":641,\"commentCount\":0,\"image\":{\"@id\":\"https:\/\/www.africa-press.net\/comores\/politique\/la-paix-et-la-cohesion-sociale-au-coeur-de-levenement#primaryimage\"},\"thumbnailUrl\":\"https:\/\/static.africa-press.net\/centrafricaine\/sites\/48\/2023\/11\/sm_1699030178.411447.jpg\",\"keywords\":[\"Africa Press\",\"Africa Press-Comores\",\"Comores\"],\"articleSection\":[\"Politique\",\"Top Nouvelles\",\"Toutes les actualit\u00e9s\"],\"inLanguage\":\"fr-FR\",\"potentialAction\":[{\"@type\":\"CommentAction\",\"name\":\"Comment\",\"target\":[\"https:\/\/www.africa-press.net\/comores\/politique\/la-paix-et-la-cohesion-sociale-au-coeur-de-levenement#respond\"]}]},{\"@type\":\"WebPage\",\"@id\":\"https:\/\/www.africa-press.net\/comores\/politique\/la-paix-et-la-cohesion-sociale-au-coeur-de-levenement\",\"url\":\"https:\/\/www.africa-press.net\/comores\/politique\/la-paix-et-la-cohesion-sociale-au-coeur-de-levenement\",\"name\":\"La paix et la coh\u00e9sion sociale au c\u0153ur de l\u2019\u00e9v\u00e8nement - Comores\",\"isPartOf\":{\"@id\":\"https:\/\/www.africa-press.net\/comores\/#website\"},\"primaryImageOfPage\":{\"@id\":\"https:\/\/www.africa-press.net\/comores\/politique\/la-paix-et-la-cohesion-sociale-au-coeur-de-levenement#primaryimage\"},\"image\":{\"@id\":\"https:\/\/www.africa-press.net\/comores\/politique\/la-paix-et-la-cohesion-sociale-au-coeur-de-levenement#primaryimage\"},\"thumbnailUrl\":\"https:\/\/static.africa-press.net\/centrafricaine\/sites\/48\/2023\/11\/sm_1699030178.411447.jpg\",\"datePublished\":\"2023-11-03T19:03:54+00:00\",\"dateModified\":\"2023-11-03T21:21:45+00:00\",\"author\":{\"@id\":\"https:\/\/www.africa-press.net\/comores\/#\/schema\/person\/2b1cf3cd81a31e3cd26889ca66d677f1\"},\"description\":\"L\u2019Union des Comores a ce\u0301le\u0301bre\u0301 hier jeudi la journe\u0301e des Nations-Unies, jour d\u2019entre\u0301e en vigueur de la charte des ...\",\"breadcrumb\":{\"@id\":\"https:\/\/www.africa-press.net\/comores\/politique\/la-paix-et-la-cohesion-sociale-au-coeur-de-levenement#breadcrumb\"},\"inLanguage\":\"fr-FR\",\"potentialAction\":[{\"@type\":\"ReadAction\",\"target\":[\"https:\/\/www.africa-press.net\/comores\/politique\/la-paix-et-la-cohesion-sociale-au-coeur-de-levenement\"]}]},{\"@type\":\"ImageObject\",\"inLanguage\":\"fr-FR\",\"@id\":\"https:\/\/www.africa-press.net\/comores\/politique\/la-paix-et-la-cohesion-sociale-au-coeur-de-levenement#primaryimage\",\"url\":\"https:\/\/static.africa-press.net\/centrafricaine\/sites\/48\/2023\/11\/sm_1699030178.411447.jpg\",\"contentUrl\":\"https:\/\/static.africa-press.net\/centrafricaine\/sites\/48\/2023\/11\/sm_1699030178.411447.jpg\",\"width\":1280,\"height\":960,\"caption\":\"La paix et la coh\u00e9sion sociale au c\u0153ur de l\u2019\u00e9v\u00e8nement\"},{\"@type\":\"BreadcrumbList\",\"@id\":\"https:\/\/www.africa-press.net\/comores\/politique\/la-paix-et-la-cohesion-sociale-au-coeur-de-levenement#breadcrumb\",\"itemListElement\":[{\"@type\":\"ListItem\",\"position\":1,\"name\":\"Accueil\",\"item\":\"https:\/\/www.africa-press.net\/comores\/\"},{\"@type\":\"ListItem\",\"position\":2,\"name\":\"La paix et la coh\u00e9sion sociale au c\u0153ur de l\u2019\u00e9v\u00e8nement\"}]},{\"@type\":\"WebSite\",\"@id\":\"https:\/\/www.africa-press.net\/comores\/#website\",\"url\":\"https:\/\/www.africa-press.net\/comores\/\",\"name\":\"Comores\",\"description\":\"Just another Africa News Agency Sites site\",\"potentialAction\":[{\"@type\":\"SearchAction\",\"target\":{\"@type\":\"EntryPoint\",\"urlTemplate\":\"https:\/\/www.africa-press.net\/comores\/?s={search_term_string}\"},\"query-input\":{\"@type\":\"PropertyValueSpecification\",\"valueRequired\":true,\"valueName\":\"search_term_string\"}}],\"inLanguage\":\"fr-FR\"},{\"@type\":\"Person\",\"@id\":\"https:\/\/www.africa-press.net\/comores\/#\/schema\/person\/2b1cf3cd81a31e3cd26889ca66d677f1\",\"name\":\"cfeditorfr\"}]}<\/script>\n<!-- \/ Yoast SEO Premium plugin. -->","yoast_head_json":{"title":"La paix et la coh\u00e9sion sociale au c\u0153ur de l\u2019\u00e9v\u00e8nement - Comores","description":"L\u2019Union des Comores a ce\u0301le\u0301bre\u0301 hier jeudi la journe\u0301e des Nations-Unies, jour d\u2019entre\u0301e en vigueur de la charte des ...","robots":{"index":"index","follow":"follow","max-snippet":"max-snippet:-1","max-image-preview":"max-image-preview:large","max-video-preview":"max-video-preview:-1"},"canonical":"https:\/\/www.africa-press.net\/comores\/politique\/la-paix-et-la-cohesion-sociale-au-coeur-de-levenement","og_locale":"fr_FR","og_type":"article","og_title":"La paix et la coh\u00e9sion sociale au c\u0153ur de l\u2019\u00e9v\u00e8nement","og_description":"L\u2019Union des Comores a ce\u0301le\u0301bre\u0301 hier jeudi la journe\u0301e des Nations-Unies, jour d\u2019entre\u0301e en vigueur de la charte des ...","og_url":"https:\/\/www.africa-press.net\/comores\/politique\/la-paix-et-la-cohesion-sociale-au-coeur-de-levenement","og_site_name":"Comores","article_published_time":"2023-11-03T19:03:54+00:00","article_modified_time":"2023-11-03T21:21:45+00:00","og_image":[{"width":1280,"height":960,"url":"https:\/\/static.africa-press.net\/centrafricaine\/sites\/48\/2023\/11\/sm_1699030178.411447.jpg","type":"image\/jpeg"}],"author":"cfeditorfr","twitter_card":"summary_large_image","twitter_misc":{"\u00c9crit par":"cfeditorfr","Dur\u00e9e de lecture estim\u00e9e":"3 minutes"},"schema":{"@context":"https:\/\/schema.org","@graph":[{"@type":"Article","@id":"https:\/\/www.africa-press.net\/comores\/politique\/la-paix-et-la-cohesion-sociale-au-coeur-de-levenement#article","isPartOf":{"@id":"https:\/\/www.africa-press.net\/comores\/politique\/la-paix-et-la-cohesion-sociale-au-coeur-de-levenement"},"author":{"name":"cfeditorfr","@id":"https:\/\/www.africa-press.net\/comores\/#\/schema\/person\/2b1cf3cd81a31e3cd26889ca66d677f1"},"headline":"La paix et la coh\u00e9sion sociale au c\u0153ur de l\u2019\u00e9v\u00e8nement","datePublished":"2023-11-03T19:03:54+00:00","dateModified":"2023-11-03T21:21:45+00:00","mainEntityOfPage":{"@id":"https:\/\/www.africa-press.net\/comores\/politique\/la-paix-et-la-cohesion-sociale-au-coeur-de-levenement"},"wordCount":641,"commentCount":0,"image":{"@id":"https:\/\/www.africa-press.net\/comores\/politique\/la-paix-et-la-cohesion-sociale-au-coeur-de-levenement#primaryimage"},"thumbnailUrl":"https:\/\/static.africa-press.net\/centrafricaine\/sites\/48\/2023\/11\/sm_1699030178.411447.jpg","keywords":["Africa Press","Africa Press-Comores","Comores"],"articleSection":["Politique","Top Nouvelles","Toutes les actualit\u00e9s"],"inLanguage":"fr-FR","potentialAction":[{"@type":"CommentAction","name":"Comment","target":["https:\/\/www.africa-press.net\/comores\/politique\/la-paix-et-la-cohesion-sociale-au-coeur-de-levenement#respond"]}]},{"@type":"WebPage","@id":"https:\/\/www.africa-press.net\/comores\/politique\/la-paix-et-la-cohesion-sociale-au-coeur-de-levenement","url":"https:\/\/www.africa-press.net\/comores\/politique\/la-paix-et-la-cohesion-sociale-au-coeur-de-levenement","name":"La paix et la coh\u00e9sion sociale au c\u0153ur de l\u2019\u00e9v\u00e8nement - Comores","isPartOf":{"@id":"https:\/\/www.africa-press.net\/comores\/#website"},"primaryImageOfPage":{"@id":"https:\/\/www.africa-press.net\/comores\/politique\/la-paix-et-la-cohesion-sociale-au-coeur-de-levenement#primaryimage"},"image":{"@id":"https:\/\/www.africa-press.net\/comores\/politique\/la-paix-et-la-cohesion-sociale-au-coeur-de-levenement#primaryimage"},"thumbnailUrl":"https:\/\/static.africa-press.net\/centrafricaine\/sites\/48\/2023\/11\/sm_1699030178.411447.jpg","datePublished":"2023-11-03T19:03:54+00:00","dateModified":"2023-11-03T21:21:45+00:00","author":{"@id":"https:\/\/www.africa-press.net\/comores\/#\/schema\/person\/2b1cf3cd81a31e3cd26889ca66d677f1"},"description":"L\u2019Union des Comores a ce\u0301le\u0301bre\u0301 hier jeudi la journe\u0301e des Nations-Unies, jour d\u2019entre\u0301e en vigueur de la charte des ...","breadcrumb":{"@id":"https:\/\/www.africa-press.net\/comores\/politique\/la-paix-et-la-cohesion-sociale-au-coeur-de-levenement#breadcrumb"},"inLanguage":"fr-FR","potentialAction":[{"@type":"ReadAction","target":["https:\/\/www.africa-press.net\/comores\/politique\/la-paix-et-la-cohesion-sociale-au-coeur-de-levenement"]}]},{"@type":"ImageObject","inLanguage":"fr-FR","@id":"https:\/\/www.africa-press.net\/comores\/politique\/la-paix-et-la-cohesion-sociale-au-coeur-de-levenement#primaryimage","url":"https:\/\/static.africa-press.net\/centrafricaine\/sites\/48\/2023\/11\/sm_1699030178.411447.jpg","contentUrl":"https:\/\/static.africa-press.net\/centrafricaine\/sites\/48\/2023\/11\/sm_1699030178.411447.jpg","width":1280,"height":960,"caption":"La paix et la coh\u00e9sion sociale au c\u0153ur de l\u2019\u00e9v\u00e8nement"},{"@type":"BreadcrumbList","@id":"https:\/\/www.africa-press.net\/comores\/politique\/la-paix-et-la-cohesion-sociale-au-coeur-de-levenement#breadcrumb","itemListElement":[{"@type":"ListItem","position":1,"name":"Accueil","item":"https:\/\/www.africa-press.net\/comores\/"},{"@type":"ListItem","position":2,"name":"La paix et la coh\u00e9sion sociale au c\u0153ur de l\u2019\u00e9v\u00e8nement"}]},{"@type":"WebSite","@id":"https:\/\/www.africa-press.net\/comores\/#website","url":"https:\/\/www.africa-press.net\/comores\/","name":"Comores","description":"Just another Africa News Agency Sites site","potentialAction":[{"@type":"SearchAction","target":{"@type":"EntryPoint","urlTemplate":"https:\/\/www.africa-press.net\/comores\/?s={search_term_string}"},"query-input":{"@type":"PropertyValueSpecification","valueRequired":true,"valueName":"search_term_string"}}],"inLanguage":"fr-FR"},{"@type":"Person","@id":"https:\/\/www.africa-press.net\/comores\/#\/schema\/person\/2b1cf3cd81a31e3cd26889ca66d677f1","name":"cfeditorfr"}]}},"_links":{"self":[{"href":"https:\/\/www.africa-press.net\/comores\/wp-json\/wp\/v2\/posts\/13449","targetHints":{"allow":["GET"]}}],"collection":[{"href":"https:\/\/www.africa-press.net\/comores\/wp-json\/wp\/v2\/posts"}],"about":[{"href":"https:\/\/www.africa-press.net\/comores\/wp-json\/wp\/v2\/types\/post"}],"author":[{"embeddable":true,"href":"https:\/\/www.africa-press.net\/comores\/wp-json\/wp\/v2\/users\/82"}],"replies":[{"embeddable":true,"href":"https:\/\/www.africa-press.net\/comores\/wp-json\/wp\/v2\/comments?post=13449"}],"version-history":[{"count":0,"href":"https:\/\/www.africa-press.net\/comores\/wp-json\/wp\/v2\/posts\/13449\/revisions"}],"wp:featuredmedia":[{"embeddable":true,"href":"https:\/\/www.africa-press.net\/comores\/wp-json\/wp\/v2\/media\/13448"}],"wp:attachment":[{"href":"https:\/\/www.africa-press.net\/comores\/wp-json\/wp\/v2\/media?parent=13449"}],"wp:term":[{"taxonomy":"category","embeddable":true,"href":"https:\/\/www.africa-press.net\/comores\/wp-json\/wp\/v2\/categories?post=13449"},{"taxonomy":"post_tag","embeddable":true,"href":"https:\/\/www.africa-press.net\/comores\/wp-json\/wp\/v2\/tags?post=13449"}],"curies":[{"name":"wp","href":"https:\/\/api.w.org\/{rel}","templated":true}]}}