{"id":13451,"date":"2023-11-03T19:04:56","date_gmt":"2023-11-03T19:04:56","guid":{"rendered":"https:\/\/www.africa-press.net\/comores\/politique\/who-is-mohamed-soilihy-candidat-de-juwa-a-anjouan"},"modified":"2023-11-03T21:22:10","modified_gmt":"2023-11-03T21:22:10","slug":"who-is-mohamed-soilihy-candidat-de-juwa-a-anjouan","status":"publish","type":"post","link":"https:\/\/www.africa-press.net\/comores\/politique\/who-is-mohamed-soilihy-candidat-de-juwa-a-anjouan","title":{"rendered":"Who is Mohamed Soilihy, candidat de Juwa \u00e0 Anjouan ?"},"content":{"rendered":"<p><span style=\"color: #ff6600\"><strong>Africa-Press &#8211; Comores. <\/strong><\/span><b>Ce me\u0301decin ge\u0301ne\u0301raliste de 54 ans est un proche de l\u2019ancien pre\u0301sident Ahmed Abdallah Sambi et du gouverneur de\u0301chu d\u2019Anjouan Salami Abdou Salami. Il e\u0301tait, entre 2016 et 2017, le commissaire aux finances de ce dernier.<\/b><\/p>\n<p>Les militants du parti Juwa, du moins la tendance Sambi, favorable aux e\u0301lections de 2024, ont choisi par le biais des grands e\u0301lecteurs leur candidat a\u0300 Dar Nadja, le sie\u0300ge du gouvernorat d\u2019Anjouan. Contrairement au candidat a\u0300 la pre\u0301sidentielle, me\u0301connu au sein du parti Juwa jusqu\u2019au week-end dernier, Mohamed Soilihy est une figure bien connue a\u0300 Anjouan pour avoir e\u0301te\u0301 commissaire aux finances entre 2016 et 2017 quand le gouverneur de\u0301chu, Salami Abdou, e\u0301tait encore aux affaires.<\/p>\n<p>Ne\u0301 en 1969 a\u0300 Madagascar, Mohamed Soilihy est contraint de rentrer aux Comores alors il n\u2019a que 8 ans en 1977 pendant le \u00ab kafa la Mdjangaya \u00bb (massacre de Majunga ou rutaka), du nom de cette tuerie de Comoriens de Majunga qui aurait fait plus de 500 morts et entraine\u0301 le de\u0301part de plus de 15 000 personnes d\u2019origine comorienne. Il fait le primaire, le colle\u0300ge ainsi que le lyce\u0301e a\u0300 Moroni. En 1989, il de\u0301croche son BAC D au lyce\u0301e Said Mohamed Cheikh. La me\u0302me anne\u0301e, il est retourne\u0301 dans sa ville natale de Majunga. Il inte\u0300gre l\u2019universite\u0301 de ladite ville et suit des e\u0301tudes de me\u0301decine ge\u0301ne\u0301rale qu\u2019il ache\u0300ve en 1999. Pendant ses e\u0301tudes, il fera la connaissance de Salami Abdou Salami, 5 ans son cadet, qui viendra e\u0301tudier la me\u0302me filie\u0300re dans la me\u0302me universite\u0301.<\/p>\n<p>Mais surtout, pendant son se\u0301jour a\u0300 Majunga, l\u2019e\u0301tudiant Mohamed Soilihy fait la connaissance d\u2019un certain Ahmed Abdallah Mohamed Sambi, un homme d\u2019affaires prospe\u0300re qui vient souvent dans la deuxie\u0300me ville de la Grande i\u0302le ou\u0300 il de\u0301tient des entreprises de fabrication de matelas et de parfums. Se sentant chez lui a\u0300 Majunga, Mohamed Soilihy y exerce pendant 7 ans, jusqu\u2019en 2007 ou\u0300 il a du\u0302 faire (ou refaire ?) ses valises pour rentrer aux Comores afin d\u2019inte\u0301grer l\u2019ho\u0302pital de Domoni (Anjoua) qui a fait appel a\u0300 lui. En 2010, il ouvre son cabinet a\u0300 Mpaje\u0301 (Mutsamudu) et de\u0301tient e\u0301galement une clinique a\u0300 Domoni.<\/p>\n<p>Marie\u0301 et pe\u0300re de 6 enfants, Mohamed Soilihy entretient une relation de confiance avec Sambi et Salami. Il est membre fondateur du plus grand parti du pays, le Juwa, dont Ahmed Abdallah Mohamed Sambi, pre\u0301sident de la Re\u0301publique de 2006 a\u0300 2011, est le pre\u0301sident d\u2019honneur. En octobre 2018, alors que le gouverneur d\u2019Anjouan Salami Abdou Salami a compris que son plan d\u2019organiser une manifestation pacifique pour s\u2019opposer a\u0300 la re\u0301forme constitutionnelle engage\u0301e par le pouvoir central a e\u0301te\u0301 mis en e\u0301chec, il nomme Mohamed Soilihy au poste de secre\u0301taire ge\u0301ne\u0301ral du gouvernorat. Celui qui est sur le point de se rendre aux autorite\u0301s judiciaires veut s\u2019assurer que le pouvoir insulaire soit entre de bonnes mains pendant son empe\u0302chement. He\u0301las, la Cour supre\u0302me en de\u0301cide autrement. Elle invalide l\u2019acte de nomination et maintient le secre\u0301taire ge\u0301ne\u0301ral historique, le traitre Abdallah Mohamed. Aussi bien que Salami, Mohamed Soilihy n\u2019a plus que ses yeux pour pleurer face a\u0300 la fonte comme neige au soleil de ses espe\u0301rances.<\/p>\n<p><strong>Pour plus d&rsquo;informations et d&rsquo;analyses sur la <a href=\"https:\/\/www.africa-press.net\/comores\">Comores<\/a>, suivez <a href=\"https:\/\/www.africa-press.net\/\">Africa-Press<\/a><\/strong><\/p>\n","protected":false},"excerpt":{"rendered":"<p>Africa-Press &#8211; Comores. Ce me\u0301decin ge\u0301ne\u0301raliste de 54 ans est un proche de l\u2019ancien pre\u0301sident Ahmed Abdallah Sambi et du gouverneur de\u0301chu d\u2019Anjouan Salami Abdou Salami. Il e\u0301tait, entre 2016 et 2017, le commissaire aux finances de ce dernier. Les militants du parti Juwa, du moins la tendance Sambi, favorable aux e\u0301lections de 2024, ont [&hellip;]<\/p>\n","protected":false},"author":82,"featured_media":13450,"comment_status":"open","ping_status":"closed","sticky":false,"template":"","format":"standard","meta":{"footnotes":""},"categories":[2,10],"tags":[36,53,45],"class_list":["post-13451","post","type-post","status-publish","format-standard","has-post-thumbnail","hentry","category-politique","category-toutes-les-actualites","tag-africa-press","tag-africa-press-comores","tag-comores"],"yoast_head":"<!-- This site is optimized with the Yoast SEO Premium plugin v26.1 (Yoast SEO v27.0) - https:\/\/yoast.com\/product\/yoast-seo-premium-wordpress\/ -->\n<title>Who is Mohamed Soilihy, candidat de Juwa \u00e0 Anjouan ? - Comores<\/title>\n<meta name=\"description\" content=\"Ce me\u0301decin ge\u0301ne\u0301raliste de 54 ans est un proche de l\u2019ancien pre\u0301sident Ahmed Abdallah Sambi et du gouverneur de\u0301chu ...\" \/>\n<meta name=\"robots\" content=\"index, follow, max-snippet:-1, max-image-preview:large, max-video-preview:-1\" \/>\n<link rel=\"canonical\" href=\"https:\/\/www.africa-press.net\/comores\/politique\/who-is-mohamed-soilihy-candidat-de-juwa-a-anjouan\" \/>\n<meta property=\"og:locale\" content=\"fr_FR\" \/>\n<meta property=\"og:type\" content=\"article\" \/>\n<meta property=\"og:title\" content=\"Who is Mohamed Soilihy, candidat de Juwa \u00e0 Anjouan ?\" \/>\n<meta property=\"og:description\" content=\"Ce me\u0301decin ge\u0301ne\u0301raliste de 54 ans est un proche de l\u2019ancien pre\u0301sident Ahmed Abdallah Sambi et du gouverneur de\u0301chu ...\" \/>\n<meta property=\"og:url\" content=\"https:\/\/www.africa-press.net\/comores\/politique\/who-is-mohamed-soilihy-candidat-de-juwa-a-anjouan\" \/>\n<meta property=\"og:site_name\" content=\"Comores\" \/>\n<meta property=\"article:published_time\" content=\"2023-11-03T19:04:56+00:00\" \/>\n<meta property=\"article:modified_time\" content=\"2023-11-03T21:22:10+00:00\" \/>\n<meta property=\"og:image\" content=\"https:\/\/static.africa-press.net\/centrafricaine\/sites\/48\/2023\/11\/sm_1699030209.524568.jpg\" \/>\n\t<meta property=\"og:image:width\" content=\"1280\" \/>\n\t<meta property=\"og:image:height\" content=\"720\" \/>\n\t<meta property=\"og:image:type\" content=\"image\/jpeg\" \/>\n<meta name=\"author\" content=\"cfeditorfr\" \/>\n<meta name=\"twitter:card\" content=\"summary_large_image\" \/>\n<meta name=\"twitter:label1\" content=\"\u00c9crit par\" \/>\n\t<meta name=\"twitter:data1\" content=\"cfeditorfr\" \/>\n\t<meta name=\"twitter:label2\" content=\"Dur\u00e9e de lecture estim\u00e9e\" \/>\n\t<meta name=\"twitter:data2\" content=\"3 minutes\" \/>\n<script type=\"application\/ld+json\" class=\"yoast-schema-graph\">{\"@context\":\"https:\/\/schema.org\",\"@graph\":[{\"@type\":\"Article\",\"@id\":\"https:\/\/www.africa-press.net\/comores\/politique\/who-is-mohamed-soilihy-candidat-de-juwa-a-anjouan#article\",\"isPartOf\":{\"@id\":\"https:\/\/www.africa-press.net\/comores\/politique\/who-is-mohamed-soilihy-candidat-de-juwa-a-anjouan\"},\"author\":{\"name\":\"cfeditorfr\",\"@id\":\"https:\/\/www.africa-press.net\/comores\/#\/schema\/person\/2b1cf3cd81a31e3cd26889ca66d677f1\"},\"headline\":\"Who is Mohamed Soilihy, candidat de Juwa \u00e0 Anjouan ?\",\"datePublished\":\"2023-11-03T19:04:56+00:00\",\"dateModified\":\"2023-11-03T21:22:10+00:00\",\"mainEntityOfPage\":{\"@id\":\"https:\/\/www.africa-press.net\/comores\/politique\/who-is-mohamed-soilihy-candidat-de-juwa-a-anjouan\"},\"wordCount\":601,\"commentCount\":0,\"image\":{\"@id\":\"https:\/\/www.africa-press.net\/comores\/politique\/who-is-mohamed-soilihy-candidat-de-juwa-a-anjouan#primaryimage\"},\"thumbnailUrl\":\"https:\/\/static.africa-press.net\/centrafricaine\/sites\/48\/2023\/11\/sm_1699030209.524568.jpg\",\"keywords\":[\"Africa Press\",\"Africa Press-Comores\",\"Comores\"],\"articleSection\":[\"Politique\",\"Toutes les actualit\u00e9s\"],\"inLanguage\":\"fr-FR\",\"potentialAction\":[{\"@type\":\"CommentAction\",\"name\":\"Comment\",\"target\":[\"https:\/\/www.africa-press.net\/comores\/politique\/who-is-mohamed-soilihy-candidat-de-juwa-a-anjouan#respond\"]}]},{\"@type\":\"WebPage\",\"@id\":\"https:\/\/www.africa-press.net\/comores\/politique\/who-is-mohamed-soilihy-candidat-de-juwa-a-anjouan\",\"url\":\"https:\/\/www.africa-press.net\/comores\/politique\/who-is-mohamed-soilihy-candidat-de-juwa-a-anjouan\",\"name\":\"Who is Mohamed Soilihy, candidat de Juwa \u00e0 Anjouan ? - Comores\",\"isPartOf\":{\"@id\":\"https:\/\/www.africa-press.net\/comores\/#website\"},\"primaryImageOfPage\":{\"@id\":\"https:\/\/www.africa-press.net\/comores\/politique\/who-is-mohamed-soilihy-candidat-de-juwa-a-anjouan#primaryimage\"},\"image\":{\"@id\":\"https:\/\/www.africa-press.net\/comores\/politique\/who-is-mohamed-soilihy-candidat-de-juwa-a-anjouan#primaryimage\"},\"thumbnailUrl\":\"https:\/\/static.africa-press.net\/centrafricaine\/sites\/48\/2023\/11\/sm_1699030209.524568.jpg\",\"datePublished\":\"2023-11-03T19:04:56+00:00\",\"dateModified\":\"2023-11-03T21:22:10+00:00\",\"author\":{\"@id\":\"https:\/\/www.africa-press.net\/comores\/#\/schema\/person\/2b1cf3cd81a31e3cd26889ca66d677f1\"},\"description\":\"Ce me\u0301decin ge\u0301ne\u0301raliste de 54 ans est un proche de l\u2019ancien pre\u0301sident Ahmed Abdallah Sambi et du gouverneur de\u0301chu ...\",\"breadcrumb\":{\"@id\":\"https:\/\/www.africa-press.net\/comores\/politique\/who-is-mohamed-soilihy-candidat-de-juwa-a-anjouan#breadcrumb\"},\"inLanguage\":\"fr-FR\",\"potentialAction\":[{\"@type\":\"ReadAction\",\"target\":[\"https:\/\/www.africa-press.net\/comores\/politique\/who-is-mohamed-soilihy-candidat-de-juwa-a-anjouan\"]}]},{\"@type\":\"ImageObject\",\"inLanguage\":\"fr-FR\",\"@id\":\"https:\/\/www.africa-press.net\/comores\/politique\/who-is-mohamed-soilihy-candidat-de-juwa-a-anjouan#primaryimage\",\"url\":\"https:\/\/static.africa-press.net\/centrafricaine\/sites\/48\/2023\/11\/sm_1699030209.524568.jpg\",\"contentUrl\":\"https:\/\/static.africa-press.net\/centrafricaine\/sites\/48\/2023\/11\/sm_1699030209.524568.jpg\",\"width\":1280,\"height\":720,\"caption\":\"Who is Mohamed Soilihy, candidat de Juwa \u00e0 Anjouan ?\"},{\"@type\":\"BreadcrumbList\",\"@id\":\"https:\/\/www.africa-press.net\/comores\/politique\/who-is-mohamed-soilihy-candidat-de-juwa-a-anjouan#breadcrumb\",\"itemListElement\":[{\"@type\":\"ListItem\",\"position\":1,\"name\":\"Accueil\",\"item\":\"https:\/\/www.africa-press.net\/comores\/\"},{\"@type\":\"ListItem\",\"position\":2,\"name\":\"Who is Mohamed Soilihy, candidat de Juwa \u00e0 Anjouan ?\"}]},{\"@type\":\"WebSite\",\"@id\":\"https:\/\/www.africa-press.net\/comores\/#website\",\"url\":\"https:\/\/www.africa-press.net\/comores\/\",\"name\":\"Comores\",\"description\":\"Just another Africa News Agency Sites site\",\"potentialAction\":[{\"@type\":\"SearchAction\",\"target\":{\"@type\":\"EntryPoint\",\"urlTemplate\":\"https:\/\/www.africa-press.net\/comores\/?s={search_term_string}\"},\"query-input\":{\"@type\":\"PropertyValueSpecification\",\"valueRequired\":true,\"valueName\":\"search_term_string\"}}],\"inLanguage\":\"fr-FR\"},{\"@type\":\"Person\",\"@id\":\"https:\/\/www.africa-press.net\/comores\/#\/schema\/person\/2b1cf3cd81a31e3cd26889ca66d677f1\",\"name\":\"cfeditorfr\"}]}<\/script>\n<!-- \/ Yoast SEO Premium plugin. -->","yoast_head_json":{"title":"Who is Mohamed Soilihy, candidat de Juwa \u00e0 Anjouan ? - Comores","description":"Ce me\u0301decin ge\u0301ne\u0301raliste de 54 ans est un proche de l\u2019ancien pre\u0301sident Ahmed Abdallah Sambi et du gouverneur de\u0301chu ...","robots":{"index":"index","follow":"follow","max-snippet":"max-snippet:-1","max-image-preview":"max-image-preview:large","max-video-preview":"max-video-preview:-1"},"canonical":"https:\/\/www.africa-press.net\/comores\/politique\/who-is-mohamed-soilihy-candidat-de-juwa-a-anjouan","og_locale":"fr_FR","og_type":"article","og_title":"Who is Mohamed Soilihy, candidat de Juwa \u00e0 Anjouan ?","og_description":"Ce me\u0301decin ge\u0301ne\u0301raliste de 54 ans est un proche de l\u2019ancien pre\u0301sident Ahmed Abdallah Sambi et du gouverneur de\u0301chu ...","og_url":"https:\/\/www.africa-press.net\/comores\/politique\/who-is-mohamed-soilihy-candidat-de-juwa-a-anjouan","og_site_name":"Comores","article_published_time":"2023-11-03T19:04:56+00:00","article_modified_time":"2023-11-03T21:22:10+00:00","og_image":[{"width":1280,"height":720,"url":"https:\/\/static.africa-press.net\/centrafricaine\/sites\/48\/2023\/11\/sm_1699030209.524568.jpg","type":"image\/jpeg"}],"author":"cfeditorfr","twitter_card":"summary_large_image","twitter_misc":{"\u00c9crit par":"cfeditorfr","Dur\u00e9e de lecture estim\u00e9e":"3 minutes"},"schema":{"@context":"https:\/\/schema.org","@graph":[{"@type":"Article","@id":"https:\/\/www.africa-press.net\/comores\/politique\/who-is-mohamed-soilihy-candidat-de-juwa-a-anjouan#article","isPartOf":{"@id":"https:\/\/www.africa-press.net\/comores\/politique\/who-is-mohamed-soilihy-candidat-de-juwa-a-anjouan"},"author":{"name":"cfeditorfr","@id":"https:\/\/www.africa-press.net\/comores\/#\/schema\/person\/2b1cf3cd81a31e3cd26889ca66d677f1"},"headline":"Who is Mohamed Soilihy, candidat de Juwa \u00e0 Anjouan ?","datePublished":"2023-11-03T19:04:56+00:00","dateModified":"2023-11-03T21:22:10+00:00","mainEntityOfPage":{"@id":"https:\/\/www.africa-press.net\/comores\/politique\/who-is-mohamed-soilihy-candidat-de-juwa-a-anjouan"},"wordCount":601,"commentCount":0,"image":{"@id":"https:\/\/www.africa-press.net\/comores\/politique\/who-is-mohamed-soilihy-candidat-de-juwa-a-anjouan#primaryimage"},"thumbnailUrl":"https:\/\/static.africa-press.net\/centrafricaine\/sites\/48\/2023\/11\/sm_1699030209.524568.jpg","keywords":["Africa Press","Africa Press-Comores","Comores"],"articleSection":["Politique","Toutes les actualit\u00e9s"],"inLanguage":"fr-FR","potentialAction":[{"@type":"CommentAction","name":"Comment","target":["https:\/\/www.africa-press.net\/comores\/politique\/who-is-mohamed-soilihy-candidat-de-juwa-a-anjouan#respond"]}]},{"@type":"WebPage","@id":"https:\/\/www.africa-press.net\/comores\/politique\/who-is-mohamed-soilihy-candidat-de-juwa-a-anjouan","url":"https:\/\/www.africa-press.net\/comores\/politique\/who-is-mohamed-soilihy-candidat-de-juwa-a-anjouan","name":"Who is Mohamed Soilihy, candidat de Juwa \u00e0 Anjouan ? - Comores","isPartOf":{"@id":"https:\/\/www.africa-press.net\/comores\/#website"},"primaryImageOfPage":{"@id":"https:\/\/www.africa-press.net\/comores\/politique\/who-is-mohamed-soilihy-candidat-de-juwa-a-anjouan#primaryimage"},"image":{"@id":"https:\/\/www.africa-press.net\/comores\/politique\/who-is-mohamed-soilihy-candidat-de-juwa-a-anjouan#primaryimage"},"thumbnailUrl":"https:\/\/static.africa-press.net\/centrafricaine\/sites\/48\/2023\/11\/sm_1699030209.524568.jpg","datePublished":"2023-11-03T19:04:56+00:00","dateModified":"2023-11-03T21:22:10+00:00","author":{"@id":"https:\/\/www.africa-press.net\/comores\/#\/schema\/person\/2b1cf3cd81a31e3cd26889ca66d677f1"},"description":"Ce me\u0301decin ge\u0301ne\u0301raliste de 54 ans est un proche de l\u2019ancien pre\u0301sident Ahmed Abdallah Sambi et du gouverneur de\u0301chu ...","breadcrumb":{"@id":"https:\/\/www.africa-press.net\/comores\/politique\/who-is-mohamed-soilihy-candidat-de-juwa-a-anjouan#breadcrumb"},"inLanguage":"fr-FR","potentialAction":[{"@type":"ReadAction","target":["https:\/\/www.africa-press.net\/comores\/politique\/who-is-mohamed-soilihy-candidat-de-juwa-a-anjouan"]}]},{"@type":"ImageObject","inLanguage":"fr-FR","@id":"https:\/\/www.africa-press.net\/comores\/politique\/who-is-mohamed-soilihy-candidat-de-juwa-a-anjouan#primaryimage","url":"https:\/\/static.africa-press.net\/centrafricaine\/sites\/48\/2023\/11\/sm_1699030209.524568.jpg","contentUrl":"https:\/\/static.africa-press.net\/centrafricaine\/sites\/48\/2023\/11\/sm_1699030209.524568.jpg","width":1280,"height":720,"caption":"Who is Mohamed Soilihy, candidat de Juwa \u00e0 Anjouan ?"},{"@type":"BreadcrumbList","@id":"https:\/\/www.africa-press.net\/comores\/politique\/who-is-mohamed-soilihy-candidat-de-juwa-a-anjouan#breadcrumb","itemListElement":[{"@type":"ListItem","position":1,"name":"Accueil","item":"https:\/\/www.africa-press.net\/comores\/"},{"@type":"ListItem","position":2,"name":"Who is Mohamed Soilihy, candidat de Juwa \u00e0 Anjouan ?"}]},{"@type":"WebSite","@id":"https:\/\/www.africa-press.net\/comores\/#website","url":"https:\/\/www.africa-press.net\/comores\/","name":"Comores","description":"Just another Africa News Agency Sites site","potentialAction":[{"@type":"SearchAction","target":{"@type":"EntryPoint","urlTemplate":"https:\/\/www.africa-press.net\/comores\/?s={search_term_string}"},"query-input":{"@type":"PropertyValueSpecification","valueRequired":true,"valueName":"search_term_string"}}],"inLanguage":"fr-FR"},{"@type":"Person","@id":"https:\/\/www.africa-press.net\/comores\/#\/schema\/person\/2b1cf3cd81a31e3cd26889ca66d677f1","name":"cfeditorfr"}]}},"_links":{"self":[{"href":"https:\/\/www.africa-press.net\/comores\/wp-json\/wp\/v2\/posts\/13451","targetHints":{"allow":["GET"]}}],"collection":[{"href":"https:\/\/www.africa-press.net\/comores\/wp-json\/wp\/v2\/posts"}],"about":[{"href":"https:\/\/www.africa-press.net\/comores\/wp-json\/wp\/v2\/types\/post"}],"author":[{"embeddable":true,"href":"https:\/\/www.africa-press.net\/comores\/wp-json\/wp\/v2\/users\/82"}],"replies":[{"embeddable":true,"href":"https:\/\/www.africa-press.net\/comores\/wp-json\/wp\/v2\/comments?post=13451"}],"version-history":[{"count":0,"href":"https:\/\/www.africa-press.net\/comores\/wp-json\/wp\/v2\/posts\/13451\/revisions"}],"wp:featuredmedia":[{"embeddable":true,"href":"https:\/\/www.africa-press.net\/comores\/wp-json\/wp\/v2\/media\/13450"}],"wp:attachment":[{"href":"https:\/\/www.africa-press.net\/comores\/wp-json\/wp\/v2\/media?parent=13451"}],"wp:term":[{"taxonomy":"category","embeddable":true,"href":"https:\/\/www.africa-press.net\/comores\/wp-json\/wp\/v2\/categories?post=13451"},{"taxonomy":"post_tag","embeddable":true,"href":"https:\/\/www.africa-press.net\/comores\/wp-json\/wp\/v2\/tags?post=13451"}],"curies":[{"name":"wp","href":"https:\/\/api.w.org\/{rel}","templated":true}]}}