{"id":13515,"date":"2023-11-06T18:39:52","date_gmt":"2023-11-06T18:39:52","guid":{"rendered":"https:\/\/www.africa-press.net\/comores\/politique\/comores-cable-inaugure-son-nouveau-siege-flambant-neuf"},"modified":"2023-11-06T22:00:55","modified_gmt":"2023-11-06T22:00:55","slug":"comores-cable-inaugure-son-nouveau-siege-flambant-neuf","status":"publish","type":"post","link":"https:\/\/www.africa-press.net\/comores\/politique\/comores-cable-inaugure-son-nouveau-siege-flambant-neuf","title":{"rendered":"Comores Cable inaugure son nouveau si\u00e8ge flambant neuf"},"content":{"rendered":"<p><span style=\"color: #ff6600\"><strong>Africa-Press &#8211; Comores. <\/strong><\/span><b>La journe\u0301e mondiale des postes est ce\u0301le\u0301bre\u0301e aux Comores samedi dernier sous le the\u0300me \u00abUnis pour la confiance, collaborer pour un avenir su\u0302r et connecte\u0301\u00bb. Par la me\u0302me occasion, la socie\u0301te\u0301 Comores Ca\u0302ble a e\u0301te\u0301 inaugure\u0301e par le ministre des postes et te\u0301le\u0301communications en pre\u0301sence du chef de l&rsquo;E\u0301tat, Azali. <\/b><\/p>\n<p>Samedi dernier, le chef de l&rsquo;E\u0301tat Azali Assoumani a participe\u0301 a\u0300 la ce\u0301le\u0301bration de la journe\u0301e mondiale de la poste et c\u2019e\u0301tait aussi l\u2019occasion d\u2019inaugurer officiellement le ba\u0302timent flambant neuf abritant le sie\u0300ge de Comores Ca\u0302ble. Il s&rsquo;agit d&rsquo;un e\u0301ve\u0301nement important pour les secteurs des Postes et des Technologies de l\u2019Information et de la Communication de notre pays pour trois objectifs, a\u0300 savoir la ce\u0301le\u0301bration du vingtie\u0300me anniversaire de l\u2019ave\u0300nement de la Te\u0301le\u0301phonie mobile aux Comores et des 10 ans de Comores Ca\u0302bles, ainsi que la Journe\u0301e mondiale des Postes place\u0301e sous le the\u0300me \u00ab Unis pour la confiance, collaborer pour un avenir su\u0302r et connecte\u0301 \u00bb.<\/p>\n<p>Selon le pre\u0301sident Azali, la connectivite\u0301 informatique au sein de notre archipel et sa connexion avec le reste du monde est une de nos priorite\u0301s pour le de\u0301senclavement de nos i\u0302les et pour une inclusion nume\u0301rique de tous nos citoyens et c\u2019est la premie\u0300re mission assigne\u0301e a\u0300 la socie\u0301te\u0301 nationale Comores-Ca\u0302bles a\u0300 sa cre\u0301ation en 2013. \u00ab Le raccord des Comores au nouveau gigantesque ca\u0302ble sous-marin \u00ab two Africa \u00bb en de\u0301but de cette anne\u0301e 2023, est l\u2019illustration parfaite de cette ambition comorienne \u00bb, dit-il.<\/p>\n<p>Lors de cette ce\u0301re\u0301monie, il est rappele\u0301 qu\u2019il y a exactement 20 ans, l&rsquo;actuel pre\u0301sident a pre\u0301side\u0301 un e\u0301ve\u0300nement marquant l\u2019inauguration de la te\u0301le\u0301phonie mobile dans l\u2019archipel. \u00ab Cela s\u2019est passe\u0301 a\u0300 un moment ou\u0300 les Comores e\u0301taient parmi les rares pays au monde, a\u0300 ne pas disposer de te\u0301le\u0301phonie mobile \u00bb, se rappelle-t-il, avant d&rsquo;ajouter que \u00ab il y a vingt ans, le pays a organise\u0301 les \u00ab Premie\u0300res Journe\u0301es des TICs \u00bb avec la Cellule de Re\u0301flexion, d\u2019Analyse, d\u2019Action et de Suivi, ce qui a permis de jeter les toutes premie\u0300res bases du Nume\u0301rique dans le pays. \u00ab Nous avons pris part, la me\u0302me anne\u0301e 2003, a\u0300 la premie\u0300re e\u0301tape du premier Sommet Mondial sur la Socie\u0301te\u0301 de l\u2019Information a\u0300 Gene\u0300ve, au cours duquel notre pays a souscrit a\u0300 la De\u0301claration de Principes de Gene\u0300ve pour une socie\u0301te\u0301 de l\u2019Information et au Plan d\u2019action de Gene\u0300ve \u00bb, dit-il. Et d\u2019ajouter : \u00ab Nous avons opte\u0301 pour le te\u0301le\u0301phone portable et aujourd\u2019hui, nous sommes ravis de ce choix, compte tenu du ro\u0302le incontournable qu\u2019il joue dans la vie des citoyens au quotidien, et sa place pre\u0301dominante dans le commerce, l\u2019inclusion financie\u0300re, l\u2019e\u0301ducation et dans bien d\u2019autres domaines professionnels \u00bb.<\/p>\n<p><strong>Pour plus d&rsquo;informations et d&rsquo;analyses sur la <a href=\"https:\/\/www.africa-press.net\/comores\">Comores<\/a>, suivez <a href=\"https:\/\/www.africa-press.net\/\">Africa-Press<\/a><\/strong><\/p>\n","protected":false},"excerpt":{"rendered":"<p>Africa-Press &#8211; Comores. La journe\u0301e mondiale des postes est ce\u0301le\u0301bre\u0301e aux Comores samedi dernier sous le the\u0300me \u00abUnis pour la confiance, collaborer pour un avenir su\u0302r et connecte\u0301\u00bb. Par la me\u0302me occasion, la socie\u0301te\u0301 Comores Ca\u0302ble a e\u0301te\u0301 inaugure\u0301e par le ministre des postes et te\u0301le\u0301communications en pre\u0301sence du chef de l&rsquo;E\u0301tat, Azali. Samedi dernier, [&hellip;]<\/p>\n","protected":false},"author":82,"featured_media":13514,"comment_status":"open","ping_status":"closed","sticky":false,"template":"","format":"standard","meta":{"footnotes":""},"categories":[2,10],"tags":[36,53,45],"class_list":["post-13515","post","type-post","status-publish","format-standard","has-post-thumbnail","hentry","category-politique","category-toutes-les-actualites","tag-africa-press","tag-africa-press-comores","tag-comores"],"yoast_head":"<!-- This site is optimized with the Yoast SEO Premium plugin v26.1 (Yoast SEO v27.0) - https:\/\/yoast.com\/product\/yoast-seo-premium-wordpress\/ -->\n<title>Comores Cable inaugure son nouveau si\u00e8ge flambant neuf - Comores<\/title>\n<meta name=\"description\" content=\"La journe\u0301e mondiale des postes est ce\u0301le\u0301bre\u0301e aux Comores samedi dernier sous le the\u0300me \u00abUnis pour la confiance, co ...\" \/>\n<meta name=\"robots\" content=\"index, follow, max-snippet:-1, max-image-preview:large, max-video-preview:-1\" \/>\n<link rel=\"canonical\" href=\"https:\/\/www.africa-press.net\/comores\/politique\/comores-cable-inaugure-son-nouveau-siege-flambant-neuf\" \/>\n<meta property=\"og:locale\" content=\"fr_FR\" \/>\n<meta property=\"og:type\" content=\"article\" \/>\n<meta property=\"og:title\" content=\"Comores Cable inaugure son nouveau si\u00e8ge flambant neuf\" \/>\n<meta property=\"og:description\" content=\"La journe\u0301e mondiale des postes est ce\u0301le\u0301bre\u0301e aux Comores samedi dernier sous le the\u0300me \u00abUnis pour la confiance, co ...\" \/>\n<meta property=\"og:url\" content=\"https:\/\/www.africa-press.net\/comores\/politique\/comores-cable-inaugure-son-nouveau-siege-flambant-neuf\" \/>\n<meta property=\"og:site_name\" content=\"Comores\" \/>\n<meta property=\"article:published_time\" content=\"2023-11-06T18:39:52+00:00\" \/>\n<meta property=\"article:modified_time\" content=\"2023-11-06T22:00:55+00:00\" \/>\n<meta property=\"og:image\" content=\"https:\/\/static.africa-press.net\/centrafricaine\/sites\/48\/2023\/11\/sm_1699291778.526292.jpg\" \/>\n\t<meta property=\"og:image:width\" content=\"1280\" \/>\n\t<meta property=\"og:image:height\" content=\"960\" \/>\n\t<meta property=\"og:image:type\" content=\"image\/jpeg\" \/>\n<meta name=\"author\" content=\"cfeditorfr\" \/>\n<meta name=\"twitter:card\" content=\"summary_large_image\" \/>\n<meta name=\"twitter:label1\" content=\"\u00c9crit par\" \/>\n\t<meta name=\"twitter:data1\" content=\"cfeditorfr\" \/>\n\t<meta name=\"twitter:label2\" content=\"Dur\u00e9e de lecture estim\u00e9e\" \/>\n\t<meta name=\"twitter:data2\" content=\"3 minutes\" \/>\n<script type=\"application\/ld+json\" class=\"yoast-schema-graph\">{\"@context\":\"https:\/\/schema.org\",\"@graph\":[{\"@type\":\"Article\",\"@id\":\"https:\/\/www.africa-press.net\/comores\/politique\/comores-cable-inaugure-son-nouveau-siege-flambant-neuf#article\",\"isPartOf\":{\"@id\":\"https:\/\/www.africa-press.net\/comores\/politique\/comores-cable-inaugure-son-nouveau-siege-flambant-neuf\"},\"author\":{\"name\":\"cfeditorfr\",\"@id\":\"https:\/\/www.africa-press.net\/comores\/#\/schema\/person\/2b1cf3cd81a31e3cd26889ca66d677f1\"},\"headline\":\"Comores Cable inaugure son nouveau si\u00e8ge flambant neuf\",\"datePublished\":\"2023-11-06T18:39:52+00:00\",\"dateModified\":\"2023-11-06T22:00:55+00:00\",\"mainEntityOfPage\":{\"@id\":\"https:\/\/www.africa-press.net\/comores\/politique\/comores-cable-inaugure-son-nouveau-siege-flambant-neuf\"},\"wordCount\":554,\"commentCount\":0,\"image\":{\"@id\":\"https:\/\/www.africa-press.net\/comores\/politique\/comores-cable-inaugure-son-nouveau-siege-flambant-neuf#primaryimage\"},\"thumbnailUrl\":\"https:\/\/static.africa-press.net\/centrafricaine\/sites\/48\/2023\/11\/sm_1699291778.526292.jpg\",\"keywords\":[\"Africa Press\",\"Africa Press-Comores\",\"Comores\"],\"articleSection\":[\"Politique\",\"Toutes les actualit\u00e9s\"],\"inLanguage\":\"fr-FR\",\"potentialAction\":[{\"@type\":\"CommentAction\",\"name\":\"Comment\",\"target\":[\"https:\/\/www.africa-press.net\/comores\/politique\/comores-cable-inaugure-son-nouveau-siege-flambant-neuf#respond\"]}]},{\"@type\":\"WebPage\",\"@id\":\"https:\/\/www.africa-press.net\/comores\/politique\/comores-cable-inaugure-son-nouveau-siege-flambant-neuf\",\"url\":\"https:\/\/www.africa-press.net\/comores\/politique\/comores-cable-inaugure-son-nouveau-siege-flambant-neuf\",\"name\":\"Comores Cable inaugure son nouveau si\u00e8ge flambant neuf - Comores\",\"isPartOf\":{\"@id\":\"https:\/\/www.africa-press.net\/comores\/#website\"},\"primaryImageOfPage\":{\"@id\":\"https:\/\/www.africa-press.net\/comores\/politique\/comores-cable-inaugure-son-nouveau-siege-flambant-neuf#primaryimage\"},\"image\":{\"@id\":\"https:\/\/www.africa-press.net\/comores\/politique\/comores-cable-inaugure-son-nouveau-siege-flambant-neuf#primaryimage\"},\"thumbnailUrl\":\"https:\/\/static.africa-press.net\/centrafricaine\/sites\/48\/2023\/11\/sm_1699291778.526292.jpg\",\"datePublished\":\"2023-11-06T18:39:52+00:00\",\"dateModified\":\"2023-11-06T22:00:55+00:00\",\"author\":{\"@id\":\"https:\/\/www.africa-press.net\/comores\/#\/schema\/person\/2b1cf3cd81a31e3cd26889ca66d677f1\"},\"description\":\"La journe\u0301e mondiale des postes est ce\u0301le\u0301bre\u0301e aux Comores samedi dernier sous le the\u0300me \u00abUnis pour la confiance, co ...\",\"breadcrumb\":{\"@id\":\"https:\/\/www.africa-press.net\/comores\/politique\/comores-cable-inaugure-son-nouveau-siege-flambant-neuf#breadcrumb\"},\"inLanguage\":\"fr-FR\",\"potentialAction\":[{\"@type\":\"ReadAction\",\"target\":[\"https:\/\/www.africa-press.net\/comores\/politique\/comores-cable-inaugure-son-nouveau-siege-flambant-neuf\"]}]},{\"@type\":\"ImageObject\",\"inLanguage\":\"fr-FR\",\"@id\":\"https:\/\/www.africa-press.net\/comores\/politique\/comores-cable-inaugure-son-nouveau-siege-flambant-neuf#primaryimage\",\"url\":\"https:\/\/static.africa-press.net\/centrafricaine\/sites\/48\/2023\/11\/sm_1699291778.526292.jpg\",\"contentUrl\":\"https:\/\/static.africa-press.net\/centrafricaine\/sites\/48\/2023\/11\/sm_1699291778.526292.jpg\",\"width\":1280,\"height\":960,\"caption\":\"Comores Cable inaugure son nouveau si\u00e8ge flambant neuf\"},{\"@type\":\"BreadcrumbList\",\"@id\":\"https:\/\/www.africa-press.net\/comores\/politique\/comores-cable-inaugure-son-nouveau-siege-flambant-neuf#breadcrumb\",\"itemListElement\":[{\"@type\":\"ListItem\",\"position\":1,\"name\":\"Accueil\",\"item\":\"https:\/\/www.africa-press.net\/comores\/\"},{\"@type\":\"ListItem\",\"position\":2,\"name\":\"Comores Cable inaugure son nouveau si\u00e8ge flambant neuf\"}]},{\"@type\":\"WebSite\",\"@id\":\"https:\/\/www.africa-press.net\/comores\/#website\",\"url\":\"https:\/\/www.africa-press.net\/comores\/\",\"name\":\"Comores\",\"description\":\"Just another Africa News Agency Sites site\",\"potentialAction\":[{\"@type\":\"SearchAction\",\"target\":{\"@type\":\"EntryPoint\",\"urlTemplate\":\"https:\/\/www.africa-press.net\/comores\/?s={search_term_string}\"},\"query-input\":{\"@type\":\"PropertyValueSpecification\",\"valueRequired\":true,\"valueName\":\"search_term_string\"}}],\"inLanguage\":\"fr-FR\"},{\"@type\":\"Person\",\"@id\":\"https:\/\/www.africa-press.net\/comores\/#\/schema\/person\/2b1cf3cd81a31e3cd26889ca66d677f1\",\"name\":\"cfeditorfr\"}]}<\/script>\n<!-- \/ Yoast SEO Premium plugin. -->","yoast_head_json":{"title":"Comores Cable inaugure son nouveau si\u00e8ge flambant neuf - Comores","description":"La journe\u0301e mondiale des postes est ce\u0301le\u0301bre\u0301e aux Comores samedi dernier sous le the\u0300me \u00abUnis pour la confiance, co ...","robots":{"index":"index","follow":"follow","max-snippet":"max-snippet:-1","max-image-preview":"max-image-preview:large","max-video-preview":"max-video-preview:-1"},"canonical":"https:\/\/www.africa-press.net\/comores\/politique\/comores-cable-inaugure-son-nouveau-siege-flambant-neuf","og_locale":"fr_FR","og_type":"article","og_title":"Comores Cable inaugure son nouveau si\u00e8ge flambant neuf","og_description":"La journe\u0301e mondiale des postes est ce\u0301le\u0301bre\u0301e aux Comores samedi dernier sous le the\u0300me \u00abUnis pour la confiance, co ...","og_url":"https:\/\/www.africa-press.net\/comores\/politique\/comores-cable-inaugure-son-nouveau-siege-flambant-neuf","og_site_name":"Comores","article_published_time":"2023-11-06T18:39:52+00:00","article_modified_time":"2023-11-06T22:00:55+00:00","og_image":[{"width":1280,"height":960,"url":"https:\/\/static.africa-press.net\/centrafricaine\/sites\/48\/2023\/11\/sm_1699291778.526292.jpg","type":"image\/jpeg"}],"author":"cfeditorfr","twitter_card":"summary_large_image","twitter_misc":{"\u00c9crit par":"cfeditorfr","Dur\u00e9e de lecture estim\u00e9e":"3 minutes"},"schema":{"@context":"https:\/\/schema.org","@graph":[{"@type":"Article","@id":"https:\/\/www.africa-press.net\/comores\/politique\/comores-cable-inaugure-son-nouveau-siege-flambant-neuf#article","isPartOf":{"@id":"https:\/\/www.africa-press.net\/comores\/politique\/comores-cable-inaugure-son-nouveau-siege-flambant-neuf"},"author":{"name":"cfeditorfr","@id":"https:\/\/www.africa-press.net\/comores\/#\/schema\/person\/2b1cf3cd81a31e3cd26889ca66d677f1"},"headline":"Comores Cable inaugure son nouveau si\u00e8ge flambant neuf","datePublished":"2023-11-06T18:39:52+00:00","dateModified":"2023-11-06T22:00:55+00:00","mainEntityOfPage":{"@id":"https:\/\/www.africa-press.net\/comores\/politique\/comores-cable-inaugure-son-nouveau-siege-flambant-neuf"},"wordCount":554,"commentCount":0,"image":{"@id":"https:\/\/www.africa-press.net\/comores\/politique\/comores-cable-inaugure-son-nouveau-siege-flambant-neuf#primaryimage"},"thumbnailUrl":"https:\/\/static.africa-press.net\/centrafricaine\/sites\/48\/2023\/11\/sm_1699291778.526292.jpg","keywords":["Africa Press","Africa Press-Comores","Comores"],"articleSection":["Politique","Toutes les actualit\u00e9s"],"inLanguage":"fr-FR","potentialAction":[{"@type":"CommentAction","name":"Comment","target":["https:\/\/www.africa-press.net\/comores\/politique\/comores-cable-inaugure-son-nouveau-siege-flambant-neuf#respond"]}]},{"@type":"WebPage","@id":"https:\/\/www.africa-press.net\/comores\/politique\/comores-cable-inaugure-son-nouveau-siege-flambant-neuf","url":"https:\/\/www.africa-press.net\/comores\/politique\/comores-cable-inaugure-son-nouveau-siege-flambant-neuf","name":"Comores Cable inaugure son nouveau si\u00e8ge flambant neuf - Comores","isPartOf":{"@id":"https:\/\/www.africa-press.net\/comores\/#website"},"primaryImageOfPage":{"@id":"https:\/\/www.africa-press.net\/comores\/politique\/comores-cable-inaugure-son-nouveau-siege-flambant-neuf#primaryimage"},"image":{"@id":"https:\/\/www.africa-press.net\/comores\/politique\/comores-cable-inaugure-son-nouveau-siege-flambant-neuf#primaryimage"},"thumbnailUrl":"https:\/\/static.africa-press.net\/centrafricaine\/sites\/48\/2023\/11\/sm_1699291778.526292.jpg","datePublished":"2023-11-06T18:39:52+00:00","dateModified":"2023-11-06T22:00:55+00:00","author":{"@id":"https:\/\/www.africa-press.net\/comores\/#\/schema\/person\/2b1cf3cd81a31e3cd26889ca66d677f1"},"description":"La journe\u0301e mondiale des postes est ce\u0301le\u0301bre\u0301e aux Comores samedi dernier sous le the\u0300me \u00abUnis pour la confiance, co ...","breadcrumb":{"@id":"https:\/\/www.africa-press.net\/comores\/politique\/comores-cable-inaugure-son-nouveau-siege-flambant-neuf#breadcrumb"},"inLanguage":"fr-FR","potentialAction":[{"@type":"ReadAction","target":["https:\/\/www.africa-press.net\/comores\/politique\/comores-cable-inaugure-son-nouveau-siege-flambant-neuf"]}]},{"@type":"ImageObject","inLanguage":"fr-FR","@id":"https:\/\/www.africa-press.net\/comores\/politique\/comores-cable-inaugure-son-nouveau-siege-flambant-neuf#primaryimage","url":"https:\/\/static.africa-press.net\/centrafricaine\/sites\/48\/2023\/11\/sm_1699291778.526292.jpg","contentUrl":"https:\/\/static.africa-press.net\/centrafricaine\/sites\/48\/2023\/11\/sm_1699291778.526292.jpg","width":1280,"height":960,"caption":"Comores Cable inaugure son nouveau si\u00e8ge flambant neuf"},{"@type":"BreadcrumbList","@id":"https:\/\/www.africa-press.net\/comores\/politique\/comores-cable-inaugure-son-nouveau-siege-flambant-neuf#breadcrumb","itemListElement":[{"@type":"ListItem","position":1,"name":"Accueil","item":"https:\/\/www.africa-press.net\/comores\/"},{"@type":"ListItem","position":2,"name":"Comores Cable inaugure son nouveau si\u00e8ge flambant neuf"}]},{"@type":"WebSite","@id":"https:\/\/www.africa-press.net\/comores\/#website","url":"https:\/\/www.africa-press.net\/comores\/","name":"Comores","description":"Just another Africa News Agency Sites site","potentialAction":[{"@type":"SearchAction","target":{"@type":"EntryPoint","urlTemplate":"https:\/\/www.africa-press.net\/comores\/?s={search_term_string}"},"query-input":{"@type":"PropertyValueSpecification","valueRequired":true,"valueName":"search_term_string"}}],"inLanguage":"fr-FR"},{"@type":"Person","@id":"https:\/\/www.africa-press.net\/comores\/#\/schema\/person\/2b1cf3cd81a31e3cd26889ca66d677f1","name":"cfeditorfr"}]}},"_links":{"self":[{"href":"https:\/\/www.africa-press.net\/comores\/wp-json\/wp\/v2\/posts\/13515","targetHints":{"allow":["GET"]}}],"collection":[{"href":"https:\/\/www.africa-press.net\/comores\/wp-json\/wp\/v2\/posts"}],"about":[{"href":"https:\/\/www.africa-press.net\/comores\/wp-json\/wp\/v2\/types\/post"}],"author":[{"embeddable":true,"href":"https:\/\/www.africa-press.net\/comores\/wp-json\/wp\/v2\/users\/82"}],"replies":[{"embeddable":true,"href":"https:\/\/www.africa-press.net\/comores\/wp-json\/wp\/v2\/comments?post=13515"}],"version-history":[{"count":0,"href":"https:\/\/www.africa-press.net\/comores\/wp-json\/wp\/v2\/posts\/13515\/revisions"}],"wp:featuredmedia":[{"embeddable":true,"href":"https:\/\/www.africa-press.net\/comores\/wp-json\/wp\/v2\/media\/13514"}],"wp:attachment":[{"href":"https:\/\/www.africa-press.net\/comores\/wp-json\/wp\/v2\/media?parent=13515"}],"wp:term":[{"taxonomy":"category","embeddable":true,"href":"https:\/\/www.africa-press.net\/comores\/wp-json\/wp\/v2\/categories?post=13515"},{"taxonomy":"post_tag","embeddable":true,"href":"https:\/\/www.africa-press.net\/comores\/wp-json\/wp\/v2\/tags?post=13515"}],"curies":[{"name":"wp","href":"https:\/\/api.w.org\/{rel}","templated":true}]}}