{"id":13518,"date":"2023-11-06T18:41:15","date_gmt":"2023-11-06T18:41:15","guid":{"rendered":"https:\/\/www.africa-press.net\/comores\/politique\/le-gestionnaire-de-la-reserve-de-moheli-lance-un-cri-dalarme"},"modified":"2023-11-06T22:01:33","modified_gmt":"2023-11-06T22:01:33","slug":"le-gestionnaire-de-la-reserve-de-moheli-lance-un-cri-dalarme","status":"publish","type":"post","link":"https:\/\/www.africa-press.net\/comores\/toutes-les-actualites\/le-gestionnaire-de-la-reserve-de-moheli-lance-un-cri-dalarme","title":{"rendered":"Le gestionnaire de la r\u00e9serve de Moh\u00e9li lance un cri d\u2019alarme"},"content":{"rendered":"<p><span style=\"color: #ff6600\"><strong>Africa-Press &#8211; Comores. <\/strong><\/span><b>Proclame\u0301 en 2021 lors de la 41e\u0300me session de l\u2019UNESCO, le 3 novembre est devenu journe\u0301e internationale des Re\u0301serves de Biosphe\u0300re. A\u0300 cette occasion, Mohamed Mindhiri Tsira, le gestionnaire de la re\u0301serve de Mwali, classe\u0301e en 2020, a lance\u0301 un cri d\u2019alarme face a\u0300 l\u2019urgence climatique et en tant que petit territoire insulaire subissant les effets globaux du changement climatique. Il appelle a\u0300 l\u2019implication effective des communaute\u0301s locales dans le processus de\u0301cisionnel a\u0300 travers un comite\u0301 de cogestion. <\/b><\/p>\n<p>A\u0300 l\u2019occasion de la journe\u0301e internationale des re\u0301serves de biosphe\u0300re ce\u0301le\u0301bre\u0301e le samedi 3 novembre, Mohamed Mindhiri Tsira, indique que la re\u0301serve de Mwali est mise en place pour proposer des solutions conciliant la conservation de la biodiversite\u0301 et son utilisation durable, une re\u0301serve de biosphe\u0300re qui s\u2019appuie sur la re\u0301gulation de la mise en place du Parc National de Mohe\u0301li (PNM) ou\u0300 la conservation de la biodiversite\u0301 et les besoins de l\u2019humain doivent e\u0302tre concilie\u0301s, d\u2019ou\u0300, dit-il, un syste\u0300me de cogestion des ressources naturelles a\u0300 travers un processus participatif est ne\u0301gocie\u0301 entre les gestionnaires du territoire et les communaute\u0301s locales.<\/p>\n<p>\u00ab L\u2019un des points forts du syste\u0300me de cogestion, est l\u2019implication effective des communaute\u0301s locales dans le processus de\u0301cisionnel pour la gestion des ressources naturelles et la conservation de la biodiversite\u0301 a\u0300 travers un comite\u0301 de cogestion \u00bb soutien Mr Tsira. \u00ab Cette cogestion a permis au PNM de gagner le prix Initiative E\u0301quateur en 2002, qui est une reconnaissance internationale des efforts engage\u0301s dans la gestion des ressources et la conservation impliquant la participation des communaute\u0301s locales \u00bb s&rsquo;est-t-il justifie\u0301.<\/p>\n<p>M. Tsira, a e\u0301galement parle\u0301 de la cohabitation homme-tortue dans une des localite\u0301s de la re\u0301serve de biosphe\u0300re qui repre\u0301sente un parfait exemple illustrant la prise de conscience des habitants ou\u0300 la viabilite\u0301 de l\u2019homme de\u0301pend de la viabilite\u0301 de la tortue. \u00ab Ce mode\u0300le d\u2019e\u0302tre et de vivre ensemble entre l\u2019Homme et la tortue verte a e\u0301te\u0301 aussi a\u0300 l\u2019origine du classement de Mwali par l\u2019IOSEA en 2019 comme site d\u2019importance mondiale de tortues marines \u00bb dit-il. Face a\u0300 la croissance de\u0301mographique, a\u0300 l\u2019urgence e\u0301cologique et a\u0300 l\u2019effondrement de la plane\u0300te, selon le gestionnaire, la re\u0301serve de biosphe\u0300re de Mwali doit sensibiliser plus pour capitaliser et renforcer les acquis existants.<\/p>\n<p><strong>Pour plus d&rsquo;informations et d&rsquo;analyses sur la <a href=\"https:\/\/www.africa-press.net\/comores\">Comores<\/a>, suivez <a href=\"https:\/\/www.africa-press.net\/\">Africa-Press<\/a><\/strong><\/p>\n","protected":false},"excerpt":{"rendered":"<p>Africa-Press &#8211; Comores. Proclame\u0301 en 2021 lors de la 41e\u0300me session de l\u2019UNESCO, le 3 novembre est devenu journe\u0301e internationale des Re\u0301serves de Biosphe\u0300re. A\u0300 cette occasion, Mohamed Mindhiri Tsira, le gestionnaire de la re\u0301serve de Mwali, classe\u0301e en 2020, a lance\u0301 un cri d\u2019alarme face a\u0300 l\u2019urgence climatique et en tant que petit territoire [&hellip;]<\/p>\n","protected":false},"author":82,"featured_media":13517,"comment_status":"open","ping_status":"closed","sticky":false,"template":"","format":"standard","meta":{"footnotes":""},"categories":[21,10],"tags":[36,53,45],"class_list":["post-13518","post","type-post","status-publish","format-standard","has-post-thumbnail","hentry","category-communaute","category-toutes-les-actualites","tag-africa-press","tag-africa-press-comores","tag-comores"],"yoast_head":"<!-- This site is optimized with the Yoast SEO Premium plugin v26.1 (Yoast SEO v27.0) - https:\/\/yoast.com\/product\/yoast-seo-premium-wordpress\/ -->\n<title>Le gestionnaire de la r\u00e9serve de Moh\u00e9li lance un cri d\u2019alarme - Comores<\/title>\n<meta name=\"description\" content=\"Proclame\u0301 en 2021 lors de la 41e\u0300me session de l\u2019UNESCO, le 3 novembre est devenu journe\u0301e internationale des Re\u0301serv ...\" \/>\n<meta name=\"robots\" content=\"index, follow, max-snippet:-1, max-image-preview:large, max-video-preview:-1\" \/>\n<link rel=\"canonical\" href=\"https:\/\/www.africa-press.net\/comores\/toutes-les-actualites\/le-gestionnaire-de-la-reserve-de-moheli-lance-un-cri-dalarme\" \/>\n<meta property=\"og:locale\" content=\"fr_FR\" \/>\n<meta property=\"og:type\" content=\"article\" \/>\n<meta property=\"og:title\" content=\"Le gestionnaire de la r\u00e9serve de Moh\u00e9li lance un cri d\u2019alarme\" \/>\n<meta property=\"og:description\" content=\"Proclame\u0301 en 2021 lors de la 41e\u0300me session de l\u2019UNESCO, le 3 novembre est devenu journe\u0301e internationale des Re\u0301serv ...\" \/>\n<meta property=\"og:url\" content=\"https:\/\/www.africa-press.net\/comores\/toutes-les-actualites\/le-gestionnaire-de-la-reserve-de-moheli-lance-un-cri-dalarme\" \/>\n<meta property=\"og:site_name\" content=\"Comores\" \/>\n<meta property=\"article:published_time\" content=\"2023-11-06T18:41:15+00:00\" \/>\n<meta property=\"article:modified_time\" content=\"2023-11-06T22:01:33+00:00\" \/>\n<meta property=\"og:image\" content=\"https:\/\/static.africa-press.net\/centrafricaine\/sites\/48\/2023\/11\/sm_1699291807.454749.jpg\" \/>\n\t<meta property=\"og:image:width\" content=\"1000\" \/>\n\t<meta property=\"og:image:height\" content=\"563\" \/>\n\t<meta property=\"og:image:type\" content=\"image\/jpeg\" \/>\n<meta name=\"author\" content=\"cfeditorfr\" \/>\n<meta name=\"twitter:card\" content=\"summary_large_image\" \/>\n<meta name=\"twitter:label1\" content=\"\u00c9crit par\" \/>\n\t<meta name=\"twitter:data1\" content=\"cfeditorfr\" \/>\n\t<meta name=\"twitter:label2\" content=\"Dur\u00e9e de lecture estim\u00e9e\" \/>\n\t<meta name=\"twitter:data2\" content=\"2 minutes\" \/>\n<script type=\"application\/ld+json\" class=\"yoast-schema-graph\">{\"@context\":\"https:\/\/schema.org\",\"@graph\":[{\"@type\":\"Article\",\"@id\":\"https:\/\/www.africa-press.net\/comores\/toutes-les-actualites\/le-gestionnaire-de-la-reserve-de-moheli-lance-un-cri-dalarme#article\",\"isPartOf\":{\"@id\":\"https:\/\/www.africa-press.net\/comores\/toutes-les-actualites\/le-gestionnaire-de-la-reserve-de-moheli-lance-un-cri-dalarme\"},\"author\":{\"name\":\"cfeditorfr\",\"@id\":\"https:\/\/www.africa-press.net\/comores\/#\/schema\/person\/2b1cf3cd81a31e3cd26889ca66d677f1\"},\"headline\":\"Le gestionnaire de la r\u00e9serve de Moh\u00e9li lance un cri d\u2019alarme\",\"datePublished\":\"2023-11-06T18:41:15+00:00\",\"dateModified\":\"2023-11-06T22:01:33+00:00\",\"mainEntityOfPage\":{\"@id\":\"https:\/\/www.africa-press.net\/comores\/toutes-les-actualites\/le-gestionnaire-de-la-reserve-de-moheli-lance-un-cri-dalarme\"},\"wordCount\":451,\"commentCount\":0,\"image\":{\"@id\":\"https:\/\/www.africa-press.net\/comores\/toutes-les-actualites\/le-gestionnaire-de-la-reserve-de-moheli-lance-un-cri-dalarme#primaryimage\"},\"thumbnailUrl\":\"https:\/\/static.africa-press.net\/centrafricaine\/sites\/48\/2023\/11\/sm_1699291807.454749.jpg\",\"keywords\":[\"Africa Press\",\"Africa Press-Comores\",\"Comores\"],\"articleSection\":[\"Communaut\u00e9\",\"Toutes les actualit\u00e9s\"],\"inLanguage\":\"fr-FR\",\"potentialAction\":[{\"@type\":\"CommentAction\",\"name\":\"Comment\",\"target\":[\"https:\/\/www.africa-press.net\/comores\/toutes-les-actualites\/le-gestionnaire-de-la-reserve-de-moheli-lance-un-cri-dalarme#respond\"]}]},{\"@type\":\"WebPage\",\"@id\":\"https:\/\/www.africa-press.net\/comores\/toutes-les-actualites\/le-gestionnaire-de-la-reserve-de-moheli-lance-un-cri-dalarme\",\"url\":\"https:\/\/www.africa-press.net\/comores\/toutes-les-actualites\/le-gestionnaire-de-la-reserve-de-moheli-lance-un-cri-dalarme\",\"name\":\"Le gestionnaire de la r\u00e9serve de Moh\u00e9li lance un cri d\u2019alarme - Comores\",\"isPartOf\":{\"@id\":\"https:\/\/www.africa-press.net\/comores\/#website\"},\"primaryImageOfPage\":{\"@id\":\"https:\/\/www.africa-press.net\/comores\/toutes-les-actualites\/le-gestionnaire-de-la-reserve-de-moheli-lance-un-cri-dalarme#primaryimage\"},\"image\":{\"@id\":\"https:\/\/www.africa-press.net\/comores\/toutes-les-actualites\/le-gestionnaire-de-la-reserve-de-moheli-lance-un-cri-dalarme#primaryimage\"},\"thumbnailUrl\":\"https:\/\/static.africa-press.net\/centrafricaine\/sites\/48\/2023\/11\/sm_1699291807.454749.jpg\",\"datePublished\":\"2023-11-06T18:41:15+00:00\",\"dateModified\":\"2023-11-06T22:01:33+00:00\",\"author\":{\"@id\":\"https:\/\/www.africa-press.net\/comores\/#\/schema\/person\/2b1cf3cd81a31e3cd26889ca66d677f1\"},\"description\":\"Proclame\u0301 en 2021 lors de la 41e\u0300me session de l\u2019UNESCO, le 3 novembre est devenu journe\u0301e internationale des Re\u0301serv ...\",\"breadcrumb\":{\"@id\":\"https:\/\/www.africa-press.net\/comores\/toutes-les-actualites\/le-gestionnaire-de-la-reserve-de-moheli-lance-un-cri-dalarme#breadcrumb\"},\"inLanguage\":\"fr-FR\",\"potentialAction\":[{\"@type\":\"ReadAction\",\"target\":[\"https:\/\/www.africa-press.net\/comores\/toutes-les-actualites\/le-gestionnaire-de-la-reserve-de-moheli-lance-un-cri-dalarme\"]}]},{\"@type\":\"ImageObject\",\"inLanguage\":\"fr-FR\",\"@id\":\"https:\/\/www.africa-press.net\/comores\/toutes-les-actualites\/le-gestionnaire-de-la-reserve-de-moheli-lance-un-cri-dalarme#primaryimage\",\"url\":\"https:\/\/static.africa-press.net\/centrafricaine\/sites\/48\/2023\/11\/sm_1699291807.454749.jpg\",\"contentUrl\":\"https:\/\/static.africa-press.net\/centrafricaine\/sites\/48\/2023\/11\/sm_1699291807.454749.jpg\",\"width\":1000,\"height\":563,\"caption\":\"Le gestionnaire de la r\u00e9serve de Moh\u00e9li lance un cri d\u2019alarme\"},{\"@type\":\"BreadcrumbList\",\"@id\":\"https:\/\/www.africa-press.net\/comores\/toutes-les-actualites\/le-gestionnaire-de-la-reserve-de-moheli-lance-un-cri-dalarme#breadcrumb\",\"itemListElement\":[{\"@type\":\"ListItem\",\"position\":1,\"name\":\"Accueil\",\"item\":\"https:\/\/www.africa-press.net\/comores\/\"},{\"@type\":\"ListItem\",\"position\":2,\"name\":\"Le gestionnaire de la r\u00e9serve de Moh\u00e9li lance un cri d\u2019alarme\"}]},{\"@type\":\"WebSite\",\"@id\":\"https:\/\/www.africa-press.net\/comores\/#website\",\"url\":\"https:\/\/www.africa-press.net\/comores\/\",\"name\":\"Comores\",\"description\":\"Just another Africa News Agency Sites site\",\"potentialAction\":[{\"@type\":\"SearchAction\",\"target\":{\"@type\":\"EntryPoint\",\"urlTemplate\":\"https:\/\/www.africa-press.net\/comores\/?s={search_term_string}\"},\"query-input\":{\"@type\":\"PropertyValueSpecification\",\"valueRequired\":true,\"valueName\":\"search_term_string\"}}],\"inLanguage\":\"fr-FR\"},{\"@type\":\"Person\",\"@id\":\"https:\/\/www.africa-press.net\/comores\/#\/schema\/person\/2b1cf3cd81a31e3cd26889ca66d677f1\",\"name\":\"cfeditorfr\"}]}<\/script>\n<!-- \/ Yoast SEO Premium plugin. -->","yoast_head_json":{"title":"Le gestionnaire de la r\u00e9serve de Moh\u00e9li lance un cri d\u2019alarme - Comores","description":"Proclame\u0301 en 2021 lors de la 41e\u0300me session de l\u2019UNESCO, le 3 novembre est devenu journe\u0301e internationale des Re\u0301serv ...","robots":{"index":"index","follow":"follow","max-snippet":"max-snippet:-1","max-image-preview":"max-image-preview:large","max-video-preview":"max-video-preview:-1"},"canonical":"https:\/\/www.africa-press.net\/comores\/toutes-les-actualites\/le-gestionnaire-de-la-reserve-de-moheli-lance-un-cri-dalarme","og_locale":"fr_FR","og_type":"article","og_title":"Le gestionnaire de la r\u00e9serve de Moh\u00e9li lance un cri d\u2019alarme","og_description":"Proclame\u0301 en 2021 lors de la 41e\u0300me session de l\u2019UNESCO, le 3 novembre est devenu journe\u0301e internationale des Re\u0301serv ...","og_url":"https:\/\/www.africa-press.net\/comores\/toutes-les-actualites\/le-gestionnaire-de-la-reserve-de-moheli-lance-un-cri-dalarme","og_site_name":"Comores","article_published_time":"2023-11-06T18:41:15+00:00","article_modified_time":"2023-11-06T22:01:33+00:00","og_image":[{"width":1000,"height":563,"url":"https:\/\/static.africa-press.net\/centrafricaine\/sites\/48\/2023\/11\/sm_1699291807.454749.jpg","type":"image\/jpeg"}],"author":"cfeditorfr","twitter_card":"summary_large_image","twitter_misc":{"\u00c9crit par":"cfeditorfr","Dur\u00e9e de lecture estim\u00e9e":"2 minutes"},"schema":{"@context":"https:\/\/schema.org","@graph":[{"@type":"Article","@id":"https:\/\/www.africa-press.net\/comores\/toutes-les-actualites\/le-gestionnaire-de-la-reserve-de-moheli-lance-un-cri-dalarme#article","isPartOf":{"@id":"https:\/\/www.africa-press.net\/comores\/toutes-les-actualites\/le-gestionnaire-de-la-reserve-de-moheli-lance-un-cri-dalarme"},"author":{"name":"cfeditorfr","@id":"https:\/\/www.africa-press.net\/comores\/#\/schema\/person\/2b1cf3cd81a31e3cd26889ca66d677f1"},"headline":"Le gestionnaire de la r\u00e9serve de Moh\u00e9li lance un cri d\u2019alarme","datePublished":"2023-11-06T18:41:15+00:00","dateModified":"2023-11-06T22:01:33+00:00","mainEntityOfPage":{"@id":"https:\/\/www.africa-press.net\/comores\/toutes-les-actualites\/le-gestionnaire-de-la-reserve-de-moheli-lance-un-cri-dalarme"},"wordCount":451,"commentCount":0,"image":{"@id":"https:\/\/www.africa-press.net\/comores\/toutes-les-actualites\/le-gestionnaire-de-la-reserve-de-moheli-lance-un-cri-dalarme#primaryimage"},"thumbnailUrl":"https:\/\/static.africa-press.net\/centrafricaine\/sites\/48\/2023\/11\/sm_1699291807.454749.jpg","keywords":["Africa Press","Africa Press-Comores","Comores"],"articleSection":["Communaut\u00e9","Toutes les actualit\u00e9s"],"inLanguage":"fr-FR","potentialAction":[{"@type":"CommentAction","name":"Comment","target":["https:\/\/www.africa-press.net\/comores\/toutes-les-actualites\/le-gestionnaire-de-la-reserve-de-moheli-lance-un-cri-dalarme#respond"]}]},{"@type":"WebPage","@id":"https:\/\/www.africa-press.net\/comores\/toutes-les-actualites\/le-gestionnaire-de-la-reserve-de-moheli-lance-un-cri-dalarme","url":"https:\/\/www.africa-press.net\/comores\/toutes-les-actualites\/le-gestionnaire-de-la-reserve-de-moheli-lance-un-cri-dalarme","name":"Le gestionnaire de la r\u00e9serve de Moh\u00e9li lance un cri d\u2019alarme - Comores","isPartOf":{"@id":"https:\/\/www.africa-press.net\/comores\/#website"},"primaryImageOfPage":{"@id":"https:\/\/www.africa-press.net\/comores\/toutes-les-actualites\/le-gestionnaire-de-la-reserve-de-moheli-lance-un-cri-dalarme#primaryimage"},"image":{"@id":"https:\/\/www.africa-press.net\/comores\/toutes-les-actualites\/le-gestionnaire-de-la-reserve-de-moheli-lance-un-cri-dalarme#primaryimage"},"thumbnailUrl":"https:\/\/static.africa-press.net\/centrafricaine\/sites\/48\/2023\/11\/sm_1699291807.454749.jpg","datePublished":"2023-11-06T18:41:15+00:00","dateModified":"2023-11-06T22:01:33+00:00","author":{"@id":"https:\/\/www.africa-press.net\/comores\/#\/schema\/person\/2b1cf3cd81a31e3cd26889ca66d677f1"},"description":"Proclame\u0301 en 2021 lors de la 41e\u0300me session de l\u2019UNESCO, le 3 novembre est devenu journe\u0301e internationale des Re\u0301serv ...","breadcrumb":{"@id":"https:\/\/www.africa-press.net\/comores\/toutes-les-actualites\/le-gestionnaire-de-la-reserve-de-moheli-lance-un-cri-dalarme#breadcrumb"},"inLanguage":"fr-FR","potentialAction":[{"@type":"ReadAction","target":["https:\/\/www.africa-press.net\/comores\/toutes-les-actualites\/le-gestionnaire-de-la-reserve-de-moheli-lance-un-cri-dalarme"]}]},{"@type":"ImageObject","inLanguage":"fr-FR","@id":"https:\/\/www.africa-press.net\/comores\/toutes-les-actualites\/le-gestionnaire-de-la-reserve-de-moheli-lance-un-cri-dalarme#primaryimage","url":"https:\/\/static.africa-press.net\/centrafricaine\/sites\/48\/2023\/11\/sm_1699291807.454749.jpg","contentUrl":"https:\/\/static.africa-press.net\/centrafricaine\/sites\/48\/2023\/11\/sm_1699291807.454749.jpg","width":1000,"height":563,"caption":"Le gestionnaire de la r\u00e9serve de Moh\u00e9li lance un cri d\u2019alarme"},{"@type":"BreadcrumbList","@id":"https:\/\/www.africa-press.net\/comores\/toutes-les-actualites\/le-gestionnaire-de-la-reserve-de-moheli-lance-un-cri-dalarme#breadcrumb","itemListElement":[{"@type":"ListItem","position":1,"name":"Accueil","item":"https:\/\/www.africa-press.net\/comores\/"},{"@type":"ListItem","position":2,"name":"Le gestionnaire de la r\u00e9serve de Moh\u00e9li lance un cri d\u2019alarme"}]},{"@type":"WebSite","@id":"https:\/\/www.africa-press.net\/comores\/#website","url":"https:\/\/www.africa-press.net\/comores\/","name":"Comores","description":"Just another Africa News Agency Sites site","potentialAction":[{"@type":"SearchAction","target":{"@type":"EntryPoint","urlTemplate":"https:\/\/www.africa-press.net\/comores\/?s={search_term_string}"},"query-input":{"@type":"PropertyValueSpecification","valueRequired":true,"valueName":"search_term_string"}}],"inLanguage":"fr-FR"},{"@type":"Person","@id":"https:\/\/www.africa-press.net\/comores\/#\/schema\/person\/2b1cf3cd81a31e3cd26889ca66d677f1","name":"cfeditorfr"}]}},"_links":{"self":[{"href":"https:\/\/www.africa-press.net\/comores\/wp-json\/wp\/v2\/posts\/13518","targetHints":{"allow":["GET"]}}],"collection":[{"href":"https:\/\/www.africa-press.net\/comores\/wp-json\/wp\/v2\/posts"}],"about":[{"href":"https:\/\/www.africa-press.net\/comores\/wp-json\/wp\/v2\/types\/post"}],"author":[{"embeddable":true,"href":"https:\/\/www.africa-press.net\/comores\/wp-json\/wp\/v2\/users\/82"}],"replies":[{"embeddable":true,"href":"https:\/\/www.africa-press.net\/comores\/wp-json\/wp\/v2\/comments?post=13518"}],"version-history":[{"count":0,"href":"https:\/\/www.africa-press.net\/comores\/wp-json\/wp\/v2\/posts\/13518\/revisions"}],"wp:featuredmedia":[{"embeddable":true,"href":"https:\/\/www.africa-press.net\/comores\/wp-json\/wp\/v2\/media\/13517"}],"wp:attachment":[{"href":"https:\/\/www.africa-press.net\/comores\/wp-json\/wp\/v2\/media?parent=13518"}],"wp:term":[{"taxonomy":"category","embeddable":true,"href":"https:\/\/www.africa-press.net\/comores\/wp-json\/wp\/v2\/categories?post=13518"},{"taxonomy":"post_tag","embeddable":true,"href":"https:\/\/www.africa-press.net\/comores\/wp-json\/wp\/v2\/tags?post=13518"}],"curies":[{"name":"wp","href":"https:\/\/api.w.org\/{rel}","templated":true}]}}