{"id":13551,"date":"2023-11-07T18:21:10","date_gmt":"2023-11-07T18:21:10","guid":{"rendered":"https:\/\/www.africa-press.net\/comores\/politique\/mouigni-baraka-se-declare-candidat"},"modified":"2023-11-07T21:44:06","modified_gmt":"2023-11-07T21:44:06","slug":"mouigni-baraka-se-declare-candidat","status":"publish","type":"post","link":"https:\/\/www.africa-press.net\/comores\/politique\/mouigni-baraka-se-declare-candidat","title":{"rendered":"Mouigni Baraka se d\u00e9clare candidat"},"content":{"rendered":"<p><span style=\"color: #ff6600\"><strong>Africa-Press &#8211; Comores. <\/strong><\/span><b>Figure de l\u2019opposition, l\u2019ancien gouverneur de l\u2019i\u0302le de Ngazidja Mouigni Baraka Said Soilihi a annonce\u0301 dimanche dernier sa candidature pour la prochaine e\u0301lection pre\u0301sidentielle. Contrairement a\u0300 d\u2019autres opposants qui pro\u0302nent le boycott, il est convaincu que la seule manie\u0300re d\u2019acce\u0301der a\u0300 Beit-Salam est de se pre\u0301senter aux urnes. <\/b><\/p>\n<p>A\u0300 deux mois de l\u2019e\u0301lection pre\u0301sidentielle, Mouigni Baraka Sai\u0308d Soilihi a annonce\u0301 sa candidature devant ses partisans dimanche dernier dans son fief, Ntsoudjini. Ce dernier reste convaincu que pour acce\u0301der au fauteuil de Beit-Salam, il faut se pre\u0301senter aux urnes. \u00ab Si vous me donnez votre confiance, je vous promets de faire sortir Azali de Beit-Salam et ce, en se pre\u0301sentant aux urnes \u00bb, lance-t-il dans la foule\u0301e. Contrairement a\u0300 une partie d\u2019opposition qui avait appele\u0301 au boycott, Mouigni se veut strate\u0300ge. \u00ab Nous ne sommes pas partis voir Azali pour nouer de l\u2019amitie\u0301, ni pour mendier mais d\u2019aller chercher une solution afin d\u2019acce\u0301der a\u0300 Beit-Salam \u00bb, pre\u0301cise-t-il.<\/p>\n<p>Selon lui, le pays est plonge\u0301 dans la mise\u0300re sans fin, sans eau ni e\u0301lectricite\u0301, dans une dictature depuis 2019 ou\u0300 certains politiciens ont e\u0301te\u0301 emprisonne\u0301s et d\u2019autres partis en exil. \u00ab J\u2019ai adresse\u0301 un courrier a\u0300 Azali pour lui rappeler les 15 prisonniers qui se trouvent Koki, le cas de Sambi et de Salami. Nous allons toujours mener ce combat jusqu\u2019a\u0300 ce que la situation politique du pays soit apaise\u0301e. Pour ces e\u0301lections, il n\u2019y aura pas de procuration. A\u0300 la fermeture des urnes, nous allons proce\u0301der au comptage des voix afin de nous assurer du vrai gagnant \u00bb, souligne celui qui croit dur comme fer que la transition possible est de se pre\u0301senter aux urnes en janvier. \u00ab Une fois e\u0301lu, je vais m\u2019attaquer aux lois faites par Azali \u00bb, promet-il.<\/p>\n<p>C\u2019e\u0301tait l\u2019occasion aussi pour cet ancien candidat malheureux a\u0300 la pre\u0301sidentielle de 2019 de faire un bref rappel de son mandat de gouverneur de Ngazidja. Il a commence\u0301 par les mesures contre les fraudes, les recettes, la mutuelle de sante\u0301, etc. Rappelons que Mouigni Baraka est une des personnalite\u0301s de l\u2019opposition ayant accepte\u0301 un entretien avec le pre\u0301sident Azali en septembre 2019. Selon lui, ce dernier s\u2019inscrivait dans le cadre du dialogue permanant instaure\u0301 avec certains acteurs politiques pour consolider la stabilite\u0301. Une action conside\u0301re\u0301e comme une trahison puisque certains de ses allie\u0301s l\u2019avaient accuse\u0301 d\u2019avoir entrepris une de\u0301marche solitaire.<\/p>\n<p><strong>Pour plus d&rsquo;informations et d&rsquo;analyses sur la <a href=\"https:\/\/www.africa-press.net\/comores\">Comores<\/a>, suivez <a href=\"https:\/\/www.africa-press.net\/\">Africa-Press<\/a><\/strong><\/p>\n","protected":false},"excerpt":{"rendered":"<p>Africa-Press &#8211; Comores. Figure de l\u2019opposition, l\u2019ancien gouverneur de l\u2019i\u0302le de Ngazidja Mouigni Baraka Said Soilihi a annonce\u0301 dimanche dernier sa candidature pour la prochaine e\u0301lection pre\u0301sidentielle. Contrairement a\u0300 d\u2019autres opposants qui pro\u0302nent le boycott, il est convaincu que la seule manie\u0300re d\u2019acce\u0301der a\u0300 Beit-Salam est de se pre\u0301senter aux urnes. A\u0300 deux mois de [&hellip;]<\/p>\n","protected":false},"author":82,"featured_media":13549,"comment_status":"open","ping_status":"closed","sticky":false,"template":"","format":"standard","meta":{"footnotes":""},"categories":[2,10],"tags":[36,53,45],"class_list":["post-13551","post","type-post","status-publish","format-standard","has-post-thumbnail","hentry","category-politique","category-toutes-les-actualites","tag-africa-press","tag-africa-press-comores","tag-comores"],"yoast_head":"<!-- This site is optimized with the Yoast SEO Premium plugin v26.1 (Yoast SEO v27.0) - https:\/\/yoast.com\/product\/yoast-seo-premium-wordpress\/ -->\n<title>Mouigni Baraka se d\u00e9clare candidat - Comores<\/title>\n<meta name=\"description\" content=\"Figure de l\u2019opposition, l\u2019ancien gouverneur de l\u2019i\u0302le de Ngazidja Mouigni Baraka Said Soilihi a annonce\u0301 dimanche der ...\" \/>\n<meta name=\"robots\" content=\"index, follow, max-snippet:-1, max-image-preview:large, max-video-preview:-1\" \/>\n<link rel=\"canonical\" href=\"https:\/\/www.africa-press.net\/comores\/politique\/mouigni-baraka-se-declare-candidat\" \/>\n<meta property=\"og:locale\" content=\"fr_FR\" \/>\n<meta property=\"og:type\" content=\"article\" \/>\n<meta property=\"og:title\" content=\"Mouigni Baraka se d\u00e9clare candidat\" \/>\n<meta property=\"og:description\" content=\"Figure de l\u2019opposition, l\u2019ancien gouverneur de l\u2019i\u0302le de Ngazidja Mouigni Baraka Said Soilihi a annonce\u0301 dimanche der ...\" \/>\n<meta property=\"og:url\" content=\"https:\/\/www.africa-press.net\/comores\/politique\/mouigni-baraka-se-declare-candidat\" \/>\n<meta property=\"og:site_name\" content=\"Comores\" \/>\n<meta property=\"article:published_time\" content=\"2023-11-07T18:21:10+00:00\" \/>\n<meta property=\"article:modified_time\" content=\"2023-11-07T21:44:06+00:00\" \/>\n<meta property=\"og:image\" content=\"https:\/\/static.africa-press.net\/centrafricaine\/sites\/48\/2023\/11\/sm_1699377185.533624.jpg\" \/>\n\t<meta property=\"og:image:width\" content=\"1728\" \/>\n\t<meta property=\"og:image:height\" content=\"1151\" \/>\n\t<meta property=\"og:image:type\" content=\"image\/jpeg\" \/>\n<meta name=\"author\" content=\"cfeditorfr\" \/>\n<meta name=\"twitter:card\" content=\"summary_large_image\" \/>\n<meta name=\"twitter:label1\" content=\"\u00c9crit par\" \/>\n\t<meta name=\"twitter:data1\" content=\"cfeditorfr\" \/>\n\t<meta name=\"twitter:label2\" content=\"Dur\u00e9e de lecture estim\u00e9e\" \/>\n\t<meta name=\"twitter:data2\" content=\"2 minutes\" \/>\n<script type=\"application\/ld+json\" class=\"yoast-schema-graph\">{\"@context\":\"https:\/\/schema.org\",\"@graph\":[{\"@type\":\"Article\",\"@id\":\"https:\/\/www.africa-press.net\/comores\/politique\/mouigni-baraka-se-declare-candidat#article\",\"isPartOf\":{\"@id\":\"https:\/\/www.africa-press.net\/comores\/politique\/mouigni-baraka-se-declare-candidat\"},\"author\":{\"name\":\"cfeditorfr\",\"@id\":\"https:\/\/www.africa-press.net\/comores\/#\/schema\/person\/2b1cf3cd81a31e3cd26889ca66d677f1\"},\"headline\":\"Mouigni Baraka se d\u00e9clare candidat\",\"datePublished\":\"2023-11-07T18:21:10+00:00\",\"dateModified\":\"2023-11-07T21:44:06+00:00\",\"mainEntityOfPage\":{\"@id\":\"https:\/\/www.africa-press.net\/comores\/politique\/mouigni-baraka-se-declare-candidat\"},\"wordCount\":453,\"commentCount\":0,\"image\":{\"@id\":\"https:\/\/www.africa-press.net\/comores\/politique\/mouigni-baraka-se-declare-candidat#primaryimage\"},\"thumbnailUrl\":\"https:\/\/static.africa-press.net\/centrafricaine\/sites\/48\/2023\/11\/sm_1699377185.533624.jpg\",\"keywords\":[\"Africa Press\",\"Africa Press-Comores\",\"Comores\"],\"articleSection\":[\"Politique\",\"Toutes les actualit\u00e9s\"],\"inLanguage\":\"fr-FR\",\"potentialAction\":[{\"@type\":\"CommentAction\",\"name\":\"Comment\",\"target\":[\"https:\/\/www.africa-press.net\/comores\/politique\/mouigni-baraka-se-declare-candidat#respond\"]}]},{\"@type\":\"WebPage\",\"@id\":\"https:\/\/www.africa-press.net\/comores\/politique\/mouigni-baraka-se-declare-candidat\",\"url\":\"https:\/\/www.africa-press.net\/comores\/politique\/mouigni-baraka-se-declare-candidat\",\"name\":\"Mouigni Baraka se d\u00e9clare candidat - Comores\",\"isPartOf\":{\"@id\":\"https:\/\/www.africa-press.net\/comores\/#website\"},\"primaryImageOfPage\":{\"@id\":\"https:\/\/www.africa-press.net\/comores\/politique\/mouigni-baraka-se-declare-candidat#primaryimage\"},\"image\":{\"@id\":\"https:\/\/www.africa-press.net\/comores\/politique\/mouigni-baraka-se-declare-candidat#primaryimage\"},\"thumbnailUrl\":\"https:\/\/static.africa-press.net\/centrafricaine\/sites\/48\/2023\/11\/sm_1699377185.533624.jpg\",\"datePublished\":\"2023-11-07T18:21:10+00:00\",\"dateModified\":\"2023-11-07T21:44:06+00:00\",\"author\":{\"@id\":\"https:\/\/www.africa-press.net\/comores\/#\/schema\/person\/2b1cf3cd81a31e3cd26889ca66d677f1\"},\"description\":\"Figure de l\u2019opposition, l\u2019ancien gouverneur de l\u2019i\u0302le de Ngazidja Mouigni Baraka Said Soilihi a annonce\u0301 dimanche der ...\",\"breadcrumb\":{\"@id\":\"https:\/\/www.africa-press.net\/comores\/politique\/mouigni-baraka-se-declare-candidat#breadcrumb\"},\"inLanguage\":\"fr-FR\",\"potentialAction\":[{\"@type\":\"ReadAction\",\"target\":[\"https:\/\/www.africa-press.net\/comores\/politique\/mouigni-baraka-se-declare-candidat\"]}]},{\"@type\":\"ImageObject\",\"inLanguage\":\"fr-FR\",\"@id\":\"https:\/\/www.africa-press.net\/comores\/politique\/mouigni-baraka-se-declare-candidat#primaryimage\",\"url\":\"https:\/\/static.africa-press.net\/centrafricaine\/sites\/48\/2023\/11\/sm_1699377185.533624.jpg\",\"contentUrl\":\"https:\/\/static.africa-press.net\/centrafricaine\/sites\/48\/2023\/11\/sm_1699377185.533624.jpg\",\"width\":1728,\"height\":1151,\"caption\":\"Mouigni Baraka se d\u00e9clare candidat\"},{\"@type\":\"BreadcrumbList\",\"@id\":\"https:\/\/www.africa-press.net\/comores\/politique\/mouigni-baraka-se-declare-candidat#breadcrumb\",\"itemListElement\":[{\"@type\":\"ListItem\",\"position\":1,\"name\":\"Accueil\",\"item\":\"https:\/\/www.africa-press.net\/comores\/\"},{\"@type\":\"ListItem\",\"position\":2,\"name\":\"Mouigni Baraka se d\u00e9clare candidat\"}]},{\"@type\":\"WebSite\",\"@id\":\"https:\/\/www.africa-press.net\/comores\/#website\",\"url\":\"https:\/\/www.africa-press.net\/comores\/\",\"name\":\"Comores\",\"description\":\"Just another Africa News Agency Sites site\",\"potentialAction\":[{\"@type\":\"SearchAction\",\"target\":{\"@type\":\"EntryPoint\",\"urlTemplate\":\"https:\/\/www.africa-press.net\/comores\/?s={search_term_string}\"},\"query-input\":{\"@type\":\"PropertyValueSpecification\",\"valueRequired\":true,\"valueName\":\"search_term_string\"}}],\"inLanguage\":\"fr-FR\"},{\"@type\":\"Person\",\"@id\":\"https:\/\/www.africa-press.net\/comores\/#\/schema\/person\/2b1cf3cd81a31e3cd26889ca66d677f1\",\"name\":\"cfeditorfr\"}]}<\/script>\n<!-- \/ Yoast SEO Premium plugin. -->","yoast_head_json":{"title":"Mouigni Baraka se d\u00e9clare candidat - Comores","description":"Figure de l\u2019opposition, l\u2019ancien gouverneur de l\u2019i\u0302le de Ngazidja Mouigni Baraka Said Soilihi a annonce\u0301 dimanche der ...","robots":{"index":"index","follow":"follow","max-snippet":"max-snippet:-1","max-image-preview":"max-image-preview:large","max-video-preview":"max-video-preview:-1"},"canonical":"https:\/\/www.africa-press.net\/comores\/politique\/mouigni-baraka-se-declare-candidat","og_locale":"fr_FR","og_type":"article","og_title":"Mouigni Baraka se d\u00e9clare candidat","og_description":"Figure de l\u2019opposition, l\u2019ancien gouverneur de l\u2019i\u0302le de Ngazidja Mouigni Baraka Said Soilihi a annonce\u0301 dimanche der ...","og_url":"https:\/\/www.africa-press.net\/comores\/politique\/mouigni-baraka-se-declare-candidat","og_site_name":"Comores","article_published_time":"2023-11-07T18:21:10+00:00","article_modified_time":"2023-11-07T21:44:06+00:00","og_image":[{"width":1728,"height":1151,"url":"https:\/\/static.africa-press.net\/centrafricaine\/sites\/48\/2023\/11\/sm_1699377185.533624.jpg","type":"image\/jpeg"}],"author":"cfeditorfr","twitter_card":"summary_large_image","twitter_misc":{"\u00c9crit par":"cfeditorfr","Dur\u00e9e de lecture estim\u00e9e":"2 minutes"},"schema":{"@context":"https:\/\/schema.org","@graph":[{"@type":"Article","@id":"https:\/\/www.africa-press.net\/comores\/politique\/mouigni-baraka-se-declare-candidat#article","isPartOf":{"@id":"https:\/\/www.africa-press.net\/comores\/politique\/mouigni-baraka-se-declare-candidat"},"author":{"name":"cfeditorfr","@id":"https:\/\/www.africa-press.net\/comores\/#\/schema\/person\/2b1cf3cd81a31e3cd26889ca66d677f1"},"headline":"Mouigni Baraka se d\u00e9clare candidat","datePublished":"2023-11-07T18:21:10+00:00","dateModified":"2023-11-07T21:44:06+00:00","mainEntityOfPage":{"@id":"https:\/\/www.africa-press.net\/comores\/politique\/mouigni-baraka-se-declare-candidat"},"wordCount":453,"commentCount":0,"image":{"@id":"https:\/\/www.africa-press.net\/comores\/politique\/mouigni-baraka-se-declare-candidat#primaryimage"},"thumbnailUrl":"https:\/\/static.africa-press.net\/centrafricaine\/sites\/48\/2023\/11\/sm_1699377185.533624.jpg","keywords":["Africa Press","Africa Press-Comores","Comores"],"articleSection":["Politique","Toutes les actualit\u00e9s"],"inLanguage":"fr-FR","potentialAction":[{"@type":"CommentAction","name":"Comment","target":["https:\/\/www.africa-press.net\/comores\/politique\/mouigni-baraka-se-declare-candidat#respond"]}]},{"@type":"WebPage","@id":"https:\/\/www.africa-press.net\/comores\/politique\/mouigni-baraka-se-declare-candidat","url":"https:\/\/www.africa-press.net\/comores\/politique\/mouigni-baraka-se-declare-candidat","name":"Mouigni Baraka se d\u00e9clare candidat - Comores","isPartOf":{"@id":"https:\/\/www.africa-press.net\/comores\/#website"},"primaryImageOfPage":{"@id":"https:\/\/www.africa-press.net\/comores\/politique\/mouigni-baraka-se-declare-candidat#primaryimage"},"image":{"@id":"https:\/\/www.africa-press.net\/comores\/politique\/mouigni-baraka-se-declare-candidat#primaryimage"},"thumbnailUrl":"https:\/\/static.africa-press.net\/centrafricaine\/sites\/48\/2023\/11\/sm_1699377185.533624.jpg","datePublished":"2023-11-07T18:21:10+00:00","dateModified":"2023-11-07T21:44:06+00:00","author":{"@id":"https:\/\/www.africa-press.net\/comores\/#\/schema\/person\/2b1cf3cd81a31e3cd26889ca66d677f1"},"description":"Figure de l\u2019opposition, l\u2019ancien gouverneur de l\u2019i\u0302le de Ngazidja Mouigni Baraka Said Soilihi a annonce\u0301 dimanche der ...","breadcrumb":{"@id":"https:\/\/www.africa-press.net\/comores\/politique\/mouigni-baraka-se-declare-candidat#breadcrumb"},"inLanguage":"fr-FR","potentialAction":[{"@type":"ReadAction","target":["https:\/\/www.africa-press.net\/comores\/politique\/mouigni-baraka-se-declare-candidat"]}]},{"@type":"ImageObject","inLanguage":"fr-FR","@id":"https:\/\/www.africa-press.net\/comores\/politique\/mouigni-baraka-se-declare-candidat#primaryimage","url":"https:\/\/static.africa-press.net\/centrafricaine\/sites\/48\/2023\/11\/sm_1699377185.533624.jpg","contentUrl":"https:\/\/static.africa-press.net\/centrafricaine\/sites\/48\/2023\/11\/sm_1699377185.533624.jpg","width":1728,"height":1151,"caption":"Mouigni Baraka se d\u00e9clare candidat"},{"@type":"BreadcrumbList","@id":"https:\/\/www.africa-press.net\/comores\/politique\/mouigni-baraka-se-declare-candidat#breadcrumb","itemListElement":[{"@type":"ListItem","position":1,"name":"Accueil","item":"https:\/\/www.africa-press.net\/comores\/"},{"@type":"ListItem","position":2,"name":"Mouigni Baraka se d\u00e9clare candidat"}]},{"@type":"WebSite","@id":"https:\/\/www.africa-press.net\/comores\/#website","url":"https:\/\/www.africa-press.net\/comores\/","name":"Comores","description":"Just another Africa News Agency Sites site","potentialAction":[{"@type":"SearchAction","target":{"@type":"EntryPoint","urlTemplate":"https:\/\/www.africa-press.net\/comores\/?s={search_term_string}"},"query-input":{"@type":"PropertyValueSpecification","valueRequired":true,"valueName":"search_term_string"}}],"inLanguage":"fr-FR"},{"@type":"Person","@id":"https:\/\/www.africa-press.net\/comores\/#\/schema\/person\/2b1cf3cd81a31e3cd26889ca66d677f1","name":"cfeditorfr"}]}},"_links":{"self":[{"href":"https:\/\/www.africa-press.net\/comores\/wp-json\/wp\/v2\/posts\/13551","targetHints":{"allow":["GET"]}}],"collection":[{"href":"https:\/\/www.africa-press.net\/comores\/wp-json\/wp\/v2\/posts"}],"about":[{"href":"https:\/\/www.africa-press.net\/comores\/wp-json\/wp\/v2\/types\/post"}],"author":[{"embeddable":true,"href":"https:\/\/www.africa-press.net\/comores\/wp-json\/wp\/v2\/users\/82"}],"replies":[{"embeddable":true,"href":"https:\/\/www.africa-press.net\/comores\/wp-json\/wp\/v2\/comments?post=13551"}],"version-history":[{"count":0,"href":"https:\/\/www.africa-press.net\/comores\/wp-json\/wp\/v2\/posts\/13551\/revisions"}],"wp:featuredmedia":[{"embeddable":true,"href":"https:\/\/www.africa-press.net\/comores\/wp-json\/wp\/v2\/media\/13549"}],"wp:attachment":[{"href":"https:\/\/www.africa-press.net\/comores\/wp-json\/wp\/v2\/media?parent=13551"}],"wp:term":[{"taxonomy":"category","embeddable":true,"href":"https:\/\/www.africa-press.net\/comores\/wp-json\/wp\/v2\/categories?post=13551"},{"taxonomy":"post_tag","embeddable":true,"href":"https:\/\/www.africa-press.net\/comores\/wp-json\/wp\/v2\/tags?post=13551"}],"curies":[{"name":"wp","href":"https:\/\/api.w.org\/{rel}","templated":true}]}}