{"id":13561,"date":"2023-11-08T19:44:37","date_gmt":"2023-11-08T19:44:37","guid":{"rendered":"https:\/\/www.africa-press.net\/comores\/politique\/fahmi-said-ibrahim-saligne-derriere-le-candidat-juwa"},"modified":"2023-11-08T21:31:23","modified_gmt":"2023-11-08T21:31:23","slug":"fahmi-said-ibrahim-saligne-derriere-le-candidat-juwa","status":"publish","type":"post","link":"https:\/\/www.africa-press.net\/comores\/politique\/fahmi-said-ibrahim-saligne-derriere-le-candidat-juwa","title":{"rendered":"Fahmi Said Ibrahim s\u2019aligne derri\u00e8re le candidat Juwa"},"content":{"rendered":"<p><span style=\"color: #ff6600\"><strong>Africa-Press &#8211; Comores. <\/strong><\/span><b>Une dizaine de jours apre\u0300s la primaire du parti Juwa a\u0300 laquelle il e\u0301tait candidat, l\u2019avocat Fahmi Said Ibrahim met fin au suspense et annonce se rallier au gagnant Salim Issa Abdillah.<\/b><\/p>\n<p>C\u2019est la fin d\u2019un suspens entretenu pendant dix jours. Hier dans l\u2019apre\u0300s-midi, l\u2019ancien ministre des affaires e\u0301trange\u0300res Fahmi Said Ibrahim a fait une de\u0301claration dans laquelle il a annonce\u0301 son soutien a\u0300 Salim Issa Abdillah, candidat de\u0301signe\u0301 par le parti Juwa a\u0300 l\u2019issue de la primaire du 29 octobre, pour la pre\u0301sidentielle de janvier 2024. L\u2019annonce a surpris plus d\u2019un puisque son silence sur ce sujet pre\u0301cis, long d\u2019une dizaine de jours, et sa sortie me\u0301diatique quelques jours plus to\u0302t au cours de laquelle il a re\u0301gle\u0301 ses comptes avec ses ennemis intime du Juwa, faisaient l\u2019objet de toutes les supputations. Certains le voyaient candidat inde\u0301pendant, tandis que d\u2019autre le voyaient claquer tout bonnement la porte du parti Juwa.<\/p>\n<p>\u00ab J\u2019annonce solennellement mon soutien a\u0300 la candidature de Dr Salim Issa Abdillah. Je le soutiens parce qu\u2019il est le candidat choisi par notre pre\u0301sident d\u2019honneur Ahmed Abdallah Sambi, l\u2019ancien gouverneur d\u2019Anjouan Salami Abdou, ainsi que les grands e\u0301lecteurs du parti Juwa \u00bb, devait-il de\u0301clarer, non sans remettre en cause la cre\u0301dibilite\u0301 du scrutin du 29 octobre. Un sujet qui de\u0301cide\u0301ment absorbe l\u2019esprit de celui qui accuse sans ambages certains dirigeants du parti d\u2019avoir \u00ab influence\u0301 \u00bb le choix d\u2019e\u0301lecteurs. \u00ab Je veux surpasser cela. Je veux qu\u2019on regarde de l\u2019avant pour l\u2019inte\u0301re\u0302t supre\u0302me du parti car ce n\u2019est pas le moment de jeter de l\u2019huile sur le feu \u00bb, soutient-il, tout de me\u0302me.<\/p>\n<p>Me Fahmi n\u2019est pas sans savoir que son parti est fragilise\u0301 par les querelles internes a\u0300 savoir les deux clans pro et anti e\u0301lections. Dans sa rencontre avec la presse, il a annonce\u0301 qu\u2019il se re\u0301serve le droit de se \u00ab repositionner \u00bb apre\u0300s les e\u0301lections. Va-t-il calquer la porte ou va-t-il re\u0301clamer que les pendules soient remises a\u0300 l\u2019heure a\u0300 propos de son statut au sein du Juwa ? Trop to\u0302t pour le dire. Ce qui est su\u0302r, celui qui e\u0301tait soutenu par le Juwa a\u0300 la pre\u0301sidentielle de 2016 en tant que \u00ab pneu de secours de Sambi \u00bb comme il aime lui-me\u0302me le re\u0301pe\u0301ter avec un brin d\u2019humour, a toutes les cartes en main pour rebondir, tel un phe\u0301nix qui renait de ses cendres.<\/p>\n<p><strong>Pour plus d&rsquo;informations et d&rsquo;analyses sur la <a href=\"https:\/\/www.africa-press.net\/comores\">Comores<\/a>, suivez <a href=\"https:\/\/www.africa-press.net\/\">Africa-Press<\/a><\/strong><\/p>\n","protected":false},"excerpt":{"rendered":"<p>Africa-Press &#8211; Comores. Une dizaine de jours apre\u0300s la primaire du parti Juwa a\u0300 laquelle il e\u0301tait candidat, l\u2019avocat Fahmi Said Ibrahim met fin au suspense et annonce se rallier au gagnant Salim Issa Abdillah. C\u2019est la fin d\u2019un suspens entretenu pendant dix jours. Hier dans l\u2019apre\u0300s-midi, l\u2019ancien ministre des affaires e\u0301trange\u0300res Fahmi Said Ibrahim [&hellip;]<\/p>\n","protected":false},"author":82,"featured_media":13560,"comment_status":"open","ping_status":"closed","sticky":false,"template":"","format":"standard","meta":{"footnotes":""},"categories":[4,2,20,10],"tags":[36,53,45],"class_list":["post-13561","post","type-post","status-publish","format-standard","has-post-thumbnail","hentry","category-parties","category-politique","category-top-nouvelles","category-toutes-les-actualites","tag-africa-press","tag-africa-press-comores","tag-comores"],"yoast_head":"<!-- This site is optimized with the Yoast SEO Premium plugin v26.1 (Yoast SEO v27.0) - https:\/\/yoast.com\/product\/yoast-seo-premium-wordpress\/ -->\n<title>Fahmi Said Ibrahim s\u2019aligne derri\u00e8re le candidat Juwa - Comores<\/title>\n<meta name=\"description\" content=\"Une dizaine de jours apre\u0300s la primaire du parti Juwa a\u0300 laquelle il e\u0301tait candidat, l\u2019avocat Fahmi Said Ibrahim met ...\" \/>\n<meta name=\"robots\" content=\"index, follow, max-snippet:-1, max-image-preview:large, max-video-preview:-1\" \/>\n<link rel=\"canonical\" href=\"https:\/\/www.africa-press.net\/comores\/politique\/fahmi-said-ibrahim-saligne-derriere-le-candidat-juwa\" \/>\n<meta property=\"og:locale\" content=\"fr_FR\" \/>\n<meta property=\"og:type\" content=\"article\" \/>\n<meta property=\"og:title\" content=\"Fahmi Said Ibrahim s\u2019aligne derri\u00e8re le candidat Juwa\" \/>\n<meta property=\"og:description\" content=\"Une dizaine de jours apre\u0300s la primaire du parti Juwa a\u0300 laquelle il e\u0301tait candidat, l\u2019avocat Fahmi Said Ibrahim met ...\" \/>\n<meta property=\"og:url\" content=\"https:\/\/www.africa-press.net\/comores\/politique\/fahmi-said-ibrahim-saligne-derriere-le-candidat-juwa\" \/>\n<meta property=\"og:site_name\" content=\"Comores\" \/>\n<meta property=\"article:published_time\" content=\"2023-11-08T19:44:37+00:00\" \/>\n<meta property=\"article:modified_time\" content=\"2023-11-08T21:31:23+00:00\" \/>\n<meta property=\"og:image\" content=\"https:\/\/static.africa-press.net\/centrafricaine\/sites\/48\/2023\/11\/sm_1699462826.227034.jpg\" \/>\n\t<meta property=\"og:image:width\" content=\"1280\" \/>\n\t<meta property=\"og:image:height\" content=\"720\" \/>\n\t<meta property=\"og:image:type\" content=\"image\/jpeg\" \/>\n<meta name=\"author\" content=\"cfeditorfr\" \/>\n<meta name=\"twitter:card\" content=\"summary_large_image\" \/>\n<meta name=\"twitter:label1\" content=\"\u00c9crit par\" \/>\n\t<meta name=\"twitter:data1\" content=\"cfeditorfr\" \/>\n\t<meta name=\"twitter:label2\" content=\"Dur\u00e9e de lecture estim\u00e9e\" \/>\n\t<meta name=\"twitter:data2\" content=\"2 minutes\" \/>\n<script type=\"application\/ld+json\" class=\"yoast-schema-graph\">{\"@context\":\"https:\/\/schema.org\",\"@graph\":[{\"@type\":\"Article\",\"@id\":\"https:\/\/www.africa-press.net\/comores\/politique\/fahmi-said-ibrahim-saligne-derriere-le-candidat-juwa#article\",\"isPartOf\":{\"@id\":\"https:\/\/www.africa-press.net\/comores\/politique\/fahmi-said-ibrahim-saligne-derriere-le-candidat-juwa\"},\"author\":{\"name\":\"cfeditorfr\",\"@id\":\"https:\/\/www.africa-press.net\/comores\/#\/schema\/person\/2b1cf3cd81a31e3cd26889ca66d677f1\"},\"headline\":\"Fahmi Said Ibrahim s\u2019aligne derri\u00e8re le candidat Juwa\",\"datePublished\":\"2023-11-08T19:44:37+00:00\",\"dateModified\":\"2023-11-08T21:31:23+00:00\",\"mainEntityOfPage\":{\"@id\":\"https:\/\/www.africa-press.net\/comores\/politique\/fahmi-said-ibrahim-saligne-derriere-le-candidat-juwa\"},\"wordCount\":467,\"commentCount\":0,\"image\":{\"@id\":\"https:\/\/www.africa-press.net\/comores\/politique\/fahmi-said-ibrahim-saligne-derriere-le-candidat-juwa#primaryimage\"},\"thumbnailUrl\":\"https:\/\/static.africa-press.net\/centrafricaine\/sites\/48\/2023\/11\/sm_1699462826.227034.jpg\",\"keywords\":[\"Africa Press\",\"Africa Press-Comores\",\"Comores\"],\"articleSection\":[\"Parties\",\"Politique\",\"Top Nouvelles\",\"Toutes les actualit\u00e9s\"],\"inLanguage\":\"fr-FR\",\"potentialAction\":[{\"@type\":\"CommentAction\",\"name\":\"Comment\",\"target\":[\"https:\/\/www.africa-press.net\/comores\/politique\/fahmi-said-ibrahim-saligne-derriere-le-candidat-juwa#respond\"]}]},{\"@type\":\"WebPage\",\"@id\":\"https:\/\/www.africa-press.net\/comores\/politique\/fahmi-said-ibrahim-saligne-derriere-le-candidat-juwa\",\"url\":\"https:\/\/www.africa-press.net\/comores\/politique\/fahmi-said-ibrahim-saligne-derriere-le-candidat-juwa\",\"name\":\"Fahmi Said Ibrahim s\u2019aligne derri\u00e8re le candidat Juwa - Comores\",\"isPartOf\":{\"@id\":\"https:\/\/www.africa-press.net\/comores\/#website\"},\"primaryImageOfPage\":{\"@id\":\"https:\/\/www.africa-press.net\/comores\/politique\/fahmi-said-ibrahim-saligne-derriere-le-candidat-juwa#primaryimage\"},\"image\":{\"@id\":\"https:\/\/www.africa-press.net\/comores\/politique\/fahmi-said-ibrahim-saligne-derriere-le-candidat-juwa#primaryimage\"},\"thumbnailUrl\":\"https:\/\/static.africa-press.net\/centrafricaine\/sites\/48\/2023\/11\/sm_1699462826.227034.jpg\",\"datePublished\":\"2023-11-08T19:44:37+00:00\",\"dateModified\":\"2023-11-08T21:31:23+00:00\",\"author\":{\"@id\":\"https:\/\/www.africa-press.net\/comores\/#\/schema\/person\/2b1cf3cd81a31e3cd26889ca66d677f1\"},\"description\":\"Une dizaine de jours apre\u0300s la primaire du parti Juwa a\u0300 laquelle il e\u0301tait candidat, l\u2019avocat Fahmi Said Ibrahim met ...\",\"breadcrumb\":{\"@id\":\"https:\/\/www.africa-press.net\/comores\/politique\/fahmi-said-ibrahim-saligne-derriere-le-candidat-juwa#breadcrumb\"},\"inLanguage\":\"fr-FR\",\"potentialAction\":[{\"@type\":\"ReadAction\",\"target\":[\"https:\/\/www.africa-press.net\/comores\/politique\/fahmi-said-ibrahim-saligne-derriere-le-candidat-juwa\"]}]},{\"@type\":\"ImageObject\",\"inLanguage\":\"fr-FR\",\"@id\":\"https:\/\/www.africa-press.net\/comores\/politique\/fahmi-said-ibrahim-saligne-derriere-le-candidat-juwa#primaryimage\",\"url\":\"https:\/\/static.africa-press.net\/centrafricaine\/sites\/48\/2023\/11\/sm_1699462826.227034.jpg\",\"contentUrl\":\"https:\/\/static.africa-press.net\/centrafricaine\/sites\/48\/2023\/11\/sm_1699462826.227034.jpg\",\"width\":1280,\"height\":720,\"caption\":\"Fahmi Said Ibrahim s\u2019aligne derri\u00e8re le candidat Juwa\"},{\"@type\":\"BreadcrumbList\",\"@id\":\"https:\/\/www.africa-press.net\/comores\/politique\/fahmi-said-ibrahim-saligne-derriere-le-candidat-juwa#breadcrumb\",\"itemListElement\":[{\"@type\":\"ListItem\",\"position\":1,\"name\":\"Accueil\",\"item\":\"https:\/\/www.africa-press.net\/comores\/\"},{\"@type\":\"ListItem\",\"position\":2,\"name\":\"Fahmi Said Ibrahim s\u2019aligne derri\u00e8re le candidat Juwa\"}]},{\"@type\":\"WebSite\",\"@id\":\"https:\/\/www.africa-press.net\/comores\/#website\",\"url\":\"https:\/\/www.africa-press.net\/comores\/\",\"name\":\"Comores\",\"description\":\"Just another Africa News Agency Sites site\",\"potentialAction\":[{\"@type\":\"SearchAction\",\"target\":{\"@type\":\"EntryPoint\",\"urlTemplate\":\"https:\/\/www.africa-press.net\/comores\/?s={search_term_string}\"},\"query-input\":{\"@type\":\"PropertyValueSpecification\",\"valueRequired\":true,\"valueName\":\"search_term_string\"}}],\"inLanguage\":\"fr-FR\"},{\"@type\":\"Person\",\"@id\":\"https:\/\/www.africa-press.net\/comores\/#\/schema\/person\/2b1cf3cd81a31e3cd26889ca66d677f1\",\"name\":\"cfeditorfr\"}]}<\/script>\n<!-- \/ Yoast SEO Premium plugin. -->","yoast_head_json":{"title":"Fahmi Said Ibrahim s\u2019aligne derri\u00e8re le candidat Juwa - Comores","description":"Une dizaine de jours apre\u0300s la primaire du parti Juwa a\u0300 laquelle il e\u0301tait candidat, l\u2019avocat Fahmi Said Ibrahim met ...","robots":{"index":"index","follow":"follow","max-snippet":"max-snippet:-1","max-image-preview":"max-image-preview:large","max-video-preview":"max-video-preview:-1"},"canonical":"https:\/\/www.africa-press.net\/comores\/politique\/fahmi-said-ibrahim-saligne-derriere-le-candidat-juwa","og_locale":"fr_FR","og_type":"article","og_title":"Fahmi Said Ibrahim s\u2019aligne derri\u00e8re le candidat Juwa","og_description":"Une dizaine de jours apre\u0300s la primaire du parti Juwa a\u0300 laquelle il e\u0301tait candidat, l\u2019avocat Fahmi Said Ibrahim met ...","og_url":"https:\/\/www.africa-press.net\/comores\/politique\/fahmi-said-ibrahim-saligne-derriere-le-candidat-juwa","og_site_name":"Comores","article_published_time":"2023-11-08T19:44:37+00:00","article_modified_time":"2023-11-08T21:31:23+00:00","og_image":[{"width":1280,"height":720,"url":"https:\/\/static.africa-press.net\/centrafricaine\/sites\/48\/2023\/11\/sm_1699462826.227034.jpg","type":"image\/jpeg"}],"author":"cfeditorfr","twitter_card":"summary_large_image","twitter_misc":{"\u00c9crit par":"cfeditorfr","Dur\u00e9e de lecture estim\u00e9e":"2 minutes"},"schema":{"@context":"https:\/\/schema.org","@graph":[{"@type":"Article","@id":"https:\/\/www.africa-press.net\/comores\/politique\/fahmi-said-ibrahim-saligne-derriere-le-candidat-juwa#article","isPartOf":{"@id":"https:\/\/www.africa-press.net\/comores\/politique\/fahmi-said-ibrahim-saligne-derriere-le-candidat-juwa"},"author":{"name":"cfeditorfr","@id":"https:\/\/www.africa-press.net\/comores\/#\/schema\/person\/2b1cf3cd81a31e3cd26889ca66d677f1"},"headline":"Fahmi Said Ibrahim s\u2019aligne derri\u00e8re le candidat Juwa","datePublished":"2023-11-08T19:44:37+00:00","dateModified":"2023-11-08T21:31:23+00:00","mainEntityOfPage":{"@id":"https:\/\/www.africa-press.net\/comores\/politique\/fahmi-said-ibrahim-saligne-derriere-le-candidat-juwa"},"wordCount":467,"commentCount":0,"image":{"@id":"https:\/\/www.africa-press.net\/comores\/politique\/fahmi-said-ibrahim-saligne-derriere-le-candidat-juwa#primaryimage"},"thumbnailUrl":"https:\/\/static.africa-press.net\/centrafricaine\/sites\/48\/2023\/11\/sm_1699462826.227034.jpg","keywords":["Africa Press","Africa Press-Comores","Comores"],"articleSection":["Parties","Politique","Top Nouvelles","Toutes les actualit\u00e9s"],"inLanguage":"fr-FR","potentialAction":[{"@type":"CommentAction","name":"Comment","target":["https:\/\/www.africa-press.net\/comores\/politique\/fahmi-said-ibrahim-saligne-derriere-le-candidat-juwa#respond"]}]},{"@type":"WebPage","@id":"https:\/\/www.africa-press.net\/comores\/politique\/fahmi-said-ibrahim-saligne-derriere-le-candidat-juwa","url":"https:\/\/www.africa-press.net\/comores\/politique\/fahmi-said-ibrahim-saligne-derriere-le-candidat-juwa","name":"Fahmi Said Ibrahim s\u2019aligne derri\u00e8re le candidat Juwa - Comores","isPartOf":{"@id":"https:\/\/www.africa-press.net\/comores\/#website"},"primaryImageOfPage":{"@id":"https:\/\/www.africa-press.net\/comores\/politique\/fahmi-said-ibrahim-saligne-derriere-le-candidat-juwa#primaryimage"},"image":{"@id":"https:\/\/www.africa-press.net\/comores\/politique\/fahmi-said-ibrahim-saligne-derriere-le-candidat-juwa#primaryimage"},"thumbnailUrl":"https:\/\/static.africa-press.net\/centrafricaine\/sites\/48\/2023\/11\/sm_1699462826.227034.jpg","datePublished":"2023-11-08T19:44:37+00:00","dateModified":"2023-11-08T21:31:23+00:00","author":{"@id":"https:\/\/www.africa-press.net\/comores\/#\/schema\/person\/2b1cf3cd81a31e3cd26889ca66d677f1"},"description":"Une dizaine de jours apre\u0300s la primaire du parti Juwa a\u0300 laquelle il e\u0301tait candidat, l\u2019avocat Fahmi Said Ibrahim met ...","breadcrumb":{"@id":"https:\/\/www.africa-press.net\/comores\/politique\/fahmi-said-ibrahim-saligne-derriere-le-candidat-juwa#breadcrumb"},"inLanguage":"fr-FR","potentialAction":[{"@type":"ReadAction","target":["https:\/\/www.africa-press.net\/comores\/politique\/fahmi-said-ibrahim-saligne-derriere-le-candidat-juwa"]}]},{"@type":"ImageObject","inLanguage":"fr-FR","@id":"https:\/\/www.africa-press.net\/comores\/politique\/fahmi-said-ibrahim-saligne-derriere-le-candidat-juwa#primaryimage","url":"https:\/\/static.africa-press.net\/centrafricaine\/sites\/48\/2023\/11\/sm_1699462826.227034.jpg","contentUrl":"https:\/\/static.africa-press.net\/centrafricaine\/sites\/48\/2023\/11\/sm_1699462826.227034.jpg","width":1280,"height":720,"caption":"Fahmi Said Ibrahim s\u2019aligne derri\u00e8re le candidat Juwa"},{"@type":"BreadcrumbList","@id":"https:\/\/www.africa-press.net\/comores\/politique\/fahmi-said-ibrahim-saligne-derriere-le-candidat-juwa#breadcrumb","itemListElement":[{"@type":"ListItem","position":1,"name":"Accueil","item":"https:\/\/www.africa-press.net\/comores\/"},{"@type":"ListItem","position":2,"name":"Fahmi Said Ibrahim s\u2019aligne derri\u00e8re le candidat Juwa"}]},{"@type":"WebSite","@id":"https:\/\/www.africa-press.net\/comores\/#website","url":"https:\/\/www.africa-press.net\/comores\/","name":"Comores","description":"Just another Africa News Agency Sites site","potentialAction":[{"@type":"SearchAction","target":{"@type":"EntryPoint","urlTemplate":"https:\/\/www.africa-press.net\/comores\/?s={search_term_string}"},"query-input":{"@type":"PropertyValueSpecification","valueRequired":true,"valueName":"search_term_string"}}],"inLanguage":"fr-FR"},{"@type":"Person","@id":"https:\/\/www.africa-press.net\/comores\/#\/schema\/person\/2b1cf3cd81a31e3cd26889ca66d677f1","name":"cfeditorfr"}]}},"_links":{"self":[{"href":"https:\/\/www.africa-press.net\/comores\/wp-json\/wp\/v2\/posts\/13561","targetHints":{"allow":["GET"]}}],"collection":[{"href":"https:\/\/www.africa-press.net\/comores\/wp-json\/wp\/v2\/posts"}],"about":[{"href":"https:\/\/www.africa-press.net\/comores\/wp-json\/wp\/v2\/types\/post"}],"author":[{"embeddable":true,"href":"https:\/\/www.africa-press.net\/comores\/wp-json\/wp\/v2\/users\/82"}],"replies":[{"embeddable":true,"href":"https:\/\/www.africa-press.net\/comores\/wp-json\/wp\/v2\/comments?post=13561"}],"version-history":[{"count":0,"href":"https:\/\/www.africa-press.net\/comores\/wp-json\/wp\/v2\/posts\/13561\/revisions"}],"wp:featuredmedia":[{"embeddable":true,"href":"https:\/\/www.africa-press.net\/comores\/wp-json\/wp\/v2\/media\/13560"}],"wp:attachment":[{"href":"https:\/\/www.africa-press.net\/comores\/wp-json\/wp\/v2\/media?parent=13561"}],"wp:term":[{"taxonomy":"category","embeddable":true,"href":"https:\/\/www.africa-press.net\/comores\/wp-json\/wp\/v2\/categories?post=13561"},{"taxonomy":"post_tag","embeddable":true,"href":"https:\/\/www.africa-press.net\/comores\/wp-json\/wp\/v2\/tags?post=13561"}],"curies":[{"name":"wp","href":"https:\/\/api.w.org\/{rel}","templated":true}]}}