{"id":13572,"date":"2023-11-08T19:48:27","date_gmt":"2023-11-08T19:48:27","guid":{"rendered":"https:\/\/www.africa-press.net\/comores\/politique\/le-barreau-saisit-le-conseil-de-discipline"},"modified":"2023-11-08T21:32:57","modified_gmt":"2023-11-08T21:32:57","slug":"le-barreau-saisit-le-conseil-de-discipline","status":"publish","type":"post","link":"https:\/\/www.africa-press.net\/comores\/toutes-les-actualites\/le-barreau-saisit-le-conseil-de-discipline","title":{"rendered":"Le barreau saisit le conseil de discipline"},"content":{"rendered":"<p><span style=\"color: #ff6600\"><strong>Africa-Press &#8211; Comores. <\/strong><\/span><b>Apre\u0300s avoir annonce\u0301 la tenue de l&rsquo;assemble\u0301e ge\u0301ne\u0301rale de l\u2019ordre des avocats pre\u0301vue le 10 de\u0301cembre prochain, Mohamed Abdouloihab s\u2019est penche\u0301 sur le concours qui a eu lieu a\u0300 Moheli et a informe\u0301 que Me Nassur sera traduit devant le conseil de discipline pour \u00ab avoir viole\u0301 son serrement \u00bb. <\/b><\/p>\n<p>Devant la presse, Mohamed Abdouloihabi a annonce\u0301 la tenue de l&rsquo;assemble\u0301e ge\u0301ne\u0301rale de l\u2019ordre des avocats le 10 de\u0301cembre prochain. \u00ab A l\u2019issue de l\u2019assemble\u0301e ge\u0301ne\u0301rale du 26 aou\u0302t dernier, le conseil de l\u2019ordre des avocats comoriens a de\u0301cide\u0301 d\u2019organiser l\u2019assemble\u0301e ge\u0301ne\u0301rale e\u0301lective le 10 de\u0301cembre prochain \u00bb, informe-t-il, tout en pre\u0301cisant que tous les membres e\u0301ligibles du barreau seront convoque\u0301s pour e\u0301lire un nouveau bureau, dans le but de renforcer l\u2019e\u0301quipe. Le ba\u0302tonnier souhaite au futur bureau de continuer le travail accompli par son e\u0301quipe sortante.<\/p>\n<p>L\u2019autre sujet aborde\u0301 par le ba\u0302tonnier concerne la question e\u0301pineuse relative au serment des avocats stagiaires tenu au mois d\u2019aou\u0302t dernier a\u0300 Mohe\u0301li. Un sujet qui fait pole\u0301mique au sein de cette profession, puisque Me Nassur a de\u0301fendu la the\u0300se selon laquelle la loi autorise la prestation du serment. Et de son co\u0302te\u0301, Mohamed Abdouloihabi de\u0301nonce cette proce\u0301dure engage\u0301e par le barreau de Mohe\u0301li. Pour exercer au sein des barreaux des Comores, il existe trois proce\u0301dures a\u0300 suivre, mais aucune d\u2019entre elles n\u2019a e\u0301te\u0301 respecte\u0301e. Tout d\u2019abord, les barreaux se re\u0301unissent pour organiser ce recrutement en parfaite harmonie et convoquent le ministe\u0300re de la justice. Ensuite, il faut avoir exerce\u0301 pendant au moins cinq ans en tant que magistrat ou de\u0301tenir un diplo\u0302me requis. Cependant, tous les candidats doivent pre\u0302ter serment devant la Cour d\u2019appel pour de\u0301cider du barreau ou\u0300 ils mettront en pratique leurs compe\u0301tences \u00bb, explique-t-il.<\/p>\n<p>Et d\u2019enchai\u0302ner : \u00ab Me Nassur a bel et bien viole\u0301 son serment, de\u0301nigre\u0301 la profession et accuse\u0301 de corruption \u00bb. Pour se justifier, le confe\u0301rencier re\u0301ve\u0300le que quelques billets de banque seraient de\u0301bourse\u0301s par les stagiaires aux organisateurs. \u00ab Ce qui entache la valeur, la de\u0301ontologie et l\u2019e\u0301thique de la profession \u00bb, la\u0302che le pre\u0301sident du conseil de l\u2019ordre des avocats qui, d&rsquo;ailleurs qualifie de \u00ab de\u0301sordre \u00bb, ce concours.<\/p>\n<p>Selon lui, le conseil s\u2019autosaisit apre\u0300s avoir constate\u0301 ce de\u0301sordre et se re\u0301unira en conseil de discipline lequel Me Nassur, avocat au barreau de Moroni et membre de l\u2019organisation dudit concours sera entendu. \u00ab Nous ne pouvons pas tole\u0301rer que notre profession et notre de\u0301ontologie soient bafoue\u0301es \u00bb, affirme le pre\u0301sident du conseil, qui pre\u0301cise que traduire un confre\u0300re devant le conseil de discipline n\u2019est pas significatif de haine ni d\u2019acharnement contre lui mais \u00ab c\u2019est pour sauver notre profession \u00bb, de\u0301fend-il.<\/p>\n<p><strong>Pour plus d&rsquo;informations et d&rsquo;analyses sur la <a href=\"https:\/\/www.africa-press.net\/comores\">Comores<\/a>, suivez <a href=\"https:\/\/www.africa-press.net\/\">Africa-Press<\/a><\/strong><\/p>\n","protected":false},"excerpt":{"rendered":"<p>Africa-Press &#8211; Comores. Apre\u0300s avoir annonce\u0301 la tenue de l&rsquo;assemble\u0301e ge\u0301ne\u0301rale de l\u2019ordre des avocats pre\u0301vue le 10 de\u0301cembre prochain, Mohamed Abdouloihab s\u2019est penche\u0301 sur le concours qui a eu lieu a\u0300 Moheli et a informe\u0301 que Me Nassur sera traduit devant le conseil de discipline pour \u00ab avoir viole\u0301 son serrement \u00bb. Devant la [&hellip;]<\/p>\n","protected":false},"author":82,"featured_media":13570,"comment_status":"open","ping_status":"closed","sticky":false,"template":"","format":"standard","meta":{"footnotes":""},"categories":[21,10],"tags":[36,53,45],"class_list":["post-13572","post","type-post","status-publish","format-standard","has-post-thumbnail","hentry","category-communaute","category-toutes-les-actualites","tag-africa-press","tag-africa-press-comores","tag-comores"],"yoast_head":"<!-- This site is optimized with the Yoast SEO Premium plugin v26.1 (Yoast SEO v27.0) - https:\/\/yoast.com\/product\/yoast-seo-premium-wordpress\/ -->\n<title>Le barreau saisit le conseil de discipline - Comores<\/title>\n<meta name=\"description\" content=\"Apre\u0300s avoir annonce\u0301 la tenue de l&#039;assemble\u0301e ge\u0301ne\u0301rale de l\u2019ordre des avocats pre\u0301vue le 10 de\u0301cembre prochain, Mo ...\" \/>\n<meta name=\"robots\" content=\"index, follow, max-snippet:-1, max-image-preview:large, max-video-preview:-1\" \/>\n<link rel=\"canonical\" href=\"https:\/\/www.africa-press.net\/comores\/toutes-les-actualites\/le-barreau-saisit-le-conseil-de-discipline\" \/>\n<meta property=\"og:locale\" content=\"fr_FR\" \/>\n<meta property=\"og:type\" content=\"article\" \/>\n<meta property=\"og:title\" content=\"Le barreau saisit le conseil de discipline\" \/>\n<meta property=\"og:description\" content=\"Apre\u0300s avoir annonce\u0301 la tenue de l&#039;assemble\u0301e ge\u0301ne\u0301rale de l\u2019ordre des avocats pre\u0301vue le 10 de\u0301cembre prochain, Mo ...\" \/>\n<meta property=\"og:url\" content=\"https:\/\/www.africa-press.net\/comores\/toutes-les-actualites\/le-barreau-saisit-le-conseil-de-discipline\" \/>\n<meta property=\"og:site_name\" content=\"Comores\" \/>\n<meta property=\"article:published_time\" content=\"2023-11-08T19:48:27+00:00\" \/>\n<meta property=\"article:modified_time\" content=\"2023-11-08T21:32:57+00:00\" \/>\n<meta property=\"og:image\" content=\"https:\/\/static.africa-press.net\/centrafricaine\/sites\/48\/2023\/11\/sm_1699462915.494024.jpg\" \/>\n\t<meta property=\"og:image:width\" content=\"1632\" \/>\n\t<meta property=\"og:image:height\" content=\"1224\" \/>\n\t<meta property=\"og:image:type\" content=\"image\/jpeg\" \/>\n<meta name=\"author\" content=\"cfeditorfr\" \/>\n<meta name=\"twitter:card\" content=\"summary_large_image\" \/>\n<meta name=\"twitter:label1\" content=\"\u00c9crit par\" \/>\n\t<meta name=\"twitter:data1\" content=\"cfeditorfr\" \/>\n\t<meta name=\"twitter:label2\" content=\"Dur\u00e9e de lecture estim\u00e9e\" \/>\n\t<meta name=\"twitter:data2\" content=\"3 minutes\" \/>\n<script type=\"application\/ld+json\" class=\"yoast-schema-graph\">{\"@context\":\"https:\/\/schema.org\",\"@graph\":[{\"@type\":\"Article\",\"@id\":\"https:\/\/www.africa-press.net\/comores\/toutes-les-actualites\/le-barreau-saisit-le-conseil-de-discipline#article\",\"isPartOf\":{\"@id\":\"https:\/\/www.africa-press.net\/comores\/toutes-les-actualites\/le-barreau-saisit-le-conseil-de-discipline\"},\"author\":{\"name\":\"cfeditorfr\",\"@id\":\"https:\/\/www.africa-press.net\/comores\/#\/schema\/person\/2b1cf3cd81a31e3cd26889ca66d677f1\"},\"headline\":\"Le barreau saisit le conseil de discipline\",\"datePublished\":\"2023-11-08T19:48:27+00:00\",\"dateModified\":\"2023-11-08T21:32:57+00:00\",\"mainEntityOfPage\":{\"@id\":\"https:\/\/www.africa-press.net\/comores\/toutes-les-actualites\/le-barreau-saisit-le-conseil-de-discipline\"},\"wordCount\":537,\"commentCount\":0,\"image\":{\"@id\":\"https:\/\/www.africa-press.net\/comores\/toutes-les-actualites\/le-barreau-saisit-le-conseil-de-discipline#primaryimage\"},\"thumbnailUrl\":\"https:\/\/static.africa-press.net\/centrafricaine\/sites\/48\/2023\/11\/sm_1699462915.494024.jpg\",\"keywords\":[\"Africa Press\",\"Africa Press-Comores\",\"Comores\"],\"articleSection\":[\"Communaut\u00e9\",\"Toutes les actualit\u00e9s\"],\"inLanguage\":\"fr-FR\",\"potentialAction\":[{\"@type\":\"CommentAction\",\"name\":\"Comment\",\"target\":[\"https:\/\/www.africa-press.net\/comores\/toutes-les-actualites\/le-barreau-saisit-le-conseil-de-discipline#respond\"]}]},{\"@type\":\"WebPage\",\"@id\":\"https:\/\/www.africa-press.net\/comores\/toutes-les-actualites\/le-barreau-saisit-le-conseil-de-discipline\",\"url\":\"https:\/\/www.africa-press.net\/comores\/toutes-les-actualites\/le-barreau-saisit-le-conseil-de-discipline\",\"name\":\"Le barreau saisit le conseil de discipline - Comores\",\"isPartOf\":{\"@id\":\"https:\/\/www.africa-press.net\/comores\/#website\"},\"primaryImageOfPage\":{\"@id\":\"https:\/\/www.africa-press.net\/comores\/toutes-les-actualites\/le-barreau-saisit-le-conseil-de-discipline#primaryimage\"},\"image\":{\"@id\":\"https:\/\/www.africa-press.net\/comores\/toutes-les-actualites\/le-barreau-saisit-le-conseil-de-discipline#primaryimage\"},\"thumbnailUrl\":\"https:\/\/static.africa-press.net\/centrafricaine\/sites\/48\/2023\/11\/sm_1699462915.494024.jpg\",\"datePublished\":\"2023-11-08T19:48:27+00:00\",\"dateModified\":\"2023-11-08T21:32:57+00:00\",\"author\":{\"@id\":\"https:\/\/www.africa-press.net\/comores\/#\/schema\/person\/2b1cf3cd81a31e3cd26889ca66d677f1\"},\"description\":\"Apre\u0300s avoir annonce\u0301 la tenue de l'assemble\u0301e ge\u0301ne\u0301rale de l\u2019ordre des avocats pre\u0301vue le 10 de\u0301cembre prochain, Mo ...\",\"breadcrumb\":{\"@id\":\"https:\/\/www.africa-press.net\/comores\/toutes-les-actualites\/le-barreau-saisit-le-conseil-de-discipline#breadcrumb\"},\"inLanguage\":\"fr-FR\",\"potentialAction\":[{\"@type\":\"ReadAction\",\"target\":[\"https:\/\/www.africa-press.net\/comores\/toutes-les-actualites\/le-barreau-saisit-le-conseil-de-discipline\"]}]},{\"@type\":\"ImageObject\",\"inLanguage\":\"fr-FR\",\"@id\":\"https:\/\/www.africa-press.net\/comores\/toutes-les-actualites\/le-barreau-saisit-le-conseil-de-discipline#primaryimage\",\"url\":\"https:\/\/static.africa-press.net\/centrafricaine\/sites\/48\/2023\/11\/sm_1699462915.494024.jpg\",\"contentUrl\":\"https:\/\/static.africa-press.net\/centrafricaine\/sites\/48\/2023\/11\/sm_1699462915.494024.jpg\",\"width\":1632,\"height\":1224,\"caption\":\"Le barreau saisit le conseil de discipline\"},{\"@type\":\"BreadcrumbList\",\"@id\":\"https:\/\/www.africa-press.net\/comores\/toutes-les-actualites\/le-barreau-saisit-le-conseil-de-discipline#breadcrumb\",\"itemListElement\":[{\"@type\":\"ListItem\",\"position\":1,\"name\":\"Accueil\",\"item\":\"https:\/\/www.africa-press.net\/comores\/\"},{\"@type\":\"ListItem\",\"position\":2,\"name\":\"Le barreau saisit le conseil de discipline\"}]},{\"@type\":\"WebSite\",\"@id\":\"https:\/\/www.africa-press.net\/comores\/#website\",\"url\":\"https:\/\/www.africa-press.net\/comores\/\",\"name\":\"Comores\",\"description\":\"Just another Africa News Agency Sites site\",\"potentialAction\":[{\"@type\":\"SearchAction\",\"target\":{\"@type\":\"EntryPoint\",\"urlTemplate\":\"https:\/\/www.africa-press.net\/comores\/?s={search_term_string}\"},\"query-input\":{\"@type\":\"PropertyValueSpecification\",\"valueRequired\":true,\"valueName\":\"search_term_string\"}}],\"inLanguage\":\"fr-FR\"},{\"@type\":\"Person\",\"@id\":\"https:\/\/www.africa-press.net\/comores\/#\/schema\/person\/2b1cf3cd81a31e3cd26889ca66d677f1\",\"name\":\"cfeditorfr\"}]}<\/script>\n<!-- \/ Yoast SEO Premium plugin. -->","yoast_head_json":{"title":"Le barreau saisit le conseil de discipline - Comores","description":"Apre\u0300s avoir annonce\u0301 la tenue de l'assemble\u0301e ge\u0301ne\u0301rale de l\u2019ordre des avocats pre\u0301vue le 10 de\u0301cembre prochain, Mo ...","robots":{"index":"index","follow":"follow","max-snippet":"max-snippet:-1","max-image-preview":"max-image-preview:large","max-video-preview":"max-video-preview:-1"},"canonical":"https:\/\/www.africa-press.net\/comores\/toutes-les-actualites\/le-barreau-saisit-le-conseil-de-discipline","og_locale":"fr_FR","og_type":"article","og_title":"Le barreau saisit le conseil de discipline","og_description":"Apre\u0300s avoir annonce\u0301 la tenue de l'assemble\u0301e ge\u0301ne\u0301rale de l\u2019ordre des avocats pre\u0301vue le 10 de\u0301cembre prochain, Mo ...","og_url":"https:\/\/www.africa-press.net\/comores\/toutes-les-actualites\/le-barreau-saisit-le-conseil-de-discipline","og_site_name":"Comores","article_published_time":"2023-11-08T19:48:27+00:00","article_modified_time":"2023-11-08T21:32:57+00:00","og_image":[{"width":1632,"height":1224,"url":"https:\/\/static.africa-press.net\/centrafricaine\/sites\/48\/2023\/11\/sm_1699462915.494024.jpg","type":"image\/jpeg"}],"author":"cfeditorfr","twitter_card":"summary_large_image","twitter_misc":{"\u00c9crit par":"cfeditorfr","Dur\u00e9e de lecture estim\u00e9e":"3 minutes"},"schema":{"@context":"https:\/\/schema.org","@graph":[{"@type":"Article","@id":"https:\/\/www.africa-press.net\/comores\/toutes-les-actualites\/le-barreau-saisit-le-conseil-de-discipline#article","isPartOf":{"@id":"https:\/\/www.africa-press.net\/comores\/toutes-les-actualites\/le-barreau-saisit-le-conseil-de-discipline"},"author":{"name":"cfeditorfr","@id":"https:\/\/www.africa-press.net\/comores\/#\/schema\/person\/2b1cf3cd81a31e3cd26889ca66d677f1"},"headline":"Le barreau saisit le conseil de discipline","datePublished":"2023-11-08T19:48:27+00:00","dateModified":"2023-11-08T21:32:57+00:00","mainEntityOfPage":{"@id":"https:\/\/www.africa-press.net\/comores\/toutes-les-actualites\/le-barreau-saisit-le-conseil-de-discipline"},"wordCount":537,"commentCount":0,"image":{"@id":"https:\/\/www.africa-press.net\/comores\/toutes-les-actualites\/le-barreau-saisit-le-conseil-de-discipline#primaryimage"},"thumbnailUrl":"https:\/\/static.africa-press.net\/centrafricaine\/sites\/48\/2023\/11\/sm_1699462915.494024.jpg","keywords":["Africa Press","Africa Press-Comores","Comores"],"articleSection":["Communaut\u00e9","Toutes les actualit\u00e9s"],"inLanguage":"fr-FR","potentialAction":[{"@type":"CommentAction","name":"Comment","target":["https:\/\/www.africa-press.net\/comores\/toutes-les-actualites\/le-barreau-saisit-le-conseil-de-discipline#respond"]}]},{"@type":"WebPage","@id":"https:\/\/www.africa-press.net\/comores\/toutes-les-actualites\/le-barreau-saisit-le-conseil-de-discipline","url":"https:\/\/www.africa-press.net\/comores\/toutes-les-actualites\/le-barreau-saisit-le-conseil-de-discipline","name":"Le barreau saisit le conseil de discipline - Comores","isPartOf":{"@id":"https:\/\/www.africa-press.net\/comores\/#website"},"primaryImageOfPage":{"@id":"https:\/\/www.africa-press.net\/comores\/toutes-les-actualites\/le-barreau-saisit-le-conseil-de-discipline#primaryimage"},"image":{"@id":"https:\/\/www.africa-press.net\/comores\/toutes-les-actualites\/le-barreau-saisit-le-conseil-de-discipline#primaryimage"},"thumbnailUrl":"https:\/\/static.africa-press.net\/centrafricaine\/sites\/48\/2023\/11\/sm_1699462915.494024.jpg","datePublished":"2023-11-08T19:48:27+00:00","dateModified":"2023-11-08T21:32:57+00:00","author":{"@id":"https:\/\/www.africa-press.net\/comores\/#\/schema\/person\/2b1cf3cd81a31e3cd26889ca66d677f1"},"description":"Apre\u0300s avoir annonce\u0301 la tenue de l'assemble\u0301e ge\u0301ne\u0301rale de l\u2019ordre des avocats pre\u0301vue le 10 de\u0301cembre prochain, Mo ...","breadcrumb":{"@id":"https:\/\/www.africa-press.net\/comores\/toutes-les-actualites\/le-barreau-saisit-le-conseil-de-discipline#breadcrumb"},"inLanguage":"fr-FR","potentialAction":[{"@type":"ReadAction","target":["https:\/\/www.africa-press.net\/comores\/toutes-les-actualites\/le-barreau-saisit-le-conseil-de-discipline"]}]},{"@type":"ImageObject","inLanguage":"fr-FR","@id":"https:\/\/www.africa-press.net\/comores\/toutes-les-actualites\/le-barreau-saisit-le-conseil-de-discipline#primaryimage","url":"https:\/\/static.africa-press.net\/centrafricaine\/sites\/48\/2023\/11\/sm_1699462915.494024.jpg","contentUrl":"https:\/\/static.africa-press.net\/centrafricaine\/sites\/48\/2023\/11\/sm_1699462915.494024.jpg","width":1632,"height":1224,"caption":"Le barreau saisit le conseil de discipline"},{"@type":"BreadcrumbList","@id":"https:\/\/www.africa-press.net\/comores\/toutes-les-actualites\/le-barreau-saisit-le-conseil-de-discipline#breadcrumb","itemListElement":[{"@type":"ListItem","position":1,"name":"Accueil","item":"https:\/\/www.africa-press.net\/comores\/"},{"@type":"ListItem","position":2,"name":"Le barreau saisit le conseil de discipline"}]},{"@type":"WebSite","@id":"https:\/\/www.africa-press.net\/comores\/#website","url":"https:\/\/www.africa-press.net\/comores\/","name":"Comores","description":"Just another Africa News Agency Sites site","potentialAction":[{"@type":"SearchAction","target":{"@type":"EntryPoint","urlTemplate":"https:\/\/www.africa-press.net\/comores\/?s={search_term_string}"},"query-input":{"@type":"PropertyValueSpecification","valueRequired":true,"valueName":"search_term_string"}}],"inLanguage":"fr-FR"},{"@type":"Person","@id":"https:\/\/www.africa-press.net\/comores\/#\/schema\/person\/2b1cf3cd81a31e3cd26889ca66d677f1","name":"cfeditorfr"}]}},"_links":{"self":[{"href":"https:\/\/www.africa-press.net\/comores\/wp-json\/wp\/v2\/posts\/13572","targetHints":{"allow":["GET"]}}],"collection":[{"href":"https:\/\/www.africa-press.net\/comores\/wp-json\/wp\/v2\/posts"}],"about":[{"href":"https:\/\/www.africa-press.net\/comores\/wp-json\/wp\/v2\/types\/post"}],"author":[{"embeddable":true,"href":"https:\/\/www.africa-press.net\/comores\/wp-json\/wp\/v2\/users\/82"}],"replies":[{"embeddable":true,"href":"https:\/\/www.africa-press.net\/comores\/wp-json\/wp\/v2\/comments?post=13572"}],"version-history":[{"count":0,"href":"https:\/\/www.africa-press.net\/comores\/wp-json\/wp\/v2\/posts\/13572\/revisions"}],"wp:featuredmedia":[{"embeddable":true,"href":"https:\/\/www.africa-press.net\/comores\/wp-json\/wp\/v2\/media\/13570"}],"wp:attachment":[{"href":"https:\/\/www.africa-press.net\/comores\/wp-json\/wp\/v2\/media?parent=13572"}],"wp:term":[{"taxonomy":"category","embeddable":true,"href":"https:\/\/www.africa-press.net\/comores\/wp-json\/wp\/v2\/categories?post=13572"},{"taxonomy":"post_tag","embeddable":true,"href":"https:\/\/www.africa-press.net\/comores\/wp-json\/wp\/v2\/tags?post=13572"}],"curies":[{"name":"wp","href":"https:\/\/api.w.org\/{rel}","templated":true}]}}