{"id":13593,"date":"2023-11-09T19:59:40","date_gmt":"2023-11-09T19:59:40","guid":{"rendered":"https:\/\/www.africa-press.net\/comores\/politique\/le-renforcement-des-echanges-economiques-au-coeur-des-echanges"},"modified":"2023-11-09T22:15:13","modified_gmt":"2023-11-09T22:15:13","slug":"le-renforcement-des-echanges-economiques-au-coeur-des-echanges","status":"publish","type":"post","link":"https:\/\/www.africa-press.net\/comores\/economie\/le-renforcement-des-echanges-economiques-au-coeur-des-echanges","title":{"rendered":"Le renforcement des \u00e9changes \u00e9conomiques au c\u0153ur des \u00e9changes"},"content":{"rendered":"<p><span style=\"color: #ff6600\"><strong>Africa-Press &#8211; Comores. <\/strong><\/span><b>L\u2019Union des Chambres de Commerce d\u2019Industrie et d\u2019Agriculture et la CCIA ont rec\u0327u ce mercredi l\u2019ambassadeur de Chine aux Comores. Les discussions portaient sur les relations et les e\u0301changes e\u0301conomiques entre les deux pays. <\/b><\/p>\n<p>L&rsquo;UCCIA et la Chambre de Commerce d&rsquo;Industrie et d&rsquo;Artisanat de Ngazidja ont accueilli l&rsquo;ambassadeur de la Re\u0301publique populaire de Chine et sa de\u0301le\u0301gation. Les deux parties ont eu a\u0300 e\u0301changerdes points de vue sur la coope\u0301ration dans les domaines e\u0301conomique et commercial entre les deux pays en pre\u0301sence des ope\u0301rateurs e\u0301conomique du pays. \u00ab La Chine et les Comores entretiennent une profonde amitie\u0301 traditionnelle. Ces dernie\u0300res anne\u0301es, gra\u0302ce aux efforts conjoints des gouvernements et des entreprises des deux pays, la coope\u0301ration pragmatique bilate\u0301rale a obtenu des re\u0301sultats fructueux et les e\u0301changes e\u0301conomiques et commerciaux sont devenus de plus en plus e\u0301troits \u00bb, souligne l\u2019ambassadeur de la Chine, Guo Zhijun. Et de poursuivre : \u00ab La Chine promeut fermement une ouverture de haut niveau, partage les opportunite\u0301s et recherche un de\u0301veloppement commun avec d&rsquo;autres pays du monde, et invite les Comores a\u0300 profiter des expositions et autres opportunite\u0301s pour exposer des produits comoriens de haute qualite\u0301 et caracte\u0301ristiques aupre\u0300s des consommateurs chinois. A\u0300 l&rsquo;avenir, l&rsquo;ambassade de Chine continuera a\u0300 jouer un ro\u0302le actif dans la promotion de la coope\u0301ration e\u0301conomique et commerciale bilate\u0301rale \u00bb.<\/p>\n<p>De son co\u0302te\u0301, le pre\u0301sident de l\u2019UCCIA Chamssoudine Ahmed a montre\u0301 que ces e\u0301changes avaient pour objectif de consolider les relations et les e\u0301changes e\u0301conomiques entre les deux pays. Selon lui, ils ont discute\u0301 sur la possibilite\u0301 d\u2019exportation des huiles essentielles des Comores en Chine, la cre\u0301ation d&rsquo;un se\u0301minaire bilate\u0301ral portant sur le commerce, l\u2019organisation des B2B, la pe\u0301rennisation des e\u0301changes gagnant-gagnant, et les formations en renforcement de capacite\u0301s a\u0300 l&rsquo;intention des entreprises et des institutions comoriennes, le partage du savoir-faire entre les deux pays et la facilitation des proce\u0301dures de visa pour l&rsquo;entre\u0301e en Chine des commerc\u0327ants comoriens.<\/p>\n<p>Pour rappel, la Chine et les Comores ont signe\u0301 plusieurs accords commerciaux au de\u0301but du mois de juillet 2023. La concre\u0301tisation de l\u2019ouverture de la Chine aux produits comoriens a pris forme, par l\u2019annonce de l\u2019ambassadeur de Chine a\u0300 Moroni au mois de juillet dernier de l\u2019arrive\u0301e d\u2019un lot de 356 kg de langoustes vertes sur le marche\u0301 chinois. Il est question d\u2019une ouverture offrant la possibilite\u0301 de re\u0301aliser 70 millions de dollars d\u2019e\u0301changes.<\/p>\n<p>Elle concre\u0301tise les discussions, en de\u0301cembre 2022, entre le pre\u0301sident de la Re\u0301publique Populaire de Chine, Xi Jinping et le pre\u0301sident des Comores, Azali Assoumani. L\u2019e\u0301conomie comorienne est, pour l\u2019essentiel, agricole. Le girofle, l\u2019huile d\u2019ylang-ylang et la vanille constituent l\u2019essentiel des exportations. Ces produits e\u0301taient, pour l\u2019essentiel, vendus en Europe. La Chine vient d\u2019ouvrir ses portes&#8230;<\/p>\n<p><strong>Pour plus d&rsquo;informations et d&rsquo;analyses sur la <a href=\"https:\/\/www.africa-press.net\/comores\">Comores<\/a>, suivez <a href=\"https:\/\/www.africa-press.net\/\">Africa-Press<\/a><\/strong><\/p>\n","protected":false},"excerpt":{"rendered":"<p>Africa-Press &#8211; Comores. L\u2019Union des Chambres de Commerce d\u2019Industrie et d\u2019Agriculture et la CCIA ont rec\u0327u ce mercredi l\u2019ambassadeur de Chine aux Comores. Les discussions portaient sur les relations et les e\u0301changes e\u0301conomiques entre les deux pays. L&rsquo;UCCIA et la Chambre de Commerce d&rsquo;Industrie et d&rsquo;Artisanat de Ngazidja ont accueilli l&rsquo;ambassadeur de la Re\u0301publique populaire [&hellip;]<\/p>\n","protected":false},"author":82,"featured_media":13592,"comment_status":"open","ping_status":"closed","sticky":false,"template":"","format":"standard","meta":{"footnotes":""},"categories":[3,20,10],"tags":[36,53,45],"class_list":["post-13593","post","type-post","status-publish","format-standard","has-post-thumbnail","hentry","category-economie","category-top-nouvelles","category-toutes-les-actualites","tag-africa-press","tag-africa-press-comores","tag-comores"],"yoast_head":"<!-- This site is optimized with the Yoast SEO Premium plugin v26.1 (Yoast SEO v27.0) - https:\/\/yoast.com\/product\/yoast-seo-premium-wordpress\/ -->\n<title>Le renforcement des \u00e9changes \u00e9conomiques au c\u0153ur des \u00e9changes - Comores<\/title>\n<meta name=\"description\" content=\"L\u2019Union des Chambres de Commerce d\u2019Industrie et d\u2019Agriculture et la CCIA ont rec\u0327u ce mercredi l\u2019ambassadeur de Chine ...\" \/>\n<meta name=\"robots\" content=\"index, follow, max-snippet:-1, max-image-preview:large, max-video-preview:-1\" \/>\n<link rel=\"canonical\" href=\"https:\/\/www.africa-press.net\/comores\/economie\/le-renforcement-des-echanges-economiques-au-coeur-des-echanges\" \/>\n<meta property=\"og:locale\" content=\"fr_FR\" \/>\n<meta property=\"og:type\" content=\"article\" \/>\n<meta property=\"og:title\" content=\"Le renforcement des \u00e9changes \u00e9conomiques au c\u0153ur des \u00e9changes\" \/>\n<meta property=\"og:description\" content=\"L\u2019Union des Chambres de Commerce d\u2019Industrie et d\u2019Agriculture et la CCIA ont rec\u0327u ce mercredi l\u2019ambassadeur de Chine ...\" \/>\n<meta property=\"og:url\" content=\"https:\/\/www.africa-press.net\/comores\/economie\/le-renforcement-des-echanges-economiques-au-coeur-des-echanges\" \/>\n<meta property=\"og:site_name\" content=\"Comores\" \/>\n<meta property=\"article:published_time\" content=\"2023-11-09T19:59:40+00:00\" \/>\n<meta property=\"article:modified_time\" content=\"2023-11-09T22:15:13+00:00\" \/>\n<meta property=\"og:image\" content=\"https:\/\/static.africa-press.net\/centrafricaine\/sites\/48\/2023\/11\/sm_1699551734.109472.jpg\" \/>\n\t<meta property=\"og:image:width\" content=\"1600\" \/>\n\t<meta property=\"og:image:height\" content=\"1200\" \/>\n\t<meta property=\"og:image:type\" content=\"image\/jpeg\" \/>\n<meta name=\"author\" content=\"cfeditorfr\" \/>\n<meta name=\"twitter:card\" content=\"summary_large_image\" \/>\n<meta name=\"twitter:label1\" content=\"\u00c9crit par\" \/>\n\t<meta name=\"twitter:data1\" content=\"cfeditorfr\" \/>\n\t<meta name=\"twitter:label2\" content=\"Dur\u00e9e de lecture estim\u00e9e\" \/>\n\t<meta name=\"twitter:data2\" content=\"3 minutes\" \/>\n<script type=\"application\/ld+json\" class=\"yoast-schema-graph\">{\"@context\":\"https:\/\/schema.org\",\"@graph\":[{\"@type\":\"Article\",\"@id\":\"https:\/\/www.africa-press.net\/comores\/economie\/le-renforcement-des-echanges-economiques-au-coeur-des-echanges#article\",\"isPartOf\":{\"@id\":\"https:\/\/www.africa-press.net\/comores\/economie\/le-renforcement-des-echanges-economiques-au-coeur-des-echanges\"},\"author\":{\"name\":\"cfeditorfr\",\"@id\":\"https:\/\/www.africa-press.net\/comores\/#\/schema\/person\/2b1cf3cd81a31e3cd26889ca66d677f1\"},\"headline\":\"Le renforcement des \u00e9changes \u00e9conomiques au c\u0153ur des \u00e9changes\",\"datePublished\":\"2023-11-09T19:59:40+00:00\",\"dateModified\":\"2023-11-09T22:15:13+00:00\",\"mainEntityOfPage\":{\"@id\":\"https:\/\/www.africa-press.net\/comores\/economie\/le-renforcement-des-echanges-economiques-au-coeur-des-echanges\"},\"wordCount\":551,\"commentCount\":0,\"image\":{\"@id\":\"https:\/\/www.africa-press.net\/comores\/economie\/le-renforcement-des-echanges-economiques-au-coeur-des-echanges#primaryimage\"},\"thumbnailUrl\":\"https:\/\/static.africa-press.net\/centrafricaine\/sites\/48\/2023\/11\/sm_1699551734.109472.jpg\",\"keywords\":[\"Africa Press\",\"Africa Press-Comores\",\"Comores\"],\"articleSection\":[\"\u00c9conomie\",\"Top Nouvelles\",\"Toutes les actualit\u00e9s\"],\"inLanguage\":\"fr-FR\",\"potentialAction\":[{\"@type\":\"CommentAction\",\"name\":\"Comment\",\"target\":[\"https:\/\/www.africa-press.net\/comores\/economie\/le-renforcement-des-echanges-economiques-au-coeur-des-echanges#respond\"]}]},{\"@type\":\"WebPage\",\"@id\":\"https:\/\/www.africa-press.net\/comores\/economie\/le-renforcement-des-echanges-economiques-au-coeur-des-echanges\",\"url\":\"https:\/\/www.africa-press.net\/comores\/economie\/le-renforcement-des-echanges-economiques-au-coeur-des-echanges\",\"name\":\"Le renforcement des \u00e9changes \u00e9conomiques au c\u0153ur des \u00e9changes - Comores\",\"isPartOf\":{\"@id\":\"https:\/\/www.africa-press.net\/comores\/#website\"},\"primaryImageOfPage\":{\"@id\":\"https:\/\/www.africa-press.net\/comores\/economie\/le-renforcement-des-echanges-economiques-au-coeur-des-echanges#primaryimage\"},\"image\":{\"@id\":\"https:\/\/www.africa-press.net\/comores\/economie\/le-renforcement-des-echanges-economiques-au-coeur-des-echanges#primaryimage\"},\"thumbnailUrl\":\"https:\/\/static.africa-press.net\/centrafricaine\/sites\/48\/2023\/11\/sm_1699551734.109472.jpg\",\"datePublished\":\"2023-11-09T19:59:40+00:00\",\"dateModified\":\"2023-11-09T22:15:13+00:00\",\"author\":{\"@id\":\"https:\/\/www.africa-press.net\/comores\/#\/schema\/person\/2b1cf3cd81a31e3cd26889ca66d677f1\"},\"description\":\"L\u2019Union des Chambres de Commerce d\u2019Industrie et d\u2019Agriculture et la CCIA ont rec\u0327u ce mercredi l\u2019ambassadeur de Chine ...\",\"breadcrumb\":{\"@id\":\"https:\/\/www.africa-press.net\/comores\/economie\/le-renforcement-des-echanges-economiques-au-coeur-des-echanges#breadcrumb\"},\"inLanguage\":\"fr-FR\",\"potentialAction\":[{\"@type\":\"ReadAction\",\"target\":[\"https:\/\/www.africa-press.net\/comores\/economie\/le-renforcement-des-echanges-economiques-au-coeur-des-echanges\"]}]},{\"@type\":\"ImageObject\",\"inLanguage\":\"fr-FR\",\"@id\":\"https:\/\/www.africa-press.net\/comores\/economie\/le-renforcement-des-echanges-economiques-au-coeur-des-echanges#primaryimage\",\"url\":\"https:\/\/static.africa-press.net\/centrafricaine\/sites\/48\/2023\/11\/sm_1699551734.109472.jpg\",\"contentUrl\":\"https:\/\/static.africa-press.net\/centrafricaine\/sites\/48\/2023\/11\/sm_1699551734.109472.jpg\",\"width\":1600,\"height\":1200,\"caption\":\"Le renforcement des \u00e9changes \u00e9conomiques au c\u0153ur des \u00e9changes\"},{\"@type\":\"BreadcrumbList\",\"@id\":\"https:\/\/www.africa-press.net\/comores\/economie\/le-renforcement-des-echanges-economiques-au-coeur-des-echanges#breadcrumb\",\"itemListElement\":[{\"@type\":\"ListItem\",\"position\":1,\"name\":\"Accueil\",\"item\":\"https:\/\/www.africa-press.net\/comores\/\"},{\"@type\":\"ListItem\",\"position\":2,\"name\":\"Le renforcement des \u00e9changes \u00e9conomiques au c\u0153ur des \u00e9changes\"}]},{\"@type\":\"WebSite\",\"@id\":\"https:\/\/www.africa-press.net\/comores\/#website\",\"url\":\"https:\/\/www.africa-press.net\/comores\/\",\"name\":\"Comores\",\"description\":\"Just another Africa News Agency Sites site\",\"potentialAction\":[{\"@type\":\"SearchAction\",\"target\":{\"@type\":\"EntryPoint\",\"urlTemplate\":\"https:\/\/www.africa-press.net\/comores\/?s={search_term_string}\"},\"query-input\":{\"@type\":\"PropertyValueSpecification\",\"valueRequired\":true,\"valueName\":\"search_term_string\"}}],\"inLanguage\":\"fr-FR\"},{\"@type\":\"Person\",\"@id\":\"https:\/\/www.africa-press.net\/comores\/#\/schema\/person\/2b1cf3cd81a31e3cd26889ca66d677f1\",\"name\":\"cfeditorfr\"}]}<\/script>\n<!-- \/ Yoast SEO Premium plugin. -->","yoast_head_json":{"title":"Le renforcement des \u00e9changes \u00e9conomiques au c\u0153ur des \u00e9changes - Comores","description":"L\u2019Union des Chambres de Commerce d\u2019Industrie et d\u2019Agriculture et la CCIA ont rec\u0327u ce mercredi l\u2019ambassadeur de Chine ...","robots":{"index":"index","follow":"follow","max-snippet":"max-snippet:-1","max-image-preview":"max-image-preview:large","max-video-preview":"max-video-preview:-1"},"canonical":"https:\/\/www.africa-press.net\/comores\/economie\/le-renforcement-des-echanges-economiques-au-coeur-des-echanges","og_locale":"fr_FR","og_type":"article","og_title":"Le renforcement des \u00e9changes \u00e9conomiques au c\u0153ur des \u00e9changes","og_description":"L\u2019Union des Chambres de Commerce d\u2019Industrie et d\u2019Agriculture et la CCIA ont rec\u0327u ce mercredi l\u2019ambassadeur de Chine ...","og_url":"https:\/\/www.africa-press.net\/comores\/economie\/le-renforcement-des-echanges-economiques-au-coeur-des-echanges","og_site_name":"Comores","article_published_time":"2023-11-09T19:59:40+00:00","article_modified_time":"2023-11-09T22:15:13+00:00","og_image":[{"width":1600,"height":1200,"url":"https:\/\/static.africa-press.net\/centrafricaine\/sites\/48\/2023\/11\/sm_1699551734.109472.jpg","type":"image\/jpeg"}],"author":"cfeditorfr","twitter_card":"summary_large_image","twitter_misc":{"\u00c9crit par":"cfeditorfr","Dur\u00e9e de lecture estim\u00e9e":"3 minutes"},"schema":{"@context":"https:\/\/schema.org","@graph":[{"@type":"Article","@id":"https:\/\/www.africa-press.net\/comores\/economie\/le-renforcement-des-echanges-economiques-au-coeur-des-echanges#article","isPartOf":{"@id":"https:\/\/www.africa-press.net\/comores\/economie\/le-renforcement-des-echanges-economiques-au-coeur-des-echanges"},"author":{"name":"cfeditorfr","@id":"https:\/\/www.africa-press.net\/comores\/#\/schema\/person\/2b1cf3cd81a31e3cd26889ca66d677f1"},"headline":"Le renforcement des \u00e9changes \u00e9conomiques au c\u0153ur des \u00e9changes","datePublished":"2023-11-09T19:59:40+00:00","dateModified":"2023-11-09T22:15:13+00:00","mainEntityOfPage":{"@id":"https:\/\/www.africa-press.net\/comores\/economie\/le-renforcement-des-echanges-economiques-au-coeur-des-echanges"},"wordCount":551,"commentCount":0,"image":{"@id":"https:\/\/www.africa-press.net\/comores\/economie\/le-renforcement-des-echanges-economiques-au-coeur-des-echanges#primaryimage"},"thumbnailUrl":"https:\/\/static.africa-press.net\/centrafricaine\/sites\/48\/2023\/11\/sm_1699551734.109472.jpg","keywords":["Africa Press","Africa Press-Comores","Comores"],"articleSection":["\u00c9conomie","Top Nouvelles","Toutes les actualit\u00e9s"],"inLanguage":"fr-FR","potentialAction":[{"@type":"CommentAction","name":"Comment","target":["https:\/\/www.africa-press.net\/comores\/economie\/le-renforcement-des-echanges-economiques-au-coeur-des-echanges#respond"]}]},{"@type":"WebPage","@id":"https:\/\/www.africa-press.net\/comores\/economie\/le-renforcement-des-echanges-economiques-au-coeur-des-echanges","url":"https:\/\/www.africa-press.net\/comores\/economie\/le-renforcement-des-echanges-economiques-au-coeur-des-echanges","name":"Le renforcement des \u00e9changes \u00e9conomiques au c\u0153ur des \u00e9changes - Comores","isPartOf":{"@id":"https:\/\/www.africa-press.net\/comores\/#website"},"primaryImageOfPage":{"@id":"https:\/\/www.africa-press.net\/comores\/economie\/le-renforcement-des-echanges-economiques-au-coeur-des-echanges#primaryimage"},"image":{"@id":"https:\/\/www.africa-press.net\/comores\/economie\/le-renforcement-des-echanges-economiques-au-coeur-des-echanges#primaryimage"},"thumbnailUrl":"https:\/\/static.africa-press.net\/centrafricaine\/sites\/48\/2023\/11\/sm_1699551734.109472.jpg","datePublished":"2023-11-09T19:59:40+00:00","dateModified":"2023-11-09T22:15:13+00:00","author":{"@id":"https:\/\/www.africa-press.net\/comores\/#\/schema\/person\/2b1cf3cd81a31e3cd26889ca66d677f1"},"description":"L\u2019Union des Chambres de Commerce d\u2019Industrie et d\u2019Agriculture et la CCIA ont rec\u0327u ce mercredi l\u2019ambassadeur de Chine ...","breadcrumb":{"@id":"https:\/\/www.africa-press.net\/comores\/economie\/le-renforcement-des-echanges-economiques-au-coeur-des-echanges#breadcrumb"},"inLanguage":"fr-FR","potentialAction":[{"@type":"ReadAction","target":["https:\/\/www.africa-press.net\/comores\/economie\/le-renforcement-des-echanges-economiques-au-coeur-des-echanges"]}]},{"@type":"ImageObject","inLanguage":"fr-FR","@id":"https:\/\/www.africa-press.net\/comores\/economie\/le-renforcement-des-echanges-economiques-au-coeur-des-echanges#primaryimage","url":"https:\/\/static.africa-press.net\/centrafricaine\/sites\/48\/2023\/11\/sm_1699551734.109472.jpg","contentUrl":"https:\/\/static.africa-press.net\/centrafricaine\/sites\/48\/2023\/11\/sm_1699551734.109472.jpg","width":1600,"height":1200,"caption":"Le renforcement des \u00e9changes \u00e9conomiques au c\u0153ur des \u00e9changes"},{"@type":"BreadcrumbList","@id":"https:\/\/www.africa-press.net\/comores\/economie\/le-renforcement-des-echanges-economiques-au-coeur-des-echanges#breadcrumb","itemListElement":[{"@type":"ListItem","position":1,"name":"Accueil","item":"https:\/\/www.africa-press.net\/comores\/"},{"@type":"ListItem","position":2,"name":"Le renforcement des \u00e9changes \u00e9conomiques au c\u0153ur des \u00e9changes"}]},{"@type":"WebSite","@id":"https:\/\/www.africa-press.net\/comores\/#website","url":"https:\/\/www.africa-press.net\/comores\/","name":"Comores","description":"Just another Africa News Agency Sites site","potentialAction":[{"@type":"SearchAction","target":{"@type":"EntryPoint","urlTemplate":"https:\/\/www.africa-press.net\/comores\/?s={search_term_string}"},"query-input":{"@type":"PropertyValueSpecification","valueRequired":true,"valueName":"search_term_string"}}],"inLanguage":"fr-FR"},{"@type":"Person","@id":"https:\/\/www.africa-press.net\/comores\/#\/schema\/person\/2b1cf3cd81a31e3cd26889ca66d677f1","name":"cfeditorfr"}]}},"_links":{"self":[{"href":"https:\/\/www.africa-press.net\/comores\/wp-json\/wp\/v2\/posts\/13593","targetHints":{"allow":["GET"]}}],"collection":[{"href":"https:\/\/www.africa-press.net\/comores\/wp-json\/wp\/v2\/posts"}],"about":[{"href":"https:\/\/www.africa-press.net\/comores\/wp-json\/wp\/v2\/types\/post"}],"author":[{"embeddable":true,"href":"https:\/\/www.africa-press.net\/comores\/wp-json\/wp\/v2\/users\/82"}],"replies":[{"embeddable":true,"href":"https:\/\/www.africa-press.net\/comores\/wp-json\/wp\/v2\/comments?post=13593"}],"version-history":[{"count":0,"href":"https:\/\/www.africa-press.net\/comores\/wp-json\/wp\/v2\/posts\/13593\/revisions"}],"wp:featuredmedia":[{"embeddable":true,"href":"https:\/\/www.africa-press.net\/comores\/wp-json\/wp\/v2\/media\/13592"}],"wp:attachment":[{"href":"https:\/\/www.africa-press.net\/comores\/wp-json\/wp\/v2\/media?parent=13593"}],"wp:term":[{"taxonomy":"category","embeddable":true,"href":"https:\/\/www.africa-press.net\/comores\/wp-json\/wp\/v2\/categories?post=13593"},{"taxonomy":"post_tag","embeddable":true,"href":"https:\/\/www.africa-press.net\/comores\/wp-json\/wp\/v2\/tags?post=13593"}],"curies":[{"name":"wp","href":"https:\/\/api.w.org\/{rel}","templated":true}]}}