{"id":13596,"date":"2023-11-09T20:00:00","date_gmt":"2023-11-09T20:00:00","guid":{"rendered":"https:\/\/www.africa-press.net\/comores\/politique\/la-prevention-au-coeur-levenement"},"modified":"2023-11-09T22:16:14","modified_gmt":"2023-11-09T22:16:14","slug":"la-prevention-au-coeur-levenement","status":"publish","type":"post","link":"https:\/\/www.africa-press.net\/comores\/toutes-les-actualites\/la-prevention-au-coeur-levenement","title":{"rendered":"La pr\u00e9vention au c\u0153ur l\u2019\u00e9v\u00e8nement"},"content":{"rendered":"<p><span style=\"color: #ff6600\"><strong>Africa-Press &#8211; Comores. <\/strong><\/span><b>En marge de la journe\u0301e internationale de la lutte contre le diabe\u0300te, le ministe\u0300re de la sante\u0301 en collaboration avec l\u2019OMS et l\u2019ONG Sante\u0301-diabe\u0300te ont tenu une confe\u0301rence pour mettre l\u2019accent sur la sensibilisation et la pre\u0301vention. C\u2019e\u0301tait l\u2019occasion pour l\u2019ONG d\u2019annoncer leurs activite\u0301s. <\/b><\/p>\n<p>En pre\u0301sence de l\u2019OMS et de l\u2019ONG Sante\u0301-diabe\u0300te, le directeur ge\u0301ne\u0301ral de la sante\u0301 Dr Saindou Ben Ali est revenu sur la lutte contre cette maladie chronique qui se de\u0301clare lorsque le pancre\u0301as ne produit pas suffisamment d&rsquo;insuline. Selon lui, le pays s\u2019appre\u0302te a\u0300 ce\u0301le\u0301brer la journe\u0301e internationale contre le diabe\u0300te ce 14 novembre. Cette pathologie touche le monde entier et les Comores ne font pas exception. Il se caracte\u0301rise par trois cate\u0301gories a\u0300 savoir le diabe\u0300te de type 1, dont 10% des personnes atteintes sont principalement les enfants et les jeunes adultes. Ensuite le diabe\u0300te de type 2, 90% des personnes atteintes de cette maladie sont particulie\u0300rement des adultes de plus de 45 ans. Le diabe\u0300te gestationnel survient chez la femme enceinte avec une hyperglyce\u0301mie de se\u0301ve\u0301rite\u0301 variable et des risques accrus de complications pendant la grossesse et l\u2019accouchement. Et de de\u0301velopper ensuite un diabe\u0300te de type 2.<\/p>\n<p>\u00ab Selon l\u2019enque\u0302te StepWise sur les facteurs de risque des maladies non transmissibles re\u0301alise\u0301e dans le pays, il s\u2019est ave\u0301re\u0301 que 4,8% des 25-60 ans sont diabe\u0301tiques, les hommes sont plus touche\u0301s que les femmes et les sujets plus a\u0302ge\u0301s sont davantage concerne\u0301s \u00bb, avance-t-il avant de faire appel a\u0300 la pre\u0301vention pour lutter contre cette pathologie. \u00ab Nous nous appre\u0302tons a\u0300 mener une enque\u0302te avec l\u2019appui de l\u2019OMS, du projet Compass et l\u2019ONG Sante\u0301-diabe\u0300te afin d\u2019avoir des chiffres sur la maladie \u00bb.<\/p>\n<p>Pour le Dr Nassur Ahamada de l\u2019OMS, la pre\u0301vention doit e\u0302tre de mise, sur comment sensibiliser sur cette maladie dans nos structures, dans nos localite\u0301s, etc. \u00ab Pre\u0301venir le diabe\u0300te de type 2 revient a\u0300 re\u0301duire le facteur de risque modifiable. Pour ceci, il est impe\u0301ratif d\u2019opter pour une alimentation e\u0301quilibre\u0301e, manger moins sucre\u0301, manger des fruits, faire des activite\u0301s re\u0301gulie\u0300res, surveiller le poids, etc. Des fois, l\u2019on he\u0301rite cette maladie. Mais il faut contro\u0302ler son alimentation, sa glyce\u0301mie, faire des activite\u0301s sportives, etc. \u00bb, explique-t-il. C\u2019e\u0301tait l\u2019occasion pour l\u2019ONG Sante\u0301-diabe\u0300te de de\u0301voiler leurs activite\u0301s durant ce mois a\u0300 savoir des confe\u0301rences de\u0301bats, des caravanes de sensibilisation, re\u0301alisation d\u2019une e\u0301mission a\u0300 l\u2019Ortc, journe\u0301e de de\u0301pistage dans les 9 sites de Ngazidja, marche pacifique pour sensibiliser la population, etc.<\/p>\n<p><strong>Pour plus d&rsquo;informations et d&rsquo;analyses sur la <a href=\"https:\/\/www.africa-press.net\/comores\">Comores<\/a>, suivez <a href=\"https:\/\/www.africa-press.net\/\">Africa-Press<\/a><\/strong><\/p>\n","protected":false},"excerpt":{"rendered":"<p>Africa-Press &#8211; Comores. En marge de la journe\u0301e internationale de la lutte contre le diabe\u0300te, le ministe\u0300re de la sante\u0301 en collaboration avec l\u2019OMS et l\u2019ONG Sante\u0301-diabe\u0300te ont tenu une confe\u0301rence pour mettre l\u2019accent sur la sensibilisation et la pre\u0301vention. C\u2019e\u0301tait l\u2019occasion pour l\u2019ONG d\u2019annoncer leurs activite\u0301s. En pre\u0301sence de l\u2019OMS et de l\u2019ONG Sante\u0301-diabe\u0300te, [&hellip;]<\/p>\n","protected":false},"author":82,"featured_media":13594,"comment_status":"open","ping_status":"closed","sticky":false,"template":"","format":"standard","meta":{"footnotes":""},"categories":[21,10],"tags":[36,53,45],"class_list":["post-13596","post","type-post","status-publish","format-standard","has-post-thumbnail","hentry","category-communaute","category-toutes-les-actualites","tag-africa-press","tag-africa-press-comores","tag-comores"],"yoast_head":"<!-- This site is optimized with the Yoast SEO Premium plugin v26.1 (Yoast SEO v27.0) - https:\/\/yoast.com\/product\/yoast-seo-premium-wordpress\/ -->\n<title>La pr\u00e9vention au c\u0153ur l\u2019\u00e9v\u00e8nement - Comores<\/title>\n<meta name=\"description\" content=\"En marge de la journe\u0301e internationale de la lutte contre le diabe\u0300te, le ministe\u0300re de la sante\u0301 en collaboration av ...\" \/>\n<meta name=\"robots\" content=\"index, follow, max-snippet:-1, max-image-preview:large, max-video-preview:-1\" \/>\n<link rel=\"canonical\" href=\"https:\/\/www.africa-press.net\/comores\/toutes-les-actualites\/la-prevention-au-coeur-levenement\" \/>\n<meta property=\"og:locale\" content=\"fr_FR\" \/>\n<meta property=\"og:type\" content=\"article\" \/>\n<meta property=\"og:title\" content=\"La pr\u00e9vention au c\u0153ur l\u2019\u00e9v\u00e8nement\" \/>\n<meta property=\"og:description\" content=\"En marge de la journe\u0301e internationale de la lutte contre le diabe\u0300te, le ministe\u0300re de la sante\u0301 en collaboration av ...\" \/>\n<meta property=\"og:url\" content=\"https:\/\/www.africa-press.net\/comores\/toutes-les-actualites\/la-prevention-au-coeur-levenement\" \/>\n<meta property=\"og:site_name\" content=\"Comores\" \/>\n<meta property=\"article:published_time\" content=\"2023-11-09T20:00:00+00:00\" \/>\n<meta property=\"article:modified_time\" content=\"2023-11-09T22:16:14+00:00\" \/>\n<meta property=\"og:image\" content=\"https:\/\/static.africa-press.net\/centrafricaine\/sites\/48\/2023\/11\/sm_1699551784.909329.jpg\" \/>\n\t<meta property=\"og:image:width\" content=\"1134\" \/>\n\t<meta property=\"og:image:height\" content=\"850\" \/>\n\t<meta property=\"og:image:type\" content=\"image\/jpeg\" \/>\n<meta name=\"author\" content=\"cfeditorfr\" \/>\n<meta name=\"twitter:card\" content=\"summary_large_image\" \/>\n<meta name=\"twitter:label1\" content=\"\u00c9crit par\" \/>\n\t<meta name=\"twitter:data1\" content=\"cfeditorfr\" \/>\n\t<meta name=\"twitter:label2\" content=\"Dur\u00e9e de lecture estim\u00e9e\" \/>\n\t<meta name=\"twitter:data2\" content=\"2 minutes\" \/>\n<script type=\"application\/ld+json\" class=\"yoast-schema-graph\">{\"@context\":\"https:\/\/schema.org\",\"@graph\":[{\"@type\":\"Article\",\"@id\":\"https:\/\/www.africa-press.net\/comores\/toutes-les-actualites\/la-prevention-au-coeur-levenement#article\",\"isPartOf\":{\"@id\":\"https:\/\/www.africa-press.net\/comores\/toutes-les-actualites\/la-prevention-au-coeur-levenement\"},\"author\":{\"name\":\"cfeditorfr\",\"@id\":\"https:\/\/www.africa-press.net\/comores\/#\/schema\/person\/2b1cf3cd81a31e3cd26889ca66d677f1\"},\"headline\":\"La pr\u00e9vention au c\u0153ur l\u2019\u00e9v\u00e8nement\",\"datePublished\":\"2023-11-09T20:00:00+00:00\",\"dateModified\":\"2023-11-09T22:16:14+00:00\",\"mainEntityOfPage\":{\"@id\":\"https:\/\/www.africa-press.net\/comores\/toutes-les-actualites\/la-prevention-au-coeur-levenement\"},\"wordCount\":511,\"commentCount\":0,\"image\":{\"@id\":\"https:\/\/www.africa-press.net\/comores\/toutes-les-actualites\/la-prevention-au-coeur-levenement#primaryimage\"},\"thumbnailUrl\":\"https:\/\/static.africa-press.net\/centrafricaine\/sites\/48\/2023\/11\/sm_1699551784.909329.jpg\",\"keywords\":[\"Africa Press\",\"Africa Press-Comores\",\"Comores\"],\"articleSection\":[\"Communaut\u00e9\",\"Toutes les actualit\u00e9s\"],\"inLanguage\":\"fr-FR\",\"potentialAction\":[{\"@type\":\"CommentAction\",\"name\":\"Comment\",\"target\":[\"https:\/\/www.africa-press.net\/comores\/toutes-les-actualites\/la-prevention-au-coeur-levenement#respond\"]}]},{\"@type\":\"WebPage\",\"@id\":\"https:\/\/www.africa-press.net\/comores\/toutes-les-actualites\/la-prevention-au-coeur-levenement\",\"url\":\"https:\/\/www.africa-press.net\/comores\/toutes-les-actualites\/la-prevention-au-coeur-levenement\",\"name\":\"La pr\u00e9vention au c\u0153ur l\u2019\u00e9v\u00e8nement - Comores\",\"isPartOf\":{\"@id\":\"https:\/\/www.africa-press.net\/comores\/#website\"},\"primaryImageOfPage\":{\"@id\":\"https:\/\/www.africa-press.net\/comores\/toutes-les-actualites\/la-prevention-au-coeur-levenement#primaryimage\"},\"image\":{\"@id\":\"https:\/\/www.africa-press.net\/comores\/toutes-les-actualites\/la-prevention-au-coeur-levenement#primaryimage\"},\"thumbnailUrl\":\"https:\/\/static.africa-press.net\/centrafricaine\/sites\/48\/2023\/11\/sm_1699551784.909329.jpg\",\"datePublished\":\"2023-11-09T20:00:00+00:00\",\"dateModified\":\"2023-11-09T22:16:14+00:00\",\"author\":{\"@id\":\"https:\/\/www.africa-press.net\/comores\/#\/schema\/person\/2b1cf3cd81a31e3cd26889ca66d677f1\"},\"description\":\"En marge de la journe\u0301e internationale de la lutte contre le diabe\u0300te, le ministe\u0300re de la sante\u0301 en collaboration av ...\",\"breadcrumb\":{\"@id\":\"https:\/\/www.africa-press.net\/comores\/toutes-les-actualites\/la-prevention-au-coeur-levenement#breadcrumb\"},\"inLanguage\":\"fr-FR\",\"potentialAction\":[{\"@type\":\"ReadAction\",\"target\":[\"https:\/\/www.africa-press.net\/comores\/toutes-les-actualites\/la-prevention-au-coeur-levenement\"]}]},{\"@type\":\"ImageObject\",\"inLanguage\":\"fr-FR\",\"@id\":\"https:\/\/www.africa-press.net\/comores\/toutes-les-actualites\/la-prevention-au-coeur-levenement#primaryimage\",\"url\":\"https:\/\/static.africa-press.net\/centrafricaine\/sites\/48\/2023\/11\/sm_1699551784.909329.jpg\",\"contentUrl\":\"https:\/\/static.africa-press.net\/centrafricaine\/sites\/48\/2023\/11\/sm_1699551784.909329.jpg\",\"width\":1134,\"height\":850,\"caption\":\"La pr\u00e9vention au c\u0153ur l\u2019\u00e9v\u00e8nement\"},{\"@type\":\"BreadcrumbList\",\"@id\":\"https:\/\/www.africa-press.net\/comores\/toutes-les-actualites\/la-prevention-au-coeur-levenement#breadcrumb\",\"itemListElement\":[{\"@type\":\"ListItem\",\"position\":1,\"name\":\"Accueil\",\"item\":\"https:\/\/www.africa-press.net\/comores\/\"},{\"@type\":\"ListItem\",\"position\":2,\"name\":\"La pr\u00e9vention au c\u0153ur l\u2019\u00e9v\u00e8nement\"}]},{\"@type\":\"WebSite\",\"@id\":\"https:\/\/www.africa-press.net\/comores\/#website\",\"url\":\"https:\/\/www.africa-press.net\/comores\/\",\"name\":\"Comores\",\"description\":\"Just another Africa News Agency Sites site\",\"potentialAction\":[{\"@type\":\"SearchAction\",\"target\":{\"@type\":\"EntryPoint\",\"urlTemplate\":\"https:\/\/www.africa-press.net\/comores\/?s={search_term_string}\"},\"query-input\":{\"@type\":\"PropertyValueSpecification\",\"valueRequired\":true,\"valueName\":\"search_term_string\"}}],\"inLanguage\":\"fr-FR\"},{\"@type\":\"Person\",\"@id\":\"https:\/\/www.africa-press.net\/comores\/#\/schema\/person\/2b1cf3cd81a31e3cd26889ca66d677f1\",\"name\":\"cfeditorfr\"}]}<\/script>\n<!-- \/ Yoast SEO Premium plugin. -->","yoast_head_json":{"title":"La pr\u00e9vention au c\u0153ur l\u2019\u00e9v\u00e8nement - Comores","description":"En marge de la journe\u0301e internationale de la lutte contre le diabe\u0300te, le ministe\u0300re de la sante\u0301 en collaboration av ...","robots":{"index":"index","follow":"follow","max-snippet":"max-snippet:-1","max-image-preview":"max-image-preview:large","max-video-preview":"max-video-preview:-1"},"canonical":"https:\/\/www.africa-press.net\/comores\/toutes-les-actualites\/la-prevention-au-coeur-levenement","og_locale":"fr_FR","og_type":"article","og_title":"La pr\u00e9vention au c\u0153ur l\u2019\u00e9v\u00e8nement","og_description":"En marge de la journe\u0301e internationale de la lutte contre le diabe\u0300te, le ministe\u0300re de la sante\u0301 en collaboration av ...","og_url":"https:\/\/www.africa-press.net\/comores\/toutes-les-actualites\/la-prevention-au-coeur-levenement","og_site_name":"Comores","article_published_time":"2023-11-09T20:00:00+00:00","article_modified_time":"2023-11-09T22:16:14+00:00","og_image":[{"width":1134,"height":850,"url":"https:\/\/static.africa-press.net\/centrafricaine\/sites\/48\/2023\/11\/sm_1699551784.909329.jpg","type":"image\/jpeg"}],"author":"cfeditorfr","twitter_card":"summary_large_image","twitter_misc":{"\u00c9crit par":"cfeditorfr","Dur\u00e9e de lecture estim\u00e9e":"2 minutes"},"schema":{"@context":"https:\/\/schema.org","@graph":[{"@type":"Article","@id":"https:\/\/www.africa-press.net\/comores\/toutes-les-actualites\/la-prevention-au-coeur-levenement#article","isPartOf":{"@id":"https:\/\/www.africa-press.net\/comores\/toutes-les-actualites\/la-prevention-au-coeur-levenement"},"author":{"name":"cfeditorfr","@id":"https:\/\/www.africa-press.net\/comores\/#\/schema\/person\/2b1cf3cd81a31e3cd26889ca66d677f1"},"headline":"La pr\u00e9vention au c\u0153ur l\u2019\u00e9v\u00e8nement","datePublished":"2023-11-09T20:00:00+00:00","dateModified":"2023-11-09T22:16:14+00:00","mainEntityOfPage":{"@id":"https:\/\/www.africa-press.net\/comores\/toutes-les-actualites\/la-prevention-au-coeur-levenement"},"wordCount":511,"commentCount":0,"image":{"@id":"https:\/\/www.africa-press.net\/comores\/toutes-les-actualites\/la-prevention-au-coeur-levenement#primaryimage"},"thumbnailUrl":"https:\/\/static.africa-press.net\/centrafricaine\/sites\/48\/2023\/11\/sm_1699551784.909329.jpg","keywords":["Africa Press","Africa Press-Comores","Comores"],"articleSection":["Communaut\u00e9","Toutes les actualit\u00e9s"],"inLanguage":"fr-FR","potentialAction":[{"@type":"CommentAction","name":"Comment","target":["https:\/\/www.africa-press.net\/comores\/toutes-les-actualites\/la-prevention-au-coeur-levenement#respond"]}]},{"@type":"WebPage","@id":"https:\/\/www.africa-press.net\/comores\/toutes-les-actualites\/la-prevention-au-coeur-levenement","url":"https:\/\/www.africa-press.net\/comores\/toutes-les-actualites\/la-prevention-au-coeur-levenement","name":"La pr\u00e9vention au c\u0153ur l\u2019\u00e9v\u00e8nement - Comores","isPartOf":{"@id":"https:\/\/www.africa-press.net\/comores\/#website"},"primaryImageOfPage":{"@id":"https:\/\/www.africa-press.net\/comores\/toutes-les-actualites\/la-prevention-au-coeur-levenement#primaryimage"},"image":{"@id":"https:\/\/www.africa-press.net\/comores\/toutes-les-actualites\/la-prevention-au-coeur-levenement#primaryimage"},"thumbnailUrl":"https:\/\/static.africa-press.net\/centrafricaine\/sites\/48\/2023\/11\/sm_1699551784.909329.jpg","datePublished":"2023-11-09T20:00:00+00:00","dateModified":"2023-11-09T22:16:14+00:00","author":{"@id":"https:\/\/www.africa-press.net\/comores\/#\/schema\/person\/2b1cf3cd81a31e3cd26889ca66d677f1"},"description":"En marge de la journe\u0301e internationale de la lutte contre le diabe\u0300te, le ministe\u0300re de la sante\u0301 en collaboration av ...","breadcrumb":{"@id":"https:\/\/www.africa-press.net\/comores\/toutes-les-actualites\/la-prevention-au-coeur-levenement#breadcrumb"},"inLanguage":"fr-FR","potentialAction":[{"@type":"ReadAction","target":["https:\/\/www.africa-press.net\/comores\/toutes-les-actualites\/la-prevention-au-coeur-levenement"]}]},{"@type":"ImageObject","inLanguage":"fr-FR","@id":"https:\/\/www.africa-press.net\/comores\/toutes-les-actualites\/la-prevention-au-coeur-levenement#primaryimage","url":"https:\/\/static.africa-press.net\/centrafricaine\/sites\/48\/2023\/11\/sm_1699551784.909329.jpg","contentUrl":"https:\/\/static.africa-press.net\/centrafricaine\/sites\/48\/2023\/11\/sm_1699551784.909329.jpg","width":1134,"height":850,"caption":"La pr\u00e9vention au c\u0153ur l\u2019\u00e9v\u00e8nement"},{"@type":"BreadcrumbList","@id":"https:\/\/www.africa-press.net\/comores\/toutes-les-actualites\/la-prevention-au-coeur-levenement#breadcrumb","itemListElement":[{"@type":"ListItem","position":1,"name":"Accueil","item":"https:\/\/www.africa-press.net\/comores\/"},{"@type":"ListItem","position":2,"name":"La pr\u00e9vention au c\u0153ur l\u2019\u00e9v\u00e8nement"}]},{"@type":"WebSite","@id":"https:\/\/www.africa-press.net\/comores\/#website","url":"https:\/\/www.africa-press.net\/comores\/","name":"Comores","description":"Just another Africa News Agency Sites site","potentialAction":[{"@type":"SearchAction","target":{"@type":"EntryPoint","urlTemplate":"https:\/\/www.africa-press.net\/comores\/?s={search_term_string}"},"query-input":{"@type":"PropertyValueSpecification","valueRequired":true,"valueName":"search_term_string"}}],"inLanguage":"fr-FR"},{"@type":"Person","@id":"https:\/\/www.africa-press.net\/comores\/#\/schema\/person\/2b1cf3cd81a31e3cd26889ca66d677f1","name":"cfeditorfr"}]}},"_links":{"self":[{"href":"https:\/\/www.africa-press.net\/comores\/wp-json\/wp\/v2\/posts\/13596","targetHints":{"allow":["GET"]}}],"collection":[{"href":"https:\/\/www.africa-press.net\/comores\/wp-json\/wp\/v2\/posts"}],"about":[{"href":"https:\/\/www.africa-press.net\/comores\/wp-json\/wp\/v2\/types\/post"}],"author":[{"embeddable":true,"href":"https:\/\/www.africa-press.net\/comores\/wp-json\/wp\/v2\/users\/82"}],"replies":[{"embeddable":true,"href":"https:\/\/www.africa-press.net\/comores\/wp-json\/wp\/v2\/comments?post=13596"}],"version-history":[{"count":0,"href":"https:\/\/www.africa-press.net\/comores\/wp-json\/wp\/v2\/posts\/13596\/revisions"}],"wp:featuredmedia":[{"embeddable":true,"href":"https:\/\/www.africa-press.net\/comores\/wp-json\/wp\/v2\/media\/13594"}],"wp:attachment":[{"href":"https:\/\/www.africa-press.net\/comores\/wp-json\/wp\/v2\/media?parent=13596"}],"wp:term":[{"taxonomy":"category","embeddable":true,"href":"https:\/\/www.africa-press.net\/comores\/wp-json\/wp\/v2\/categories?post=13596"},{"taxonomy":"post_tag","embeddable":true,"href":"https:\/\/www.africa-press.net\/comores\/wp-json\/wp\/v2\/tags?post=13596"}],"curies":[{"name":"wp","href":"https:\/\/api.w.org\/{rel}","templated":true}]}}