{"id":13615,"date":"2023-11-10T18:57:18","date_gmt":"2023-11-10T18:57:18","guid":{"rendered":"https:\/\/www.africa-press.net\/comores\/politique\/sambi-a-recu-la-visite-dun-ambassadeur-iranien"},"modified":"2023-11-10T20:41:12","modified_gmt":"2023-11-10T20:41:12","slug":"sambi-a-recu-la-visite-dun-ambassadeur-iranien","status":"publish","type":"post","link":"https:\/\/www.africa-press.net\/comores\/politique\/sambi-a-recu-la-visite-dun-ambassadeur-iranien","title":{"rendered":"Sambi a re\u00e7u la visite d\u2019un ambassadeur iranien"},"content":{"rendered":"<p><span style=\"color: #ff6600\"><strong>Africa-Press &#8211; Comores. <\/strong><\/span><b>Selon le porte-parole du gouvernement Houmed Msaidie, l\u2019ambassadeur iranien a\u0300 Madagascar s\u2019est entretenu avec l\u2019ancien pre\u0301sident Ahmed Abdallah Sambi pendant 4h de temps dans son lieu de de\u0301tention au nord de Moroni.<\/b><\/p>\n<p>Cette visite est symbolique quand on sait la proximite\u0301 entre l\u2019ancien pre\u0301sident et la puissance moyen-orientale. C\u2019est dans une publication sur X (anciennement Twitter), que le porte-parole du gouvernement Houmed Msaidie a rendu publique l\u2019information : \u00ab L\u2019ambassadeur iranien a\u0300 Madagascar, Mr Ali Bakhshi Hassan, en visite prive\u0301e aux Comores, a rendu visite a\u0300 l\u2019ancien pre\u0301sident Sambi a\u0300 Voidjou, son lieu de de\u0301tention \u00bb, a-t-il e\u0301crit. M.Msaidie pre\u0301cise que l\u2019entretien a eu lieu le 6 novembre et qu\u2019il a dure\u0301 4h de temps. Pour l\u2019instant rien n\u2019a filtre\u0301 de ce long te\u0302te-a\u0300-te\u0302te entre les deux hommes.<\/p>\n<p>Ce qui est certain, l\u2019ancien chef de l\u2019E\u0301tat entretient des relations privile\u0301gie\u0301es avec la Re\u0301publique islamique ou\u0300 il a fait une partie de ses e\u0301tudes supe\u0301rieures. Quand il e\u0301tait pre\u0301sident, il a fait venir en 2009 son homologue Mahmoud Ahmadinejad qui, tout le long de son parcours jusqu\u2019au palais du peuple ou\u0300 il a du\u0302 s\u2019exprimer, a pu se rendre compte de la popularite\u0301 de l\u2019homme au turban. Deux ans auparavant, une de\u0301le\u0301gation compose\u0301e de 5 ministres iraniens avait fait le de\u0301placement a\u0300 Moroni pour signer des accords dans le domaine de la pe\u0302che, de l\u2019agriculture, de l\u2019enseignement supe\u0301rieur ainsi que dans la se\u0301curite\u0301 et la de\u0301fense. Sambi lui-me\u0302me avait de\u0301ja\u0300 effectue\u0301 une visite officielle a\u0300 Te\u0301he\u0301ran ou\u0300 il a e\u0301te\u0301 rec\u0327u avec tous les honneurs.<\/p>\n<p>En 2016, le successeur de Sambi, Ikililou Dhoinine, a emboite\u0301 le pas a\u0300 l\u2019Arabie Saoudite et rompu les relations diplomatiques entre Moroni et Te\u0301he\u0301ran. Une de\u0301cision qui a e\u0301te\u0301 tre\u0300s mal accueillie par son pre\u0301de\u0301cesseur. A la veille des e\u0301che\u0301ances e\u0301lectorales auxquelles le parti Juwa de l\u2019ancien chef de l\u2019E\u0301tat prend part apre\u0300s plus de 10 ans dans l\u2019opposition, difficile d\u2019imaginer que l\u2019ambassadeur iranien ait pu clore la discussion avec un Sambi de\u0301tenu depuis 2018 sans e\u0301voquer le sort de ce dernier et surtout a\u0300 l\u2019approche d\u2019un prochain scrutin aux multiples enjeux.<\/p>\n<p><strong>Pour plus d&rsquo;informations et d&rsquo;analyses sur la <a href=\"https:\/\/www.africa-press.net\/comores\">Comores<\/a>, suivez <a href=\"https:\/\/www.africa-press.net\/\">Africa-Press<\/a><\/strong><\/p>\n","protected":false},"excerpt":{"rendered":"<p>Africa-Press &#8211; Comores. Selon le porte-parole du gouvernement Houmed Msaidie, l\u2019ambassadeur iranien a\u0300 Madagascar s\u2019est entretenu avec l\u2019ancien pre\u0301sident Ahmed Abdallah Sambi pendant 4h de temps dans son lieu de de\u0301tention au nord de Moroni. Cette visite est symbolique quand on sait la proximite\u0301 entre l\u2019ancien pre\u0301sident et la puissance moyen-orientale. C\u2019est dans une publication [&hellip;]<\/p>\n","protected":false},"author":82,"featured_media":13614,"comment_status":"open","ping_status":"closed","sticky":false,"template":"","format":"standard","meta":{"footnotes":""},"categories":[2,20,10],"tags":[36,53,45],"class_list":["post-13615","post","type-post","status-publish","format-standard","has-post-thumbnail","hentry","category-politique","category-top-nouvelles","category-toutes-les-actualites","tag-africa-press","tag-africa-press-comores","tag-comores"],"yoast_head":"<!-- This site is optimized with the Yoast SEO Premium plugin v26.1 (Yoast SEO v27.0) - https:\/\/yoast.com\/product\/yoast-seo-premium-wordpress\/ -->\n<title>Sambi a re\u00e7u la visite d\u2019un ambassadeur iranien - Comores<\/title>\n<meta name=\"description\" content=\"Selon le porte-parole du gouvernement Houmed Msaidie, l\u2019ambassadeur iranien a\u0300 Madagascar s\u2019est entretenu avec l\u2019anci ...\" \/>\n<meta name=\"robots\" content=\"index, follow, max-snippet:-1, max-image-preview:large, max-video-preview:-1\" \/>\n<link rel=\"canonical\" href=\"https:\/\/www.africa-press.net\/comores\/politique\/sambi-a-recu-la-visite-dun-ambassadeur-iranien\" \/>\n<meta property=\"og:locale\" content=\"fr_FR\" \/>\n<meta property=\"og:type\" content=\"article\" \/>\n<meta property=\"og:title\" content=\"Sambi a re\u00e7u la visite d\u2019un ambassadeur iranien\" \/>\n<meta property=\"og:description\" content=\"Selon le porte-parole du gouvernement Houmed Msaidie, l\u2019ambassadeur iranien a\u0300 Madagascar s\u2019est entretenu avec l\u2019anci ...\" \/>\n<meta property=\"og:url\" content=\"https:\/\/www.africa-press.net\/comores\/politique\/sambi-a-recu-la-visite-dun-ambassadeur-iranien\" \/>\n<meta property=\"og:site_name\" content=\"Comores\" \/>\n<meta property=\"article:published_time\" content=\"2023-11-10T18:57:18+00:00\" \/>\n<meta property=\"article:modified_time\" content=\"2023-11-10T20:41:12+00:00\" \/>\n<meta property=\"og:image\" content=\"https:\/\/static.africa-press.net\/centrafricaine\/sites\/48\/2023\/11\/sm_1699632511.408273.jpg\" \/>\n\t<meta property=\"og:image:width\" content=\"1556\" \/>\n\t<meta property=\"og:image:height\" content=\"1139\" \/>\n\t<meta property=\"og:image:type\" content=\"image\/jpeg\" \/>\n<meta name=\"author\" content=\"cfeditorfr\" \/>\n<meta name=\"twitter:card\" content=\"summary_large_image\" \/>\n<meta name=\"twitter:label1\" content=\"\u00c9crit par\" \/>\n\t<meta name=\"twitter:data1\" content=\"cfeditorfr\" \/>\n\t<meta name=\"twitter:label2\" content=\"Dur\u00e9e de lecture estim\u00e9e\" \/>\n\t<meta name=\"twitter:data2\" content=\"2 minutes\" \/>\n<script type=\"application\/ld+json\" class=\"yoast-schema-graph\">{\"@context\":\"https:\/\/schema.org\",\"@graph\":[{\"@type\":\"Article\",\"@id\":\"https:\/\/www.africa-press.net\/comores\/politique\/sambi-a-recu-la-visite-dun-ambassadeur-iranien#article\",\"isPartOf\":{\"@id\":\"https:\/\/www.africa-press.net\/comores\/politique\/sambi-a-recu-la-visite-dun-ambassadeur-iranien\"},\"author\":{\"name\":\"cfeditorfr\",\"@id\":\"https:\/\/www.africa-press.net\/comores\/#\/schema\/person\/2b1cf3cd81a31e3cd26889ca66d677f1\"},\"headline\":\"Sambi a re\u00e7u la visite d\u2019un ambassadeur iranien\",\"datePublished\":\"2023-11-10T18:57:18+00:00\",\"dateModified\":\"2023-11-10T20:41:12+00:00\",\"mainEntityOfPage\":{\"@id\":\"https:\/\/www.africa-press.net\/comores\/politique\/sambi-a-recu-la-visite-dun-ambassadeur-iranien\"},\"wordCount\":437,\"commentCount\":0,\"image\":{\"@id\":\"https:\/\/www.africa-press.net\/comores\/politique\/sambi-a-recu-la-visite-dun-ambassadeur-iranien#primaryimage\"},\"thumbnailUrl\":\"https:\/\/static.africa-press.net\/centrafricaine\/sites\/48\/2023\/11\/sm_1699632511.408273.jpg\",\"keywords\":[\"Africa Press\",\"Africa Press-Comores\",\"Comores\"],\"articleSection\":[\"Politique\",\"Top Nouvelles\",\"Toutes les actualit\u00e9s\"],\"inLanguage\":\"fr-FR\",\"potentialAction\":[{\"@type\":\"CommentAction\",\"name\":\"Comment\",\"target\":[\"https:\/\/www.africa-press.net\/comores\/politique\/sambi-a-recu-la-visite-dun-ambassadeur-iranien#respond\"]}]},{\"@type\":\"WebPage\",\"@id\":\"https:\/\/www.africa-press.net\/comores\/politique\/sambi-a-recu-la-visite-dun-ambassadeur-iranien\",\"url\":\"https:\/\/www.africa-press.net\/comores\/politique\/sambi-a-recu-la-visite-dun-ambassadeur-iranien\",\"name\":\"Sambi a re\u00e7u la visite d\u2019un ambassadeur iranien - Comores\",\"isPartOf\":{\"@id\":\"https:\/\/www.africa-press.net\/comores\/#website\"},\"primaryImageOfPage\":{\"@id\":\"https:\/\/www.africa-press.net\/comores\/politique\/sambi-a-recu-la-visite-dun-ambassadeur-iranien#primaryimage\"},\"image\":{\"@id\":\"https:\/\/www.africa-press.net\/comores\/politique\/sambi-a-recu-la-visite-dun-ambassadeur-iranien#primaryimage\"},\"thumbnailUrl\":\"https:\/\/static.africa-press.net\/centrafricaine\/sites\/48\/2023\/11\/sm_1699632511.408273.jpg\",\"datePublished\":\"2023-11-10T18:57:18+00:00\",\"dateModified\":\"2023-11-10T20:41:12+00:00\",\"author\":{\"@id\":\"https:\/\/www.africa-press.net\/comores\/#\/schema\/person\/2b1cf3cd81a31e3cd26889ca66d677f1\"},\"description\":\"Selon le porte-parole du gouvernement Houmed Msaidie, l\u2019ambassadeur iranien a\u0300 Madagascar s\u2019est entretenu avec l\u2019anci ...\",\"breadcrumb\":{\"@id\":\"https:\/\/www.africa-press.net\/comores\/politique\/sambi-a-recu-la-visite-dun-ambassadeur-iranien#breadcrumb\"},\"inLanguage\":\"fr-FR\",\"potentialAction\":[{\"@type\":\"ReadAction\",\"target\":[\"https:\/\/www.africa-press.net\/comores\/politique\/sambi-a-recu-la-visite-dun-ambassadeur-iranien\"]}]},{\"@type\":\"ImageObject\",\"inLanguage\":\"fr-FR\",\"@id\":\"https:\/\/www.africa-press.net\/comores\/politique\/sambi-a-recu-la-visite-dun-ambassadeur-iranien#primaryimage\",\"url\":\"https:\/\/static.africa-press.net\/centrafricaine\/sites\/48\/2023\/11\/sm_1699632511.408273.jpg\",\"contentUrl\":\"https:\/\/static.africa-press.net\/centrafricaine\/sites\/48\/2023\/11\/sm_1699632511.408273.jpg\",\"width\":1556,\"height\":1139,\"caption\":\"Sambi a re\u00e7u la visite d\u2019un ambassadeur iranien\"},{\"@type\":\"BreadcrumbList\",\"@id\":\"https:\/\/www.africa-press.net\/comores\/politique\/sambi-a-recu-la-visite-dun-ambassadeur-iranien#breadcrumb\",\"itemListElement\":[{\"@type\":\"ListItem\",\"position\":1,\"name\":\"Accueil\",\"item\":\"https:\/\/www.africa-press.net\/comores\/\"},{\"@type\":\"ListItem\",\"position\":2,\"name\":\"Sambi a re\u00e7u la visite d\u2019un ambassadeur iranien\"}]},{\"@type\":\"WebSite\",\"@id\":\"https:\/\/www.africa-press.net\/comores\/#website\",\"url\":\"https:\/\/www.africa-press.net\/comores\/\",\"name\":\"Comores\",\"description\":\"Just another Africa News Agency Sites site\",\"potentialAction\":[{\"@type\":\"SearchAction\",\"target\":{\"@type\":\"EntryPoint\",\"urlTemplate\":\"https:\/\/www.africa-press.net\/comores\/?s={search_term_string}\"},\"query-input\":{\"@type\":\"PropertyValueSpecification\",\"valueRequired\":true,\"valueName\":\"search_term_string\"}}],\"inLanguage\":\"fr-FR\"},{\"@type\":\"Person\",\"@id\":\"https:\/\/www.africa-press.net\/comores\/#\/schema\/person\/2b1cf3cd81a31e3cd26889ca66d677f1\",\"name\":\"cfeditorfr\"}]}<\/script>\n<!-- \/ Yoast SEO Premium plugin. -->","yoast_head_json":{"title":"Sambi a re\u00e7u la visite d\u2019un ambassadeur iranien - Comores","description":"Selon le porte-parole du gouvernement Houmed Msaidie, l\u2019ambassadeur iranien a\u0300 Madagascar s\u2019est entretenu avec l\u2019anci ...","robots":{"index":"index","follow":"follow","max-snippet":"max-snippet:-1","max-image-preview":"max-image-preview:large","max-video-preview":"max-video-preview:-1"},"canonical":"https:\/\/www.africa-press.net\/comores\/politique\/sambi-a-recu-la-visite-dun-ambassadeur-iranien","og_locale":"fr_FR","og_type":"article","og_title":"Sambi a re\u00e7u la visite d\u2019un ambassadeur iranien","og_description":"Selon le porte-parole du gouvernement Houmed Msaidie, l\u2019ambassadeur iranien a\u0300 Madagascar s\u2019est entretenu avec l\u2019anci ...","og_url":"https:\/\/www.africa-press.net\/comores\/politique\/sambi-a-recu-la-visite-dun-ambassadeur-iranien","og_site_name":"Comores","article_published_time":"2023-11-10T18:57:18+00:00","article_modified_time":"2023-11-10T20:41:12+00:00","og_image":[{"width":1556,"height":1139,"url":"https:\/\/static.africa-press.net\/centrafricaine\/sites\/48\/2023\/11\/sm_1699632511.408273.jpg","type":"image\/jpeg"}],"author":"cfeditorfr","twitter_card":"summary_large_image","twitter_misc":{"\u00c9crit par":"cfeditorfr","Dur\u00e9e de lecture estim\u00e9e":"2 minutes"},"schema":{"@context":"https:\/\/schema.org","@graph":[{"@type":"Article","@id":"https:\/\/www.africa-press.net\/comores\/politique\/sambi-a-recu-la-visite-dun-ambassadeur-iranien#article","isPartOf":{"@id":"https:\/\/www.africa-press.net\/comores\/politique\/sambi-a-recu-la-visite-dun-ambassadeur-iranien"},"author":{"name":"cfeditorfr","@id":"https:\/\/www.africa-press.net\/comores\/#\/schema\/person\/2b1cf3cd81a31e3cd26889ca66d677f1"},"headline":"Sambi a re\u00e7u la visite d\u2019un ambassadeur iranien","datePublished":"2023-11-10T18:57:18+00:00","dateModified":"2023-11-10T20:41:12+00:00","mainEntityOfPage":{"@id":"https:\/\/www.africa-press.net\/comores\/politique\/sambi-a-recu-la-visite-dun-ambassadeur-iranien"},"wordCount":437,"commentCount":0,"image":{"@id":"https:\/\/www.africa-press.net\/comores\/politique\/sambi-a-recu-la-visite-dun-ambassadeur-iranien#primaryimage"},"thumbnailUrl":"https:\/\/static.africa-press.net\/centrafricaine\/sites\/48\/2023\/11\/sm_1699632511.408273.jpg","keywords":["Africa Press","Africa Press-Comores","Comores"],"articleSection":["Politique","Top Nouvelles","Toutes les actualit\u00e9s"],"inLanguage":"fr-FR","potentialAction":[{"@type":"CommentAction","name":"Comment","target":["https:\/\/www.africa-press.net\/comores\/politique\/sambi-a-recu-la-visite-dun-ambassadeur-iranien#respond"]}]},{"@type":"WebPage","@id":"https:\/\/www.africa-press.net\/comores\/politique\/sambi-a-recu-la-visite-dun-ambassadeur-iranien","url":"https:\/\/www.africa-press.net\/comores\/politique\/sambi-a-recu-la-visite-dun-ambassadeur-iranien","name":"Sambi a re\u00e7u la visite d\u2019un ambassadeur iranien - Comores","isPartOf":{"@id":"https:\/\/www.africa-press.net\/comores\/#website"},"primaryImageOfPage":{"@id":"https:\/\/www.africa-press.net\/comores\/politique\/sambi-a-recu-la-visite-dun-ambassadeur-iranien#primaryimage"},"image":{"@id":"https:\/\/www.africa-press.net\/comores\/politique\/sambi-a-recu-la-visite-dun-ambassadeur-iranien#primaryimage"},"thumbnailUrl":"https:\/\/static.africa-press.net\/centrafricaine\/sites\/48\/2023\/11\/sm_1699632511.408273.jpg","datePublished":"2023-11-10T18:57:18+00:00","dateModified":"2023-11-10T20:41:12+00:00","author":{"@id":"https:\/\/www.africa-press.net\/comores\/#\/schema\/person\/2b1cf3cd81a31e3cd26889ca66d677f1"},"description":"Selon le porte-parole du gouvernement Houmed Msaidie, l\u2019ambassadeur iranien a\u0300 Madagascar s\u2019est entretenu avec l\u2019anci ...","breadcrumb":{"@id":"https:\/\/www.africa-press.net\/comores\/politique\/sambi-a-recu-la-visite-dun-ambassadeur-iranien#breadcrumb"},"inLanguage":"fr-FR","potentialAction":[{"@type":"ReadAction","target":["https:\/\/www.africa-press.net\/comores\/politique\/sambi-a-recu-la-visite-dun-ambassadeur-iranien"]}]},{"@type":"ImageObject","inLanguage":"fr-FR","@id":"https:\/\/www.africa-press.net\/comores\/politique\/sambi-a-recu-la-visite-dun-ambassadeur-iranien#primaryimage","url":"https:\/\/static.africa-press.net\/centrafricaine\/sites\/48\/2023\/11\/sm_1699632511.408273.jpg","contentUrl":"https:\/\/static.africa-press.net\/centrafricaine\/sites\/48\/2023\/11\/sm_1699632511.408273.jpg","width":1556,"height":1139,"caption":"Sambi a re\u00e7u la visite d\u2019un ambassadeur iranien"},{"@type":"BreadcrumbList","@id":"https:\/\/www.africa-press.net\/comores\/politique\/sambi-a-recu-la-visite-dun-ambassadeur-iranien#breadcrumb","itemListElement":[{"@type":"ListItem","position":1,"name":"Accueil","item":"https:\/\/www.africa-press.net\/comores\/"},{"@type":"ListItem","position":2,"name":"Sambi a re\u00e7u la visite d\u2019un ambassadeur iranien"}]},{"@type":"WebSite","@id":"https:\/\/www.africa-press.net\/comores\/#website","url":"https:\/\/www.africa-press.net\/comores\/","name":"Comores","description":"Just another Africa News Agency Sites site","potentialAction":[{"@type":"SearchAction","target":{"@type":"EntryPoint","urlTemplate":"https:\/\/www.africa-press.net\/comores\/?s={search_term_string}"},"query-input":{"@type":"PropertyValueSpecification","valueRequired":true,"valueName":"search_term_string"}}],"inLanguage":"fr-FR"},{"@type":"Person","@id":"https:\/\/www.africa-press.net\/comores\/#\/schema\/person\/2b1cf3cd81a31e3cd26889ca66d677f1","name":"cfeditorfr"}]}},"_links":{"self":[{"href":"https:\/\/www.africa-press.net\/comores\/wp-json\/wp\/v2\/posts\/13615","targetHints":{"allow":["GET"]}}],"collection":[{"href":"https:\/\/www.africa-press.net\/comores\/wp-json\/wp\/v2\/posts"}],"about":[{"href":"https:\/\/www.africa-press.net\/comores\/wp-json\/wp\/v2\/types\/post"}],"author":[{"embeddable":true,"href":"https:\/\/www.africa-press.net\/comores\/wp-json\/wp\/v2\/users\/82"}],"replies":[{"embeddable":true,"href":"https:\/\/www.africa-press.net\/comores\/wp-json\/wp\/v2\/comments?post=13615"}],"version-history":[{"count":0,"href":"https:\/\/www.africa-press.net\/comores\/wp-json\/wp\/v2\/posts\/13615\/revisions"}],"wp:featuredmedia":[{"embeddable":true,"href":"https:\/\/www.africa-press.net\/comores\/wp-json\/wp\/v2\/media\/13614"}],"wp:attachment":[{"href":"https:\/\/www.africa-press.net\/comores\/wp-json\/wp\/v2\/media?parent=13615"}],"wp:term":[{"taxonomy":"category","embeddable":true,"href":"https:\/\/www.africa-press.net\/comores\/wp-json\/wp\/v2\/categories?post=13615"},{"taxonomy":"post_tag","embeddable":true,"href":"https:\/\/www.africa-press.net\/comores\/wp-json\/wp\/v2\/tags?post=13615"}],"curies":[{"name":"wp","href":"https:\/\/api.w.org\/{rel}","templated":true}]}}