{"id":13623,"date":"2023-11-10T18:02:15","date_gmt":"2023-11-10T18:02:15","guid":{"rendered":"https:\/\/www.africa-press.net\/comores\/politique\/loms-renforce-le-niveau-des-organisations-de-la-societe-civile-a-moroni"},"modified":"2023-11-10T20:45:26","modified_gmt":"2023-11-10T20:45:26","slug":"loms-renforce-le-niveau-des-organisations-de-la-societe-civile-a-moroni","status":"publish","type":"post","link":"https:\/\/www.africa-press.net\/comores\/toutes-les-actualites\/loms-renforce-le-niveau-des-organisations-de-la-societe-civile-a-moroni","title":{"rendered":"L\u2019Oms renforce le niveau des organisations de la soci\u00e9t\u00e9 civile \u00e0 Moroni"},"content":{"rendered":"<p><span style=\"color: #ff6600\"><strong>Africa-Press &#8211; Comores. <\/strong><\/span><b>Pour appuyer et soutenir les organisations de la socie\u0301te\u0301 civile qui \u0153uvrent pour la sante\u0301, l\u2019OMS a organise\u0301 une formation a\u0300 l\u2019endroit de ces dernie\u0300res. L\u2019objectif est de les booster a\u0300 mieux s\u2019affirmer dans leurs communaute\u0301s et pour mieux re\u0301pondre aux besoins de la population locale.<\/b><\/p>\n<p>Pour la deuxie\u0300me fois conse\u0301cutive, l\u2019OMS en e\u0301troite collaboration avec le ministe\u0300re de la sante\u0301 a organise\u0301 hier jeudi 9 novembre a\u0300 Moroni, une formation a\u0300 l\u2019endroit des organisations de la socie\u0301te\u0301 civile dans le cadre des appuis aux organisations de la socie\u0301te\u0301 civile mis en place depuis l\u2019anne\u0301e dernie\u0300re. Cette formation a vu la pre\u0301sence de plusieurs associations notamment l\u2019ACCF, Sitara, Ong Hifadwi, Caritas, etc. C\u2019est sous le volet suivi et e\u0301valuation, mobilisation des ressources du projet que ces se\u0301ances ont de\u0301marre\u0301 dans le but d\u2019outiller ces acteurs de la sociaux a\u0300 e\u0302tre dynamiques et de mieux s\u2019affirmer en tant organisations de la socie\u0301te\u0301 civile afin de re\u0301pondre aux besoins de leurs communaute\u0301s respectives.<\/p>\n<p>En visioconfe\u0301rence, le responsable des relations exte\u0301rieures et partenariats au niveau du bureau re\u0301gional de l&rsquo;OMS Afrique, Luciani Andrea s\u2019est fe\u0301licite\u0301 de cette formation qui vise a\u0300 e\u0301largir le partenariat avec les organisations de la socie\u0301te\u0301 civile. \u00ab Aujourd\u2019hui, les partenariats sont au centre de la transformation de l\u2019OMS au niveau du bureau re\u0301gional. L\u2019on compte 111 collaborations signe\u0301es dont le travail se fait dans les diffe\u0301rents pays et vise a\u0300 ame\u0301liorer la sante\u0301 des populations \u00bb, renche\u0301rit-il, tout en encourageant les participants a\u0300 suivre cette formation qui va sans doute les aider a\u0300 avoir des re\u0301sultats dans leurs organisations.<\/p>\n<p>Pre\u0301sent, le repre\u0301sentant re\u0301sidant de l\u2019OMS, Dr Diarra Abdoulaye a mis en lumie\u0300re l\u2019agenda de transformation initie\u0301 par la directrice re\u0301gionale de l\u2019OMS pour l\u2019Afrique Dr Matshidiso Moeti pour l\u2019impact de la sante\u0301 de la population en Afrique. Ces actions se font avec les ministe\u0300res de a sante\u0301 de chaque pays. Cette collaboration te\u0301moigne l\u2019engagement que l\u2019Oms accorde aux organisations de la socie\u0301te\u0301 civile. \u00ab Au niveau des Comores, en 2022, 4 projets ont e\u0301te\u0301 e\u0301ligibles. Les re\u0301sultats ont e\u0301te\u0301 satisfaisants. Depuis 2023, nous avons lance\u0301 la deuxie\u0300me cohorte de partenariat avec 5 OSC et plus de budget. J\u2019invite les participants a\u0300 suivre cette formation pour mieux e\u0301laborer leurs projets pour le prochain appel a\u0300 projets \u00bb, pre\u0301cise-t-il.<\/p>\n<p>Notons que la re\u0301ponse a\u0300 la pande\u0301mie de Covid-19 a mis a\u0300 rude e\u0301preuve le secteur de la sante\u0301 aux Comores. L\u2019organisation de cette re\u0301ponse s\u2019est greffe\u0301e aux de\u0301fis lie\u0301s a\u0300 la poursuite des activite\u0301s de routine dans le cadre de la continuite\u0301 des services entre autre la vaccination de routine, lutte contre les maladies transmissibles et non transmissibles, les proble\u0300mes lie\u0301s a\u0300 la mortalite\u0301 maternelle, ne\u0301onatale et infantile, les programmes de renforcement de la re\u0301silience du syste\u0300me national de sante\u0301 etc. Les efforts d\u2019atte\u0301nuation et d\u2019endiguement de ces maladies et de leurs conse\u0301quences ont ne\u0301cessite\u0301 une re\u0301ponse globale du gouvernement en coordination avec ses partenaires bilate\u0301raux et multilate\u0301raux et les organisations de la socie\u0301te\u0301 civile.<\/p>\n<p>Conscient de ces enjeux, l\u2019OMS entend promouvoir la sante\u0301 avec l\u2019appui des acteurs non e\u0301tatiques aux Comores, pour la mise en \u0153uvre du 13e programme ge\u0301ne\u0301ral de travail. C\u2019est dans cette optique que le bureau OMS Comores a lance\u0301 en fe\u0301vrier 2023, un appel a\u0300 projets a\u0300 l\u2019endroit des OSC comoriennes implique\u0301es dans les actions de sante\u0301. Au terme de ce processus, 5 projets ont e\u0301te\u0301 retenus, pour un budget a\u0300 hauteur de 130 000 dollars, soit 58.889.875 de nos francs. Ils sont mis en \u0153uvre dans le pays, a\u0300 travers ADDE et CAP a\u0300 Anjouan, FADESIM a\u0300 Mohe\u0301li, ACCF et SITARA a\u0300 Ngazidja, pendant une pe\u0301riode de sept mois. Ces se\u0301ances des formations sont un apport important dans la re\u0301alisation des activite\u0301s et des re\u0301sultats escompte\u0301s.<\/p>\n<p><strong>Pour plus d&rsquo;informations et d&rsquo;analyses sur la <a href=\"https:\/\/www.africa-press.net\/comores\">Comores<\/a>, suivez <a href=\"https:\/\/www.africa-press.net\/\">Africa-Press<\/a><\/strong><\/p>\n","protected":false},"excerpt":{"rendered":"<p>Africa-Press &#8211; Comores. Pour appuyer et soutenir les organisations de la socie\u0301te\u0301 civile qui \u0153uvrent pour la sante\u0301, l\u2019OMS a organise\u0301 une formation a\u0300 l\u2019endroit de ces dernie\u0300res. L\u2019objectif est de les booster a\u0300 mieux s\u2019affirmer dans leurs communaute\u0301s et pour mieux re\u0301pondre aux besoins de la population locale. Pour la deuxie\u0300me fois conse\u0301cutive, l\u2019OMS [&hellip;]<\/p>\n","protected":false},"author":82,"featured_media":13621,"comment_status":"open","ping_status":"closed","sticky":false,"template":"","format":"standard","meta":{"footnotes":""},"categories":[21,20,10],"tags":[36,53,45],"class_list":["post-13623","post","type-post","status-publish","format-standard","has-post-thumbnail","hentry","category-communaute","category-top-nouvelles","category-toutes-les-actualites","tag-africa-press","tag-africa-press-comores","tag-comores"],"yoast_head":"<!-- This site is optimized with the Yoast SEO Premium plugin v26.1 (Yoast SEO v27.0) - https:\/\/yoast.com\/product\/yoast-seo-premium-wordpress\/ -->\n<title>L\u2019Oms renforce le niveau des organisations de la soci\u00e9t\u00e9 civile \u00e0 Moroni - Comores<\/title>\n<meta name=\"description\" content=\"Pour appuyer et soutenir les organisations de la socie\u0301te\u0301 civile qui \u0153uvrent pour la sante\u0301, l\u2019OMS a organise\u0301 une f ...\" \/>\n<meta name=\"robots\" content=\"index, follow, max-snippet:-1, max-image-preview:large, max-video-preview:-1\" \/>\n<link rel=\"canonical\" href=\"https:\/\/www.africa-press.net\/comores\/toutes-les-actualites\/loms-renforce-le-niveau-des-organisations-de-la-societe-civile-a-moroni\" \/>\n<meta property=\"og:locale\" content=\"fr_FR\" \/>\n<meta property=\"og:type\" content=\"article\" \/>\n<meta property=\"og:title\" content=\"L\u2019Oms renforce le niveau des organisations de la soci\u00e9t\u00e9 civile \u00e0 Moroni\" \/>\n<meta property=\"og:description\" content=\"Pour appuyer et soutenir les organisations de la socie\u0301te\u0301 civile qui \u0153uvrent pour la sante\u0301, l\u2019OMS a organise\u0301 une f ...\" \/>\n<meta property=\"og:url\" content=\"https:\/\/www.africa-press.net\/comores\/toutes-les-actualites\/loms-renforce-le-niveau-des-organisations-de-la-societe-civile-a-moroni\" \/>\n<meta property=\"og:site_name\" content=\"Comores\" \/>\n<meta property=\"article:published_time\" content=\"2023-11-10T18:02:15+00:00\" \/>\n<meta property=\"article:modified_time\" content=\"2023-11-10T20:45:26+00:00\" \/>\n<meta property=\"og:image\" content=\"https:\/\/static.africa-press.net\/centrafricaine\/sites\/48\/2023\/11\/sm_1699632730.010295.jpg\" \/>\n\t<meta property=\"og:image:width\" content=\"1728\" \/>\n\t<meta property=\"og:image:height\" content=\"1069\" \/>\n\t<meta property=\"og:image:type\" content=\"image\/jpeg\" \/>\n<meta name=\"author\" content=\"cfeditorfr\" \/>\n<meta name=\"twitter:card\" content=\"summary_large_image\" \/>\n<meta name=\"twitter:label1\" content=\"\u00c9crit par\" \/>\n\t<meta name=\"twitter:data1\" content=\"cfeditorfr\" \/>\n\t<meta name=\"twitter:label2\" content=\"Dur\u00e9e de lecture estim\u00e9e\" \/>\n\t<meta name=\"twitter:data2\" content=\"4 minutes\" \/>\n<script type=\"application\/ld+json\" class=\"yoast-schema-graph\">{\"@context\":\"https:\/\/schema.org\",\"@graph\":[{\"@type\":\"Article\",\"@id\":\"https:\/\/www.africa-press.net\/comores\/toutes-les-actualites\/loms-renforce-le-niveau-des-organisations-de-la-societe-civile-a-moroni#article\",\"isPartOf\":{\"@id\":\"https:\/\/www.africa-press.net\/comores\/toutes-les-actualites\/loms-renforce-le-niveau-des-organisations-de-la-societe-civile-a-moroni\"},\"author\":{\"name\":\"cfeditorfr\",\"@id\":\"https:\/\/www.africa-press.net\/comores\/#\/schema\/person\/2b1cf3cd81a31e3cd26889ca66d677f1\"},\"headline\":\"L\u2019Oms renforce le niveau des organisations de la soci\u00e9t\u00e9 civile \u00e0 Moroni\",\"datePublished\":\"2023-11-10T18:02:15+00:00\",\"dateModified\":\"2023-11-10T20:45:26+00:00\",\"mainEntityOfPage\":{\"@id\":\"https:\/\/www.africa-press.net\/comores\/toutes-les-actualites\/loms-renforce-le-niveau-des-organisations-de-la-societe-civile-a-moroni\"},\"wordCount\":747,\"commentCount\":0,\"image\":{\"@id\":\"https:\/\/www.africa-press.net\/comores\/toutes-les-actualites\/loms-renforce-le-niveau-des-organisations-de-la-societe-civile-a-moroni#primaryimage\"},\"thumbnailUrl\":\"https:\/\/static.africa-press.net\/centrafricaine\/sites\/48\/2023\/11\/sm_1699632730.010295.jpg\",\"keywords\":[\"Africa Press\",\"Africa Press-Comores\",\"Comores\"],\"articleSection\":[\"Communaut\u00e9\",\"Top Nouvelles\",\"Toutes les actualit\u00e9s\"],\"inLanguage\":\"fr-FR\",\"potentialAction\":[{\"@type\":\"CommentAction\",\"name\":\"Comment\",\"target\":[\"https:\/\/www.africa-press.net\/comores\/toutes-les-actualites\/loms-renforce-le-niveau-des-organisations-de-la-societe-civile-a-moroni#respond\"]}]},{\"@type\":\"WebPage\",\"@id\":\"https:\/\/www.africa-press.net\/comores\/toutes-les-actualites\/loms-renforce-le-niveau-des-organisations-de-la-societe-civile-a-moroni\",\"url\":\"https:\/\/www.africa-press.net\/comores\/toutes-les-actualites\/loms-renforce-le-niveau-des-organisations-de-la-societe-civile-a-moroni\",\"name\":\"L\u2019Oms renforce le niveau des organisations de la soci\u00e9t\u00e9 civile \u00e0 Moroni - Comores\",\"isPartOf\":{\"@id\":\"https:\/\/www.africa-press.net\/comores\/#website\"},\"primaryImageOfPage\":{\"@id\":\"https:\/\/www.africa-press.net\/comores\/toutes-les-actualites\/loms-renforce-le-niveau-des-organisations-de-la-societe-civile-a-moroni#primaryimage\"},\"image\":{\"@id\":\"https:\/\/www.africa-press.net\/comores\/toutes-les-actualites\/loms-renforce-le-niveau-des-organisations-de-la-societe-civile-a-moroni#primaryimage\"},\"thumbnailUrl\":\"https:\/\/static.africa-press.net\/centrafricaine\/sites\/48\/2023\/11\/sm_1699632730.010295.jpg\",\"datePublished\":\"2023-11-10T18:02:15+00:00\",\"dateModified\":\"2023-11-10T20:45:26+00:00\",\"author\":{\"@id\":\"https:\/\/www.africa-press.net\/comores\/#\/schema\/person\/2b1cf3cd81a31e3cd26889ca66d677f1\"},\"description\":\"Pour appuyer et soutenir les organisations de la socie\u0301te\u0301 civile qui \u0153uvrent pour la sante\u0301, l\u2019OMS a organise\u0301 une f ...\",\"breadcrumb\":{\"@id\":\"https:\/\/www.africa-press.net\/comores\/toutes-les-actualites\/loms-renforce-le-niveau-des-organisations-de-la-societe-civile-a-moroni#breadcrumb\"},\"inLanguage\":\"fr-FR\",\"potentialAction\":[{\"@type\":\"ReadAction\",\"target\":[\"https:\/\/www.africa-press.net\/comores\/toutes-les-actualites\/loms-renforce-le-niveau-des-organisations-de-la-societe-civile-a-moroni\"]}]},{\"@type\":\"ImageObject\",\"inLanguage\":\"fr-FR\",\"@id\":\"https:\/\/www.africa-press.net\/comores\/toutes-les-actualites\/loms-renforce-le-niveau-des-organisations-de-la-societe-civile-a-moroni#primaryimage\",\"url\":\"https:\/\/static.africa-press.net\/centrafricaine\/sites\/48\/2023\/11\/sm_1699632730.010295.jpg\",\"contentUrl\":\"https:\/\/static.africa-press.net\/centrafricaine\/sites\/48\/2023\/11\/sm_1699632730.010295.jpg\",\"width\":1728,\"height\":1069,\"caption\":\"L\u2019Oms renforce le niveau des organisations de la soci\u00e9t\u00e9 civile \u00e0 Moroni\"},{\"@type\":\"BreadcrumbList\",\"@id\":\"https:\/\/www.africa-press.net\/comores\/toutes-les-actualites\/loms-renforce-le-niveau-des-organisations-de-la-societe-civile-a-moroni#breadcrumb\",\"itemListElement\":[{\"@type\":\"ListItem\",\"position\":1,\"name\":\"Accueil\",\"item\":\"https:\/\/www.africa-press.net\/comores\/\"},{\"@type\":\"ListItem\",\"position\":2,\"name\":\"L\u2019Oms renforce le niveau des organisations de la soci\u00e9t\u00e9 civile \u00e0 Moroni\"}]},{\"@type\":\"WebSite\",\"@id\":\"https:\/\/www.africa-press.net\/comores\/#website\",\"url\":\"https:\/\/www.africa-press.net\/comores\/\",\"name\":\"Comores\",\"description\":\"Just another Africa News Agency Sites site\",\"potentialAction\":[{\"@type\":\"SearchAction\",\"target\":{\"@type\":\"EntryPoint\",\"urlTemplate\":\"https:\/\/www.africa-press.net\/comores\/?s={search_term_string}\"},\"query-input\":{\"@type\":\"PropertyValueSpecification\",\"valueRequired\":true,\"valueName\":\"search_term_string\"}}],\"inLanguage\":\"fr-FR\"},{\"@type\":\"Person\",\"@id\":\"https:\/\/www.africa-press.net\/comores\/#\/schema\/person\/2b1cf3cd81a31e3cd26889ca66d677f1\",\"name\":\"cfeditorfr\"}]}<\/script>\n<!-- \/ Yoast SEO Premium plugin. -->","yoast_head_json":{"title":"L\u2019Oms renforce le niveau des organisations de la soci\u00e9t\u00e9 civile \u00e0 Moroni - Comores","description":"Pour appuyer et soutenir les organisations de la socie\u0301te\u0301 civile qui \u0153uvrent pour la sante\u0301, l\u2019OMS a organise\u0301 une f ...","robots":{"index":"index","follow":"follow","max-snippet":"max-snippet:-1","max-image-preview":"max-image-preview:large","max-video-preview":"max-video-preview:-1"},"canonical":"https:\/\/www.africa-press.net\/comores\/toutes-les-actualites\/loms-renforce-le-niveau-des-organisations-de-la-societe-civile-a-moroni","og_locale":"fr_FR","og_type":"article","og_title":"L\u2019Oms renforce le niveau des organisations de la soci\u00e9t\u00e9 civile \u00e0 Moroni","og_description":"Pour appuyer et soutenir les organisations de la socie\u0301te\u0301 civile qui \u0153uvrent pour la sante\u0301, l\u2019OMS a organise\u0301 une f ...","og_url":"https:\/\/www.africa-press.net\/comores\/toutes-les-actualites\/loms-renforce-le-niveau-des-organisations-de-la-societe-civile-a-moroni","og_site_name":"Comores","article_published_time":"2023-11-10T18:02:15+00:00","article_modified_time":"2023-11-10T20:45:26+00:00","og_image":[{"width":1728,"height":1069,"url":"https:\/\/static.africa-press.net\/centrafricaine\/sites\/48\/2023\/11\/sm_1699632730.010295.jpg","type":"image\/jpeg"}],"author":"cfeditorfr","twitter_card":"summary_large_image","twitter_misc":{"\u00c9crit par":"cfeditorfr","Dur\u00e9e de lecture estim\u00e9e":"4 minutes"},"schema":{"@context":"https:\/\/schema.org","@graph":[{"@type":"Article","@id":"https:\/\/www.africa-press.net\/comores\/toutes-les-actualites\/loms-renforce-le-niveau-des-organisations-de-la-societe-civile-a-moroni#article","isPartOf":{"@id":"https:\/\/www.africa-press.net\/comores\/toutes-les-actualites\/loms-renforce-le-niveau-des-organisations-de-la-societe-civile-a-moroni"},"author":{"name":"cfeditorfr","@id":"https:\/\/www.africa-press.net\/comores\/#\/schema\/person\/2b1cf3cd81a31e3cd26889ca66d677f1"},"headline":"L\u2019Oms renforce le niveau des organisations de la soci\u00e9t\u00e9 civile \u00e0 Moroni","datePublished":"2023-11-10T18:02:15+00:00","dateModified":"2023-11-10T20:45:26+00:00","mainEntityOfPage":{"@id":"https:\/\/www.africa-press.net\/comores\/toutes-les-actualites\/loms-renforce-le-niveau-des-organisations-de-la-societe-civile-a-moroni"},"wordCount":747,"commentCount":0,"image":{"@id":"https:\/\/www.africa-press.net\/comores\/toutes-les-actualites\/loms-renforce-le-niveau-des-organisations-de-la-societe-civile-a-moroni#primaryimage"},"thumbnailUrl":"https:\/\/static.africa-press.net\/centrafricaine\/sites\/48\/2023\/11\/sm_1699632730.010295.jpg","keywords":["Africa Press","Africa Press-Comores","Comores"],"articleSection":["Communaut\u00e9","Top Nouvelles","Toutes les actualit\u00e9s"],"inLanguage":"fr-FR","potentialAction":[{"@type":"CommentAction","name":"Comment","target":["https:\/\/www.africa-press.net\/comores\/toutes-les-actualites\/loms-renforce-le-niveau-des-organisations-de-la-societe-civile-a-moroni#respond"]}]},{"@type":"WebPage","@id":"https:\/\/www.africa-press.net\/comores\/toutes-les-actualites\/loms-renforce-le-niveau-des-organisations-de-la-societe-civile-a-moroni","url":"https:\/\/www.africa-press.net\/comores\/toutes-les-actualites\/loms-renforce-le-niveau-des-organisations-de-la-societe-civile-a-moroni","name":"L\u2019Oms renforce le niveau des organisations de la soci\u00e9t\u00e9 civile \u00e0 Moroni - Comores","isPartOf":{"@id":"https:\/\/www.africa-press.net\/comores\/#website"},"primaryImageOfPage":{"@id":"https:\/\/www.africa-press.net\/comores\/toutes-les-actualites\/loms-renforce-le-niveau-des-organisations-de-la-societe-civile-a-moroni#primaryimage"},"image":{"@id":"https:\/\/www.africa-press.net\/comores\/toutes-les-actualites\/loms-renforce-le-niveau-des-organisations-de-la-societe-civile-a-moroni#primaryimage"},"thumbnailUrl":"https:\/\/static.africa-press.net\/centrafricaine\/sites\/48\/2023\/11\/sm_1699632730.010295.jpg","datePublished":"2023-11-10T18:02:15+00:00","dateModified":"2023-11-10T20:45:26+00:00","author":{"@id":"https:\/\/www.africa-press.net\/comores\/#\/schema\/person\/2b1cf3cd81a31e3cd26889ca66d677f1"},"description":"Pour appuyer et soutenir les organisations de la socie\u0301te\u0301 civile qui \u0153uvrent pour la sante\u0301, l\u2019OMS a organise\u0301 une f ...","breadcrumb":{"@id":"https:\/\/www.africa-press.net\/comores\/toutes-les-actualites\/loms-renforce-le-niveau-des-organisations-de-la-societe-civile-a-moroni#breadcrumb"},"inLanguage":"fr-FR","potentialAction":[{"@type":"ReadAction","target":["https:\/\/www.africa-press.net\/comores\/toutes-les-actualites\/loms-renforce-le-niveau-des-organisations-de-la-societe-civile-a-moroni"]}]},{"@type":"ImageObject","inLanguage":"fr-FR","@id":"https:\/\/www.africa-press.net\/comores\/toutes-les-actualites\/loms-renforce-le-niveau-des-organisations-de-la-societe-civile-a-moroni#primaryimage","url":"https:\/\/static.africa-press.net\/centrafricaine\/sites\/48\/2023\/11\/sm_1699632730.010295.jpg","contentUrl":"https:\/\/static.africa-press.net\/centrafricaine\/sites\/48\/2023\/11\/sm_1699632730.010295.jpg","width":1728,"height":1069,"caption":"L\u2019Oms renforce le niveau des organisations de la soci\u00e9t\u00e9 civile \u00e0 Moroni"},{"@type":"BreadcrumbList","@id":"https:\/\/www.africa-press.net\/comores\/toutes-les-actualites\/loms-renforce-le-niveau-des-organisations-de-la-societe-civile-a-moroni#breadcrumb","itemListElement":[{"@type":"ListItem","position":1,"name":"Accueil","item":"https:\/\/www.africa-press.net\/comores\/"},{"@type":"ListItem","position":2,"name":"L\u2019Oms renforce le niveau des organisations de la soci\u00e9t\u00e9 civile \u00e0 Moroni"}]},{"@type":"WebSite","@id":"https:\/\/www.africa-press.net\/comores\/#website","url":"https:\/\/www.africa-press.net\/comores\/","name":"Comores","description":"Just another Africa News Agency Sites site","potentialAction":[{"@type":"SearchAction","target":{"@type":"EntryPoint","urlTemplate":"https:\/\/www.africa-press.net\/comores\/?s={search_term_string}"},"query-input":{"@type":"PropertyValueSpecification","valueRequired":true,"valueName":"search_term_string"}}],"inLanguage":"fr-FR"},{"@type":"Person","@id":"https:\/\/www.africa-press.net\/comores\/#\/schema\/person\/2b1cf3cd81a31e3cd26889ca66d677f1","name":"cfeditorfr"}]}},"_links":{"self":[{"href":"https:\/\/www.africa-press.net\/comores\/wp-json\/wp\/v2\/posts\/13623","targetHints":{"allow":["GET"]}}],"collection":[{"href":"https:\/\/www.africa-press.net\/comores\/wp-json\/wp\/v2\/posts"}],"about":[{"href":"https:\/\/www.africa-press.net\/comores\/wp-json\/wp\/v2\/types\/post"}],"author":[{"embeddable":true,"href":"https:\/\/www.africa-press.net\/comores\/wp-json\/wp\/v2\/users\/82"}],"replies":[{"embeddable":true,"href":"https:\/\/www.africa-press.net\/comores\/wp-json\/wp\/v2\/comments?post=13623"}],"version-history":[{"count":0,"href":"https:\/\/www.africa-press.net\/comores\/wp-json\/wp\/v2\/posts\/13623\/revisions"}],"wp:featuredmedia":[{"embeddable":true,"href":"https:\/\/www.africa-press.net\/comores\/wp-json\/wp\/v2\/media\/13621"}],"wp:attachment":[{"href":"https:\/\/www.africa-press.net\/comores\/wp-json\/wp\/v2\/media?parent=13623"}],"wp:term":[{"taxonomy":"category","embeddable":true,"href":"https:\/\/www.africa-press.net\/comores\/wp-json\/wp\/v2\/categories?post=13623"},{"taxonomy":"post_tag","embeddable":true,"href":"https:\/\/www.africa-press.net\/comores\/wp-json\/wp\/v2\/tags?post=13623"}],"curies":[{"name":"wp","href":"https:\/\/api.w.org\/{rel}","templated":true}]}}