{"id":13663,"date":"2023-11-13T19:31:15","date_gmt":"2023-11-13T19:31:15","guid":{"rendered":"https:\/\/www.africa-press.net\/comores\/politique\/azali-plaide-pour-un-siege-de-membre-permanent-au-conseil-de-securite-pour-lafrique"},"modified":"2023-11-14T19:05:33","modified_gmt":"2023-11-14T19:05:33","slug":"azali-plaide-pour-un-siege-de-membre-permanent-au-conseil-de-securite-pour-lafrique","status":"publish","type":"post","link":"https:\/\/www.africa-press.net\/comores\/politique\/azali-plaide-pour-un-siege-de-membre-permanent-au-conseil-de-securite-pour-lafrique","title":{"rendered":"Azali plaide pour un si\u00e8ge de membre permanent au Conseil de S\u00e9curit\u00e9 pour l\u2019Afrique"},"content":{"rendered":"<p><span style=\"color: #ff6600\"><strong>Africa-Press &#8211; Comores. <\/strong><\/span><b>Apre\u0300s l\u2019inte\u0301gration de l\u2019Union Africaine au G20, le Pre\u0301sident Azali, avec sa double casquette de Pre\u0301sident de l\u2019Union des Comores et de Pre\u0301sident en exercice de l\u2019Union Africaine, estime que \u00ab l\u2019Afrique me\u0301rite e\u0301galement sa place de membre permanent au sein du Conseil de Se\u0301curite\u0301 des Nations Unies, afin que les pays du continent puissent jouir des me\u0302mes droits que les autres membres, pour plus de justice et d\u2019e\u0301quite\u0301 \u00bb. Un v\u0153u exprime\u0301 vendredi dernier en Arabie Saoudite au cours du sommet Afrique-Arabie Saoudite. <\/b><\/p>\n<p>Un sommet Afrique-Arabie Saoudite s\u2019est tenu a\u0300 Ryad vendredi dernier, en pre\u0301sence de nombreux chefs d\u2019Etat d&rsquo;Afrique et du monde arabe dont les Comores. Azali Assoumani, en tant que Pre\u0301sident de l\u2019Union des Comores, et Pre\u0301sident en exercice de l\u2019Union Africaine s\u2019est exprime\u0301 vendredi a\u0300 la tribune de ce Sommet. C\u2019est sous sa double casquette qu&rsquo;il s\u2019est exprime\u0301 pour plaider une place de membre permanent au du Conseil de Se\u0301curite\u0301 des Nations Unies. Il estime qu&rsquo;apre\u0300s l\u2019inte\u0301gration de l\u2019Union Africaine au G20, \u00ab l\u2019Afrique me\u0301rite e\u0301galement sa place de membre permanent au sein du Conseil de Se\u0301curite\u0301, afin que les pays du continent puissent jouir des me\u0302mes droits que les autres membres du Conseil, pour plus de justice et d\u2019e\u0301quite\u0301 \u00bb. Le locataire de Beit Salam a remercie\u0301 le Roi Salman Ben Abdelaziz Al Saud, pour l\u2019hospitalite\u0301 re\u0301serve\u0301e a\u0300 sa de\u0301le\u0301gation.<\/p>\n<p>Pour lui, ce sommet est un rendez-vous historique qui va ouvrir une nouvelle page du partenariat entre le Royaume d\u2019Arabie Saoudite et l\u2019Afrique, en inaugurant une nouvelle e\u0300re de coope\u0301ration, dans un monde plus que jamais en que\u0302te d\u2019e\u0301quite\u0301 et de justice. \u00ab Cette initiative des tre\u0300s hautes autorite\u0301s saoudiennes de hisser ces liens de coope\u0301ration avec l\u2019Afrique a\u0300 un niveau supe\u0301rieur, constitue une opportunite\u0301 ine\u0301gale\u0301e pour nous, d\u2019e\u0301largir les horizons de notre partenariat avec l\u2019Arabie Saoudite, l\u2019une des grandes puissances du monde\u00bb, ajoute-t-il avant de rappeler qu\u2019\u00ab au moment ou\u0300 nous nous re\u0301unissons, le monde est en pleine e\u0301bullition avec \u00ab l\u2019Afrique confronte\u0301e au terrorisme, aux guerres fratricides et aux changements anticonstitutionnels de pouvoir, l\u2019Europe qui regarde impuissante, le conflit russo-ukrainien, qui continue a\u0300 faire de nombreuses victimes et des de\u0301ga\u0302ts mate\u0301riels immenses, et le Proche-Orient qui connait une escalade terrifiante de la violence, avec le conflit israe\u0301lo-palestinien \u00bb et que \u00ab la paix et la stabilite\u0301 se trouvent compromises, avec toutes les conse\u0301quences que cela peut avoir sur le de\u0301veloppement durable et harmonieux, \u00abauquel nos pays aspirent\u00bb.<\/p>\n<p>Il conclu son discours en saluant \u00ab l\u2019inte\u0301gration prochaine de nouveaux pays, y compris l\u2019Arabie Saoudite au sein des BRICS \u00bb, convaincu que ce rapprochement cre\u0301era encore plus de richesses et de de\u0301veloppement dans le monde en de\u0301veloppement. Pour lui, l\u2019Arabie Saoudite pourrait tirer profit pour sa part \u00ab de la mise en place de la Zone de Libre-e\u0301change Continentale Africaine, dont j\u2019ai la mission en cette anne\u0301e 2023 d\u2019assurer l\u2019acce\u0301le\u0301ration, pour plus d\u2019inte\u0301gration en Afrique\u00bb.<\/p>\n<p><strong>Pour plus d&rsquo;informations et d&rsquo;analyses sur la <a href=\"https:\/\/www.africa-press.net\/comores\">Comores<\/a>, suivez <a href=\"https:\/\/www.africa-press.net\/\">Africa-Press<\/a><\/strong><\/p>\n","protected":false},"excerpt":{"rendered":"<p>Africa-Press &#8211; Comores. Apre\u0300s l\u2019inte\u0301gration de l\u2019Union Africaine au G20, le Pre\u0301sident Azali, avec sa double casquette de Pre\u0301sident de l\u2019Union des Comores et de Pre\u0301sident en exercice de l\u2019Union Africaine, estime que \u00ab l\u2019Afrique me\u0301rite e\u0301galement sa place de membre permanent au sein du Conseil de Se\u0301curite\u0301 des Nations Unies, afin que les pays [&hellip;]<\/p>\n","protected":false},"author":82,"featured_media":13662,"comment_status":"open","ping_status":"closed","sticky":false,"template":"","format":"standard","meta":{"footnotes":""},"categories":[2,20,10],"tags":[36,53,45],"class_list":["post-13663","post","type-post","status-publish","format-standard","has-post-thumbnail","hentry","category-politique","category-top-nouvelles","category-toutes-les-actualites","tag-africa-press","tag-africa-press-comores","tag-comores"],"yoast_head":"<!-- This site is optimized with the Yoast SEO Premium plugin v26.1 (Yoast SEO v27.0) - https:\/\/yoast.com\/product\/yoast-seo-premium-wordpress\/ -->\n<title>Azali plaide pour un si\u00e8ge de membre permanent au Conseil de S\u00e9curit\u00e9 pour l\u2019Afrique - Comores<\/title>\n<meta name=\"description\" content=\"Apre\u0300s l\u2019inte\u0301gration de l\u2019Union Africaine au G20, le Pre\u0301sident Azali, avec sa double casquette de Pre\u0301sident de l\u2019U ...\" \/>\n<meta name=\"robots\" content=\"index, follow, max-snippet:-1, max-image-preview:large, max-video-preview:-1\" \/>\n<link rel=\"canonical\" href=\"https:\/\/www.africa-press.net\/comores\/politique\/azali-plaide-pour-un-siege-de-membre-permanent-au-conseil-de-securite-pour-lafrique\" \/>\n<meta property=\"og:locale\" content=\"fr_FR\" \/>\n<meta property=\"og:type\" content=\"article\" \/>\n<meta property=\"og:title\" content=\"Azali plaide pour un si\u00e8ge de membre permanent au Conseil de S\u00e9curit\u00e9 pour l\u2019Afrique\" \/>\n<meta property=\"og:description\" content=\"Apre\u0300s l\u2019inte\u0301gration de l\u2019Union Africaine au G20, le Pre\u0301sident Azali, avec sa double casquette de Pre\u0301sident de l\u2019U ...\" \/>\n<meta property=\"og:url\" content=\"https:\/\/www.africa-press.net\/comores\/politique\/azali-plaide-pour-un-siege-de-membre-permanent-au-conseil-de-securite-pour-lafrique\" \/>\n<meta property=\"og:site_name\" content=\"Comores\" \/>\n<meta property=\"article:published_time\" content=\"2023-11-13T19:31:15+00:00\" \/>\n<meta property=\"article:modified_time\" content=\"2023-11-14T19:05:33+00:00\" \/>\n<meta property=\"og:image\" content=\"https:\/\/static.africa-press.net\/centrafricaine\/sites\/48\/2023\/11\/sm_1699892816.740672.jpg\" \/>\n\t<meta property=\"og:image:width\" content=\"1280\" \/>\n\t<meta property=\"og:image:height\" content=\"636\" \/>\n\t<meta property=\"og:image:type\" content=\"image\/jpeg\" \/>\n<meta name=\"author\" content=\"cfeditorfr\" \/>\n<meta name=\"twitter:card\" content=\"summary_large_image\" \/>\n<meta name=\"twitter:label1\" content=\"\u00c9crit par\" \/>\n\t<meta name=\"twitter:data1\" content=\"cfeditorfr\" \/>\n\t<meta name=\"twitter:label2\" content=\"Dur\u00e9e de lecture estim\u00e9e\" \/>\n\t<meta name=\"twitter:data2\" content=\"3 minutes\" \/>\n<script type=\"application\/ld+json\" class=\"yoast-schema-graph\">{\"@context\":\"https:\/\/schema.org\",\"@graph\":[{\"@type\":\"Article\",\"@id\":\"https:\/\/www.africa-press.net\/comores\/politique\/azali-plaide-pour-un-siege-de-membre-permanent-au-conseil-de-securite-pour-lafrique#article\",\"isPartOf\":{\"@id\":\"https:\/\/www.africa-press.net\/comores\/politique\/azali-plaide-pour-un-siege-de-membre-permanent-au-conseil-de-securite-pour-lafrique\"},\"author\":{\"name\":\"cfeditorfr\",\"@id\":\"https:\/\/www.africa-press.net\/comores\/#\/schema\/person\/2b1cf3cd81a31e3cd26889ca66d677f1\"},\"headline\":\"Azali plaide pour un si\u00e8ge de membre permanent au Conseil de S\u00e9curit\u00e9 pour l\u2019Afrique\",\"datePublished\":\"2023-11-13T19:31:15+00:00\",\"dateModified\":\"2023-11-14T19:05:33+00:00\",\"mainEntityOfPage\":{\"@id\":\"https:\/\/www.africa-press.net\/comores\/politique\/azali-plaide-pour-un-siege-de-membre-permanent-au-conseil-de-securite-pour-lafrique\"},\"wordCount\":592,\"commentCount\":0,\"image\":{\"@id\":\"https:\/\/www.africa-press.net\/comores\/politique\/azali-plaide-pour-un-siege-de-membre-permanent-au-conseil-de-securite-pour-lafrique#primaryimage\"},\"thumbnailUrl\":\"https:\/\/static.africa-press.net\/centrafricaine\/sites\/48\/2023\/11\/sm_1699892816.740672.jpg\",\"keywords\":[\"Africa Press\",\"Africa Press-Comores\",\"Comores\"],\"articleSection\":[\"Politique\",\"Top Nouvelles\",\"Toutes les actualit\u00e9s\"],\"inLanguage\":\"fr-FR\",\"potentialAction\":[{\"@type\":\"CommentAction\",\"name\":\"Comment\",\"target\":[\"https:\/\/www.africa-press.net\/comores\/politique\/azali-plaide-pour-un-siege-de-membre-permanent-au-conseil-de-securite-pour-lafrique#respond\"]}]},{\"@type\":\"WebPage\",\"@id\":\"https:\/\/www.africa-press.net\/comores\/politique\/azali-plaide-pour-un-siege-de-membre-permanent-au-conseil-de-securite-pour-lafrique\",\"url\":\"https:\/\/www.africa-press.net\/comores\/politique\/azali-plaide-pour-un-siege-de-membre-permanent-au-conseil-de-securite-pour-lafrique\",\"name\":\"Azali plaide pour un si\u00e8ge de membre permanent au Conseil de S\u00e9curit\u00e9 pour l\u2019Afrique - Comores\",\"isPartOf\":{\"@id\":\"https:\/\/www.africa-press.net\/comores\/#website\"},\"primaryImageOfPage\":{\"@id\":\"https:\/\/www.africa-press.net\/comores\/politique\/azali-plaide-pour-un-siege-de-membre-permanent-au-conseil-de-securite-pour-lafrique#primaryimage\"},\"image\":{\"@id\":\"https:\/\/www.africa-press.net\/comores\/politique\/azali-plaide-pour-un-siege-de-membre-permanent-au-conseil-de-securite-pour-lafrique#primaryimage\"},\"thumbnailUrl\":\"https:\/\/static.africa-press.net\/centrafricaine\/sites\/48\/2023\/11\/sm_1699892816.740672.jpg\",\"datePublished\":\"2023-11-13T19:31:15+00:00\",\"dateModified\":\"2023-11-14T19:05:33+00:00\",\"author\":{\"@id\":\"https:\/\/www.africa-press.net\/comores\/#\/schema\/person\/2b1cf3cd81a31e3cd26889ca66d677f1\"},\"description\":\"Apre\u0300s l\u2019inte\u0301gration de l\u2019Union Africaine au G20, le Pre\u0301sident Azali, avec sa double casquette de Pre\u0301sident de l\u2019U ...\",\"breadcrumb\":{\"@id\":\"https:\/\/www.africa-press.net\/comores\/politique\/azali-plaide-pour-un-siege-de-membre-permanent-au-conseil-de-securite-pour-lafrique#breadcrumb\"},\"inLanguage\":\"fr-FR\",\"potentialAction\":[{\"@type\":\"ReadAction\",\"target\":[\"https:\/\/www.africa-press.net\/comores\/politique\/azali-plaide-pour-un-siege-de-membre-permanent-au-conseil-de-securite-pour-lafrique\"]}]},{\"@type\":\"ImageObject\",\"inLanguage\":\"fr-FR\",\"@id\":\"https:\/\/www.africa-press.net\/comores\/politique\/azali-plaide-pour-un-siege-de-membre-permanent-au-conseil-de-securite-pour-lafrique#primaryimage\",\"url\":\"https:\/\/static.africa-press.net\/centrafricaine\/sites\/48\/2023\/11\/sm_1699892816.740672.jpg\",\"contentUrl\":\"https:\/\/static.africa-press.net\/centrafricaine\/sites\/48\/2023\/11\/sm_1699892816.740672.jpg\",\"width\":1280,\"height\":636,\"caption\":\"Azali plaide pour un si\u00e8ge de membre permanent au Conseil de S\u00e9curit\u00e9 pour l\u2019Afrique\"},{\"@type\":\"BreadcrumbList\",\"@id\":\"https:\/\/www.africa-press.net\/comores\/politique\/azali-plaide-pour-un-siege-de-membre-permanent-au-conseil-de-securite-pour-lafrique#breadcrumb\",\"itemListElement\":[{\"@type\":\"ListItem\",\"position\":1,\"name\":\"Accueil\",\"item\":\"https:\/\/www.africa-press.net\/comores\/\"},{\"@type\":\"ListItem\",\"position\":2,\"name\":\"Azali plaide pour un si\u00e8ge de membre permanent au Conseil de S\u00e9curit\u00e9 pour l\u2019Afrique\"}]},{\"@type\":\"WebSite\",\"@id\":\"https:\/\/www.africa-press.net\/comores\/#website\",\"url\":\"https:\/\/www.africa-press.net\/comores\/\",\"name\":\"Comores\",\"description\":\"Just another Africa News Agency Sites site\",\"potentialAction\":[{\"@type\":\"SearchAction\",\"target\":{\"@type\":\"EntryPoint\",\"urlTemplate\":\"https:\/\/www.africa-press.net\/comores\/?s={search_term_string}\"},\"query-input\":{\"@type\":\"PropertyValueSpecification\",\"valueRequired\":true,\"valueName\":\"search_term_string\"}}],\"inLanguage\":\"fr-FR\"},{\"@type\":\"Person\",\"@id\":\"https:\/\/www.africa-press.net\/comores\/#\/schema\/person\/2b1cf3cd81a31e3cd26889ca66d677f1\",\"name\":\"cfeditorfr\"}]}<\/script>\n<!-- \/ Yoast SEO Premium plugin. -->","yoast_head_json":{"title":"Azali plaide pour un si\u00e8ge de membre permanent au Conseil de S\u00e9curit\u00e9 pour l\u2019Afrique - Comores","description":"Apre\u0300s l\u2019inte\u0301gration de l\u2019Union Africaine au G20, le Pre\u0301sident Azali, avec sa double casquette de Pre\u0301sident de l\u2019U ...","robots":{"index":"index","follow":"follow","max-snippet":"max-snippet:-1","max-image-preview":"max-image-preview:large","max-video-preview":"max-video-preview:-1"},"canonical":"https:\/\/www.africa-press.net\/comores\/politique\/azali-plaide-pour-un-siege-de-membre-permanent-au-conseil-de-securite-pour-lafrique","og_locale":"fr_FR","og_type":"article","og_title":"Azali plaide pour un si\u00e8ge de membre permanent au Conseil de S\u00e9curit\u00e9 pour l\u2019Afrique","og_description":"Apre\u0300s l\u2019inte\u0301gration de l\u2019Union Africaine au G20, le Pre\u0301sident Azali, avec sa double casquette de Pre\u0301sident de l\u2019U ...","og_url":"https:\/\/www.africa-press.net\/comores\/politique\/azali-plaide-pour-un-siege-de-membre-permanent-au-conseil-de-securite-pour-lafrique","og_site_name":"Comores","article_published_time":"2023-11-13T19:31:15+00:00","article_modified_time":"2023-11-14T19:05:33+00:00","og_image":[{"width":1280,"height":636,"url":"https:\/\/static.africa-press.net\/centrafricaine\/sites\/48\/2023\/11\/sm_1699892816.740672.jpg","type":"image\/jpeg"}],"author":"cfeditorfr","twitter_card":"summary_large_image","twitter_misc":{"\u00c9crit par":"cfeditorfr","Dur\u00e9e de lecture estim\u00e9e":"3 minutes"},"schema":{"@context":"https:\/\/schema.org","@graph":[{"@type":"Article","@id":"https:\/\/www.africa-press.net\/comores\/politique\/azali-plaide-pour-un-siege-de-membre-permanent-au-conseil-de-securite-pour-lafrique#article","isPartOf":{"@id":"https:\/\/www.africa-press.net\/comores\/politique\/azali-plaide-pour-un-siege-de-membre-permanent-au-conseil-de-securite-pour-lafrique"},"author":{"name":"cfeditorfr","@id":"https:\/\/www.africa-press.net\/comores\/#\/schema\/person\/2b1cf3cd81a31e3cd26889ca66d677f1"},"headline":"Azali plaide pour un si\u00e8ge de membre permanent au Conseil de S\u00e9curit\u00e9 pour l\u2019Afrique","datePublished":"2023-11-13T19:31:15+00:00","dateModified":"2023-11-14T19:05:33+00:00","mainEntityOfPage":{"@id":"https:\/\/www.africa-press.net\/comores\/politique\/azali-plaide-pour-un-siege-de-membre-permanent-au-conseil-de-securite-pour-lafrique"},"wordCount":592,"commentCount":0,"image":{"@id":"https:\/\/www.africa-press.net\/comores\/politique\/azali-plaide-pour-un-siege-de-membre-permanent-au-conseil-de-securite-pour-lafrique#primaryimage"},"thumbnailUrl":"https:\/\/static.africa-press.net\/centrafricaine\/sites\/48\/2023\/11\/sm_1699892816.740672.jpg","keywords":["Africa Press","Africa Press-Comores","Comores"],"articleSection":["Politique","Top Nouvelles","Toutes les actualit\u00e9s"],"inLanguage":"fr-FR","potentialAction":[{"@type":"CommentAction","name":"Comment","target":["https:\/\/www.africa-press.net\/comores\/politique\/azali-plaide-pour-un-siege-de-membre-permanent-au-conseil-de-securite-pour-lafrique#respond"]}]},{"@type":"WebPage","@id":"https:\/\/www.africa-press.net\/comores\/politique\/azali-plaide-pour-un-siege-de-membre-permanent-au-conseil-de-securite-pour-lafrique","url":"https:\/\/www.africa-press.net\/comores\/politique\/azali-plaide-pour-un-siege-de-membre-permanent-au-conseil-de-securite-pour-lafrique","name":"Azali plaide pour un si\u00e8ge de membre permanent au Conseil de S\u00e9curit\u00e9 pour l\u2019Afrique - Comores","isPartOf":{"@id":"https:\/\/www.africa-press.net\/comores\/#website"},"primaryImageOfPage":{"@id":"https:\/\/www.africa-press.net\/comores\/politique\/azali-plaide-pour-un-siege-de-membre-permanent-au-conseil-de-securite-pour-lafrique#primaryimage"},"image":{"@id":"https:\/\/www.africa-press.net\/comores\/politique\/azali-plaide-pour-un-siege-de-membre-permanent-au-conseil-de-securite-pour-lafrique#primaryimage"},"thumbnailUrl":"https:\/\/static.africa-press.net\/centrafricaine\/sites\/48\/2023\/11\/sm_1699892816.740672.jpg","datePublished":"2023-11-13T19:31:15+00:00","dateModified":"2023-11-14T19:05:33+00:00","author":{"@id":"https:\/\/www.africa-press.net\/comores\/#\/schema\/person\/2b1cf3cd81a31e3cd26889ca66d677f1"},"description":"Apre\u0300s l\u2019inte\u0301gration de l\u2019Union Africaine au G20, le Pre\u0301sident Azali, avec sa double casquette de Pre\u0301sident de l\u2019U ...","breadcrumb":{"@id":"https:\/\/www.africa-press.net\/comores\/politique\/azali-plaide-pour-un-siege-de-membre-permanent-au-conseil-de-securite-pour-lafrique#breadcrumb"},"inLanguage":"fr-FR","potentialAction":[{"@type":"ReadAction","target":["https:\/\/www.africa-press.net\/comores\/politique\/azali-plaide-pour-un-siege-de-membre-permanent-au-conseil-de-securite-pour-lafrique"]}]},{"@type":"ImageObject","inLanguage":"fr-FR","@id":"https:\/\/www.africa-press.net\/comores\/politique\/azali-plaide-pour-un-siege-de-membre-permanent-au-conseil-de-securite-pour-lafrique#primaryimage","url":"https:\/\/static.africa-press.net\/centrafricaine\/sites\/48\/2023\/11\/sm_1699892816.740672.jpg","contentUrl":"https:\/\/static.africa-press.net\/centrafricaine\/sites\/48\/2023\/11\/sm_1699892816.740672.jpg","width":1280,"height":636,"caption":"Azali plaide pour un si\u00e8ge de membre permanent au Conseil de S\u00e9curit\u00e9 pour l\u2019Afrique"},{"@type":"BreadcrumbList","@id":"https:\/\/www.africa-press.net\/comores\/politique\/azali-plaide-pour-un-siege-de-membre-permanent-au-conseil-de-securite-pour-lafrique#breadcrumb","itemListElement":[{"@type":"ListItem","position":1,"name":"Accueil","item":"https:\/\/www.africa-press.net\/comores\/"},{"@type":"ListItem","position":2,"name":"Azali plaide pour un si\u00e8ge de membre permanent au Conseil de S\u00e9curit\u00e9 pour l\u2019Afrique"}]},{"@type":"WebSite","@id":"https:\/\/www.africa-press.net\/comores\/#website","url":"https:\/\/www.africa-press.net\/comores\/","name":"Comores","description":"Just another Africa News Agency Sites site","potentialAction":[{"@type":"SearchAction","target":{"@type":"EntryPoint","urlTemplate":"https:\/\/www.africa-press.net\/comores\/?s={search_term_string}"},"query-input":{"@type":"PropertyValueSpecification","valueRequired":true,"valueName":"search_term_string"}}],"inLanguage":"fr-FR"},{"@type":"Person","@id":"https:\/\/www.africa-press.net\/comores\/#\/schema\/person\/2b1cf3cd81a31e3cd26889ca66d677f1","name":"cfeditorfr"}]}},"_links":{"self":[{"href":"https:\/\/www.africa-press.net\/comores\/wp-json\/wp\/v2\/posts\/13663","targetHints":{"allow":["GET"]}}],"collection":[{"href":"https:\/\/www.africa-press.net\/comores\/wp-json\/wp\/v2\/posts"}],"about":[{"href":"https:\/\/www.africa-press.net\/comores\/wp-json\/wp\/v2\/types\/post"}],"author":[{"embeddable":true,"href":"https:\/\/www.africa-press.net\/comores\/wp-json\/wp\/v2\/users\/82"}],"replies":[{"embeddable":true,"href":"https:\/\/www.africa-press.net\/comores\/wp-json\/wp\/v2\/comments?post=13663"}],"version-history":[{"count":0,"href":"https:\/\/www.africa-press.net\/comores\/wp-json\/wp\/v2\/posts\/13663\/revisions"}],"wp:featuredmedia":[{"embeddable":true,"href":"https:\/\/www.africa-press.net\/comores\/wp-json\/wp\/v2\/media\/13662"}],"wp:attachment":[{"href":"https:\/\/www.africa-press.net\/comores\/wp-json\/wp\/v2\/media?parent=13663"}],"wp:term":[{"taxonomy":"category","embeddable":true,"href":"https:\/\/www.africa-press.net\/comores\/wp-json\/wp\/v2\/categories?post=13663"},{"taxonomy":"post_tag","embeddable":true,"href":"https:\/\/www.africa-press.net\/comores\/wp-json\/wp\/v2\/tags?post=13663"}],"curies":[{"name":"wp","href":"https:\/\/api.w.org\/{rel}","templated":true}]}}