{"id":13669,"date":"2023-11-13T19:30:44","date_gmt":"2023-11-13T19:30:44","guid":{"rendered":"https:\/\/www.africa-press.net\/comores\/politique\/lambassade-de-france-a-moroni-a-commemore-le-105e-anniversaire"},"modified":"2023-11-14T19:13:40","modified_gmt":"2023-11-14T19:13:40","slug":"lambassade-de-france-a-moroni-a-commemore-le-105e-anniversaire","status":"publish","type":"post","link":"https:\/\/www.africa-press.net\/comores\/politique\/lambassade-de-france-a-moroni-a-commemore-le-105e-anniversaire","title":{"rendered":"L\u2019ambassade de France \u00e0 Moroni a comm\u00e9mor\u00e9 le 105e anniversaire"},"content":{"rendered":"<p><span style=\"color: #ff6600\"><strong>Africa-Press &#8211; Comores. <\/strong><\/span><b>La France a\u0300 travers son ambassade a\u0300 Moroni a ce\u0301le\u0301bre\u0301 l&rsquo;armistice de la premie\u0300re guerre mondiale. Cette ce\u0301re\u0301monie est conside\u0301re\u0301e comme une tradition pour rendre hommage aux valeureux combattants comoriens et franc\u0327ais ayant perdu la vie au cours de la grande guerre. <\/b><\/p>\n<p>Le 11 novembre marque chaque anne\u0301e l&rsquo;anniversaire de l&rsquo;Armistice de la Premie\u0300re Guerre mondiale, signe\u0301 le 11 novembre 1918. Et cette anne\u0301e marque le 105e anniversaire de l\u2019armistice qui a mis fin aux combats de cette grande guerre. Depuis 2012, sous l&rsquo;impulsion du pre\u0301sident de la Re\u0301publique d&rsquo;alors, Nicolas Sarkozy, l&rsquo;hommage rendu s&rsquo;e\u0301tend e\u0301galement a\u0300 tous les morts pour la France, des conflits anciens ou actuels. De cette fac\u0327on, sont honore\u0301s aussi tous ceux de\u0301ce\u0301de\u0301s lors d\u2019ope\u0301rations exte\u0301rieures, les Opex. Lors de son allocution, l&rsquo;ambassadeur de France a\u0300 Moroni, Franc\u0327ois Riquier a rappele\u0301 qu&rsquo;il y a \u00ab 105 ans, le 11 novembre 1918 a\u0300 11 heures du matin, c\u2019e\u0301tait l\u2019armistice entre la France et l\u2019Allemagne. Apre\u0300s les autres armistices entre les diffe\u0301rents bellige\u0301rants, prenait ainsi fin un long conflit de plus de quatre ans, en tout cas sur le front de l\u2019ouest. Car la situation de la guerre s\u2019est prolonge\u0301e a\u0300 l\u2019Est pendant encore plusieurs anne\u0301es \u00bb.<\/p>\n<p>Conscient de cela, l&rsquo;ambassadeur a poursuivi : \u00ab La premie\u0300re chose a\u0300 faire, c\u2019est bien su\u0302r de rendre hommage aux valeureux combattants qui ont donne\u0301 leur vie. Et je voudrais aujourd\u2019hui, comme l\u2019an dernier, exprimer un hommage particulier aux tirailleurs comoriens. On estime que 1 300 soldats comoriens ont e\u0301te\u0301 recrute\u0301s lors de la Premie\u0300re guerre mondiale. 129 d\u2019entre eux sont officiellement morts pour la France \u00bb.<\/p>\n<p>Lors de son intervention, le diplomate franc\u0327ais a rappele\u0301 que les uns ont servi dans le premier bataillon de tirailleurs en somalie. Ils se sont particulie\u0300rement illustre\u0301s dans la bataille de Verdun, en contribuant a\u0300 la reprise du fort de Douaumont en octobre 1916. D\u2019autres ont servi dans le 12e bataillon de tirailleurs malgaches ou dans d\u2019autres bataillons de tirailleurs malgaches ou se\u0301ne\u0301galais. Ces braves soldats ont donne\u0301 leur vie pour sauver une nation et en sauver d&rsquo;autre nations \u00bb, ajoute-t-il.<\/p>\n<p>De son co\u0302te\u0301, la gouverneure de l\u2019i\u0302le de Ngazidja a montre\u0301 que la paix pre\u0301vale sur la guerre. \u00ab Aucune guerre locale, re\u0301gionale ou bien internationale ne peut e\u0302tre un moyen de re\u0301soudre les conflits \u00bb, de\u0301clare Sitti Farouata Mhoudine. C&rsquo;est pour cela que le discours de l&rsquo;ambassadeur de la France s&rsquo;est beaucoup concentre\u0301 sur la concorde et la paix sociale pour dire de manie\u0300re sous-entendue que la France aspire a\u0300 une nouvelle e\u0300re de paix et de prospe\u0301rite\u0301.<\/p>\n<p><strong>Pour plus d&rsquo;informations et d&rsquo;analyses sur la <a href=\"https:\/\/www.africa-press.net\/comores\">Comores<\/a>, suivez <a href=\"https:\/\/www.africa-press.net\/\">Africa-Press<\/a><\/strong><\/p>\n","protected":false},"excerpt":{"rendered":"<p>Africa-Press &#8211; Comores. La France a\u0300 travers son ambassade a\u0300 Moroni a ce\u0301le\u0301bre\u0301 l&rsquo;armistice de la premie\u0300re guerre mondiale. Cette ce\u0301re\u0301monie est conside\u0301re\u0301e comme une tradition pour rendre hommage aux valeureux combattants comoriens et franc\u0327ais ayant perdu la vie au cours de la grande guerre. Le 11 novembre marque chaque anne\u0301e l&rsquo;anniversaire de l&rsquo;Armistice de [&hellip;]<\/p>\n","protected":false},"author":82,"featured_media":13668,"comment_status":"open","ping_status":"closed","sticky":false,"template":"","format":"standard","meta":{"footnotes":""},"categories":[2,10],"tags":[36,53,45],"class_list":["post-13669","post","type-post","status-publish","format-standard","has-post-thumbnail","hentry","category-politique","category-toutes-les-actualites","tag-africa-press","tag-africa-press-comores","tag-comores"],"yoast_head":"<!-- This site is optimized with the Yoast SEO Premium plugin v26.1 (Yoast SEO v27.0) - https:\/\/yoast.com\/product\/yoast-seo-premium-wordpress\/ -->\n<title>L\u2019ambassade de France \u00e0 Moroni a comm\u00e9mor\u00e9 le 105e anniversaire - Comores<\/title>\n<meta name=\"description\" content=\"La France a\u0300 travers son ambassade a\u0300 Moroni a ce\u0301le\u0301bre\u0301 l&#039;armistice de la premie\u0300re guerre mondiale. Cette ce\u0301re\u0301mo ...\" \/>\n<meta name=\"robots\" content=\"index, follow, max-snippet:-1, max-image-preview:large, max-video-preview:-1\" \/>\n<link rel=\"canonical\" href=\"https:\/\/www.africa-press.net\/comores\/politique\/lambassade-de-france-a-moroni-a-commemore-le-105e-anniversaire\" \/>\n<meta property=\"og:locale\" content=\"fr_FR\" \/>\n<meta property=\"og:type\" content=\"article\" \/>\n<meta property=\"og:title\" content=\"L\u2019ambassade de France \u00e0 Moroni a comm\u00e9mor\u00e9 le 105e anniversaire\" \/>\n<meta property=\"og:description\" content=\"La France a\u0300 travers son ambassade a\u0300 Moroni a ce\u0301le\u0301bre\u0301 l&#039;armistice de la premie\u0300re guerre mondiale. Cette ce\u0301re\u0301mo ...\" \/>\n<meta property=\"og:url\" content=\"https:\/\/www.africa-press.net\/comores\/politique\/lambassade-de-france-a-moroni-a-commemore-le-105e-anniversaire\" \/>\n<meta property=\"og:site_name\" content=\"Comores\" \/>\n<meta property=\"article:published_time\" content=\"2023-11-13T19:30:44+00:00\" \/>\n<meta property=\"article:modified_time\" content=\"2023-11-14T19:13:40+00:00\" \/>\n<meta property=\"og:image\" content=\"https:\/\/static.africa-press.net\/centrafricaine\/sites\/48\/2023\/11\/sm_1699893138.088257.jpg\" \/>\n\t<meta property=\"og:image:width\" content=\"960\" \/>\n\t<meta property=\"og:image:height\" content=\"640\" \/>\n\t<meta property=\"og:image:type\" content=\"image\/jpeg\" \/>\n<meta name=\"author\" content=\"cfeditorfr\" \/>\n<meta name=\"twitter:card\" content=\"summary_large_image\" \/>\n<meta name=\"twitter:label1\" content=\"\u00c9crit par\" \/>\n\t<meta name=\"twitter:data1\" content=\"cfeditorfr\" \/>\n\t<meta name=\"twitter:label2\" content=\"Dur\u00e9e de lecture estim\u00e9e\" \/>\n\t<meta name=\"twitter:data2\" content=\"2 minutes\" \/>\n<script type=\"application\/ld+json\" class=\"yoast-schema-graph\">{\"@context\":\"https:\/\/schema.org\",\"@graph\":[{\"@type\":\"Article\",\"@id\":\"https:\/\/www.africa-press.net\/comores\/politique\/lambassade-de-france-a-moroni-a-commemore-le-105e-anniversaire#article\",\"isPartOf\":{\"@id\":\"https:\/\/www.africa-press.net\/comores\/politique\/lambassade-de-france-a-moroni-a-commemore-le-105e-anniversaire\"},\"author\":{\"name\":\"cfeditorfr\",\"@id\":\"https:\/\/www.africa-press.net\/comores\/#\/schema\/person\/2b1cf3cd81a31e3cd26889ca66d677f1\"},\"headline\":\"L\u2019ambassade de France \u00e0 Moroni a comm\u00e9mor\u00e9 le 105e anniversaire\",\"datePublished\":\"2023-11-13T19:30:44+00:00\",\"dateModified\":\"2023-11-14T19:13:40+00:00\",\"mainEntityOfPage\":{\"@id\":\"https:\/\/www.africa-press.net\/comores\/politique\/lambassade-de-france-a-moroni-a-commemore-le-105e-anniversaire\"},\"wordCount\":510,\"commentCount\":0,\"image\":{\"@id\":\"https:\/\/www.africa-press.net\/comores\/politique\/lambassade-de-france-a-moroni-a-commemore-le-105e-anniversaire#primaryimage\"},\"thumbnailUrl\":\"https:\/\/static.africa-press.net\/centrafricaine\/sites\/48\/2023\/11\/sm_1699893138.088257.jpg\",\"keywords\":[\"Africa Press\",\"Africa Press-Comores\",\"Comores\"],\"articleSection\":[\"Politique\",\"Toutes les actualit\u00e9s\"],\"inLanguage\":\"fr-FR\",\"potentialAction\":[{\"@type\":\"CommentAction\",\"name\":\"Comment\",\"target\":[\"https:\/\/www.africa-press.net\/comores\/politique\/lambassade-de-france-a-moroni-a-commemore-le-105e-anniversaire#respond\"]}]},{\"@type\":\"WebPage\",\"@id\":\"https:\/\/www.africa-press.net\/comores\/politique\/lambassade-de-france-a-moroni-a-commemore-le-105e-anniversaire\",\"url\":\"https:\/\/www.africa-press.net\/comores\/politique\/lambassade-de-france-a-moroni-a-commemore-le-105e-anniversaire\",\"name\":\"L\u2019ambassade de France \u00e0 Moroni a comm\u00e9mor\u00e9 le 105e anniversaire - Comores\",\"isPartOf\":{\"@id\":\"https:\/\/www.africa-press.net\/comores\/#website\"},\"primaryImageOfPage\":{\"@id\":\"https:\/\/www.africa-press.net\/comores\/politique\/lambassade-de-france-a-moroni-a-commemore-le-105e-anniversaire#primaryimage\"},\"image\":{\"@id\":\"https:\/\/www.africa-press.net\/comores\/politique\/lambassade-de-france-a-moroni-a-commemore-le-105e-anniversaire#primaryimage\"},\"thumbnailUrl\":\"https:\/\/static.africa-press.net\/centrafricaine\/sites\/48\/2023\/11\/sm_1699893138.088257.jpg\",\"datePublished\":\"2023-11-13T19:30:44+00:00\",\"dateModified\":\"2023-11-14T19:13:40+00:00\",\"author\":{\"@id\":\"https:\/\/www.africa-press.net\/comores\/#\/schema\/person\/2b1cf3cd81a31e3cd26889ca66d677f1\"},\"description\":\"La France a\u0300 travers son ambassade a\u0300 Moroni a ce\u0301le\u0301bre\u0301 l'armistice de la premie\u0300re guerre mondiale. Cette ce\u0301re\u0301mo ...\",\"breadcrumb\":{\"@id\":\"https:\/\/www.africa-press.net\/comores\/politique\/lambassade-de-france-a-moroni-a-commemore-le-105e-anniversaire#breadcrumb\"},\"inLanguage\":\"fr-FR\",\"potentialAction\":[{\"@type\":\"ReadAction\",\"target\":[\"https:\/\/www.africa-press.net\/comores\/politique\/lambassade-de-france-a-moroni-a-commemore-le-105e-anniversaire\"]}]},{\"@type\":\"ImageObject\",\"inLanguage\":\"fr-FR\",\"@id\":\"https:\/\/www.africa-press.net\/comores\/politique\/lambassade-de-france-a-moroni-a-commemore-le-105e-anniversaire#primaryimage\",\"url\":\"https:\/\/static.africa-press.net\/centrafricaine\/sites\/48\/2023\/11\/sm_1699893138.088257.jpg\",\"contentUrl\":\"https:\/\/static.africa-press.net\/centrafricaine\/sites\/48\/2023\/11\/sm_1699893138.088257.jpg\",\"width\":960,\"height\":640,\"caption\":\"L\u2019ambassade de France \u00e0 Moroni a comm\u00e9mor\u00e9 le 105e anniversaire\"},{\"@type\":\"BreadcrumbList\",\"@id\":\"https:\/\/www.africa-press.net\/comores\/politique\/lambassade-de-france-a-moroni-a-commemore-le-105e-anniversaire#breadcrumb\",\"itemListElement\":[{\"@type\":\"ListItem\",\"position\":1,\"name\":\"Accueil\",\"item\":\"https:\/\/www.africa-press.net\/comores\/\"},{\"@type\":\"ListItem\",\"position\":2,\"name\":\"L\u2019ambassade de France \u00e0 Moroni a comm\u00e9mor\u00e9 le 105e anniversaire\"}]},{\"@type\":\"WebSite\",\"@id\":\"https:\/\/www.africa-press.net\/comores\/#website\",\"url\":\"https:\/\/www.africa-press.net\/comores\/\",\"name\":\"Comores\",\"description\":\"Just another Africa News Agency Sites site\",\"potentialAction\":[{\"@type\":\"SearchAction\",\"target\":{\"@type\":\"EntryPoint\",\"urlTemplate\":\"https:\/\/www.africa-press.net\/comores\/?s={search_term_string}\"},\"query-input\":{\"@type\":\"PropertyValueSpecification\",\"valueRequired\":true,\"valueName\":\"search_term_string\"}}],\"inLanguage\":\"fr-FR\"},{\"@type\":\"Person\",\"@id\":\"https:\/\/www.africa-press.net\/comores\/#\/schema\/person\/2b1cf3cd81a31e3cd26889ca66d677f1\",\"name\":\"cfeditorfr\"}]}<\/script>\n<!-- \/ Yoast SEO Premium plugin. -->","yoast_head_json":{"title":"L\u2019ambassade de France \u00e0 Moroni a comm\u00e9mor\u00e9 le 105e anniversaire - Comores","description":"La France a\u0300 travers son ambassade a\u0300 Moroni a ce\u0301le\u0301bre\u0301 l'armistice de la premie\u0300re guerre mondiale. Cette ce\u0301re\u0301mo ...","robots":{"index":"index","follow":"follow","max-snippet":"max-snippet:-1","max-image-preview":"max-image-preview:large","max-video-preview":"max-video-preview:-1"},"canonical":"https:\/\/www.africa-press.net\/comores\/politique\/lambassade-de-france-a-moroni-a-commemore-le-105e-anniversaire","og_locale":"fr_FR","og_type":"article","og_title":"L\u2019ambassade de France \u00e0 Moroni a comm\u00e9mor\u00e9 le 105e anniversaire","og_description":"La France a\u0300 travers son ambassade a\u0300 Moroni a ce\u0301le\u0301bre\u0301 l'armistice de la premie\u0300re guerre mondiale. Cette ce\u0301re\u0301mo ...","og_url":"https:\/\/www.africa-press.net\/comores\/politique\/lambassade-de-france-a-moroni-a-commemore-le-105e-anniversaire","og_site_name":"Comores","article_published_time":"2023-11-13T19:30:44+00:00","article_modified_time":"2023-11-14T19:13:40+00:00","og_image":[{"width":960,"height":640,"url":"https:\/\/static.africa-press.net\/centrafricaine\/sites\/48\/2023\/11\/sm_1699893138.088257.jpg","type":"image\/jpeg"}],"author":"cfeditorfr","twitter_card":"summary_large_image","twitter_misc":{"\u00c9crit par":"cfeditorfr","Dur\u00e9e de lecture estim\u00e9e":"2 minutes"},"schema":{"@context":"https:\/\/schema.org","@graph":[{"@type":"Article","@id":"https:\/\/www.africa-press.net\/comores\/politique\/lambassade-de-france-a-moroni-a-commemore-le-105e-anniversaire#article","isPartOf":{"@id":"https:\/\/www.africa-press.net\/comores\/politique\/lambassade-de-france-a-moroni-a-commemore-le-105e-anniversaire"},"author":{"name":"cfeditorfr","@id":"https:\/\/www.africa-press.net\/comores\/#\/schema\/person\/2b1cf3cd81a31e3cd26889ca66d677f1"},"headline":"L\u2019ambassade de France \u00e0 Moroni a comm\u00e9mor\u00e9 le 105e anniversaire","datePublished":"2023-11-13T19:30:44+00:00","dateModified":"2023-11-14T19:13:40+00:00","mainEntityOfPage":{"@id":"https:\/\/www.africa-press.net\/comores\/politique\/lambassade-de-france-a-moroni-a-commemore-le-105e-anniversaire"},"wordCount":510,"commentCount":0,"image":{"@id":"https:\/\/www.africa-press.net\/comores\/politique\/lambassade-de-france-a-moroni-a-commemore-le-105e-anniversaire#primaryimage"},"thumbnailUrl":"https:\/\/static.africa-press.net\/centrafricaine\/sites\/48\/2023\/11\/sm_1699893138.088257.jpg","keywords":["Africa Press","Africa Press-Comores","Comores"],"articleSection":["Politique","Toutes les actualit\u00e9s"],"inLanguage":"fr-FR","potentialAction":[{"@type":"CommentAction","name":"Comment","target":["https:\/\/www.africa-press.net\/comores\/politique\/lambassade-de-france-a-moroni-a-commemore-le-105e-anniversaire#respond"]}]},{"@type":"WebPage","@id":"https:\/\/www.africa-press.net\/comores\/politique\/lambassade-de-france-a-moroni-a-commemore-le-105e-anniversaire","url":"https:\/\/www.africa-press.net\/comores\/politique\/lambassade-de-france-a-moroni-a-commemore-le-105e-anniversaire","name":"L\u2019ambassade de France \u00e0 Moroni a comm\u00e9mor\u00e9 le 105e anniversaire - Comores","isPartOf":{"@id":"https:\/\/www.africa-press.net\/comores\/#website"},"primaryImageOfPage":{"@id":"https:\/\/www.africa-press.net\/comores\/politique\/lambassade-de-france-a-moroni-a-commemore-le-105e-anniversaire#primaryimage"},"image":{"@id":"https:\/\/www.africa-press.net\/comores\/politique\/lambassade-de-france-a-moroni-a-commemore-le-105e-anniversaire#primaryimage"},"thumbnailUrl":"https:\/\/static.africa-press.net\/centrafricaine\/sites\/48\/2023\/11\/sm_1699893138.088257.jpg","datePublished":"2023-11-13T19:30:44+00:00","dateModified":"2023-11-14T19:13:40+00:00","author":{"@id":"https:\/\/www.africa-press.net\/comores\/#\/schema\/person\/2b1cf3cd81a31e3cd26889ca66d677f1"},"description":"La France a\u0300 travers son ambassade a\u0300 Moroni a ce\u0301le\u0301bre\u0301 l'armistice de la premie\u0300re guerre mondiale. Cette ce\u0301re\u0301mo ...","breadcrumb":{"@id":"https:\/\/www.africa-press.net\/comores\/politique\/lambassade-de-france-a-moroni-a-commemore-le-105e-anniversaire#breadcrumb"},"inLanguage":"fr-FR","potentialAction":[{"@type":"ReadAction","target":["https:\/\/www.africa-press.net\/comores\/politique\/lambassade-de-france-a-moroni-a-commemore-le-105e-anniversaire"]}]},{"@type":"ImageObject","inLanguage":"fr-FR","@id":"https:\/\/www.africa-press.net\/comores\/politique\/lambassade-de-france-a-moroni-a-commemore-le-105e-anniversaire#primaryimage","url":"https:\/\/static.africa-press.net\/centrafricaine\/sites\/48\/2023\/11\/sm_1699893138.088257.jpg","contentUrl":"https:\/\/static.africa-press.net\/centrafricaine\/sites\/48\/2023\/11\/sm_1699893138.088257.jpg","width":960,"height":640,"caption":"L\u2019ambassade de France \u00e0 Moroni a comm\u00e9mor\u00e9 le 105e anniversaire"},{"@type":"BreadcrumbList","@id":"https:\/\/www.africa-press.net\/comores\/politique\/lambassade-de-france-a-moroni-a-commemore-le-105e-anniversaire#breadcrumb","itemListElement":[{"@type":"ListItem","position":1,"name":"Accueil","item":"https:\/\/www.africa-press.net\/comores\/"},{"@type":"ListItem","position":2,"name":"L\u2019ambassade de France \u00e0 Moroni a comm\u00e9mor\u00e9 le 105e anniversaire"}]},{"@type":"WebSite","@id":"https:\/\/www.africa-press.net\/comores\/#website","url":"https:\/\/www.africa-press.net\/comores\/","name":"Comores","description":"Just another Africa News Agency Sites site","potentialAction":[{"@type":"SearchAction","target":{"@type":"EntryPoint","urlTemplate":"https:\/\/www.africa-press.net\/comores\/?s={search_term_string}"},"query-input":{"@type":"PropertyValueSpecification","valueRequired":true,"valueName":"search_term_string"}}],"inLanguage":"fr-FR"},{"@type":"Person","@id":"https:\/\/www.africa-press.net\/comores\/#\/schema\/person\/2b1cf3cd81a31e3cd26889ca66d677f1","name":"cfeditorfr"}]}},"_links":{"self":[{"href":"https:\/\/www.africa-press.net\/comores\/wp-json\/wp\/v2\/posts\/13669","targetHints":{"allow":["GET"]}}],"collection":[{"href":"https:\/\/www.africa-press.net\/comores\/wp-json\/wp\/v2\/posts"}],"about":[{"href":"https:\/\/www.africa-press.net\/comores\/wp-json\/wp\/v2\/types\/post"}],"author":[{"embeddable":true,"href":"https:\/\/www.africa-press.net\/comores\/wp-json\/wp\/v2\/users\/82"}],"replies":[{"embeddable":true,"href":"https:\/\/www.africa-press.net\/comores\/wp-json\/wp\/v2\/comments?post=13669"}],"version-history":[{"count":0,"href":"https:\/\/www.africa-press.net\/comores\/wp-json\/wp\/v2\/posts\/13669\/revisions"}],"wp:featuredmedia":[{"embeddable":true,"href":"https:\/\/www.africa-press.net\/comores\/wp-json\/wp\/v2\/media\/13668"}],"wp:attachment":[{"href":"https:\/\/www.africa-press.net\/comores\/wp-json\/wp\/v2\/media?parent=13669"}],"wp:term":[{"taxonomy":"category","embeddable":true,"href":"https:\/\/www.africa-press.net\/comores\/wp-json\/wp\/v2\/categories?post=13669"},{"taxonomy":"post_tag","embeddable":true,"href":"https:\/\/www.africa-press.net\/comores\/wp-json\/wp\/v2\/tags?post=13669"}],"curies":[{"name":"wp","href":"https:\/\/api.w.org\/{rel}","templated":true}]}}