{"id":13687,"date":"2023-11-14T18:11:24","date_gmt":"2023-11-14T18:11:24","guid":{"rendered":"https:\/\/www.africa-press.net\/comores\/politique\/aif-azali-assoumani-salue-le-leadership-africain-du-maroc"},"modified":"2023-11-14T20:12:08","modified_gmt":"2023-11-14T20:12:08","slug":"aif-azali-assoumani-salue-le-leadership-africain-du-maroc","status":"publish","type":"post","link":"https:\/\/www.africa-press.net\/comores\/politique\/aif-azali-assoumani-salue-le-leadership-africain-du-maroc","title":{"rendered":"AIF. Azali Assoumani salue le leadership africain du Maroc"},"content":{"rendered":"<p><span style=\"color: #ff6600\"><strong>Africa-Press &#8211; Comores. <\/strong><\/span>Le consul ge\u0301ne\u0301ral des Comores a\u0300 Laa\u0302youne, Said Omar Said Hassane, revient sur la participation du pre\u0301sident du pays en tant que chef de l&rsquo;Union africaine et des Comores a\u0300 l\u2019AIF, mettant en avant la re\u0301silience du Maroc face au se\u0301isme ainsi que son leadership sportif.<\/p>\n<p>\u00ab La participation de Son Excellence le Pre\u0301sident Azali Assoumani, a\u0300 la fois en tant que pre\u0301sident des Comores et de l&rsquo;Union africaine, reve\u0302t une importance significative pour mettre en lumie\u0300re les re\u0301alisations de\u0301ja\u0300 accomplies au sein de l&rsquo;Union. Son intervention s&rsquo;est focalise\u0301e sur les avance\u0301es obtenues dans le cadre de l&rsquo;agenda de l&rsquo;Union africaine, mettant particulie\u0300rement l&rsquo;accent sur le leadership re\u0301gional et les progre\u0300s re\u0301alise\u0301s sur le continent \u00bb, souligne le consul ge\u0301ne\u0301ral des Comores a\u0300 Laa\u0302youne, Said Omar Said Hassane, en marge de l\u2019Africa Investment Forum (AIF).<\/p>\n<p>Il explique que le Pre\u0301sident Azali Assoumani a mis l\u2019accent sur divers aspects tels que l&rsquo;import-export et les projets d&rsquo;envergure tels que le ZLECAF, de\u0301montrant ainsi l&rsquo;engagement continu en faveur du de\u0301veloppement e\u0301conomique et de la coope\u0301ration re\u0301gionale. De plus, il a mis en e\u0301vidence la re\u0301silience du Maroc face a\u0300 des de\u0301fis tels que le se\u0301isme, tout en mettant en avant le leadership du pays non seulement sur le plan e\u0301conomique, mais e\u0301galement dans le domaine du sport.<\/p>\n<p>Il a cite\u0301 en exemple l&rsquo;organisation de la Coupe d&rsquo;Afrique en 2027 et la perspective de la Coupe du Monde en 2030, illustrant ainsi l&rsquo;influence et l&rsquo;impact positif du Maroc a\u0300 l&rsquo;e\u0301chelle continentale.<\/p>\n<p><strong>Pour plus d&rsquo;informations et d&rsquo;analyses sur la <a href=\"https:\/\/www.africa-press.net\/comores\">Comores<\/a>, suivez <a href=\"https:\/\/www.africa-press.net\/\">Africa-Press<\/a><\/strong><\/p>\n","protected":false},"excerpt":{"rendered":"<p>Africa-Press &#8211; Comores. Le consul ge\u0301ne\u0301ral des Comores a\u0300 Laa\u0302youne, Said Omar Said Hassane, revient sur la participation du pre\u0301sident du pays en tant que chef de l&rsquo;Union africaine et des Comores a\u0300 l\u2019AIF, mettant en avant la re\u0301silience du Maroc face au se\u0301isme ainsi que son leadership sportif. \u00ab La participation de Son Excellence [&hellip;]<\/p>\n","protected":false},"author":82,"featured_media":13685,"comment_status":"open","ping_status":"closed","sticky":false,"template":"","format":"standard","meta":{"footnotes":""},"categories":[2,10],"tags":[36,53,45],"class_list":["post-13687","post","type-post","status-publish","format-standard","has-post-thumbnail","hentry","category-politique","category-toutes-les-actualites","tag-africa-press","tag-africa-press-comores","tag-comores"],"yoast_head":"<!-- This site is optimized with the Yoast SEO Premium plugin v26.1 (Yoast SEO v27.0) - https:\/\/yoast.com\/product\/yoast-seo-premium-wordpress\/ -->\n<title>AIF. Azali Assoumani salue le leadership africain du Maroc - Comores<\/title>\n<meta name=\"description\" content=\"Le consul ge\u0301ne\u0301ral des Comores a\u0300 Laa\u0302youne, Said Omar Said Hassane, revient sur la participation du pre\u0301sident du pays ...\" \/>\n<meta name=\"robots\" content=\"index, follow, max-snippet:-1, max-image-preview:large, max-video-preview:-1\" \/>\n<link rel=\"canonical\" href=\"https:\/\/www.africa-press.net\/comores\/politique\/aif-azali-assoumani-salue-le-leadership-africain-du-maroc\" \/>\n<meta property=\"og:locale\" content=\"fr_FR\" \/>\n<meta property=\"og:type\" content=\"article\" \/>\n<meta property=\"og:title\" content=\"AIF. Azali Assoumani salue le leadership africain du Maroc\" \/>\n<meta property=\"og:description\" content=\"Le consul ge\u0301ne\u0301ral des Comores a\u0300 Laa\u0302youne, Said Omar Said Hassane, revient sur la participation du pre\u0301sident du pays ...\" \/>\n<meta property=\"og:url\" content=\"https:\/\/www.africa-press.net\/comores\/politique\/aif-azali-assoumani-salue-le-leadership-africain-du-maroc\" \/>\n<meta property=\"og:site_name\" content=\"Comores\" \/>\n<meta property=\"article:published_time\" content=\"2023-11-14T18:11:24+00:00\" \/>\n<meta property=\"article:modified_time\" content=\"2023-11-14T20:12:08+00:00\" \/>\n<meta property=\"og:image\" content=\"https:\/\/static.africa-press.net\/centrafricaine\/sites\/48\/2023\/11\/sm_1699976442.658465.jpg\" \/>\n\t<meta property=\"og:image:width\" content=\"800\" \/>\n\t<meta property=\"og:image:height\" content=\"426\" \/>\n\t<meta property=\"og:image:type\" content=\"image\/jpeg\" \/>\n<meta name=\"author\" content=\"cfeditorfr\" \/>\n<meta name=\"twitter:card\" content=\"summary_large_image\" \/>\n<meta name=\"twitter:label1\" content=\"\u00c9crit par\" \/>\n\t<meta name=\"twitter:data1\" content=\"cfeditorfr\" \/>\n\t<meta name=\"twitter:label2\" content=\"Dur\u00e9e de lecture estim\u00e9e\" \/>\n\t<meta name=\"twitter:data2\" content=\"1 minute\" \/>\n<script type=\"application\/ld+json\" class=\"yoast-schema-graph\">{\"@context\":\"https:\/\/schema.org\",\"@graph\":[{\"@type\":\"Article\",\"@id\":\"https:\/\/www.africa-press.net\/comores\/politique\/aif-azali-assoumani-salue-le-leadership-africain-du-maroc#article\",\"isPartOf\":{\"@id\":\"https:\/\/www.africa-press.net\/comores\/politique\/aif-azali-assoumani-salue-le-leadership-africain-du-maroc\"},\"author\":{\"name\":\"cfeditorfr\",\"@id\":\"https:\/\/www.africa-press.net\/comores\/#\/schema\/person\/2b1cf3cd81a31e3cd26889ca66d677f1\"},\"headline\":\"AIF. Azali Assoumani salue le leadership africain du Maroc\",\"datePublished\":\"2023-11-14T18:11:24+00:00\",\"dateModified\":\"2023-11-14T20:12:08+00:00\",\"mainEntityOfPage\":{\"@id\":\"https:\/\/www.africa-press.net\/comores\/politique\/aif-azali-assoumani-salue-le-leadership-africain-du-maroc\"},\"wordCount\":320,\"commentCount\":0,\"image\":{\"@id\":\"https:\/\/www.africa-press.net\/comores\/politique\/aif-azali-assoumani-salue-le-leadership-africain-du-maroc#primaryimage\"},\"thumbnailUrl\":\"https:\/\/static.africa-press.net\/centrafricaine\/sites\/48\/2023\/11\/sm_1699976442.658465.jpg\",\"keywords\":[\"Africa Press\",\"Africa Press-Comores\",\"Comores\"],\"articleSection\":[\"Politique\",\"Toutes les actualit\u00e9s\"],\"inLanguage\":\"fr-FR\",\"potentialAction\":[{\"@type\":\"CommentAction\",\"name\":\"Comment\",\"target\":[\"https:\/\/www.africa-press.net\/comores\/politique\/aif-azali-assoumani-salue-le-leadership-africain-du-maroc#respond\"]}]},{\"@type\":\"WebPage\",\"@id\":\"https:\/\/www.africa-press.net\/comores\/politique\/aif-azali-assoumani-salue-le-leadership-africain-du-maroc\",\"url\":\"https:\/\/www.africa-press.net\/comores\/politique\/aif-azali-assoumani-salue-le-leadership-africain-du-maroc\",\"name\":\"AIF. Azali Assoumani salue le leadership africain du Maroc - Comores\",\"isPartOf\":{\"@id\":\"https:\/\/www.africa-press.net\/comores\/#website\"},\"primaryImageOfPage\":{\"@id\":\"https:\/\/www.africa-press.net\/comores\/politique\/aif-azali-assoumani-salue-le-leadership-africain-du-maroc#primaryimage\"},\"image\":{\"@id\":\"https:\/\/www.africa-press.net\/comores\/politique\/aif-azali-assoumani-salue-le-leadership-africain-du-maroc#primaryimage\"},\"thumbnailUrl\":\"https:\/\/static.africa-press.net\/centrafricaine\/sites\/48\/2023\/11\/sm_1699976442.658465.jpg\",\"datePublished\":\"2023-11-14T18:11:24+00:00\",\"dateModified\":\"2023-11-14T20:12:08+00:00\",\"author\":{\"@id\":\"https:\/\/www.africa-press.net\/comores\/#\/schema\/person\/2b1cf3cd81a31e3cd26889ca66d677f1\"},\"description\":\"Le consul ge\u0301ne\u0301ral des Comores a\u0300 Laa\u0302youne, Said Omar Said Hassane, revient sur la participation du pre\u0301sident du pays ...\",\"breadcrumb\":{\"@id\":\"https:\/\/www.africa-press.net\/comores\/politique\/aif-azali-assoumani-salue-le-leadership-africain-du-maroc#breadcrumb\"},\"inLanguage\":\"fr-FR\",\"potentialAction\":[{\"@type\":\"ReadAction\",\"target\":[\"https:\/\/www.africa-press.net\/comores\/politique\/aif-azali-assoumani-salue-le-leadership-africain-du-maroc\"]}]},{\"@type\":\"ImageObject\",\"inLanguage\":\"fr-FR\",\"@id\":\"https:\/\/www.africa-press.net\/comores\/politique\/aif-azali-assoumani-salue-le-leadership-africain-du-maroc#primaryimage\",\"url\":\"https:\/\/static.africa-press.net\/centrafricaine\/sites\/48\/2023\/11\/sm_1699976442.658465.jpg\",\"contentUrl\":\"https:\/\/static.africa-press.net\/centrafricaine\/sites\/48\/2023\/11\/sm_1699976442.658465.jpg\",\"width\":800,\"height\":426,\"caption\":\"AIF. Azali Assoumani salue le leadership africain du Maroc\"},{\"@type\":\"BreadcrumbList\",\"@id\":\"https:\/\/www.africa-press.net\/comores\/politique\/aif-azali-assoumani-salue-le-leadership-africain-du-maroc#breadcrumb\",\"itemListElement\":[{\"@type\":\"ListItem\",\"position\":1,\"name\":\"Accueil\",\"item\":\"https:\/\/www.africa-press.net\/comores\/\"},{\"@type\":\"ListItem\",\"position\":2,\"name\":\"AIF. Azali Assoumani salue le leadership africain du Maroc\"}]},{\"@type\":\"WebSite\",\"@id\":\"https:\/\/www.africa-press.net\/comores\/#website\",\"url\":\"https:\/\/www.africa-press.net\/comores\/\",\"name\":\"Comores\",\"description\":\"Just another Africa News Agency Sites site\",\"potentialAction\":[{\"@type\":\"SearchAction\",\"target\":{\"@type\":\"EntryPoint\",\"urlTemplate\":\"https:\/\/www.africa-press.net\/comores\/?s={search_term_string}\"},\"query-input\":{\"@type\":\"PropertyValueSpecification\",\"valueRequired\":true,\"valueName\":\"search_term_string\"}}],\"inLanguage\":\"fr-FR\"},{\"@type\":\"Person\",\"@id\":\"https:\/\/www.africa-press.net\/comores\/#\/schema\/person\/2b1cf3cd81a31e3cd26889ca66d677f1\",\"name\":\"cfeditorfr\"}]}<\/script>\n<!-- \/ Yoast SEO Premium plugin. -->","yoast_head_json":{"title":"AIF. Azali Assoumani salue le leadership africain du Maroc - Comores","description":"Le consul ge\u0301ne\u0301ral des Comores a\u0300 Laa\u0302youne, Said Omar Said Hassane, revient sur la participation du pre\u0301sident du pays ...","robots":{"index":"index","follow":"follow","max-snippet":"max-snippet:-1","max-image-preview":"max-image-preview:large","max-video-preview":"max-video-preview:-1"},"canonical":"https:\/\/www.africa-press.net\/comores\/politique\/aif-azali-assoumani-salue-le-leadership-africain-du-maroc","og_locale":"fr_FR","og_type":"article","og_title":"AIF. Azali Assoumani salue le leadership africain du Maroc","og_description":"Le consul ge\u0301ne\u0301ral des Comores a\u0300 Laa\u0302youne, Said Omar Said Hassane, revient sur la participation du pre\u0301sident du pays ...","og_url":"https:\/\/www.africa-press.net\/comores\/politique\/aif-azali-assoumani-salue-le-leadership-africain-du-maroc","og_site_name":"Comores","article_published_time":"2023-11-14T18:11:24+00:00","article_modified_time":"2023-11-14T20:12:08+00:00","og_image":[{"width":800,"height":426,"url":"https:\/\/static.africa-press.net\/centrafricaine\/sites\/48\/2023\/11\/sm_1699976442.658465.jpg","type":"image\/jpeg"}],"author":"cfeditorfr","twitter_card":"summary_large_image","twitter_misc":{"\u00c9crit par":"cfeditorfr","Dur\u00e9e de lecture estim\u00e9e":"1 minute"},"schema":{"@context":"https:\/\/schema.org","@graph":[{"@type":"Article","@id":"https:\/\/www.africa-press.net\/comores\/politique\/aif-azali-assoumani-salue-le-leadership-africain-du-maroc#article","isPartOf":{"@id":"https:\/\/www.africa-press.net\/comores\/politique\/aif-azali-assoumani-salue-le-leadership-africain-du-maroc"},"author":{"name":"cfeditorfr","@id":"https:\/\/www.africa-press.net\/comores\/#\/schema\/person\/2b1cf3cd81a31e3cd26889ca66d677f1"},"headline":"AIF. Azali Assoumani salue le leadership africain du Maroc","datePublished":"2023-11-14T18:11:24+00:00","dateModified":"2023-11-14T20:12:08+00:00","mainEntityOfPage":{"@id":"https:\/\/www.africa-press.net\/comores\/politique\/aif-azali-assoumani-salue-le-leadership-africain-du-maroc"},"wordCount":320,"commentCount":0,"image":{"@id":"https:\/\/www.africa-press.net\/comores\/politique\/aif-azali-assoumani-salue-le-leadership-africain-du-maroc#primaryimage"},"thumbnailUrl":"https:\/\/static.africa-press.net\/centrafricaine\/sites\/48\/2023\/11\/sm_1699976442.658465.jpg","keywords":["Africa Press","Africa Press-Comores","Comores"],"articleSection":["Politique","Toutes les actualit\u00e9s"],"inLanguage":"fr-FR","potentialAction":[{"@type":"CommentAction","name":"Comment","target":["https:\/\/www.africa-press.net\/comores\/politique\/aif-azali-assoumani-salue-le-leadership-africain-du-maroc#respond"]}]},{"@type":"WebPage","@id":"https:\/\/www.africa-press.net\/comores\/politique\/aif-azali-assoumani-salue-le-leadership-africain-du-maroc","url":"https:\/\/www.africa-press.net\/comores\/politique\/aif-azali-assoumani-salue-le-leadership-africain-du-maroc","name":"AIF. Azali Assoumani salue le leadership africain du Maroc - Comores","isPartOf":{"@id":"https:\/\/www.africa-press.net\/comores\/#website"},"primaryImageOfPage":{"@id":"https:\/\/www.africa-press.net\/comores\/politique\/aif-azali-assoumani-salue-le-leadership-africain-du-maroc#primaryimage"},"image":{"@id":"https:\/\/www.africa-press.net\/comores\/politique\/aif-azali-assoumani-salue-le-leadership-africain-du-maroc#primaryimage"},"thumbnailUrl":"https:\/\/static.africa-press.net\/centrafricaine\/sites\/48\/2023\/11\/sm_1699976442.658465.jpg","datePublished":"2023-11-14T18:11:24+00:00","dateModified":"2023-11-14T20:12:08+00:00","author":{"@id":"https:\/\/www.africa-press.net\/comores\/#\/schema\/person\/2b1cf3cd81a31e3cd26889ca66d677f1"},"description":"Le consul ge\u0301ne\u0301ral des Comores a\u0300 Laa\u0302youne, Said Omar Said Hassane, revient sur la participation du pre\u0301sident du pays ...","breadcrumb":{"@id":"https:\/\/www.africa-press.net\/comores\/politique\/aif-azali-assoumani-salue-le-leadership-africain-du-maroc#breadcrumb"},"inLanguage":"fr-FR","potentialAction":[{"@type":"ReadAction","target":["https:\/\/www.africa-press.net\/comores\/politique\/aif-azali-assoumani-salue-le-leadership-africain-du-maroc"]}]},{"@type":"ImageObject","inLanguage":"fr-FR","@id":"https:\/\/www.africa-press.net\/comores\/politique\/aif-azali-assoumani-salue-le-leadership-africain-du-maroc#primaryimage","url":"https:\/\/static.africa-press.net\/centrafricaine\/sites\/48\/2023\/11\/sm_1699976442.658465.jpg","contentUrl":"https:\/\/static.africa-press.net\/centrafricaine\/sites\/48\/2023\/11\/sm_1699976442.658465.jpg","width":800,"height":426,"caption":"AIF. Azali Assoumani salue le leadership africain du Maroc"},{"@type":"BreadcrumbList","@id":"https:\/\/www.africa-press.net\/comores\/politique\/aif-azali-assoumani-salue-le-leadership-africain-du-maroc#breadcrumb","itemListElement":[{"@type":"ListItem","position":1,"name":"Accueil","item":"https:\/\/www.africa-press.net\/comores\/"},{"@type":"ListItem","position":2,"name":"AIF. Azali Assoumani salue le leadership africain du Maroc"}]},{"@type":"WebSite","@id":"https:\/\/www.africa-press.net\/comores\/#website","url":"https:\/\/www.africa-press.net\/comores\/","name":"Comores","description":"Just another Africa News Agency Sites site","potentialAction":[{"@type":"SearchAction","target":{"@type":"EntryPoint","urlTemplate":"https:\/\/www.africa-press.net\/comores\/?s={search_term_string}"},"query-input":{"@type":"PropertyValueSpecification","valueRequired":true,"valueName":"search_term_string"}}],"inLanguage":"fr-FR"},{"@type":"Person","@id":"https:\/\/www.africa-press.net\/comores\/#\/schema\/person\/2b1cf3cd81a31e3cd26889ca66d677f1","name":"cfeditorfr"}]}},"_links":{"self":[{"href":"https:\/\/www.africa-press.net\/comores\/wp-json\/wp\/v2\/posts\/13687","targetHints":{"allow":["GET"]}}],"collection":[{"href":"https:\/\/www.africa-press.net\/comores\/wp-json\/wp\/v2\/posts"}],"about":[{"href":"https:\/\/www.africa-press.net\/comores\/wp-json\/wp\/v2\/types\/post"}],"author":[{"embeddable":true,"href":"https:\/\/www.africa-press.net\/comores\/wp-json\/wp\/v2\/users\/82"}],"replies":[{"embeddable":true,"href":"https:\/\/www.africa-press.net\/comores\/wp-json\/wp\/v2\/comments?post=13687"}],"version-history":[{"count":0,"href":"https:\/\/www.africa-press.net\/comores\/wp-json\/wp\/v2\/posts\/13687\/revisions"}],"wp:featuredmedia":[{"embeddable":true,"href":"https:\/\/www.africa-press.net\/comores\/wp-json\/wp\/v2\/media\/13685"}],"wp:attachment":[{"href":"https:\/\/www.africa-press.net\/comores\/wp-json\/wp\/v2\/media?parent=13687"}],"wp:term":[{"taxonomy":"category","embeddable":true,"href":"https:\/\/www.africa-press.net\/comores\/wp-json\/wp\/v2\/categories?post=13687"},{"taxonomy":"post_tag","embeddable":true,"href":"https:\/\/www.africa-press.net\/comores\/wp-json\/wp\/v2\/tags?post=13687"}],"curies":[{"name":"wp","href":"https:\/\/api.w.org\/{rel}","templated":true}]}}