{"id":13713,"date":"2023-11-15T19:15:29","date_gmt":"2023-11-15T19:15:29","guid":{"rendered":"https:\/\/www.africa-press.net\/comores\/politique\/forum-sur-linvestissement-en-afrique-de-marrakech-azali-favorable-a-lindustrialisation-des-chaines-des-valeurs-en-afrique"},"modified":"2023-11-15T20:51:09","modified_gmt":"2023-11-15T20:51:09","slug":"forum-sur-linvestissement-en-afrique-de-marrakech-azali-favorable-a-lindustrialisation-des-chaines-des-valeurs-en-afrique","status":"publish","type":"post","link":"https:\/\/www.africa-press.net\/comores\/politique\/forum-sur-linvestissement-en-afrique-de-marrakech-azali-favorable-a-lindustrialisation-des-chaines-des-valeurs-en-afrique","title":{"rendered":"Forum sur l\u2019Investissement en Afrique de Marrakech : Azali favorable \u00e0 l&rsquo;industrialisation des cha\u00eenes des valeurs en Afrique"},"content":{"rendered":"<p><span style=\"color: #ff6600\"><strong>Africa-Press &#8211; Comores. <\/strong><\/span><b>L&rsquo;e\u0301dition 2023 du forum consacre\u0301 a\u0300 l\u2019Investissement en Afrique a eu lieu au Maroc dernie\u0300rement. Le chef de l\u2019Etat a participe\u0301 dans cet e\u0301ve\u0300nement organise\u0301 par la Banque Africaine de De\u0301veloppement (BAD) et le gouvernement marocain, et ou\u0300 il a plaide\u0301 pour l&rsquo;industrialisation du vieux continent a\u0300 travers une coope\u0301ration intra-africaine et la comple\u0301mentarite\u0301 e\u0301conomique, base\u0301e sur la solidarite\u0301 active et la mutualisation des moyens et des efforts.<\/b><\/p>\n<p>Que l&rsquo;Afrique s&rsquo;industrialise a\u0300 travers une coope\u0301ration intra-africaine et la comple\u0301mentarite\u0301 e\u0301conomique, sur la solidarite\u0301 active et la mutualisation des moyens et des efforts tel est le v\u0153u du pre\u0301sent Azali. Le pre\u0301sident en exercice de l&rsquo;Union Africaine a exprime\u0301 ce souhait a\u0300 l&rsquo;ouverture des discussions du forum sur l&rsquo;investissement en Afrique. \u00ab La participation de l\u2019Afrique aux chai\u0302nes de valeur mondiales (CVM) n\u2019est pas a\u0300 la hauteur de nos attentes telles que de\u0301finies dans l\u2019Agenda 2063 pour favoriser la transformation et la croissance e\u0301conomique de notre continent \u00bb, a souligne\u0301 Azali Assoumani.<\/p>\n<p>Et de de\u0301montrer statistiquement : \u00ab L\u2019Afrique participe a\u0300 seulement 2,1% dans la valeur ajoute\u0301e manufacturie\u0300re mondiale. Et ses exportations en produits manufacture\u0301s ne repre\u0301sentent en moyenne que 1% des exportations mondiales sur la pe\u0301riode 2000-2022, tandis que les exportations de biens interme\u0301diaires ne repre\u0301sentent qu\u2019en moyenne 3,8% des exportations mondiales \u00bb. Selon lui le constat prouve que le vieux continent doit adopter une politique pour renforcer l&rsquo;industrie des chaines de valeurs pour se libe\u0301rer.<\/p>\n<p>Devant cette assemble\u0301e, le pre\u0301sident Azali a encore parle\u0301 de la ZLECAF. \u00ab Le de\u0301veloppement industriel de l\u2019Afrique peut avoir une meilleure inte\u0301gration dans les CVM en parlant de la Zone de libre-e\u0301change continentale qui est la plus grande zone de libre d\u2019e\u0301change du monde en termes de nombre de pays. L\u2019e\u0301norme potentiel de ressources naturelles de l\u2019Afrique notamment le potentiel dans l\u2019agriculture et dans l\u2019agro-industrie, les e\u0301normes opportunite\u0301s d&rsquo;investissement dans les secteurs des e\u0301nergies renouvelables et de la sante\u0301 sera un plus \u00bb, a-t-il montre\u0301. Il exhorte les gouvernements a\u0300 encourager la cre\u0301ation d\u2019un secteur prive\u0301 oriente\u0301 vers les transformations CVM (chai\u0302ne de valeur mondiale), d&rsquo;e\u0301liminer les obstacles aux rations commerciales, d&rsquo;ame\u0301liorer les compe\u0301tences de la main-d&rsquo;\u0153uvre pour le secteur manufacturier, d&rsquo;investir dans les infrastructures productives et de soutenir l&rsquo;inte\u0301gration re\u0301gionale et mettre en \u0153uvre des protocoles de libre circulation.<\/p>\n<p>Bien e\u0301videmment, il ne pourrait pas s&rsquo;e\u0301taler sur les poids du de\u0301veloppement de l&rsquo;Afrique en ge\u0301ne\u0301ral sans pour autant rebondir sur les Comores en particulier et de son plan d&rsquo;e\u0301mergence. \u00ab Dans le cadre du projet d\u2019e\u0301mergence 2030, le de\u0301veloppement du secteur agricole consiste a\u0300 ame\u0301liorer substantiellement la productivite\u0301 agricole a\u0300 travers, entre autres, le renforcement des chai\u0302nes de valeurs agro-alimentaires, la promotion des niches industrielles qui s\u2019appuiera sur la valorisation des produits tels que les produits de la mer, les huiles essentielles et les produits cosme\u0301tiques naturels, et l&rsquo;ame\u0301nagement de corridors maritimes et de facilitation du commerce qui pre\u0301voit la modernisation des infrastructures portuaires et la mise en place d\u2019une zone e\u0301conomique spe\u0301ciale \u00bb, a-t-il conclu.<\/p>\n<p><strong>Pour plus d&rsquo;informations et d&rsquo;analyses sur la <a href=\"https:\/\/www.africa-press.net\/comores\">Comores<\/a>, suivez <a href=\"https:\/\/www.africa-press.net\/\">Africa-Press<\/a><\/strong><\/p>\n","protected":false},"excerpt":{"rendered":"<p>Africa-Press &#8211; Comores. L&rsquo;e\u0301dition 2023 du forum consacre\u0301 a\u0300 l\u2019Investissement en Afrique a eu lieu au Maroc dernie\u0300rement. Le chef de l\u2019Etat a participe\u0301 dans cet e\u0301ve\u0300nement organise\u0301 par la Banque Africaine de De\u0301veloppement (BAD) et le gouvernement marocain, et ou\u0300 il a plaide\u0301 pour l&rsquo;industrialisation du vieux continent a\u0300 travers une coope\u0301ration intra-africaine et [&hellip;]<\/p>\n","protected":false},"author":82,"featured_media":13712,"comment_status":"open","ping_status":"closed","sticky":false,"template":"","format":"standard","meta":{"footnotes":""},"categories":[3,2,20,10],"tags":[36,53,45],"class_list":["post-13713","post","type-post","status-publish","format-standard","has-post-thumbnail","hentry","category-economie","category-politique","category-top-nouvelles","category-toutes-les-actualites","tag-africa-press","tag-africa-press-comores","tag-comores"],"yoast_head":"<!-- This site is optimized with the Yoast SEO Premium plugin v26.1 (Yoast SEO v27.0) - https:\/\/yoast.com\/product\/yoast-seo-premium-wordpress\/ -->\n<title>Forum sur l\u2019Investissement en Afrique de Marrakech : Azali favorable \u00e0 l&#039;industrialisation des cha\u00eenes des valeurs en Afrique - Comores<\/title>\n<meta name=\"description\" content=\"L&#039;e\u0301dition 2023 du forum consacre\u0301 a\u0300 l\u2019Investissement en Afrique a eu lieu au Maroc dernie\u0300rement. Le chef de l\u2019Etat ...\" \/>\n<meta name=\"robots\" content=\"index, follow, max-snippet:-1, max-image-preview:large, max-video-preview:-1\" \/>\n<link rel=\"canonical\" href=\"https:\/\/www.africa-press.net\/comores\/politique\/forum-sur-linvestissement-en-afrique-de-marrakech-azali-favorable-a-lindustrialisation-des-chaines-des-valeurs-en-afrique\" \/>\n<meta property=\"og:locale\" content=\"fr_FR\" \/>\n<meta property=\"og:type\" content=\"article\" \/>\n<meta property=\"og:title\" content=\"Forum sur l\u2019Investissement en Afrique de Marrakech : Azali favorable \u00e0 l&#039;industrialisation des cha\u00eenes des valeurs en Afrique\" \/>\n<meta property=\"og:description\" content=\"L&#039;e\u0301dition 2023 du forum consacre\u0301 a\u0300 l\u2019Investissement en Afrique a eu lieu au Maroc dernie\u0300rement. Le chef de l\u2019Etat ...\" \/>\n<meta property=\"og:url\" content=\"https:\/\/www.africa-press.net\/comores\/politique\/forum-sur-linvestissement-en-afrique-de-marrakech-azali-favorable-a-lindustrialisation-des-chaines-des-valeurs-en-afrique\" \/>\n<meta property=\"og:site_name\" content=\"Comores\" \/>\n<meta property=\"article:published_time\" content=\"2023-11-15T19:15:29+00:00\" \/>\n<meta property=\"article:modified_time\" content=\"2023-11-15T20:51:09+00:00\" \/>\n<meta property=\"og:image\" content=\"https:\/\/static.africa-press.net\/centrafricaine\/sites\/48\/2023\/11\/sm_1700065190.704921.jpg\" \/>\n\t<meta property=\"og:image:width\" content=\"1024\" \/>\n\t<meta property=\"og:image:height\" content=\"682\" \/>\n\t<meta property=\"og:image:type\" content=\"image\/jpeg\" \/>\n<meta name=\"author\" content=\"cfeditorfr\" \/>\n<meta name=\"twitter:card\" content=\"summary_large_image\" \/>\n<meta name=\"twitter:label1\" content=\"\u00c9crit par\" \/>\n\t<meta name=\"twitter:data1\" content=\"cfeditorfr\" \/>\n\t<meta name=\"twitter:label2\" content=\"Dur\u00e9e de lecture estim\u00e9e\" \/>\n\t<meta name=\"twitter:data2\" content=\"3 minutes\" \/>\n<script type=\"application\/ld+json\" class=\"yoast-schema-graph\">{\"@context\":\"https:\/\/schema.org\",\"@graph\":[{\"@type\":\"Article\",\"@id\":\"https:\/\/www.africa-press.net\/comores\/politique\/forum-sur-linvestissement-en-afrique-de-marrakech-azali-favorable-a-lindustrialisation-des-chaines-des-valeurs-en-afrique#article\",\"isPartOf\":{\"@id\":\"https:\/\/www.africa-press.net\/comores\/politique\/forum-sur-linvestissement-en-afrique-de-marrakech-azali-favorable-a-lindustrialisation-des-chaines-des-valeurs-en-afrique\"},\"author\":{\"name\":\"cfeditorfr\",\"@id\":\"https:\/\/www.africa-press.net\/comores\/#\/schema\/person\/2b1cf3cd81a31e3cd26889ca66d677f1\"},\"headline\":\"Forum sur l\u2019Investissement en Afrique de Marrakech : Azali favorable \u00e0 l&rsquo;industrialisation des cha\u00eenes des valeurs en Afrique\",\"datePublished\":\"2023-11-15T19:15:29+00:00\",\"dateModified\":\"2023-11-15T20:51:09+00:00\",\"mainEntityOfPage\":{\"@id\":\"https:\/\/www.africa-press.net\/comores\/politique\/forum-sur-linvestissement-en-afrique-de-marrakech-azali-favorable-a-lindustrialisation-des-chaines-des-valeurs-en-afrique\"},\"wordCount\":607,\"commentCount\":0,\"image\":{\"@id\":\"https:\/\/www.africa-press.net\/comores\/politique\/forum-sur-linvestissement-en-afrique-de-marrakech-azali-favorable-a-lindustrialisation-des-chaines-des-valeurs-en-afrique#primaryimage\"},\"thumbnailUrl\":\"https:\/\/static.africa-press.net\/centrafricaine\/sites\/48\/2023\/11\/sm_1700065190.704921.jpg\",\"keywords\":[\"Africa Press\",\"Africa Press-Comores\",\"Comores\"],\"articleSection\":[\"\u00c9conomie\",\"Politique\",\"Top Nouvelles\",\"Toutes les actualit\u00e9s\"],\"inLanguage\":\"fr-FR\",\"potentialAction\":[{\"@type\":\"CommentAction\",\"name\":\"Comment\",\"target\":[\"https:\/\/www.africa-press.net\/comores\/politique\/forum-sur-linvestissement-en-afrique-de-marrakech-azali-favorable-a-lindustrialisation-des-chaines-des-valeurs-en-afrique#respond\"]}]},{\"@type\":\"WebPage\",\"@id\":\"https:\/\/www.africa-press.net\/comores\/politique\/forum-sur-linvestissement-en-afrique-de-marrakech-azali-favorable-a-lindustrialisation-des-chaines-des-valeurs-en-afrique\",\"url\":\"https:\/\/www.africa-press.net\/comores\/politique\/forum-sur-linvestissement-en-afrique-de-marrakech-azali-favorable-a-lindustrialisation-des-chaines-des-valeurs-en-afrique\",\"name\":\"Forum sur l\u2019Investissement en Afrique de Marrakech : Azali favorable \u00e0 l'industrialisation des cha\u00eenes des valeurs en Afrique - Comores\",\"isPartOf\":{\"@id\":\"https:\/\/www.africa-press.net\/comores\/#website\"},\"primaryImageOfPage\":{\"@id\":\"https:\/\/www.africa-press.net\/comores\/politique\/forum-sur-linvestissement-en-afrique-de-marrakech-azali-favorable-a-lindustrialisation-des-chaines-des-valeurs-en-afrique#primaryimage\"},\"image\":{\"@id\":\"https:\/\/www.africa-press.net\/comores\/politique\/forum-sur-linvestissement-en-afrique-de-marrakech-azali-favorable-a-lindustrialisation-des-chaines-des-valeurs-en-afrique#primaryimage\"},\"thumbnailUrl\":\"https:\/\/static.africa-press.net\/centrafricaine\/sites\/48\/2023\/11\/sm_1700065190.704921.jpg\",\"datePublished\":\"2023-11-15T19:15:29+00:00\",\"dateModified\":\"2023-11-15T20:51:09+00:00\",\"author\":{\"@id\":\"https:\/\/www.africa-press.net\/comores\/#\/schema\/person\/2b1cf3cd81a31e3cd26889ca66d677f1\"},\"description\":\"L'e\u0301dition 2023 du forum consacre\u0301 a\u0300 l\u2019Investissement en Afrique a eu lieu au Maroc dernie\u0300rement. Le chef de l\u2019Etat ...\",\"breadcrumb\":{\"@id\":\"https:\/\/www.africa-press.net\/comores\/politique\/forum-sur-linvestissement-en-afrique-de-marrakech-azali-favorable-a-lindustrialisation-des-chaines-des-valeurs-en-afrique#breadcrumb\"},\"inLanguage\":\"fr-FR\",\"potentialAction\":[{\"@type\":\"ReadAction\",\"target\":[\"https:\/\/www.africa-press.net\/comores\/politique\/forum-sur-linvestissement-en-afrique-de-marrakech-azali-favorable-a-lindustrialisation-des-chaines-des-valeurs-en-afrique\"]}]},{\"@type\":\"ImageObject\",\"inLanguage\":\"fr-FR\",\"@id\":\"https:\/\/www.africa-press.net\/comores\/politique\/forum-sur-linvestissement-en-afrique-de-marrakech-azali-favorable-a-lindustrialisation-des-chaines-des-valeurs-en-afrique#primaryimage\",\"url\":\"https:\/\/static.africa-press.net\/centrafricaine\/sites\/48\/2023\/11\/sm_1700065190.704921.jpg\",\"contentUrl\":\"https:\/\/static.africa-press.net\/centrafricaine\/sites\/48\/2023\/11\/sm_1700065190.704921.jpg\",\"width\":1024,\"height\":682,\"caption\":\"Forum sur l\u2019Investissement en Afrique de Marrakech : Azali favorable \u00e0 l'industrialisation des cha\u00eenes des valeurs en Afrique\"},{\"@type\":\"BreadcrumbList\",\"@id\":\"https:\/\/www.africa-press.net\/comores\/politique\/forum-sur-linvestissement-en-afrique-de-marrakech-azali-favorable-a-lindustrialisation-des-chaines-des-valeurs-en-afrique#breadcrumb\",\"itemListElement\":[{\"@type\":\"ListItem\",\"position\":1,\"name\":\"Accueil\",\"item\":\"https:\/\/www.africa-press.net\/comores\/\"},{\"@type\":\"ListItem\",\"position\":2,\"name\":\"Forum sur l\u2019Investissement en Afrique de Marrakech : Azali favorable \u00e0 l&#8217;industrialisation des cha\u00eenes des valeurs en Afrique\"}]},{\"@type\":\"WebSite\",\"@id\":\"https:\/\/www.africa-press.net\/comores\/#website\",\"url\":\"https:\/\/www.africa-press.net\/comores\/\",\"name\":\"Comores\",\"description\":\"Just another Africa News Agency Sites site\",\"potentialAction\":[{\"@type\":\"SearchAction\",\"target\":{\"@type\":\"EntryPoint\",\"urlTemplate\":\"https:\/\/www.africa-press.net\/comores\/?s={search_term_string}\"},\"query-input\":{\"@type\":\"PropertyValueSpecification\",\"valueRequired\":true,\"valueName\":\"search_term_string\"}}],\"inLanguage\":\"fr-FR\"},{\"@type\":\"Person\",\"@id\":\"https:\/\/www.africa-press.net\/comores\/#\/schema\/person\/2b1cf3cd81a31e3cd26889ca66d677f1\",\"name\":\"cfeditorfr\"}]}<\/script>\n<!-- \/ Yoast SEO Premium plugin. -->","yoast_head_json":{"title":"Forum sur l\u2019Investissement en Afrique de Marrakech : Azali favorable \u00e0 l'industrialisation des cha\u00eenes des valeurs en Afrique - Comores","description":"L'e\u0301dition 2023 du forum consacre\u0301 a\u0300 l\u2019Investissement en Afrique a eu lieu au Maroc dernie\u0300rement. Le chef de l\u2019Etat ...","robots":{"index":"index","follow":"follow","max-snippet":"max-snippet:-1","max-image-preview":"max-image-preview:large","max-video-preview":"max-video-preview:-1"},"canonical":"https:\/\/www.africa-press.net\/comores\/politique\/forum-sur-linvestissement-en-afrique-de-marrakech-azali-favorable-a-lindustrialisation-des-chaines-des-valeurs-en-afrique","og_locale":"fr_FR","og_type":"article","og_title":"Forum sur l\u2019Investissement en Afrique de Marrakech : Azali favorable \u00e0 l'industrialisation des cha\u00eenes des valeurs en Afrique","og_description":"L'e\u0301dition 2023 du forum consacre\u0301 a\u0300 l\u2019Investissement en Afrique a eu lieu au Maroc dernie\u0300rement. Le chef de l\u2019Etat ...","og_url":"https:\/\/www.africa-press.net\/comores\/politique\/forum-sur-linvestissement-en-afrique-de-marrakech-azali-favorable-a-lindustrialisation-des-chaines-des-valeurs-en-afrique","og_site_name":"Comores","article_published_time":"2023-11-15T19:15:29+00:00","article_modified_time":"2023-11-15T20:51:09+00:00","og_image":[{"width":1024,"height":682,"url":"https:\/\/static.africa-press.net\/centrafricaine\/sites\/48\/2023\/11\/sm_1700065190.704921.jpg","type":"image\/jpeg"}],"author":"cfeditorfr","twitter_card":"summary_large_image","twitter_misc":{"\u00c9crit par":"cfeditorfr","Dur\u00e9e de lecture estim\u00e9e":"3 minutes"},"schema":{"@context":"https:\/\/schema.org","@graph":[{"@type":"Article","@id":"https:\/\/www.africa-press.net\/comores\/politique\/forum-sur-linvestissement-en-afrique-de-marrakech-azali-favorable-a-lindustrialisation-des-chaines-des-valeurs-en-afrique#article","isPartOf":{"@id":"https:\/\/www.africa-press.net\/comores\/politique\/forum-sur-linvestissement-en-afrique-de-marrakech-azali-favorable-a-lindustrialisation-des-chaines-des-valeurs-en-afrique"},"author":{"name":"cfeditorfr","@id":"https:\/\/www.africa-press.net\/comores\/#\/schema\/person\/2b1cf3cd81a31e3cd26889ca66d677f1"},"headline":"Forum sur l\u2019Investissement en Afrique de Marrakech : Azali favorable \u00e0 l&rsquo;industrialisation des cha\u00eenes des valeurs en Afrique","datePublished":"2023-11-15T19:15:29+00:00","dateModified":"2023-11-15T20:51:09+00:00","mainEntityOfPage":{"@id":"https:\/\/www.africa-press.net\/comores\/politique\/forum-sur-linvestissement-en-afrique-de-marrakech-azali-favorable-a-lindustrialisation-des-chaines-des-valeurs-en-afrique"},"wordCount":607,"commentCount":0,"image":{"@id":"https:\/\/www.africa-press.net\/comores\/politique\/forum-sur-linvestissement-en-afrique-de-marrakech-azali-favorable-a-lindustrialisation-des-chaines-des-valeurs-en-afrique#primaryimage"},"thumbnailUrl":"https:\/\/static.africa-press.net\/centrafricaine\/sites\/48\/2023\/11\/sm_1700065190.704921.jpg","keywords":["Africa Press","Africa Press-Comores","Comores"],"articleSection":["\u00c9conomie","Politique","Top Nouvelles","Toutes les actualit\u00e9s"],"inLanguage":"fr-FR","potentialAction":[{"@type":"CommentAction","name":"Comment","target":["https:\/\/www.africa-press.net\/comores\/politique\/forum-sur-linvestissement-en-afrique-de-marrakech-azali-favorable-a-lindustrialisation-des-chaines-des-valeurs-en-afrique#respond"]}]},{"@type":"WebPage","@id":"https:\/\/www.africa-press.net\/comores\/politique\/forum-sur-linvestissement-en-afrique-de-marrakech-azali-favorable-a-lindustrialisation-des-chaines-des-valeurs-en-afrique","url":"https:\/\/www.africa-press.net\/comores\/politique\/forum-sur-linvestissement-en-afrique-de-marrakech-azali-favorable-a-lindustrialisation-des-chaines-des-valeurs-en-afrique","name":"Forum sur l\u2019Investissement en Afrique de Marrakech : Azali favorable \u00e0 l'industrialisation des cha\u00eenes des valeurs en Afrique - Comores","isPartOf":{"@id":"https:\/\/www.africa-press.net\/comores\/#website"},"primaryImageOfPage":{"@id":"https:\/\/www.africa-press.net\/comores\/politique\/forum-sur-linvestissement-en-afrique-de-marrakech-azali-favorable-a-lindustrialisation-des-chaines-des-valeurs-en-afrique#primaryimage"},"image":{"@id":"https:\/\/www.africa-press.net\/comores\/politique\/forum-sur-linvestissement-en-afrique-de-marrakech-azali-favorable-a-lindustrialisation-des-chaines-des-valeurs-en-afrique#primaryimage"},"thumbnailUrl":"https:\/\/static.africa-press.net\/centrafricaine\/sites\/48\/2023\/11\/sm_1700065190.704921.jpg","datePublished":"2023-11-15T19:15:29+00:00","dateModified":"2023-11-15T20:51:09+00:00","author":{"@id":"https:\/\/www.africa-press.net\/comores\/#\/schema\/person\/2b1cf3cd81a31e3cd26889ca66d677f1"},"description":"L'e\u0301dition 2023 du forum consacre\u0301 a\u0300 l\u2019Investissement en Afrique a eu lieu au Maroc dernie\u0300rement. Le chef de l\u2019Etat ...","breadcrumb":{"@id":"https:\/\/www.africa-press.net\/comores\/politique\/forum-sur-linvestissement-en-afrique-de-marrakech-azali-favorable-a-lindustrialisation-des-chaines-des-valeurs-en-afrique#breadcrumb"},"inLanguage":"fr-FR","potentialAction":[{"@type":"ReadAction","target":["https:\/\/www.africa-press.net\/comores\/politique\/forum-sur-linvestissement-en-afrique-de-marrakech-azali-favorable-a-lindustrialisation-des-chaines-des-valeurs-en-afrique"]}]},{"@type":"ImageObject","inLanguage":"fr-FR","@id":"https:\/\/www.africa-press.net\/comores\/politique\/forum-sur-linvestissement-en-afrique-de-marrakech-azali-favorable-a-lindustrialisation-des-chaines-des-valeurs-en-afrique#primaryimage","url":"https:\/\/static.africa-press.net\/centrafricaine\/sites\/48\/2023\/11\/sm_1700065190.704921.jpg","contentUrl":"https:\/\/static.africa-press.net\/centrafricaine\/sites\/48\/2023\/11\/sm_1700065190.704921.jpg","width":1024,"height":682,"caption":"Forum sur l\u2019Investissement en Afrique de Marrakech : Azali favorable \u00e0 l'industrialisation des cha\u00eenes des valeurs en Afrique"},{"@type":"BreadcrumbList","@id":"https:\/\/www.africa-press.net\/comores\/politique\/forum-sur-linvestissement-en-afrique-de-marrakech-azali-favorable-a-lindustrialisation-des-chaines-des-valeurs-en-afrique#breadcrumb","itemListElement":[{"@type":"ListItem","position":1,"name":"Accueil","item":"https:\/\/www.africa-press.net\/comores\/"},{"@type":"ListItem","position":2,"name":"Forum sur l\u2019Investissement en Afrique de Marrakech : Azali favorable \u00e0 l&#8217;industrialisation des cha\u00eenes des valeurs en Afrique"}]},{"@type":"WebSite","@id":"https:\/\/www.africa-press.net\/comores\/#website","url":"https:\/\/www.africa-press.net\/comores\/","name":"Comores","description":"Just another Africa News Agency Sites site","potentialAction":[{"@type":"SearchAction","target":{"@type":"EntryPoint","urlTemplate":"https:\/\/www.africa-press.net\/comores\/?s={search_term_string}"},"query-input":{"@type":"PropertyValueSpecification","valueRequired":true,"valueName":"search_term_string"}}],"inLanguage":"fr-FR"},{"@type":"Person","@id":"https:\/\/www.africa-press.net\/comores\/#\/schema\/person\/2b1cf3cd81a31e3cd26889ca66d677f1","name":"cfeditorfr"}]}},"_links":{"self":[{"href":"https:\/\/www.africa-press.net\/comores\/wp-json\/wp\/v2\/posts\/13713","targetHints":{"allow":["GET"]}}],"collection":[{"href":"https:\/\/www.africa-press.net\/comores\/wp-json\/wp\/v2\/posts"}],"about":[{"href":"https:\/\/www.africa-press.net\/comores\/wp-json\/wp\/v2\/types\/post"}],"author":[{"embeddable":true,"href":"https:\/\/www.africa-press.net\/comores\/wp-json\/wp\/v2\/users\/82"}],"replies":[{"embeddable":true,"href":"https:\/\/www.africa-press.net\/comores\/wp-json\/wp\/v2\/comments?post=13713"}],"version-history":[{"count":0,"href":"https:\/\/www.africa-press.net\/comores\/wp-json\/wp\/v2\/posts\/13713\/revisions"}],"wp:featuredmedia":[{"embeddable":true,"href":"https:\/\/www.africa-press.net\/comores\/wp-json\/wp\/v2\/media\/13712"}],"wp:attachment":[{"href":"https:\/\/www.africa-press.net\/comores\/wp-json\/wp\/v2\/media?parent=13713"}],"wp:term":[{"taxonomy":"category","embeddable":true,"href":"https:\/\/www.africa-press.net\/comores\/wp-json\/wp\/v2\/categories?post=13713"},{"taxonomy":"post_tag","embeddable":true,"href":"https:\/\/www.africa-press.net\/comores\/wp-json\/wp\/v2\/tags?post=13713"}],"curies":[{"name":"wp","href":"https:\/\/api.w.org\/{rel}","templated":true}]}}