{"id":13716,"date":"2023-11-15T19:16:04","date_gmt":"2023-11-15T19:16:04","guid":{"rendered":"https:\/\/www.africa-press.net\/comores\/politique\/remise-de-kits-pedagogiques-aux-clac-de-moheli"},"modified":"2023-11-15T20:51:38","modified_gmt":"2023-11-15T20:51:38","slug":"remise-de-kits-pedagogiques-aux-clac-de-moheli","status":"publish","type":"post","link":"https:\/\/www.africa-press.net\/comores\/culture-et-art\/remise-de-kits-pedagogiques-aux-clac-de-moheli","title":{"rendered":"Remise de kits p\u00e9dagogiques aux CLAC de Moh\u00e9li"},"content":{"rendered":"<p><span style=\"color: #ff6600\"><strong>Africa-Press &#8211; Comores. <\/strong><\/span><b>Ce lundi 13 novembre au CLAC (Centre de lecture et d\u2019animation culturelle) de Salamani, dans une ambiance festive, a eu lieu une ce\u0301re\u0301monie de remise de kits pe\u0301dagogiques au be\u0301ne\u0301fice des trois clacs de Mohe\u0301li. Une activite\u0301 qui s\u2019inscrit dans le cadre du projet \u00ab A vos CLAC, pre\u0302ts, partez \u00bb lance\u0301 en mai dernier par le Service de coope\u0301ration et d\u2019action culturelle de l\u2019Ambassade de France et la direction ge\u0301ne\u0301rale de la culture au Ministe\u0300re en charge des arts et de la culture. <\/b><\/p>\n<p>\u00ab Nous sommes heureux de recevoir aujourd\u2019hui ce mate\u0301riel pe\u0301dagogique dans notre CLAC. Cela nous permettra non seulement de diversifier nos activite\u0301s culturelles, mais aussi de mieux apprendre \u00bb lance Irmane Madi El-Enrif adhe\u0301rent du CLAC de Salamani. C\u2019est la premie\u0300re fois que les usagers des CLACs des 3 i\u0302les vont be\u0301ne\u0301ficier d\u2019une telle dotation. On y trouve du mate\u0301riel pour re\u0301aliser des activite\u0301s manuelles, artistiques et d\u2019e\u0301criture. Ce sont des papiers cre\u0301pons, feuilles de dessin, crayons et feutres de couleur etc. Du mate\u0301riel destine\u0301 a\u0300 l\u2019entretien de la proprete\u0301 des CLAC est aussi fourni. Il est important, selon les responsables, que les animateurs forme\u0301s re\u0301cemment a\u0300 l\u2019animation, disposent de bonnes conditions mate\u0301rielles afin de mettre en pratique les formations rec\u0327ues.<\/p>\n<p>Dans son discours, le coordonnateur du sous re\u0301seau CLAC de Mohe\u0301li, Ben Ymame Bacar, a explique\u0301 l\u2019objectif de ce mate\u0301riel et a appele\u0301 les parents a\u0300 venir inscrire massivement leurs enfants dans les CLACs les plus proches, car \u00ab c\u2019est l\u2019endroit ou\u0300 on peut former les responsables des Comores de demain \u00bb dit-il.<\/p>\n<p>Une activite\u0301 de lecture a\u0300 voix haute, a\u0300 cette occasion, a e\u0301te\u0301 faite par Diana Salim, une animatrice du CLAC de Nioumachoi. \u00ab Actuellement, je suis contente car nous avons de quoi a\u0300 faire des activite\u0301s et a\u0300 travailler avec les enfants, cela me rend fie\u0300re de mon travail \u00bb dira Madame Dalili Zanfati, l\u2019animatrice re\u0301fe\u0301rent du CLAC de Salamani.<\/p>\n<p>Il convient de rappeler que re\u0301cemment des kits sportifs ont e\u0301te\u0301 e\u0301galement attribue\u0301s a\u0300 ces CLACs et \u00ab biento\u0302t des jeux de socie\u0301te\u0301 et des livres \u00bb annonce un animateur. Tous ces moyens, c\u2019est pour faire revivre les CLACs qui ont mal fonctionne\u0301 ces dernie\u0300res de\u0301cennies par plusieurs facteurs, notamment le manque d\u2019e\u0301quipements.<\/p>\n<p><strong>Pour plus d&rsquo;informations et d&rsquo;analyses sur la <a href=\"https:\/\/www.africa-press.net\/comores\">Comores<\/a>, suivez <a href=\"https:\/\/www.africa-press.net\/\">Africa-Press<\/a><\/strong><\/p>\n","protected":false},"excerpt":{"rendered":"<p>Africa-Press &#8211; Comores. Ce lundi 13 novembre au CLAC (Centre de lecture et d\u2019animation culturelle) de Salamani, dans une ambiance festive, a eu lieu une ce\u0301re\u0301monie de remise de kits pe\u0301dagogiques au be\u0301ne\u0301fice des trois clacs de Mohe\u0301li. Une activite\u0301 qui s\u2019inscrit dans le cadre du projet \u00ab A vos CLAC, pre\u0302ts, partez \u00bb lance\u0301 [&hellip;]<\/p>\n","protected":false},"author":82,"featured_media":13715,"comment_status":"open","ping_status":"closed","sticky":false,"template":"","format":"standard","meta":{"footnotes":""},"categories":[5,10],"tags":[36,53,45],"class_list":["post-13716","post","type-post","status-publish","format-standard","has-post-thumbnail","hentry","category-culture-et-art","category-toutes-les-actualites","tag-africa-press","tag-africa-press-comores","tag-comores"],"yoast_head":"<!-- This site is optimized with the Yoast SEO Premium plugin v26.1 (Yoast SEO v27.0) - https:\/\/yoast.com\/product\/yoast-seo-premium-wordpress\/ -->\n<title>Remise de kits p\u00e9dagogiques aux CLAC de Moh\u00e9li - Comores<\/title>\n<meta name=\"description\" content=\"Ce lundi 13 novembre au CLAC (Centre de lecture et d\u2019animation culturelle) de Salamani, dans une ambiance festive, a ...\" \/>\n<meta name=\"robots\" content=\"index, follow, max-snippet:-1, max-image-preview:large, max-video-preview:-1\" \/>\n<link rel=\"canonical\" href=\"https:\/\/www.africa-press.net\/comores\/culture-et-art\/remise-de-kits-pedagogiques-aux-clac-de-moheli\" \/>\n<meta property=\"og:locale\" content=\"fr_FR\" \/>\n<meta property=\"og:type\" content=\"article\" \/>\n<meta property=\"og:title\" content=\"Remise de kits p\u00e9dagogiques aux CLAC de Moh\u00e9li\" \/>\n<meta property=\"og:description\" content=\"Ce lundi 13 novembre au CLAC (Centre de lecture et d\u2019animation culturelle) de Salamani, dans une ambiance festive, a ...\" \/>\n<meta property=\"og:url\" content=\"https:\/\/www.africa-press.net\/comores\/culture-et-art\/remise-de-kits-pedagogiques-aux-clac-de-moheli\" \/>\n<meta property=\"og:site_name\" content=\"Comores\" \/>\n<meta property=\"article:published_time\" content=\"2023-11-15T19:16:04+00:00\" \/>\n<meta property=\"article:modified_time\" content=\"2023-11-15T20:51:38+00:00\" \/>\n<meta property=\"og:image\" content=\"https:\/\/static.africa-press.net\/centrafricaine\/sites\/48\/2023\/11\/sm_1700065213.76604.jpg\" \/>\n\t<meta property=\"og:image:width\" content=\"1080\" \/>\n\t<meta property=\"og:image:height\" content=\"511\" \/>\n\t<meta property=\"og:image:type\" content=\"image\/jpeg\" \/>\n<meta name=\"author\" content=\"cfeditorfr\" \/>\n<meta name=\"twitter:card\" content=\"summary_large_image\" \/>\n<meta name=\"twitter:label1\" content=\"\u00c9crit par\" \/>\n\t<meta name=\"twitter:data1\" content=\"cfeditorfr\" \/>\n\t<meta name=\"twitter:label2\" content=\"Dur\u00e9e de lecture estim\u00e9e\" \/>\n\t<meta name=\"twitter:data2\" content=\"2 minutes\" \/>\n<script type=\"application\/ld+json\" class=\"yoast-schema-graph\">{\"@context\":\"https:\/\/schema.org\",\"@graph\":[{\"@type\":\"Article\",\"@id\":\"https:\/\/www.africa-press.net\/comores\/culture-et-art\/remise-de-kits-pedagogiques-aux-clac-de-moheli#article\",\"isPartOf\":{\"@id\":\"https:\/\/www.africa-press.net\/comores\/culture-et-art\/remise-de-kits-pedagogiques-aux-clac-de-moheli\"},\"author\":{\"name\":\"cfeditorfr\",\"@id\":\"https:\/\/www.africa-press.net\/comores\/#\/schema\/person\/2b1cf3cd81a31e3cd26889ca66d677f1\"},\"headline\":\"Remise de kits p\u00e9dagogiques aux CLAC de Moh\u00e9li\",\"datePublished\":\"2023-11-15T19:16:04+00:00\",\"dateModified\":\"2023-11-15T20:51:38+00:00\",\"mainEntityOfPage\":{\"@id\":\"https:\/\/www.africa-press.net\/comores\/culture-et-art\/remise-de-kits-pedagogiques-aux-clac-de-moheli\"},\"wordCount\":446,\"commentCount\":0,\"image\":{\"@id\":\"https:\/\/www.africa-press.net\/comores\/culture-et-art\/remise-de-kits-pedagogiques-aux-clac-de-moheli#primaryimage\"},\"thumbnailUrl\":\"https:\/\/static.africa-press.net\/centrafricaine\/sites\/48\/2023\/11\/sm_1700065213.76604.jpg\",\"keywords\":[\"Africa Press\",\"Africa Press-Comores\",\"Comores\"],\"articleSection\":[\"Culture et Art\",\"Toutes les actualit\u00e9s\"],\"inLanguage\":\"fr-FR\",\"potentialAction\":[{\"@type\":\"CommentAction\",\"name\":\"Comment\",\"target\":[\"https:\/\/www.africa-press.net\/comores\/culture-et-art\/remise-de-kits-pedagogiques-aux-clac-de-moheli#respond\"]}]},{\"@type\":\"WebPage\",\"@id\":\"https:\/\/www.africa-press.net\/comores\/culture-et-art\/remise-de-kits-pedagogiques-aux-clac-de-moheli\",\"url\":\"https:\/\/www.africa-press.net\/comores\/culture-et-art\/remise-de-kits-pedagogiques-aux-clac-de-moheli\",\"name\":\"Remise de kits p\u00e9dagogiques aux CLAC de Moh\u00e9li - Comores\",\"isPartOf\":{\"@id\":\"https:\/\/www.africa-press.net\/comores\/#website\"},\"primaryImageOfPage\":{\"@id\":\"https:\/\/www.africa-press.net\/comores\/culture-et-art\/remise-de-kits-pedagogiques-aux-clac-de-moheli#primaryimage\"},\"image\":{\"@id\":\"https:\/\/www.africa-press.net\/comores\/culture-et-art\/remise-de-kits-pedagogiques-aux-clac-de-moheli#primaryimage\"},\"thumbnailUrl\":\"https:\/\/static.africa-press.net\/centrafricaine\/sites\/48\/2023\/11\/sm_1700065213.76604.jpg\",\"datePublished\":\"2023-11-15T19:16:04+00:00\",\"dateModified\":\"2023-11-15T20:51:38+00:00\",\"author\":{\"@id\":\"https:\/\/www.africa-press.net\/comores\/#\/schema\/person\/2b1cf3cd81a31e3cd26889ca66d677f1\"},\"description\":\"Ce lundi 13 novembre au CLAC (Centre de lecture et d\u2019animation culturelle) de Salamani, dans une ambiance festive, a ...\",\"breadcrumb\":{\"@id\":\"https:\/\/www.africa-press.net\/comores\/culture-et-art\/remise-de-kits-pedagogiques-aux-clac-de-moheli#breadcrumb\"},\"inLanguage\":\"fr-FR\",\"potentialAction\":[{\"@type\":\"ReadAction\",\"target\":[\"https:\/\/www.africa-press.net\/comores\/culture-et-art\/remise-de-kits-pedagogiques-aux-clac-de-moheli\"]}]},{\"@type\":\"ImageObject\",\"inLanguage\":\"fr-FR\",\"@id\":\"https:\/\/www.africa-press.net\/comores\/culture-et-art\/remise-de-kits-pedagogiques-aux-clac-de-moheli#primaryimage\",\"url\":\"https:\/\/static.africa-press.net\/centrafricaine\/sites\/48\/2023\/11\/sm_1700065213.76604.jpg\",\"contentUrl\":\"https:\/\/static.africa-press.net\/centrafricaine\/sites\/48\/2023\/11\/sm_1700065213.76604.jpg\",\"width\":1080,\"height\":511,\"caption\":\"Remise de kits p\u00e9dagogiques aux CLAC de Moh\u00e9li\"},{\"@type\":\"BreadcrumbList\",\"@id\":\"https:\/\/www.africa-press.net\/comores\/culture-et-art\/remise-de-kits-pedagogiques-aux-clac-de-moheli#breadcrumb\",\"itemListElement\":[{\"@type\":\"ListItem\",\"position\":1,\"name\":\"Accueil\",\"item\":\"https:\/\/www.africa-press.net\/comores\/\"},{\"@type\":\"ListItem\",\"position\":2,\"name\":\"Remise de kits p\u00e9dagogiques aux CLAC de Moh\u00e9li\"}]},{\"@type\":\"WebSite\",\"@id\":\"https:\/\/www.africa-press.net\/comores\/#website\",\"url\":\"https:\/\/www.africa-press.net\/comores\/\",\"name\":\"Comores\",\"description\":\"Just another Africa News Agency Sites site\",\"potentialAction\":[{\"@type\":\"SearchAction\",\"target\":{\"@type\":\"EntryPoint\",\"urlTemplate\":\"https:\/\/www.africa-press.net\/comores\/?s={search_term_string}\"},\"query-input\":{\"@type\":\"PropertyValueSpecification\",\"valueRequired\":true,\"valueName\":\"search_term_string\"}}],\"inLanguage\":\"fr-FR\"},{\"@type\":\"Person\",\"@id\":\"https:\/\/www.africa-press.net\/comores\/#\/schema\/person\/2b1cf3cd81a31e3cd26889ca66d677f1\",\"name\":\"cfeditorfr\"}]}<\/script>\n<!-- \/ Yoast SEO Premium plugin. -->","yoast_head_json":{"title":"Remise de kits p\u00e9dagogiques aux CLAC de Moh\u00e9li - Comores","description":"Ce lundi 13 novembre au CLAC (Centre de lecture et d\u2019animation culturelle) de Salamani, dans une ambiance festive, a ...","robots":{"index":"index","follow":"follow","max-snippet":"max-snippet:-1","max-image-preview":"max-image-preview:large","max-video-preview":"max-video-preview:-1"},"canonical":"https:\/\/www.africa-press.net\/comores\/culture-et-art\/remise-de-kits-pedagogiques-aux-clac-de-moheli","og_locale":"fr_FR","og_type":"article","og_title":"Remise de kits p\u00e9dagogiques aux CLAC de Moh\u00e9li","og_description":"Ce lundi 13 novembre au CLAC (Centre de lecture et d\u2019animation culturelle) de Salamani, dans une ambiance festive, a ...","og_url":"https:\/\/www.africa-press.net\/comores\/culture-et-art\/remise-de-kits-pedagogiques-aux-clac-de-moheli","og_site_name":"Comores","article_published_time":"2023-11-15T19:16:04+00:00","article_modified_time":"2023-11-15T20:51:38+00:00","og_image":[{"width":1080,"height":511,"url":"https:\/\/static.africa-press.net\/centrafricaine\/sites\/48\/2023\/11\/sm_1700065213.76604.jpg","type":"image\/jpeg"}],"author":"cfeditorfr","twitter_card":"summary_large_image","twitter_misc":{"\u00c9crit par":"cfeditorfr","Dur\u00e9e de lecture estim\u00e9e":"2 minutes"},"schema":{"@context":"https:\/\/schema.org","@graph":[{"@type":"Article","@id":"https:\/\/www.africa-press.net\/comores\/culture-et-art\/remise-de-kits-pedagogiques-aux-clac-de-moheli#article","isPartOf":{"@id":"https:\/\/www.africa-press.net\/comores\/culture-et-art\/remise-de-kits-pedagogiques-aux-clac-de-moheli"},"author":{"name":"cfeditorfr","@id":"https:\/\/www.africa-press.net\/comores\/#\/schema\/person\/2b1cf3cd81a31e3cd26889ca66d677f1"},"headline":"Remise de kits p\u00e9dagogiques aux CLAC de Moh\u00e9li","datePublished":"2023-11-15T19:16:04+00:00","dateModified":"2023-11-15T20:51:38+00:00","mainEntityOfPage":{"@id":"https:\/\/www.africa-press.net\/comores\/culture-et-art\/remise-de-kits-pedagogiques-aux-clac-de-moheli"},"wordCount":446,"commentCount":0,"image":{"@id":"https:\/\/www.africa-press.net\/comores\/culture-et-art\/remise-de-kits-pedagogiques-aux-clac-de-moheli#primaryimage"},"thumbnailUrl":"https:\/\/static.africa-press.net\/centrafricaine\/sites\/48\/2023\/11\/sm_1700065213.76604.jpg","keywords":["Africa Press","Africa Press-Comores","Comores"],"articleSection":["Culture et Art","Toutes les actualit\u00e9s"],"inLanguage":"fr-FR","potentialAction":[{"@type":"CommentAction","name":"Comment","target":["https:\/\/www.africa-press.net\/comores\/culture-et-art\/remise-de-kits-pedagogiques-aux-clac-de-moheli#respond"]}]},{"@type":"WebPage","@id":"https:\/\/www.africa-press.net\/comores\/culture-et-art\/remise-de-kits-pedagogiques-aux-clac-de-moheli","url":"https:\/\/www.africa-press.net\/comores\/culture-et-art\/remise-de-kits-pedagogiques-aux-clac-de-moheli","name":"Remise de kits p\u00e9dagogiques aux CLAC de Moh\u00e9li - Comores","isPartOf":{"@id":"https:\/\/www.africa-press.net\/comores\/#website"},"primaryImageOfPage":{"@id":"https:\/\/www.africa-press.net\/comores\/culture-et-art\/remise-de-kits-pedagogiques-aux-clac-de-moheli#primaryimage"},"image":{"@id":"https:\/\/www.africa-press.net\/comores\/culture-et-art\/remise-de-kits-pedagogiques-aux-clac-de-moheli#primaryimage"},"thumbnailUrl":"https:\/\/static.africa-press.net\/centrafricaine\/sites\/48\/2023\/11\/sm_1700065213.76604.jpg","datePublished":"2023-11-15T19:16:04+00:00","dateModified":"2023-11-15T20:51:38+00:00","author":{"@id":"https:\/\/www.africa-press.net\/comores\/#\/schema\/person\/2b1cf3cd81a31e3cd26889ca66d677f1"},"description":"Ce lundi 13 novembre au CLAC (Centre de lecture et d\u2019animation culturelle) de Salamani, dans une ambiance festive, a ...","breadcrumb":{"@id":"https:\/\/www.africa-press.net\/comores\/culture-et-art\/remise-de-kits-pedagogiques-aux-clac-de-moheli#breadcrumb"},"inLanguage":"fr-FR","potentialAction":[{"@type":"ReadAction","target":["https:\/\/www.africa-press.net\/comores\/culture-et-art\/remise-de-kits-pedagogiques-aux-clac-de-moheli"]}]},{"@type":"ImageObject","inLanguage":"fr-FR","@id":"https:\/\/www.africa-press.net\/comores\/culture-et-art\/remise-de-kits-pedagogiques-aux-clac-de-moheli#primaryimage","url":"https:\/\/static.africa-press.net\/centrafricaine\/sites\/48\/2023\/11\/sm_1700065213.76604.jpg","contentUrl":"https:\/\/static.africa-press.net\/centrafricaine\/sites\/48\/2023\/11\/sm_1700065213.76604.jpg","width":1080,"height":511,"caption":"Remise de kits p\u00e9dagogiques aux CLAC de Moh\u00e9li"},{"@type":"BreadcrumbList","@id":"https:\/\/www.africa-press.net\/comores\/culture-et-art\/remise-de-kits-pedagogiques-aux-clac-de-moheli#breadcrumb","itemListElement":[{"@type":"ListItem","position":1,"name":"Accueil","item":"https:\/\/www.africa-press.net\/comores\/"},{"@type":"ListItem","position":2,"name":"Remise de kits p\u00e9dagogiques aux CLAC de Moh\u00e9li"}]},{"@type":"WebSite","@id":"https:\/\/www.africa-press.net\/comores\/#website","url":"https:\/\/www.africa-press.net\/comores\/","name":"Comores","description":"Just another Africa News Agency Sites site","potentialAction":[{"@type":"SearchAction","target":{"@type":"EntryPoint","urlTemplate":"https:\/\/www.africa-press.net\/comores\/?s={search_term_string}"},"query-input":{"@type":"PropertyValueSpecification","valueRequired":true,"valueName":"search_term_string"}}],"inLanguage":"fr-FR"},{"@type":"Person","@id":"https:\/\/www.africa-press.net\/comores\/#\/schema\/person\/2b1cf3cd81a31e3cd26889ca66d677f1","name":"cfeditorfr"}]}},"_links":{"self":[{"href":"https:\/\/www.africa-press.net\/comores\/wp-json\/wp\/v2\/posts\/13716","targetHints":{"allow":["GET"]}}],"collection":[{"href":"https:\/\/www.africa-press.net\/comores\/wp-json\/wp\/v2\/posts"}],"about":[{"href":"https:\/\/www.africa-press.net\/comores\/wp-json\/wp\/v2\/types\/post"}],"author":[{"embeddable":true,"href":"https:\/\/www.africa-press.net\/comores\/wp-json\/wp\/v2\/users\/82"}],"replies":[{"embeddable":true,"href":"https:\/\/www.africa-press.net\/comores\/wp-json\/wp\/v2\/comments?post=13716"}],"version-history":[{"count":0,"href":"https:\/\/www.africa-press.net\/comores\/wp-json\/wp\/v2\/posts\/13716\/revisions"}],"wp:featuredmedia":[{"embeddable":true,"href":"https:\/\/www.africa-press.net\/comores\/wp-json\/wp\/v2\/media\/13715"}],"wp:attachment":[{"href":"https:\/\/www.africa-press.net\/comores\/wp-json\/wp\/v2\/media?parent=13716"}],"wp:term":[{"taxonomy":"category","embeddable":true,"href":"https:\/\/www.africa-press.net\/comores\/wp-json\/wp\/v2\/categories?post=13716"},{"taxonomy":"post_tag","embeddable":true,"href":"https:\/\/www.africa-press.net\/comores\/wp-json\/wp\/v2\/tags?post=13716"}],"curies":[{"name":"wp","href":"https:\/\/api.w.org\/{rel}","templated":true}]}}