{"id":13751,"date":"2023-11-16T18:41:47","date_gmt":"2023-11-16T18:41:47","guid":{"rendered":"https:\/\/www.africa-press.net\/comores\/politique\/lancement-dune-campagne-nationale-ce-samedi"},"modified":"2023-11-16T21:44:36","modified_gmt":"2023-11-16T21:44:36","slug":"lancement-dune-campagne-nationale-ce-samedi","status":"publish","type":"post","link":"https:\/\/www.africa-press.net\/comores\/toutes-les-actualites\/lancement-dune-campagne-nationale-ce-samedi","title":{"rendered":"Lancement d\u2019une campagne nationale ce samedi"},"content":{"rendered":"<p><span style=\"color: #ff6600\"><strong>Africa-Press &#8211; Comores. <\/strong><\/span><b>La gendarmerie nationale en partenariat avec l\u2019Oms Comores a lance\u0301 ce mercredi 15 novembre 2023 la campagne nationale sur la se\u0301curite\u0301 routie\u0300re qui de\u0301butera samedi 18 novembre par une journe\u0301e porte ouverte a\u0300 la se\u0301curite\u0301 civile. Le but est de re\u0301duire les accidents de la route. <\/b><\/p>\n<p>Les accidents de la route restent aujourd\u2019hui l\u2019un des sujets qui pre\u0301occupent le monde. Aux Comores, la gendarmerie nationale a annonce\u0301 le lancement de la campagne de sensibilisation sur la se\u0301curite\u0301 routie\u0300re qui va de\u0301buter le samedi 18 novembre par une journe\u0301e porte ouverte a\u0300 la direction ge\u0301ne\u0301rale de la se\u0301curite\u0301 civile. Beaucoup de mesures seront prises, pour recadrer les comportements des certains usagers qui ne respectent pas le code de la route.<\/p>\n<p>\u00ab Nous souhaitons que cette campagne soit une belle re\u0301ussite. Car elle nous concerne tous, tant la gendarmerie, que les civils. La se\u0301curite\u0301 routie\u0300re, c\u2019est une responsabilite\u0301 partage\u0301e. C\u0327a ne doit pas e\u0302tre seulement un proble\u0300me de la gendarmerie. Vous tous ici pre\u0301sents, vous avez aussi une part de responsabilite\u0301. Nous avons tous des enfants, des neveux, nie\u0300ces, qui conduisent des voitures. Chacun doit contribuer pour bien sensibiliser lors de cette campagne. Nous allons travailler ensemble afin que ce code de la route soit bien vulgarise\u0301. Il est temps pour tout le monde d\u2019apprendre et respecter ce code \u00bb, a de\u0301clare\u0301 colonel Takfine Ahmed commandant de la gendarmerie nationale. Selon lui, il y aura aussi des sensibilisations dans les e\u0301tablissements scolaires, afin que les enfants puissent apprendre le code de\u0300s leur jeune a\u0302ge. Il a juge\u0301 ne\u0301cessaire que cela commence dans les e\u0301tablissements qui se trouvent tout pre\u0300s de la route. Car pour lui c\u0327a sera l\u2019occasion de leur faire comprendre le danger de la route.<\/p>\n<p>Du co\u0302te\u0301 de l\u2019OMS, ils ont montre\u0301 que la se\u0301curite\u0301 routie\u0300re fait partie de leur champ d\u2019action. \u00ab Dans chaque accident, la finalite\u0301, c\u2019est a\u0300 l\u2019ho\u0302pital. Et quand on parle de l\u2019ho\u0302pital, c\u2019est la sante\u0301. Donc l\u2019organisation mondiale de la sante\u0301 (OMS) doit intervenir. En effet, nous accompagnons les pays dans ces genres de sensibilisation, pour qu\u2019ils puissent e\u0302tre capables en termes de matie\u0300re et moyens en cas de besoin. C\u2019est pourquoi on va accompagner la gendarmerie nationale dans cette de\u0301marche \u00bb, a avance\u0301 Dr Hissani Abdou Bacar, qui repre\u0301sentait l\u2019OMS dans cette ce\u0301re\u0301monie de lancement.<\/p>\n<p>Et d\u2019ajouter : \u00ab Chaque anne\u0301e, on fait un rapport des accidents. C\u2019est recommande\u0301 pour tous les pays afin de faire en sorte de re\u0301duire les accidents d\u2019ici 2030 jusqu\u2019a\u0300 ze\u0301ro accident si possible. Nous sommes tous responsables sur cette question. Nous devons commencer par sensibiliser nos enfants a\u0300 la maison. Car de nos jours, presque tout le monde conduit une voiture, me\u0302me les mo\u0302mes \u00bb.<\/p>\n<p>De son co\u0302te\u0301, le lieutenant Athoumane conseiller technique du commandant de la compagnie de Ngazidja a pre\u0301cise\u0301 que beaucoup de re\u0301sultats sont attendus a\u0300 travers cette campagne nationale sur la se\u0301curite\u0301 routie\u0300re a\u0300 savoir la bonne conduite, le respect du code de la route.<\/p>\n<p><strong>Pour plus d&rsquo;informations et d&rsquo;analyses sur la <a href=\"https:\/\/www.africa-press.net\/comores\">Comores<\/a>, suivez <a href=\"https:\/\/www.africa-press.net\/\">Africa-Press<\/a><\/strong><\/p>\n","protected":false},"excerpt":{"rendered":"<p>Africa-Press &#8211; Comores. La gendarmerie nationale en partenariat avec l\u2019Oms Comores a lance\u0301 ce mercredi 15 novembre 2023 la campagne nationale sur la se\u0301curite\u0301 routie\u0300re qui de\u0301butera samedi 18 novembre par une journe\u0301e porte ouverte a\u0300 la se\u0301curite\u0301 civile. Le but est de re\u0301duire les accidents de la route. Les accidents de la route restent [&hellip;]<\/p>\n","protected":false},"author":82,"featured_media":13750,"comment_status":"open","ping_status":"closed","sticky":false,"template":"","format":"standard","meta":{"footnotes":""},"categories":[21,20,10],"tags":[36,53,45],"class_list":["post-13751","post","type-post","status-publish","format-standard","has-post-thumbnail","hentry","category-communaute","category-top-nouvelles","category-toutes-les-actualites","tag-africa-press","tag-africa-press-comores","tag-comores"],"yoast_head":"<!-- This site is optimized with the Yoast SEO Premium plugin v26.1 (Yoast SEO v27.0) - https:\/\/yoast.com\/product\/yoast-seo-premium-wordpress\/ -->\n<title>Lancement d\u2019une campagne nationale ce samedi - Comores<\/title>\n<meta name=\"description\" content=\"La gendarmerie nationale en partenariat avec l\u2019Oms Comores a lance\u0301 ce mercredi 15 novembre 2023 la campagne national ...\" \/>\n<meta name=\"robots\" content=\"index, follow, max-snippet:-1, max-image-preview:large, max-video-preview:-1\" \/>\n<link rel=\"canonical\" href=\"https:\/\/www.africa-press.net\/comores\/toutes-les-actualites\/lancement-dune-campagne-nationale-ce-samedi\" \/>\n<meta property=\"og:locale\" content=\"fr_FR\" \/>\n<meta property=\"og:type\" content=\"article\" \/>\n<meta property=\"og:title\" content=\"Lancement d\u2019une campagne nationale ce samedi\" \/>\n<meta property=\"og:description\" content=\"La gendarmerie nationale en partenariat avec l\u2019Oms Comores a lance\u0301 ce mercredi 15 novembre 2023 la campagne national ...\" \/>\n<meta property=\"og:url\" content=\"https:\/\/www.africa-press.net\/comores\/toutes-les-actualites\/lancement-dune-campagne-nationale-ce-samedi\" \/>\n<meta property=\"og:site_name\" content=\"Comores\" \/>\n<meta property=\"article:published_time\" content=\"2023-11-16T18:41:47+00:00\" \/>\n<meta property=\"article:modified_time\" content=\"2023-11-16T21:44:36+00:00\" \/>\n<meta property=\"og:image\" content=\"https:\/\/static.africa-press.net\/centrafricaine\/sites\/48\/2023\/11\/sm_1700154766.908998.jpg\" \/>\n\t<meta property=\"og:image:width\" content=\"997\" \/>\n\t<meta property=\"og:image:height\" content=\"745\" \/>\n\t<meta property=\"og:image:type\" content=\"image\/jpeg\" \/>\n<meta name=\"author\" content=\"cfeditorfr\" \/>\n<meta name=\"twitter:card\" content=\"summary_large_image\" \/>\n<meta name=\"twitter:label1\" content=\"\u00c9crit par\" \/>\n\t<meta name=\"twitter:data1\" content=\"cfeditorfr\" \/>\n\t<meta name=\"twitter:label2\" content=\"Dur\u00e9e de lecture estim\u00e9e\" \/>\n\t<meta name=\"twitter:data2\" content=\"3 minutes\" \/>\n<script type=\"application\/ld+json\" class=\"yoast-schema-graph\">{\"@context\":\"https:\/\/schema.org\",\"@graph\":[{\"@type\":\"Article\",\"@id\":\"https:\/\/www.africa-press.net\/comores\/toutes-les-actualites\/lancement-dune-campagne-nationale-ce-samedi#article\",\"isPartOf\":{\"@id\":\"https:\/\/www.africa-press.net\/comores\/toutes-les-actualites\/lancement-dune-campagne-nationale-ce-samedi\"},\"author\":{\"name\":\"cfeditorfr\",\"@id\":\"https:\/\/www.africa-press.net\/comores\/#\/schema\/person\/2b1cf3cd81a31e3cd26889ca66d677f1\"},\"headline\":\"Lancement d\u2019une campagne nationale ce samedi\",\"datePublished\":\"2023-11-16T18:41:47+00:00\",\"dateModified\":\"2023-11-16T21:44:36+00:00\",\"mainEntityOfPage\":{\"@id\":\"https:\/\/www.africa-press.net\/comores\/toutes-les-actualites\/lancement-dune-campagne-nationale-ce-samedi\"},\"wordCount\":573,\"commentCount\":0,\"image\":{\"@id\":\"https:\/\/www.africa-press.net\/comores\/toutes-les-actualites\/lancement-dune-campagne-nationale-ce-samedi#primaryimage\"},\"thumbnailUrl\":\"https:\/\/static.africa-press.net\/centrafricaine\/sites\/48\/2023\/11\/sm_1700154766.908998.jpg\",\"keywords\":[\"Africa Press\",\"Africa Press-Comores\",\"Comores\"],\"articleSection\":[\"Communaut\u00e9\",\"Top Nouvelles\",\"Toutes les actualit\u00e9s\"],\"inLanguage\":\"fr-FR\",\"potentialAction\":[{\"@type\":\"CommentAction\",\"name\":\"Comment\",\"target\":[\"https:\/\/www.africa-press.net\/comores\/toutes-les-actualites\/lancement-dune-campagne-nationale-ce-samedi#respond\"]}]},{\"@type\":\"WebPage\",\"@id\":\"https:\/\/www.africa-press.net\/comores\/toutes-les-actualites\/lancement-dune-campagne-nationale-ce-samedi\",\"url\":\"https:\/\/www.africa-press.net\/comores\/toutes-les-actualites\/lancement-dune-campagne-nationale-ce-samedi\",\"name\":\"Lancement d\u2019une campagne nationale ce samedi - Comores\",\"isPartOf\":{\"@id\":\"https:\/\/www.africa-press.net\/comores\/#website\"},\"primaryImageOfPage\":{\"@id\":\"https:\/\/www.africa-press.net\/comores\/toutes-les-actualites\/lancement-dune-campagne-nationale-ce-samedi#primaryimage\"},\"image\":{\"@id\":\"https:\/\/www.africa-press.net\/comores\/toutes-les-actualites\/lancement-dune-campagne-nationale-ce-samedi#primaryimage\"},\"thumbnailUrl\":\"https:\/\/static.africa-press.net\/centrafricaine\/sites\/48\/2023\/11\/sm_1700154766.908998.jpg\",\"datePublished\":\"2023-11-16T18:41:47+00:00\",\"dateModified\":\"2023-11-16T21:44:36+00:00\",\"author\":{\"@id\":\"https:\/\/www.africa-press.net\/comores\/#\/schema\/person\/2b1cf3cd81a31e3cd26889ca66d677f1\"},\"description\":\"La gendarmerie nationale en partenariat avec l\u2019Oms Comores a lance\u0301 ce mercredi 15 novembre 2023 la campagne national ...\",\"breadcrumb\":{\"@id\":\"https:\/\/www.africa-press.net\/comores\/toutes-les-actualites\/lancement-dune-campagne-nationale-ce-samedi#breadcrumb\"},\"inLanguage\":\"fr-FR\",\"potentialAction\":[{\"@type\":\"ReadAction\",\"target\":[\"https:\/\/www.africa-press.net\/comores\/toutes-les-actualites\/lancement-dune-campagne-nationale-ce-samedi\"]}]},{\"@type\":\"ImageObject\",\"inLanguage\":\"fr-FR\",\"@id\":\"https:\/\/www.africa-press.net\/comores\/toutes-les-actualites\/lancement-dune-campagne-nationale-ce-samedi#primaryimage\",\"url\":\"https:\/\/static.africa-press.net\/centrafricaine\/sites\/48\/2023\/11\/sm_1700154766.908998.jpg\",\"contentUrl\":\"https:\/\/static.africa-press.net\/centrafricaine\/sites\/48\/2023\/11\/sm_1700154766.908998.jpg\",\"width\":997,\"height\":745,\"caption\":\"Lancement d\u2019une campagne nationale ce samedi\"},{\"@type\":\"BreadcrumbList\",\"@id\":\"https:\/\/www.africa-press.net\/comores\/toutes-les-actualites\/lancement-dune-campagne-nationale-ce-samedi#breadcrumb\",\"itemListElement\":[{\"@type\":\"ListItem\",\"position\":1,\"name\":\"Accueil\",\"item\":\"https:\/\/www.africa-press.net\/comores\/\"},{\"@type\":\"ListItem\",\"position\":2,\"name\":\"Lancement d\u2019une campagne nationale ce samedi\"}]},{\"@type\":\"WebSite\",\"@id\":\"https:\/\/www.africa-press.net\/comores\/#website\",\"url\":\"https:\/\/www.africa-press.net\/comores\/\",\"name\":\"Comores\",\"description\":\"Just another Africa News Agency Sites site\",\"potentialAction\":[{\"@type\":\"SearchAction\",\"target\":{\"@type\":\"EntryPoint\",\"urlTemplate\":\"https:\/\/www.africa-press.net\/comores\/?s={search_term_string}\"},\"query-input\":{\"@type\":\"PropertyValueSpecification\",\"valueRequired\":true,\"valueName\":\"search_term_string\"}}],\"inLanguage\":\"fr-FR\"},{\"@type\":\"Person\",\"@id\":\"https:\/\/www.africa-press.net\/comores\/#\/schema\/person\/2b1cf3cd81a31e3cd26889ca66d677f1\",\"name\":\"cfeditorfr\"}]}<\/script>\n<!-- \/ Yoast SEO Premium plugin. -->","yoast_head_json":{"title":"Lancement d\u2019une campagne nationale ce samedi - Comores","description":"La gendarmerie nationale en partenariat avec l\u2019Oms Comores a lance\u0301 ce mercredi 15 novembre 2023 la campagne national ...","robots":{"index":"index","follow":"follow","max-snippet":"max-snippet:-1","max-image-preview":"max-image-preview:large","max-video-preview":"max-video-preview:-1"},"canonical":"https:\/\/www.africa-press.net\/comores\/toutes-les-actualites\/lancement-dune-campagne-nationale-ce-samedi","og_locale":"fr_FR","og_type":"article","og_title":"Lancement d\u2019une campagne nationale ce samedi","og_description":"La gendarmerie nationale en partenariat avec l\u2019Oms Comores a lance\u0301 ce mercredi 15 novembre 2023 la campagne national ...","og_url":"https:\/\/www.africa-press.net\/comores\/toutes-les-actualites\/lancement-dune-campagne-nationale-ce-samedi","og_site_name":"Comores","article_published_time":"2023-11-16T18:41:47+00:00","article_modified_time":"2023-11-16T21:44:36+00:00","og_image":[{"width":997,"height":745,"url":"https:\/\/static.africa-press.net\/centrafricaine\/sites\/48\/2023\/11\/sm_1700154766.908998.jpg","type":"image\/jpeg"}],"author":"cfeditorfr","twitter_card":"summary_large_image","twitter_misc":{"\u00c9crit par":"cfeditorfr","Dur\u00e9e de lecture estim\u00e9e":"3 minutes"},"schema":{"@context":"https:\/\/schema.org","@graph":[{"@type":"Article","@id":"https:\/\/www.africa-press.net\/comores\/toutes-les-actualites\/lancement-dune-campagne-nationale-ce-samedi#article","isPartOf":{"@id":"https:\/\/www.africa-press.net\/comores\/toutes-les-actualites\/lancement-dune-campagne-nationale-ce-samedi"},"author":{"name":"cfeditorfr","@id":"https:\/\/www.africa-press.net\/comores\/#\/schema\/person\/2b1cf3cd81a31e3cd26889ca66d677f1"},"headline":"Lancement d\u2019une campagne nationale ce samedi","datePublished":"2023-11-16T18:41:47+00:00","dateModified":"2023-11-16T21:44:36+00:00","mainEntityOfPage":{"@id":"https:\/\/www.africa-press.net\/comores\/toutes-les-actualites\/lancement-dune-campagne-nationale-ce-samedi"},"wordCount":573,"commentCount":0,"image":{"@id":"https:\/\/www.africa-press.net\/comores\/toutes-les-actualites\/lancement-dune-campagne-nationale-ce-samedi#primaryimage"},"thumbnailUrl":"https:\/\/static.africa-press.net\/centrafricaine\/sites\/48\/2023\/11\/sm_1700154766.908998.jpg","keywords":["Africa Press","Africa Press-Comores","Comores"],"articleSection":["Communaut\u00e9","Top Nouvelles","Toutes les actualit\u00e9s"],"inLanguage":"fr-FR","potentialAction":[{"@type":"CommentAction","name":"Comment","target":["https:\/\/www.africa-press.net\/comores\/toutes-les-actualites\/lancement-dune-campagne-nationale-ce-samedi#respond"]}]},{"@type":"WebPage","@id":"https:\/\/www.africa-press.net\/comores\/toutes-les-actualites\/lancement-dune-campagne-nationale-ce-samedi","url":"https:\/\/www.africa-press.net\/comores\/toutes-les-actualites\/lancement-dune-campagne-nationale-ce-samedi","name":"Lancement d\u2019une campagne nationale ce samedi - Comores","isPartOf":{"@id":"https:\/\/www.africa-press.net\/comores\/#website"},"primaryImageOfPage":{"@id":"https:\/\/www.africa-press.net\/comores\/toutes-les-actualites\/lancement-dune-campagne-nationale-ce-samedi#primaryimage"},"image":{"@id":"https:\/\/www.africa-press.net\/comores\/toutes-les-actualites\/lancement-dune-campagne-nationale-ce-samedi#primaryimage"},"thumbnailUrl":"https:\/\/static.africa-press.net\/centrafricaine\/sites\/48\/2023\/11\/sm_1700154766.908998.jpg","datePublished":"2023-11-16T18:41:47+00:00","dateModified":"2023-11-16T21:44:36+00:00","author":{"@id":"https:\/\/www.africa-press.net\/comores\/#\/schema\/person\/2b1cf3cd81a31e3cd26889ca66d677f1"},"description":"La gendarmerie nationale en partenariat avec l\u2019Oms Comores a lance\u0301 ce mercredi 15 novembre 2023 la campagne national ...","breadcrumb":{"@id":"https:\/\/www.africa-press.net\/comores\/toutes-les-actualites\/lancement-dune-campagne-nationale-ce-samedi#breadcrumb"},"inLanguage":"fr-FR","potentialAction":[{"@type":"ReadAction","target":["https:\/\/www.africa-press.net\/comores\/toutes-les-actualites\/lancement-dune-campagne-nationale-ce-samedi"]}]},{"@type":"ImageObject","inLanguage":"fr-FR","@id":"https:\/\/www.africa-press.net\/comores\/toutes-les-actualites\/lancement-dune-campagne-nationale-ce-samedi#primaryimage","url":"https:\/\/static.africa-press.net\/centrafricaine\/sites\/48\/2023\/11\/sm_1700154766.908998.jpg","contentUrl":"https:\/\/static.africa-press.net\/centrafricaine\/sites\/48\/2023\/11\/sm_1700154766.908998.jpg","width":997,"height":745,"caption":"Lancement d\u2019une campagne nationale ce samedi"},{"@type":"BreadcrumbList","@id":"https:\/\/www.africa-press.net\/comores\/toutes-les-actualites\/lancement-dune-campagne-nationale-ce-samedi#breadcrumb","itemListElement":[{"@type":"ListItem","position":1,"name":"Accueil","item":"https:\/\/www.africa-press.net\/comores\/"},{"@type":"ListItem","position":2,"name":"Lancement d\u2019une campagne nationale ce samedi"}]},{"@type":"WebSite","@id":"https:\/\/www.africa-press.net\/comores\/#website","url":"https:\/\/www.africa-press.net\/comores\/","name":"Comores","description":"Just another Africa News Agency Sites site","potentialAction":[{"@type":"SearchAction","target":{"@type":"EntryPoint","urlTemplate":"https:\/\/www.africa-press.net\/comores\/?s={search_term_string}"},"query-input":{"@type":"PropertyValueSpecification","valueRequired":true,"valueName":"search_term_string"}}],"inLanguage":"fr-FR"},{"@type":"Person","@id":"https:\/\/www.africa-press.net\/comores\/#\/schema\/person\/2b1cf3cd81a31e3cd26889ca66d677f1","name":"cfeditorfr"}]}},"_links":{"self":[{"href":"https:\/\/www.africa-press.net\/comores\/wp-json\/wp\/v2\/posts\/13751","targetHints":{"allow":["GET"]}}],"collection":[{"href":"https:\/\/www.africa-press.net\/comores\/wp-json\/wp\/v2\/posts"}],"about":[{"href":"https:\/\/www.africa-press.net\/comores\/wp-json\/wp\/v2\/types\/post"}],"author":[{"embeddable":true,"href":"https:\/\/www.africa-press.net\/comores\/wp-json\/wp\/v2\/users\/82"}],"replies":[{"embeddable":true,"href":"https:\/\/www.africa-press.net\/comores\/wp-json\/wp\/v2\/comments?post=13751"}],"version-history":[{"count":0,"href":"https:\/\/www.africa-press.net\/comores\/wp-json\/wp\/v2\/posts\/13751\/revisions"}],"wp:featuredmedia":[{"embeddable":true,"href":"https:\/\/www.africa-press.net\/comores\/wp-json\/wp\/v2\/media\/13750"}],"wp:attachment":[{"href":"https:\/\/www.africa-press.net\/comores\/wp-json\/wp\/v2\/media?parent=13751"}],"wp:term":[{"taxonomy":"category","embeddable":true,"href":"https:\/\/www.africa-press.net\/comores\/wp-json\/wp\/v2\/categories?post=13751"},{"taxonomy":"post_tag","embeddable":true,"href":"https:\/\/www.africa-press.net\/comores\/wp-json\/wp\/v2\/tags?post=13751"}],"curies":[{"name":"wp","href":"https:\/\/api.w.org\/{rel}","templated":true}]}}