{"id":13788,"date":"2023-11-17T20:46:59","date_gmt":"2023-11-17T20:46:59","guid":{"rendered":"https:\/\/www.africa-press.net\/comores\/politique\/mutuelle-de-sante-des-journalistes-un-mega-twarab-ce-samedi-au-retaj"},"modified":"2023-11-17T22:40:17","modified_gmt":"2023-11-17T22:40:17","slug":"mutuelle-de-sante-des-journalistes-un-mega-twarab-ce-samedi-au-retaj","status":"publish","type":"post","link":"https:\/\/www.africa-press.net\/comores\/toutes-les-actualites\/mutuelle-de-sante-des-journalistes-un-mega-twarab-ce-samedi-au-retaj","title":{"rendered":"Mutuelle de sant\u00e9 des journalistes : Un m\u00e9ga Twarab ce samedi au Retaj"},"content":{"rendered":"<p><span style=\"color: #ff6600\"><strong>Africa-Press &#8211; Comores. <\/strong><\/span><b>Un me\u0301ga Twarab ce samedi au Retaj<\/b><\/p>\n<p>Le syndicat national des journalistes des Comores (Snjc) a tenu une confe\u0301rence de presse ce jeudi 16 novembre 2023, pour annoncer leur Twarab de solidarite\u0301 qui aura lieu ce samedi 18 novembre au Retaj. Selon la pre\u0301sidente du SNJC, les fonds qui seront re\u0301colte\u0301s serviront a\u0300 mettre en place une mutuelle de sante\u0301 pour les journalistes.<\/p>\n<p>La sante\u0301 reste une priorite\u0301 pour tout le monde. C\u2019est dans ce sens que le syndicat national des journalistes des Comores (Snjc) a juge\u0301 ne\u0301cessaire de mettre en place une mutuelle de sante\u0301 pour les journalistes comoriens. A cet effet, un Twarab de solidarite\u0301 aura lieu ce samedi 18 novembre au Retaj Moroni, en vue de re\u0301colter des fonds destine\u0301s a\u0300 mettre en place cette mutuelle. \u00ab C\u2019est tre\u0300s important pour nous tous. Comme nous le savons, les journalistes n\u2019ont pas les moyens ade\u0301quats pour se faire soigner en cas de besoin. Pourtant, ils exercent un me\u0301tier a\u0300 risque, rien que pour se rendre sur le terrain. On a eu pas mal de soucis de sante\u0301 avec des confre\u0300res qui ne\u0301cessitaient beaucoup d\u2019argent. S\u2019il y avait la mutuelle de sante\u0301, c\u0327a aurait aide\u0301 un peu plus. Malheureusement on n\u2019en avait pas. Aujourd\u2019hui, nous sommes conscients qu\u2019il est primordial d\u2019avoir cette mutuelle de sante\u0301 \u00bb, explique Faiza Soule\u0301, la pre\u0301sidente du SNJC. Et de poursuivre : \u00ab Pour arriver a\u0300 ce but, il faut bien-su\u0302r de l\u2019argent. Nous avons de\u0301cide\u0301 d\u2019organiser ce concert de solidarite\u0301 afin de re\u0301colter des fonds pour la mettre en place \u00bb.<\/p>\n<p>Les confe\u0301renciers ont montre\u0301 aussi que ce sont les employeurs qui devraient le faire mais c\u0327a n\u2019a jamais e\u0301te\u0301 fait. \u00ab Normalement, on devait be\u0301ne\u0301ficier d\u2019une mutuelle de son journal mais, on ne va pas se voiler la face, car nous connaissons les situations difficiles de tous. On sait comment fonctionnent les organes de presse, ainsi que leurs salaires. Il nous appartient donc de prendre nos responsabilite\u0301s pour notre bien. Tout le monde sait l\u2019essentiel d\u2019une mutuelle de sante\u0301. D\u2019ou\u0300 la tenue de ce twarab de la solidarite\u0301 \u00bb, souligne-t-elle. Et d\u2019enchai\u0302ner : \u00ab Nous espe\u0301rons ramasser un somme colossale qui nous permettra de faire fonctionner notre mutuelle \u00bb. Elle a saisi aussi l\u2019occasion pour remercier tous les sponsors qui ont re\u0301pondu positivement a\u0300 leur appel, mais aussi la diaspora. Pour finir, elle fait appel a\u0300 tous les amis de la presse de prendre part a\u0300 ce grand e\u0301ve\u0300nement de la presse.<\/p>\n<p><strong>Pour plus d&rsquo;informations et d&rsquo;analyses sur la <a href=\"https:\/\/www.africa-press.net\/comores\">Comores<\/a>, suivez <a href=\"https:\/\/www.africa-press.net\/\">Africa-Press<\/a><\/strong><\/p>\n","protected":false},"excerpt":{"rendered":"<p>Africa-Press &#8211; Comores. Un me\u0301ga Twarab ce samedi au Retaj Le syndicat national des journalistes des Comores (Snjc) a tenu une confe\u0301rence de presse ce jeudi 16 novembre 2023, pour annoncer leur Twarab de solidarite\u0301 qui aura lieu ce samedi 18 novembre au Retaj. Selon la pre\u0301sidente du SNJC, les fonds qui seront re\u0301colte\u0301s serviront [&hellip;]<\/p>\n","protected":false},"author":82,"featured_media":13787,"comment_status":"open","ping_status":"closed","sticky":false,"template":"","format":"standard","meta":{"footnotes":""},"categories":[21,10],"tags":[36,53,45],"class_list":["post-13788","post","type-post","status-publish","format-standard","has-post-thumbnail","hentry","category-communaute","category-toutes-les-actualites","tag-africa-press","tag-africa-press-comores","tag-comores"],"yoast_head":"<!-- This site is optimized with the Yoast SEO Premium plugin v26.1 (Yoast SEO v27.0) - https:\/\/yoast.com\/product\/yoast-seo-premium-wordpress\/ -->\n<title>Mutuelle de sant\u00e9 des journalistes : Un m\u00e9ga Twarab ce samedi au Retaj - Comores<\/title>\n<meta name=\"description\" content=\"Un me\u0301ga Twarab ce samedi au Retaj Le syndicat national des journalistes des Comores (Snjc) a tenu une confe\u0301ren ...\" \/>\n<meta name=\"robots\" content=\"index, follow, max-snippet:-1, max-image-preview:large, max-video-preview:-1\" \/>\n<link rel=\"canonical\" href=\"https:\/\/www.africa-press.net\/comores\/toutes-les-actualites\/mutuelle-de-sante-des-journalistes-un-mega-twarab-ce-samedi-au-retaj\" \/>\n<meta property=\"og:locale\" content=\"fr_FR\" \/>\n<meta property=\"og:type\" content=\"article\" \/>\n<meta property=\"og:title\" content=\"Mutuelle de sant\u00e9 des journalistes : Un m\u00e9ga Twarab ce samedi au Retaj\" \/>\n<meta property=\"og:description\" content=\"Un me\u0301ga Twarab ce samedi au Retaj Le syndicat national des journalistes des Comores (Snjc) a tenu une confe\u0301ren ...\" \/>\n<meta property=\"og:url\" content=\"https:\/\/www.africa-press.net\/comores\/toutes-les-actualites\/mutuelle-de-sante-des-journalistes-un-mega-twarab-ce-samedi-au-retaj\" \/>\n<meta property=\"og:site_name\" content=\"Comores\" \/>\n<meta property=\"article:published_time\" content=\"2023-11-17T20:46:59+00:00\" \/>\n<meta property=\"article:modified_time\" content=\"2023-11-17T22:40:17+00:00\" \/>\n<meta property=\"og:image\" content=\"https:\/\/static.africa-press.net\/centrafricaine\/sites\/48\/2023\/11\/sm_1700244415.60842.jpg\" \/>\n\t<meta property=\"og:image:width\" content=\"1280\" \/>\n\t<meta property=\"og:image:height\" content=\"720\" \/>\n\t<meta property=\"og:image:type\" content=\"image\/jpeg\" \/>\n<meta name=\"author\" content=\"cfeditorfr\" \/>\n<meta name=\"twitter:card\" content=\"summary_large_image\" \/>\n<meta name=\"twitter:label1\" content=\"\u00c9crit par\" \/>\n\t<meta name=\"twitter:data1\" content=\"cfeditorfr\" \/>\n\t<meta name=\"twitter:label2\" content=\"Dur\u00e9e de lecture estim\u00e9e\" \/>\n\t<meta name=\"twitter:data2\" content=\"2 minutes\" \/>\n<script type=\"application\/ld+json\" class=\"yoast-schema-graph\">{\"@context\":\"https:\/\/schema.org\",\"@graph\":[{\"@type\":\"Article\",\"@id\":\"https:\/\/www.africa-press.net\/comores\/toutes-les-actualites\/mutuelle-de-sante-des-journalistes-un-mega-twarab-ce-samedi-au-retaj#article\",\"isPartOf\":{\"@id\":\"https:\/\/www.africa-press.net\/comores\/toutes-les-actualites\/mutuelle-de-sante-des-journalistes-un-mega-twarab-ce-samedi-au-retaj\"},\"author\":{\"name\":\"cfeditorfr\",\"@id\":\"https:\/\/www.africa-press.net\/comores\/#\/schema\/person\/2b1cf3cd81a31e3cd26889ca66d677f1\"},\"headline\":\"Mutuelle de sant\u00e9 des journalistes : Un m\u00e9ga Twarab ce samedi au Retaj\",\"datePublished\":\"2023-11-17T20:46:59+00:00\",\"dateModified\":\"2023-11-17T22:40:17+00:00\",\"mainEntityOfPage\":{\"@id\":\"https:\/\/www.africa-press.net\/comores\/toutes-les-actualites\/mutuelle-de-sante-des-journalistes-un-mega-twarab-ce-samedi-au-retaj\"},\"wordCount\":471,\"commentCount\":0,\"image\":{\"@id\":\"https:\/\/www.africa-press.net\/comores\/toutes-les-actualites\/mutuelle-de-sante-des-journalistes-un-mega-twarab-ce-samedi-au-retaj#primaryimage\"},\"thumbnailUrl\":\"https:\/\/static.africa-press.net\/centrafricaine\/sites\/48\/2023\/11\/sm_1700244415.60842.jpg\",\"keywords\":[\"Africa Press\",\"Africa Press-Comores\",\"Comores\"],\"articleSection\":[\"Communaut\u00e9\",\"Toutes les actualit\u00e9s\"],\"inLanguage\":\"fr-FR\",\"potentialAction\":[{\"@type\":\"CommentAction\",\"name\":\"Comment\",\"target\":[\"https:\/\/www.africa-press.net\/comores\/toutes-les-actualites\/mutuelle-de-sante-des-journalistes-un-mega-twarab-ce-samedi-au-retaj#respond\"]}]},{\"@type\":\"WebPage\",\"@id\":\"https:\/\/www.africa-press.net\/comores\/toutes-les-actualites\/mutuelle-de-sante-des-journalistes-un-mega-twarab-ce-samedi-au-retaj\",\"url\":\"https:\/\/www.africa-press.net\/comores\/toutes-les-actualites\/mutuelle-de-sante-des-journalistes-un-mega-twarab-ce-samedi-au-retaj\",\"name\":\"Mutuelle de sant\u00e9 des journalistes : Un m\u00e9ga Twarab ce samedi au Retaj - Comores\",\"isPartOf\":{\"@id\":\"https:\/\/www.africa-press.net\/comores\/#website\"},\"primaryImageOfPage\":{\"@id\":\"https:\/\/www.africa-press.net\/comores\/toutes-les-actualites\/mutuelle-de-sante-des-journalistes-un-mega-twarab-ce-samedi-au-retaj#primaryimage\"},\"image\":{\"@id\":\"https:\/\/www.africa-press.net\/comores\/toutes-les-actualites\/mutuelle-de-sante-des-journalistes-un-mega-twarab-ce-samedi-au-retaj#primaryimage\"},\"thumbnailUrl\":\"https:\/\/static.africa-press.net\/centrafricaine\/sites\/48\/2023\/11\/sm_1700244415.60842.jpg\",\"datePublished\":\"2023-11-17T20:46:59+00:00\",\"dateModified\":\"2023-11-17T22:40:17+00:00\",\"author\":{\"@id\":\"https:\/\/www.africa-press.net\/comores\/#\/schema\/person\/2b1cf3cd81a31e3cd26889ca66d677f1\"},\"description\":\"Un me\u0301ga Twarab ce samedi au Retaj Le syndicat national des journalistes des Comores (Snjc) a tenu une confe\u0301ren ...\",\"breadcrumb\":{\"@id\":\"https:\/\/www.africa-press.net\/comores\/toutes-les-actualites\/mutuelle-de-sante-des-journalistes-un-mega-twarab-ce-samedi-au-retaj#breadcrumb\"},\"inLanguage\":\"fr-FR\",\"potentialAction\":[{\"@type\":\"ReadAction\",\"target\":[\"https:\/\/www.africa-press.net\/comores\/toutes-les-actualites\/mutuelle-de-sante-des-journalistes-un-mega-twarab-ce-samedi-au-retaj\"]}]},{\"@type\":\"ImageObject\",\"inLanguage\":\"fr-FR\",\"@id\":\"https:\/\/www.africa-press.net\/comores\/toutes-les-actualites\/mutuelle-de-sante-des-journalistes-un-mega-twarab-ce-samedi-au-retaj#primaryimage\",\"url\":\"https:\/\/static.africa-press.net\/centrafricaine\/sites\/48\/2023\/11\/sm_1700244415.60842.jpg\",\"contentUrl\":\"https:\/\/static.africa-press.net\/centrafricaine\/sites\/48\/2023\/11\/sm_1700244415.60842.jpg\",\"width\":1280,\"height\":720,\"caption\":\"Mutuelle de sant\u00e9 des journalistes : Un m\u00e9ga Twarab ce samedi au Retaj\"},{\"@type\":\"BreadcrumbList\",\"@id\":\"https:\/\/www.africa-press.net\/comores\/toutes-les-actualites\/mutuelle-de-sante-des-journalistes-un-mega-twarab-ce-samedi-au-retaj#breadcrumb\",\"itemListElement\":[{\"@type\":\"ListItem\",\"position\":1,\"name\":\"Accueil\",\"item\":\"https:\/\/www.africa-press.net\/comores\/\"},{\"@type\":\"ListItem\",\"position\":2,\"name\":\"Mutuelle de sant\u00e9 des journalistes : Un m\u00e9ga Twarab ce samedi au Retaj\"}]},{\"@type\":\"WebSite\",\"@id\":\"https:\/\/www.africa-press.net\/comores\/#website\",\"url\":\"https:\/\/www.africa-press.net\/comores\/\",\"name\":\"Comores\",\"description\":\"Just another Africa News Agency Sites site\",\"potentialAction\":[{\"@type\":\"SearchAction\",\"target\":{\"@type\":\"EntryPoint\",\"urlTemplate\":\"https:\/\/www.africa-press.net\/comores\/?s={search_term_string}\"},\"query-input\":{\"@type\":\"PropertyValueSpecification\",\"valueRequired\":true,\"valueName\":\"search_term_string\"}}],\"inLanguage\":\"fr-FR\"},{\"@type\":\"Person\",\"@id\":\"https:\/\/www.africa-press.net\/comores\/#\/schema\/person\/2b1cf3cd81a31e3cd26889ca66d677f1\",\"name\":\"cfeditorfr\"}]}<\/script>\n<!-- \/ Yoast SEO Premium plugin. -->","yoast_head_json":{"title":"Mutuelle de sant\u00e9 des journalistes : Un m\u00e9ga Twarab ce samedi au Retaj - Comores","description":"Un me\u0301ga Twarab ce samedi au Retaj Le syndicat national des journalistes des Comores (Snjc) a tenu une confe\u0301ren ...","robots":{"index":"index","follow":"follow","max-snippet":"max-snippet:-1","max-image-preview":"max-image-preview:large","max-video-preview":"max-video-preview:-1"},"canonical":"https:\/\/www.africa-press.net\/comores\/toutes-les-actualites\/mutuelle-de-sante-des-journalistes-un-mega-twarab-ce-samedi-au-retaj","og_locale":"fr_FR","og_type":"article","og_title":"Mutuelle de sant\u00e9 des journalistes : Un m\u00e9ga Twarab ce samedi au Retaj","og_description":"Un me\u0301ga Twarab ce samedi au Retaj Le syndicat national des journalistes des Comores (Snjc) a tenu une confe\u0301ren ...","og_url":"https:\/\/www.africa-press.net\/comores\/toutes-les-actualites\/mutuelle-de-sante-des-journalistes-un-mega-twarab-ce-samedi-au-retaj","og_site_name":"Comores","article_published_time":"2023-11-17T20:46:59+00:00","article_modified_time":"2023-11-17T22:40:17+00:00","og_image":[{"width":1280,"height":720,"url":"https:\/\/static.africa-press.net\/centrafricaine\/sites\/48\/2023\/11\/sm_1700244415.60842.jpg","type":"image\/jpeg"}],"author":"cfeditorfr","twitter_card":"summary_large_image","twitter_misc":{"\u00c9crit par":"cfeditorfr","Dur\u00e9e de lecture estim\u00e9e":"2 minutes"},"schema":{"@context":"https:\/\/schema.org","@graph":[{"@type":"Article","@id":"https:\/\/www.africa-press.net\/comores\/toutes-les-actualites\/mutuelle-de-sante-des-journalistes-un-mega-twarab-ce-samedi-au-retaj#article","isPartOf":{"@id":"https:\/\/www.africa-press.net\/comores\/toutes-les-actualites\/mutuelle-de-sante-des-journalistes-un-mega-twarab-ce-samedi-au-retaj"},"author":{"name":"cfeditorfr","@id":"https:\/\/www.africa-press.net\/comores\/#\/schema\/person\/2b1cf3cd81a31e3cd26889ca66d677f1"},"headline":"Mutuelle de sant\u00e9 des journalistes : Un m\u00e9ga Twarab ce samedi au Retaj","datePublished":"2023-11-17T20:46:59+00:00","dateModified":"2023-11-17T22:40:17+00:00","mainEntityOfPage":{"@id":"https:\/\/www.africa-press.net\/comores\/toutes-les-actualites\/mutuelle-de-sante-des-journalistes-un-mega-twarab-ce-samedi-au-retaj"},"wordCount":471,"commentCount":0,"image":{"@id":"https:\/\/www.africa-press.net\/comores\/toutes-les-actualites\/mutuelle-de-sante-des-journalistes-un-mega-twarab-ce-samedi-au-retaj#primaryimage"},"thumbnailUrl":"https:\/\/static.africa-press.net\/centrafricaine\/sites\/48\/2023\/11\/sm_1700244415.60842.jpg","keywords":["Africa Press","Africa Press-Comores","Comores"],"articleSection":["Communaut\u00e9","Toutes les actualit\u00e9s"],"inLanguage":"fr-FR","potentialAction":[{"@type":"CommentAction","name":"Comment","target":["https:\/\/www.africa-press.net\/comores\/toutes-les-actualites\/mutuelle-de-sante-des-journalistes-un-mega-twarab-ce-samedi-au-retaj#respond"]}]},{"@type":"WebPage","@id":"https:\/\/www.africa-press.net\/comores\/toutes-les-actualites\/mutuelle-de-sante-des-journalistes-un-mega-twarab-ce-samedi-au-retaj","url":"https:\/\/www.africa-press.net\/comores\/toutes-les-actualites\/mutuelle-de-sante-des-journalistes-un-mega-twarab-ce-samedi-au-retaj","name":"Mutuelle de sant\u00e9 des journalistes : Un m\u00e9ga Twarab ce samedi au Retaj - Comores","isPartOf":{"@id":"https:\/\/www.africa-press.net\/comores\/#website"},"primaryImageOfPage":{"@id":"https:\/\/www.africa-press.net\/comores\/toutes-les-actualites\/mutuelle-de-sante-des-journalistes-un-mega-twarab-ce-samedi-au-retaj#primaryimage"},"image":{"@id":"https:\/\/www.africa-press.net\/comores\/toutes-les-actualites\/mutuelle-de-sante-des-journalistes-un-mega-twarab-ce-samedi-au-retaj#primaryimage"},"thumbnailUrl":"https:\/\/static.africa-press.net\/centrafricaine\/sites\/48\/2023\/11\/sm_1700244415.60842.jpg","datePublished":"2023-11-17T20:46:59+00:00","dateModified":"2023-11-17T22:40:17+00:00","author":{"@id":"https:\/\/www.africa-press.net\/comores\/#\/schema\/person\/2b1cf3cd81a31e3cd26889ca66d677f1"},"description":"Un me\u0301ga Twarab ce samedi au Retaj Le syndicat national des journalistes des Comores (Snjc) a tenu une confe\u0301ren ...","breadcrumb":{"@id":"https:\/\/www.africa-press.net\/comores\/toutes-les-actualites\/mutuelle-de-sante-des-journalistes-un-mega-twarab-ce-samedi-au-retaj#breadcrumb"},"inLanguage":"fr-FR","potentialAction":[{"@type":"ReadAction","target":["https:\/\/www.africa-press.net\/comores\/toutes-les-actualites\/mutuelle-de-sante-des-journalistes-un-mega-twarab-ce-samedi-au-retaj"]}]},{"@type":"ImageObject","inLanguage":"fr-FR","@id":"https:\/\/www.africa-press.net\/comores\/toutes-les-actualites\/mutuelle-de-sante-des-journalistes-un-mega-twarab-ce-samedi-au-retaj#primaryimage","url":"https:\/\/static.africa-press.net\/centrafricaine\/sites\/48\/2023\/11\/sm_1700244415.60842.jpg","contentUrl":"https:\/\/static.africa-press.net\/centrafricaine\/sites\/48\/2023\/11\/sm_1700244415.60842.jpg","width":1280,"height":720,"caption":"Mutuelle de sant\u00e9 des journalistes : Un m\u00e9ga Twarab ce samedi au Retaj"},{"@type":"BreadcrumbList","@id":"https:\/\/www.africa-press.net\/comores\/toutes-les-actualites\/mutuelle-de-sante-des-journalistes-un-mega-twarab-ce-samedi-au-retaj#breadcrumb","itemListElement":[{"@type":"ListItem","position":1,"name":"Accueil","item":"https:\/\/www.africa-press.net\/comores\/"},{"@type":"ListItem","position":2,"name":"Mutuelle de sant\u00e9 des journalistes : Un m\u00e9ga Twarab ce samedi au Retaj"}]},{"@type":"WebSite","@id":"https:\/\/www.africa-press.net\/comores\/#website","url":"https:\/\/www.africa-press.net\/comores\/","name":"Comores","description":"Just another Africa News Agency Sites site","potentialAction":[{"@type":"SearchAction","target":{"@type":"EntryPoint","urlTemplate":"https:\/\/www.africa-press.net\/comores\/?s={search_term_string}"},"query-input":{"@type":"PropertyValueSpecification","valueRequired":true,"valueName":"search_term_string"}}],"inLanguage":"fr-FR"},{"@type":"Person","@id":"https:\/\/www.africa-press.net\/comores\/#\/schema\/person\/2b1cf3cd81a31e3cd26889ca66d677f1","name":"cfeditorfr"}]}},"_links":{"self":[{"href":"https:\/\/www.africa-press.net\/comores\/wp-json\/wp\/v2\/posts\/13788","targetHints":{"allow":["GET"]}}],"collection":[{"href":"https:\/\/www.africa-press.net\/comores\/wp-json\/wp\/v2\/posts"}],"about":[{"href":"https:\/\/www.africa-press.net\/comores\/wp-json\/wp\/v2\/types\/post"}],"author":[{"embeddable":true,"href":"https:\/\/www.africa-press.net\/comores\/wp-json\/wp\/v2\/users\/82"}],"replies":[{"embeddable":true,"href":"https:\/\/www.africa-press.net\/comores\/wp-json\/wp\/v2\/comments?post=13788"}],"version-history":[{"count":0,"href":"https:\/\/www.africa-press.net\/comores\/wp-json\/wp\/v2\/posts\/13788\/revisions"}],"wp:featuredmedia":[{"embeddable":true,"href":"https:\/\/www.africa-press.net\/comores\/wp-json\/wp\/v2\/media\/13787"}],"wp:attachment":[{"href":"https:\/\/www.africa-press.net\/comores\/wp-json\/wp\/v2\/media?parent=13788"}],"wp:term":[{"taxonomy":"category","embeddable":true,"href":"https:\/\/www.africa-press.net\/comores\/wp-json\/wp\/v2\/categories?post=13788"},{"taxonomy":"post_tag","embeddable":true,"href":"https:\/\/www.africa-press.net\/comores\/wp-json\/wp\/v2\/tags?post=13788"}],"curies":[{"name":"wp","href":"https:\/\/api.w.org\/{rel}","templated":true}]}}