{"id":13835,"date":"2023-11-19T19:34:02","date_gmt":"2023-11-19T19:34:02","guid":{"rendered":"https:\/\/www.africa-press.net\/comores\/politique\/medays-2023-le-grand-prix-decerne-au-president-de-lunion-des-comores-azali-assoumani"},"modified":"2023-11-19T21:23:26","modified_gmt":"2023-11-19T21:23:26","slug":"medays-2023-le-grand-prix-decerne-au-president-de-lunion-des-comores-azali-assoumani","status":"publish","type":"post","link":"https:\/\/www.africa-press.net\/comores\/politique\/medays-2023-le-grand-prix-decerne-au-president-de-lunion-des-comores-azali-assoumani","title":{"rendered":"MEDays 2023 : Le Grand Prix d\u00e9cern\u00e9 au pr\u00e9sident de l\u2019Union des Comores Azali Assoumani"},"content":{"rendered":"<p><span style=\"color: #ff6600\"><strong>Africa-Press &#8211; Comores. <\/strong><\/span>Le Grand Prix MEDays 2023 a e\u0301te\u0301 de\u0301cerne\u0301, samedi a\u0300 Tanger, au pre\u0301sident de l&rsquo;Union des Comores et Pre\u0301sident en exercice de l\u2019Union Africaine, Azali Assoumani.<\/p>\n<p>Cette distinction intervient en reconnaissance du leadership de M. Azali Assoumani durant sa pre\u0301sidence de l\u2019institution panafricaine, marque\u0301e notamment par l\u2019adhe\u0301sion de l\u2019Union Africaine au G20. Ce Grand prix illustre e\u0301galement les liens fraternels et multidimensionnels qui unissent le Maroc et les Comores.<\/p>\n<p>Re\u0301agissant a\u0300 ce vibrant hommage, le Pre\u0301sident comorien a indique\u0301 que le Forum MEDays \u00ab\u00a0s\u2019e\u0301rige en ve\u0301ritable forum du Sud dans lequel des de\u0301cideurs et des experts se retrouvent pour e\u0301changer sur les perspectives des pays du Sud, en particulier ceux d\u2019Afrique\u00a0\u00bb.<\/p>\n<p>\u00ab\u00a0Je suis tre\u0300s honore\u0301 de recevoir ce Grand Prix qui est une reconnaissance des efforts inlassables que je de\u0301ploie, au nom de l\u2019Union des Comores et de l\u2019Union Africaine, pour soutenir l\u2019unite\u0301, la solidarite\u0301 et l\u2019inte\u0301gration africaine, ainsi qu\u2019en faveur de davantage de paix et de de\u0301veloppement pour notre continent\u00a0\u00bb, a dit M. Assoumani.<\/p>\n<p>Le chef d\u2019E\u0301tat comorien a, par ailleurs, salue\u0301 l\u2019inte\u0301re\u0302t qu\u2019accorde S.M. le Roi Mohammed VI au renforcement des e\u0301changes entre les acteurs africains, publics ou prive\u0301s, autour d\u2019enjeux ge\u0301opolitiques et e\u0301conomiques importants.<\/p>\n<p>Le pre\u0301sident de l\u2019Institut Amadeus, Brahim Fassi Fihri, a, pour sa part, indique\u0301 que la remise de ce Grand Prix au Pre\u0301sident de l\u2019Union des Comores intervient en hommage aux actions que me\u0300ne M. Assoumani, depuis qu\u2019il a pris le flambeau de la pre\u0301sidence de l\u2019Union Africaine, en faveur du continent, soulignant que la pre\u0301sence aujourd\u2019hui de l\u2019organisation panafricaine au sein du G20 comme membre permanent a e\u0301te\u0301 possible \u00ab\u00a0gra\u0302ce a\u0300 l\u2019excellence de leaders africains tels que M. Assoumani\u00a0\u00bb.<\/p>\n<p>La 15e\u0300 e\u0301dition du Forum international MEDays, tenue du 15 au 18 novembre, sous le Haut Patronage de Sa Majeste\u0301 le Roi Mohammed VI, a re\u0301uni plus de 200 intervenant de tre\u0300s haut niveau, parmi lesquels des chefs d\u2019E\u0301tat et de gouvernement, des de\u0301cideurs politiques, des prix Nobel, des chefs de grandes entreprises internationales et des personnalite\u0301s internationales de premier plan, venus de plus d\u2019une centaine de pays.<\/p>\n<p><strong>Pour plus d&rsquo;informations et d&rsquo;analyses sur la <a href=\"https:\/\/www.africa-press.net\/comores\">Comores<\/a>, suivez <a href=\"https:\/\/www.africa-press.net\/\">Africa-Press<\/a><\/strong><\/p>\n","protected":false},"excerpt":{"rendered":"<p>Africa-Press &#8211; Comores. Le Grand Prix MEDays 2023 a e\u0301te\u0301 de\u0301cerne\u0301, samedi a\u0300 Tanger, au pre\u0301sident de l&rsquo;Union des Comores et Pre\u0301sident en exercice de l\u2019Union Africaine, Azali Assoumani. Cette distinction intervient en reconnaissance du leadership de M. Azali Assoumani durant sa pre\u0301sidence de l\u2019institution panafricaine, marque\u0301e notamment par l\u2019adhe\u0301sion de l\u2019Union Africaine au G20. [&hellip;]<\/p>\n","protected":false},"author":82,"featured_media":13833,"comment_status":"open","ping_status":"closed","sticky":false,"template":"","format":"standard","meta":{"footnotes":""},"categories":[2,20,10],"tags":[36,53,45],"class_list":["post-13835","post","type-post","status-publish","format-standard","has-post-thumbnail","hentry","category-politique","category-top-nouvelles","category-toutes-les-actualites","tag-africa-press","tag-africa-press-comores","tag-comores"],"yoast_head":"<!-- This site is optimized with the Yoast SEO Premium plugin v26.1 (Yoast SEO v27.0) - https:\/\/yoast.com\/product\/yoast-seo-premium-wordpress\/ -->\n<title>MEDays 2023 : Le Grand Prix d\u00e9cern\u00e9 au pr\u00e9sident de l\u2019Union des Comores Azali Assoumani - Comores<\/title>\n<meta name=\"description\" content=\"Le Grand Prix MEDays 2023 a e\u0301te\u0301 de\u0301cerne\u0301, samedi a\u0300 Tanger, au pre\u0301sident de l&#039;Union des Comores et Pre\u0301sident en exe ...\" \/>\n<meta name=\"robots\" content=\"index, follow, max-snippet:-1, max-image-preview:large, max-video-preview:-1\" \/>\n<link rel=\"canonical\" href=\"https:\/\/www.africa-press.net\/comores\/politique\/medays-2023-le-grand-prix-decerne-au-president-de-lunion-des-comores-azali-assoumani\" \/>\n<meta property=\"og:locale\" content=\"fr_FR\" \/>\n<meta property=\"og:type\" content=\"article\" \/>\n<meta property=\"og:title\" content=\"MEDays 2023 : Le Grand Prix d\u00e9cern\u00e9 au pr\u00e9sident de l\u2019Union des Comores Azali Assoumani\" \/>\n<meta property=\"og:description\" content=\"Le Grand Prix MEDays 2023 a e\u0301te\u0301 de\u0301cerne\u0301, samedi a\u0300 Tanger, au pre\u0301sident de l&#039;Union des Comores et Pre\u0301sident en exe ...\" \/>\n<meta property=\"og:url\" content=\"https:\/\/www.africa-press.net\/comores\/politique\/medays-2023-le-grand-prix-decerne-au-president-de-lunion-des-comores-azali-assoumani\" \/>\n<meta property=\"og:site_name\" content=\"Comores\" \/>\n<meta property=\"article:published_time\" content=\"2023-11-19T19:34:02+00:00\" \/>\n<meta property=\"article:modified_time\" content=\"2023-11-19T21:23:26+00:00\" \/>\n<meta property=\"og:image\" content=\"https:\/\/static.africa-press.net\/centrafricaine\/sites\/48\/2023\/11\/sm_1700412707.712455.jpg\" \/>\n\t<meta property=\"og:image:width\" content=\"1000\" \/>\n\t<meta property=\"og:image:height\" content=\"630\" \/>\n\t<meta property=\"og:image:type\" content=\"image\/jpeg\" \/>\n<meta name=\"author\" content=\"cfeditorfr\" \/>\n<meta name=\"twitter:card\" content=\"summary_large_image\" \/>\n<meta name=\"twitter:label1\" content=\"\u00c9crit par\" \/>\n\t<meta name=\"twitter:data1\" content=\"cfeditorfr\" \/>\n\t<meta name=\"twitter:label2\" content=\"Dur\u00e9e de lecture estim\u00e9e\" \/>\n\t<meta name=\"twitter:data2\" content=\"2 minutes\" \/>\n<script type=\"application\/ld+json\" class=\"yoast-schema-graph\">{\"@context\":\"https:\/\/schema.org\",\"@graph\":[{\"@type\":\"Article\",\"@id\":\"https:\/\/www.africa-press.net\/comores\/politique\/medays-2023-le-grand-prix-decerne-au-president-de-lunion-des-comores-azali-assoumani#article\",\"isPartOf\":{\"@id\":\"https:\/\/www.africa-press.net\/comores\/politique\/medays-2023-le-grand-prix-decerne-au-president-de-lunion-des-comores-azali-assoumani\"},\"author\":{\"name\":\"cfeditorfr\",\"@id\":\"https:\/\/www.africa-press.net\/comores\/#\/schema\/person\/2b1cf3cd81a31e3cd26889ca66d677f1\"},\"headline\":\"MEDays 2023 : Le Grand Prix d\u00e9cern\u00e9 au pr\u00e9sident de l\u2019Union des Comores Azali Assoumani\",\"datePublished\":\"2023-11-19T19:34:02+00:00\",\"dateModified\":\"2023-11-19T21:23:26+00:00\",\"mainEntityOfPage\":{\"@id\":\"https:\/\/www.africa-press.net\/comores\/politique\/medays-2023-le-grand-prix-decerne-au-president-de-lunion-des-comores-azali-assoumani\"},\"wordCount\":435,\"commentCount\":0,\"image\":{\"@id\":\"https:\/\/www.africa-press.net\/comores\/politique\/medays-2023-le-grand-prix-decerne-au-president-de-lunion-des-comores-azali-assoumani#primaryimage\"},\"thumbnailUrl\":\"https:\/\/static.africa-press.net\/centrafricaine\/sites\/48\/2023\/11\/sm_1700412707.712455.jpg\",\"keywords\":[\"Africa Press\",\"Africa Press-Comores\",\"Comores\"],\"articleSection\":[\"Politique\",\"Top Nouvelles\",\"Toutes les actualit\u00e9s\"],\"inLanguage\":\"fr-FR\",\"potentialAction\":[{\"@type\":\"CommentAction\",\"name\":\"Comment\",\"target\":[\"https:\/\/www.africa-press.net\/comores\/politique\/medays-2023-le-grand-prix-decerne-au-president-de-lunion-des-comores-azali-assoumani#respond\"]}]},{\"@type\":\"WebPage\",\"@id\":\"https:\/\/www.africa-press.net\/comores\/politique\/medays-2023-le-grand-prix-decerne-au-president-de-lunion-des-comores-azali-assoumani\",\"url\":\"https:\/\/www.africa-press.net\/comores\/politique\/medays-2023-le-grand-prix-decerne-au-president-de-lunion-des-comores-azali-assoumani\",\"name\":\"MEDays 2023 : Le Grand Prix d\u00e9cern\u00e9 au pr\u00e9sident de l\u2019Union des Comores Azali Assoumani - Comores\",\"isPartOf\":{\"@id\":\"https:\/\/www.africa-press.net\/comores\/#website\"},\"primaryImageOfPage\":{\"@id\":\"https:\/\/www.africa-press.net\/comores\/politique\/medays-2023-le-grand-prix-decerne-au-president-de-lunion-des-comores-azali-assoumani#primaryimage\"},\"image\":{\"@id\":\"https:\/\/www.africa-press.net\/comores\/politique\/medays-2023-le-grand-prix-decerne-au-president-de-lunion-des-comores-azali-assoumani#primaryimage\"},\"thumbnailUrl\":\"https:\/\/static.africa-press.net\/centrafricaine\/sites\/48\/2023\/11\/sm_1700412707.712455.jpg\",\"datePublished\":\"2023-11-19T19:34:02+00:00\",\"dateModified\":\"2023-11-19T21:23:26+00:00\",\"author\":{\"@id\":\"https:\/\/www.africa-press.net\/comores\/#\/schema\/person\/2b1cf3cd81a31e3cd26889ca66d677f1\"},\"description\":\"Le Grand Prix MEDays 2023 a e\u0301te\u0301 de\u0301cerne\u0301, samedi a\u0300 Tanger, au pre\u0301sident de l'Union des Comores et Pre\u0301sident en exe ...\",\"breadcrumb\":{\"@id\":\"https:\/\/www.africa-press.net\/comores\/politique\/medays-2023-le-grand-prix-decerne-au-president-de-lunion-des-comores-azali-assoumani#breadcrumb\"},\"inLanguage\":\"fr-FR\",\"potentialAction\":[{\"@type\":\"ReadAction\",\"target\":[\"https:\/\/www.africa-press.net\/comores\/politique\/medays-2023-le-grand-prix-decerne-au-president-de-lunion-des-comores-azali-assoumani\"]}]},{\"@type\":\"ImageObject\",\"inLanguage\":\"fr-FR\",\"@id\":\"https:\/\/www.africa-press.net\/comores\/politique\/medays-2023-le-grand-prix-decerne-au-president-de-lunion-des-comores-azali-assoumani#primaryimage\",\"url\":\"https:\/\/static.africa-press.net\/centrafricaine\/sites\/48\/2023\/11\/sm_1700412707.712455.jpg\",\"contentUrl\":\"https:\/\/static.africa-press.net\/centrafricaine\/sites\/48\/2023\/11\/sm_1700412707.712455.jpg\",\"width\":1000,\"height\":630,\"caption\":\"MEDays 2023 : Le Grand Prix d\u00e9cern\u00e9 au pr\u00e9sident de l\u2019Union des Comores Azali Assoumani\"},{\"@type\":\"BreadcrumbList\",\"@id\":\"https:\/\/www.africa-press.net\/comores\/politique\/medays-2023-le-grand-prix-decerne-au-president-de-lunion-des-comores-azali-assoumani#breadcrumb\",\"itemListElement\":[{\"@type\":\"ListItem\",\"position\":1,\"name\":\"Accueil\",\"item\":\"https:\/\/www.africa-press.net\/comores\/\"},{\"@type\":\"ListItem\",\"position\":2,\"name\":\"MEDays 2023 : Le Grand Prix d\u00e9cern\u00e9 au pr\u00e9sident de l\u2019Union des Comores Azali Assoumani\"}]},{\"@type\":\"WebSite\",\"@id\":\"https:\/\/www.africa-press.net\/comores\/#website\",\"url\":\"https:\/\/www.africa-press.net\/comores\/\",\"name\":\"Comores\",\"description\":\"Just another Africa News Agency Sites site\",\"potentialAction\":[{\"@type\":\"SearchAction\",\"target\":{\"@type\":\"EntryPoint\",\"urlTemplate\":\"https:\/\/www.africa-press.net\/comores\/?s={search_term_string}\"},\"query-input\":{\"@type\":\"PropertyValueSpecification\",\"valueRequired\":true,\"valueName\":\"search_term_string\"}}],\"inLanguage\":\"fr-FR\"},{\"@type\":\"Person\",\"@id\":\"https:\/\/www.africa-press.net\/comores\/#\/schema\/person\/2b1cf3cd81a31e3cd26889ca66d677f1\",\"name\":\"cfeditorfr\"}]}<\/script>\n<!-- \/ Yoast SEO Premium plugin. -->","yoast_head_json":{"title":"MEDays 2023 : Le Grand Prix d\u00e9cern\u00e9 au pr\u00e9sident de l\u2019Union des Comores Azali Assoumani - Comores","description":"Le Grand Prix MEDays 2023 a e\u0301te\u0301 de\u0301cerne\u0301, samedi a\u0300 Tanger, au pre\u0301sident de l'Union des Comores et Pre\u0301sident en exe ...","robots":{"index":"index","follow":"follow","max-snippet":"max-snippet:-1","max-image-preview":"max-image-preview:large","max-video-preview":"max-video-preview:-1"},"canonical":"https:\/\/www.africa-press.net\/comores\/politique\/medays-2023-le-grand-prix-decerne-au-president-de-lunion-des-comores-azali-assoumani","og_locale":"fr_FR","og_type":"article","og_title":"MEDays 2023 : Le Grand Prix d\u00e9cern\u00e9 au pr\u00e9sident de l\u2019Union des Comores Azali Assoumani","og_description":"Le Grand Prix MEDays 2023 a e\u0301te\u0301 de\u0301cerne\u0301, samedi a\u0300 Tanger, au pre\u0301sident de l'Union des Comores et Pre\u0301sident en exe ...","og_url":"https:\/\/www.africa-press.net\/comores\/politique\/medays-2023-le-grand-prix-decerne-au-president-de-lunion-des-comores-azali-assoumani","og_site_name":"Comores","article_published_time":"2023-11-19T19:34:02+00:00","article_modified_time":"2023-11-19T21:23:26+00:00","og_image":[{"width":1000,"height":630,"url":"https:\/\/static.africa-press.net\/centrafricaine\/sites\/48\/2023\/11\/sm_1700412707.712455.jpg","type":"image\/jpeg"}],"author":"cfeditorfr","twitter_card":"summary_large_image","twitter_misc":{"\u00c9crit par":"cfeditorfr","Dur\u00e9e de lecture estim\u00e9e":"2 minutes"},"schema":{"@context":"https:\/\/schema.org","@graph":[{"@type":"Article","@id":"https:\/\/www.africa-press.net\/comores\/politique\/medays-2023-le-grand-prix-decerne-au-president-de-lunion-des-comores-azali-assoumani#article","isPartOf":{"@id":"https:\/\/www.africa-press.net\/comores\/politique\/medays-2023-le-grand-prix-decerne-au-president-de-lunion-des-comores-azali-assoumani"},"author":{"name":"cfeditorfr","@id":"https:\/\/www.africa-press.net\/comores\/#\/schema\/person\/2b1cf3cd81a31e3cd26889ca66d677f1"},"headline":"MEDays 2023 : Le Grand Prix d\u00e9cern\u00e9 au pr\u00e9sident de l\u2019Union des Comores Azali Assoumani","datePublished":"2023-11-19T19:34:02+00:00","dateModified":"2023-11-19T21:23:26+00:00","mainEntityOfPage":{"@id":"https:\/\/www.africa-press.net\/comores\/politique\/medays-2023-le-grand-prix-decerne-au-president-de-lunion-des-comores-azali-assoumani"},"wordCount":435,"commentCount":0,"image":{"@id":"https:\/\/www.africa-press.net\/comores\/politique\/medays-2023-le-grand-prix-decerne-au-president-de-lunion-des-comores-azali-assoumani#primaryimage"},"thumbnailUrl":"https:\/\/static.africa-press.net\/centrafricaine\/sites\/48\/2023\/11\/sm_1700412707.712455.jpg","keywords":["Africa Press","Africa Press-Comores","Comores"],"articleSection":["Politique","Top Nouvelles","Toutes les actualit\u00e9s"],"inLanguage":"fr-FR","potentialAction":[{"@type":"CommentAction","name":"Comment","target":["https:\/\/www.africa-press.net\/comores\/politique\/medays-2023-le-grand-prix-decerne-au-president-de-lunion-des-comores-azali-assoumani#respond"]}]},{"@type":"WebPage","@id":"https:\/\/www.africa-press.net\/comores\/politique\/medays-2023-le-grand-prix-decerne-au-president-de-lunion-des-comores-azali-assoumani","url":"https:\/\/www.africa-press.net\/comores\/politique\/medays-2023-le-grand-prix-decerne-au-president-de-lunion-des-comores-azali-assoumani","name":"MEDays 2023 : Le Grand Prix d\u00e9cern\u00e9 au pr\u00e9sident de l\u2019Union des Comores Azali Assoumani - Comores","isPartOf":{"@id":"https:\/\/www.africa-press.net\/comores\/#website"},"primaryImageOfPage":{"@id":"https:\/\/www.africa-press.net\/comores\/politique\/medays-2023-le-grand-prix-decerne-au-president-de-lunion-des-comores-azali-assoumani#primaryimage"},"image":{"@id":"https:\/\/www.africa-press.net\/comores\/politique\/medays-2023-le-grand-prix-decerne-au-president-de-lunion-des-comores-azali-assoumani#primaryimage"},"thumbnailUrl":"https:\/\/static.africa-press.net\/centrafricaine\/sites\/48\/2023\/11\/sm_1700412707.712455.jpg","datePublished":"2023-11-19T19:34:02+00:00","dateModified":"2023-11-19T21:23:26+00:00","author":{"@id":"https:\/\/www.africa-press.net\/comores\/#\/schema\/person\/2b1cf3cd81a31e3cd26889ca66d677f1"},"description":"Le Grand Prix MEDays 2023 a e\u0301te\u0301 de\u0301cerne\u0301, samedi a\u0300 Tanger, au pre\u0301sident de l'Union des Comores et Pre\u0301sident en exe ...","breadcrumb":{"@id":"https:\/\/www.africa-press.net\/comores\/politique\/medays-2023-le-grand-prix-decerne-au-president-de-lunion-des-comores-azali-assoumani#breadcrumb"},"inLanguage":"fr-FR","potentialAction":[{"@type":"ReadAction","target":["https:\/\/www.africa-press.net\/comores\/politique\/medays-2023-le-grand-prix-decerne-au-president-de-lunion-des-comores-azali-assoumani"]}]},{"@type":"ImageObject","inLanguage":"fr-FR","@id":"https:\/\/www.africa-press.net\/comores\/politique\/medays-2023-le-grand-prix-decerne-au-president-de-lunion-des-comores-azali-assoumani#primaryimage","url":"https:\/\/static.africa-press.net\/centrafricaine\/sites\/48\/2023\/11\/sm_1700412707.712455.jpg","contentUrl":"https:\/\/static.africa-press.net\/centrafricaine\/sites\/48\/2023\/11\/sm_1700412707.712455.jpg","width":1000,"height":630,"caption":"MEDays 2023 : Le Grand Prix d\u00e9cern\u00e9 au pr\u00e9sident de l\u2019Union des Comores Azali Assoumani"},{"@type":"BreadcrumbList","@id":"https:\/\/www.africa-press.net\/comores\/politique\/medays-2023-le-grand-prix-decerne-au-president-de-lunion-des-comores-azali-assoumani#breadcrumb","itemListElement":[{"@type":"ListItem","position":1,"name":"Accueil","item":"https:\/\/www.africa-press.net\/comores\/"},{"@type":"ListItem","position":2,"name":"MEDays 2023 : Le Grand Prix d\u00e9cern\u00e9 au pr\u00e9sident de l\u2019Union des Comores Azali Assoumani"}]},{"@type":"WebSite","@id":"https:\/\/www.africa-press.net\/comores\/#website","url":"https:\/\/www.africa-press.net\/comores\/","name":"Comores","description":"Just another Africa News Agency Sites site","potentialAction":[{"@type":"SearchAction","target":{"@type":"EntryPoint","urlTemplate":"https:\/\/www.africa-press.net\/comores\/?s={search_term_string}"},"query-input":{"@type":"PropertyValueSpecification","valueRequired":true,"valueName":"search_term_string"}}],"inLanguage":"fr-FR"},{"@type":"Person","@id":"https:\/\/www.africa-press.net\/comores\/#\/schema\/person\/2b1cf3cd81a31e3cd26889ca66d677f1","name":"cfeditorfr"}]}},"_links":{"self":[{"href":"https:\/\/www.africa-press.net\/comores\/wp-json\/wp\/v2\/posts\/13835","targetHints":{"allow":["GET"]}}],"collection":[{"href":"https:\/\/www.africa-press.net\/comores\/wp-json\/wp\/v2\/posts"}],"about":[{"href":"https:\/\/www.africa-press.net\/comores\/wp-json\/wp\/v2\/types\/post"}],"author":[{"embeddable":true,"href":"https:\/\/www.africa-press.net\/comores\/wp-json\/wp\/v2\/users\/82"}],"replies":[{"embeddable":true,"href":"https:\/\/www.africa-press.net\/comores\/wp-json\/wp\/v2\/comments?post=13835"}],"version-history":[{"count":0,"href":"https:\/\/www.africa-press.net\/comores\/wp-json\/wp\/v2\/posts\/13835\/revisions"}],"wp:featuredmedia":[{"embeddable":true,"href":"https:\/\/www.africa-press.net\/comores\/wp-json\/wp\/v2\/media\/13833"}],"wp:attachment":[{"href":"https:\/\/www.africa-press.net\/comores\/wp-json\/wp\/v2\/media?parent=13835"}],"wp:term":[{"taxonomy":"category","embeddable":true,"href":"https:\/\/www.africa-press.net\/comores\/wp-json\/wp\/v2\/categories?post=13835"},{"taxonomy":"post_tag","embeddable":true,"href":"https:\/\/www.africa-press.net\/comores\/wp-json\/wp\/v2\/tags?post=13835"}],"curies":[{"name":"wp","href":"https:\/\/api.w.org\/{rel}","templated":true}]}}