{"id":13846,"date":"2023-11-20T19:16:59","date_gmt":"2023-11-20T19:16:59","guid":{"rendered":"https:\/\/www.africa-press.net\/comores\/politique\/10-candidatures-deposees-a-la-ceii-de-moheli"},"modified":"2023-11-21T18:44:14","modified_gmt":"2023-11-21T18:44:14","slug":"10-candidatures-deposees-a-la-ceii-de-moheli","status":"publish","type":"post","link":"https:\/\/www.africa-press.net\/comores\/politique\/10-candidatures-deposees-a-la-ceii-de-moheli","title":{"rendered":"10 candidatures d\u00e9pos\u00e9es \u00e0 la CEII de Moh\u00e9li"},"content":{"rendered":"<p><span style=\"color: #ff6600\"><strong>Africa-Press &#8211; Comores. <\/strong><\/span><b>Mohe\u0301li a vibre\u0301 ce vendredi sous l\u2019ambiance de de\u0301po\u0302t des candidatures au poste de gouverneur. Jusqu\u2019a\u0300 21h, 10 candidatures ont e\u0301te\u0301 de\u0301pose\u0301es sous une ambiance festive a\u0300 la CEII pour conque\u0301rir le sie\u0300ge de Bonovo. Mohamed Elmadani Hamid sous l\u2019e\u0301tiquette du parti Orange de Mohamed Daoudou Kiki est le dernier a\u0300 de\u0301poser sa candidature. <\/b><\/p>\n<p>Pendant que beaucoup suivaient le match qui se jouait au stade Malouzini ce vendredi 17 novembre, entre les Comores et la Centrafrique, a\u0300 Mohe\u0301li c\u2019e\u0301tait le va et vient toute la journe\u0301e jusqu\u2019a\u0300 minuit pour le de\u0301po\u0302t des candidatures a\u0300 l\u2019e\u0301lection du gouverneur. Chaque candidat conduit en fanfare par ses proches. Au total 10 candidatures sont de\u0301pose\u0301es a\u0300 la CEII (Commission e\u0301lectorale insulaire). Un chiffre qui rappelle l\u2019e\u0301lection gubernatoriale de 2010 a\u0300 Mohe\u0301li. Mais cette fois-ci ce sont des jeunes qui dominent. On compte une femme, la candidate du parti pre\u0301sidentiel (CRC) Chamina Ben Mohamed et deux dinosaures seulement, l\u2019actuel gouverneur Mohamed Sai\u0308d Fazul et le de\u0301pute\u0301 Abdallah Said Sarouma. Tous les autres sont des candidatures de la jeune ge\u0301ne\u0301ration qui inspirent, selon eux, a\u0300 un changement. Aucune candidature des principaux mouvements d\u2019opposition qui, ces e\u0301lections ne sont qu\u2019une \u00ab mascarade \u00bb. Et ces opposants au re\u0301gime comptent s\u2019en remettre a\u0300 Dieu ce dimanche dans un lieu historique de l\u2019i\u0302le.<\/p>\n<p>Apre\u0300s Said Hamidi Soifaoui (Mkombe\u0301) et Mohamed Said Fazul qui ont de\u0301pose\u0301 depuis le jeudi 16 novembre, ce vendredi se sont succe\u0301de\u0301s Achafion Abdillah Toibibou, Mohamed Abdou Msoili parraine\u0301 par le parti Juwa et Abdallah Said Sarouma (inde\u0301pendant). Vient e\u0301galement Miroidi Ali Abdillah du mouvement Hury de Dr Achmet, Abdou Nassur Madi (inde\u0301pendant) et Dr Hassanaly Abdoulanziz (inde\u0301pendant). Mohamed Elmadani Hamid, le premier jeune a\u0300 de\u0301marrer sa pre\u0301campagne il y a presque une anne\u0301e apre\u0300s avoir rompu avec son beau fre\u0300re Mohamed Said Fazul est le dernier a\u0300 de\u0301poser sa candidature vers 21h, sous l\u2019e\u0301tiquette du parti Orange de Mohamed Daoudou Kiki.<\/p>\n<p>Il faut noter que depuis la de\u0301claration inattendue de la candidature de Chamina Ben Mohamed suivie de celle de Mohamed Said Fazul aux co\u0302te\u0301s de la candidature de Dr Hassanaly Abdoulanziz et d\u2019Abdallah Said Sarouma, les partisans de la CRC restent de\u0301sempare\u0301s. Ceux qui e\u0301taient jusque la\u0300 des inconditionnels de Fazul, se retrouvent derrie\u0300re la candidature de Chamina. Et d\u2019autres, bien que membres de la CRC rejoignent Chabhane ou Dr Abdoulanziz. \u00ab Si Azali a besoin d\u2019e\u0302tre e\u0301lu aux urnes a\u0300 Mohe\u0301li, il a inte\u0301re\u0302t a\u0300 ne pas re\u0301agir contre cette situation \u00bb a fait remarquer un observateur.<\/p>\n<p><strong>Pour plus d&rsquo;informations et d&rsquo;analyses sur la <a href=\"https:\/\/www.africa-press.net\/comores\">Comores<\/a>, suivez <a href=\"https:\/\/www.africa-press.net\/\">Africa-Press<\/a><\/strong><\/p>\n","protected":false},"excerpt":{"rendered":"<p>Africa-Press &#8211; Comores. Mohe\u0301li a vibre\u0301 ce vendredi sous l\u2019ambiance de de\u0301po\u0302t des candidatures au poste de gouverneur. Jusqu\u2019a\u0300 21h, 10 candidatures ont e\u0301te\u0301 de\u0301pose\u0301es sous une ambiance festive a\u0300 la CEII pour conque\u0301rir le sie\u0300ge de Bonovo. Mohamed Elmadani Hamid sous l\u2019e\u0301tiquette du parti Orange de Mohamed Daoudou Kiki est le dernier a\u0300 de\u0301poser [&hellip;]<\/p>\n","protected":false},"author":82,"featured_media":13845,"comment_status":"open","ping_status":"closed","sticky":false,"template":"","format":"standard","meta":{"footnotes":""},"categories":[4,2,10],"tags":[36,53,45],"class_list":["post-13846","post","type-post","status-publish","format-standard","has-post-thumbnail","hentry","category-parties","category-politique","category-toutes-les-actualites","tag-africa-press","tag-africa-press-comores","tag-comores"],"yoast_head":"<!-- This site is optimized with the Yoast SEO Premium plugin v26.1 (Yoast SEO v27.0) - https:\/\/yoast.com\/product\/yoast-seo-premium-wordpress\/ -->\n<title>10 candidatures d\u00e9pos\u00e9es \u00e0 la CEII de Moh\u00e9li - Comores<\/title>\n<meta name=\"description\" content=\"Mohe\u0301li a vibre\u0301 ce vendredi sous l\u2019ambiance de de\u0301po\u0302t des candidatures au poste de gouverneur. Jusqu\u2019a\u0300 21h, 10 can ...\" \/>\n<meta name=\"robots\" content=\"index, follow, max-snippet:-1, max-image-preview:large, max-video-preview:-1\" \/>\n<link rel=\"canonical\" href=\"https:\/\/www.africa-press.net\/comores\/politique\/10-candidatures-deposees-a-la-ceii-de-moheli\" \/>\n<meta property=\"og:locale\" content=\"fr_FR\" \/>\n<meta property=\"og:type\" content=\"article\" \/>\n<meta property=\"og:title\" content=\"10 candidatures d\u00e9pos\u00e9es \u00e0 la CEII de Moh\u00e9li\" \/>\n<meta property=\"og:description\" content=\"Mohe\u0301li a vibre\u0301 ce vendredi sous l\u2019ambiance de de\u0301po\u0302t des candidatures au poste de gouverneur. Jusqu\u2019a\u0300 21h, 10 can ...\" \/>\n<meta property=\"og:url\" content=\"https:\/\/www.africa-press.net\/comores\/politique\/10-candidatures-deposees-a-la-ceii-de-moheli\" \/>\n<meta property=\"og:site_name\" content=\"Comores\" \/>\n<meta property=\"article:published_time\" content=\"2023-11-20T19:16:59+00:00\" \/>\n<meta property=\"article:modified_time\" content=\"2023-11-21T18:44:14+00:00\" \/>\n<meta property=\"og:image\" content=\"https:\/\/static.africa-press.net\/centrafricaine\/sites\/48\/2023\/11\/sm_1700496682.284209.jpg\" \/>\n\t<meta property=\"og:image:width\" content=\"1080\" \/>\n\t<meta property=\"og:image:height\" content=\"525\" \/>\n\t<meta property=\"og:image:type\" content=\"image\/jpeg\" \/>\n<meta name=\"author\" content=\"cfeditorfr\" \/>\n<meta name=\"twitter:card\" content=\"summary_large_image\" \/>\n<meta name=\"twitter:label1\" content=\"\u00c9crit par\" \/>\n\t<meta name=\"twitter:data1\" content=\"cfeditorfr\" \/>\n\t<meta name=\"twitter:label2\" content=\"Dur\u00e9e de lecture estim\u00e9e\" \/>\n\t<meta name=\"twitter:data2\" content=\"3 minutes\" \/>\n<script type=\"application\/ld+json\" class=\"yoast-schema-graph\">{\"@context\":\"https:\/\/schema.org\",\"@graph\":[{\"@type\":\"Article\",\"@id\":\"https:\/\/www.africa-press.net\/comores\/politique\/10-candidatures-deposees-a-la-ceii-de-moheli#article\",\"isPartOf\":{\"@id\":\"https:\/\/www.africa-press.net\/comores\/politique\/10-candidatures-deposees-a-la-ceii-de-moheli\"},\"author\":{\"name\":\"cfeditorfr\",\"@id\":\"https:\/\/www.africa-press.net\/comores\/#\/schema\/person\/2b1cf3cd81a31e3cd26889ca66d677f1\"},\"headline\":\"10 candidatures d\u00e9pos\u00e9es \u00e0 la CEII de Moh\u00e9li\",\"datePublished\":\"2023-11-20T19:16:59+00:00\",\"dateModified\":\"2023-11-21T18:44:14+00:00\",\"mainEntityOfPage\":{\"@id\":\"https:\/\/www.africa-press.net\/comores\/politique\/10-candidatures-deposees-a-la-ceii-de-moheli\"},\"wordCount\":502,\"commentCount\":0,\"image\":{\"@id\":\"https:\/\/www.africa-press.net\/comores\/politique\/10-candidatures-deposees-a-la-ceii-de-moheli#primaryimage\"},\"thumbnailUrl\":\"https:\/\/static.africa-press.net\/centrafricaine\/sites\/48\/2023\/11\/sm_1700496682.284209.jpg\",\"keywords\":[\"Africa Press\",\"Africa Press-Comores\",\"Comores\"],\"articleSection\":[\"Parties\",\"Politique\",\"Toutes les actualit\u00e9s\"],\"inLanguage\":\"fr-FR\",\"potentialAction\":[{\"@type\":\"CommentAction\",\"name\":\"Comment\",\"target\":[\"https:\/\/www.africa-press.net\/comores\/politique\/10-candidatures-deposees-a-la-ceii-de-moheli#respond\"]}]},{\"@type\":\"WebPage\",\"@id\":\"https:\/\/www.africa-press.net\/comores\/politique\/10-candidatures-deposees-a-la-ceii-de-moheli\",\"url\":\"https:\/\/www.africa-press.net\/comores\/politique\/10-candidatures-deposees-a-la-ceii-de-moheli\",\"name\":\"10 candidatures d\u00e9pos\u00e9es \u00e0 la CEII de Moh\u00e9li - Comores\",\"isPartOf\":{\"@id\":\"https:\/\/www.africa-press.net\/comores\/#website\"},\"primaryImageOfPage\":{\"@id\":\"https:\/\/www.africa-press.net\/comores\/politique\/10-candidatures-deposees-a-la-ceii-de-moheli#primaryimage\"},\"image\":{\"@id\":\"https:\/\/www.africa-press.net\/comores\/politique\/10-candidatures-deposees-a-la-ceii-de-moheli#primaryimage\"},\"thumbnailUrl\":\"https:\/\/static.africa-press.net\/centrafricaine\/sites\/48\/2023\/11\/sm_1700496682.284209.jpg\",\"datePublished\":\"2023-11-20T19:16:59+00:00\",\"dateModified\":\"2023-11-21T18:44:14+00:00\",\"author\":{\"@id\":\"https:\/\/www.africa-press.net\/comores\/#\/schema\/person\/2b1cf3cd81a31e3cd26889ca66d677f1\"},\"description\":\"Mohe\u0301li a vibre\u0301 ce vendredi sous l\u2019ambiance de de\u0301po\u0302t des candidatures au poste de gouverneur. Jusqu\u2019a\u0300 21h, 10 can ...\",\"breadcrumb\":{\"@id\":\"https:\/\/www.africa-press.net\/comores\/politique\/10-candidatures-deposees-a-la-ceii-de-moheli#breadcrumb\"},\"inLanguage\":\"fr-FR\",\"potentialAction\":[{\"@type\":\"ReadAction\",\"target\":[\"https:\/\/www.africa-press.net\/comores\/politique\/10-candidatures-deposees-a-la-ceii-de-moheli\"]}]},{\"@type\":\"ImageObject\",\"inLanguage\":\"fr-FR\",\"@id\":\"https:\/\/www.africa-press.net\/comores\/politique\/10-candidatures-deposees-a-la-ceii-de-moheli#primaryimage\",\"url\":\"https:\/\/static.africa-press.net\/centrafricaine\/sites\/48\/2023\/11\/sm_1700496682.284209.jpg\",\"contentUrl\":\"https:\/\/static.africa-press.net\/centrafricaine\/sites\/48\/2023\/11\/sm_1700496682.284209.jpg\",\"width\":1080,\"height\":525,\"caption\":\"10 candidatures d\u00e9pos\u00e9es \u00e0 la CEII de Moh\u00e9li\"},{\"@type\":\"BreadcrumbList\",\"@id\":\"https:\/\/www.africa-press.net\/comores\/politique\/10-candidatures-deposees-a-la-ceii-de-moheli#breadcrumb\",\"itemListElement\":[{\"@type\":\"ListItem\",\"position\":1,\"name\":\"Accueil\",\"item\":\"https:\/\/www.africa-press.net\/comores\/\"},{\"@type\":\"ListItem\",\"position\":2,\"name\":\"10 candidatures d\u00e9pos\u00e9es \u00e0 la CEII de Moh\u00e9li\"}]},{\"@type\":\"WebSite\",\"@id\":\"https:\/\/www.africa-press.net\/comores\/#website\",\"url\":\"https:\/\/www.africa-press.net\/comores\/\",\"name\":\"Comores\",\"description\":\"Just another Africa News Agency Sites site\",\"potentialAction\":[{\"@type\":\"SearchAction\",\"target\":{\"@type\":\"EntryPoint\",\"urlTemplate\":\"https:\/\/www.africa-press.net\/comores\/?s={search_term_string}\"},\"query-input\":{\"@type\":\"PropertyValueSpecification\",\"valueRequired\":true,\"valueName\":\"search_term_string\"}}],\"inLanguage\":\"fr-FR\"},{\"@type\":\"Person\",\"@id\":\"https:\/\/www.africa-press.net\/comores\/#\/schema\/person\/2b1cf3cd81a31e3cd26889ca66d677f1\",\"name\":\"cfeditorfr\"}]}<\/script>\n<!-- \/ Yoast SEO Premium plugin. -->","yoast_head_json":{"title":"10 candidatures d\u00e9pos\u00e9es \u00e0 la CEII de Moh\u00e9li - Comores","description":"Mohe\u0301li a vibre\u0301 ce vendredi sous l\u2019ambiance de de\u0301po\u0302t des candidatures au poste de gouverneur. Jusqu\u2019a\u0300 21h, 10 can ...","robots":{"index":"index","follow":"follow","max-snippet":"max-snippet:-1","max-image-preview":"max-image-preview:large","max-video-preview":"max-video-preview:-1"},"canonical":"https:\/\/www.africa-press.net\/comores\/politique\/10-candidatures-deposees-a-la-ceii-de-moheli","og_locale":"fr_FR","og_type":"article","og_title":"10 candidatures d\u00e9pos\u00e9es \u00e0 la CEII de Moh\u00e9li","og_description":"Mohe\u0301li a vibre\u0301 ce vendredi sous l\u2019ambiance de de\u0301po\u0302t des candidatures au poste de gouverneur. Jusqu\u2019a\u0300 21h, 10 can ...","og_url":"https:\/\/www.africa-press.net\/comores\/politique\/10-candidatures-deposees-a-la-ceii-de-moheli","og_site_name":"Comores","article_published_time":"2023-11-20T19:16:59+00:00","article_modified_time":"2023-11-21T18:44:14+00:00","og_image":[{"width":1080,"height":525,"url":"https:\/\/static.africa-press.net\/centrafricaine\/sites\/48\/2023\/11\/sm_1700496682.284209.jpg","type":"image\/jpeg"}],"author":"cfeditorfr","twitter_card":"summary_large_image","twitter_misc":{"\u00c9crit par":"cfeditorfr","Dur\u00e9e de lecture estim\u00e9e":"3 minutes"},"schema":{"@context":"https:\/\/schema.org","@graph":[{"@type":"Article","@id":"https:\/\/www.africa-press.net\/comores\/politique\/10-candidatures-deposees-a-la-ceii-de-moheli#article","isPartOf":{"@id":"https:\/\/www.africa-press.net\/comores\/politique\/10-candidatures-deposees-a-la-ceii-de-moheli"},"author":{"name":"cfeditorfr","@id":"https:\/\/www.africa-press.net\/comores\/#\/schema\/person\/2b1cf3cd81a31e3cd26889ca66d677f1"},"headline":"10 candidatures d\u00e9pos\u00e9es \u00e0 la CEII de Moh\u00e9li","datePublished":"2023-11-20T19:16:59+00:00","dateModified":"2023-11-21T18:44:14+00:00","mainEntityOfPage":{"@id":"https:\/\/www.africa-press.net\/comores\/politique\/10-candidatures-deposees-a-la-ceii-de-moheli"},"wordCount":502,"commentCount":0,"image":{"@id":"https:\/\/www.africa-press.net\/comores\/politique\/10-candidatures-deposees-a-la-ceii-de-moheli#primaryimage"},"thumbnailUrl":"https:\/\/static.africa-press.net\/centrafricaine\/sites\/48\/2023\/11\/sm_1700496682.284209.jpg","keywords":["Africa Press","Africa Press-Comores","Comores"],"articleSection":["Parties","Politique","Toutes les actualit\u00e9s"],"inLanguage":"fr-FR","potentialAction":[{"@type":"CommentAction","name":"Comment","target":["https:\/\/www.africa-press.net\/comores\/politique\/10-candidatures-deposees-a-la-ceii-de-moheli#respond"]}]},{"@type":"WebPage","@id":"https:\/\/www.africa-press.net\/comores\/politique\/10-candidatures-deposees-a-la-ceii-de-moheli","url":"https:\/\/www.africa-press.net\/comores\/politique\/10-candidatures-deposees-a-la-ceii-de-moheli","name":"10 candidatures d\u00e9pos\u00e9es \u00e0 la CEII de Moh\u00e9li - Comores","isPartOf":{"@id":"https:\/\/www.africa-press.net\/comores\/#website"},"primaryImageOfPage":{"@id":"https:\/\/www.africa-press.net\/comores\/politique\/10-candidatures-deposees-a-la-ceii-de-moheli#primaryimage"},"image":{"@id":"https:\/\/www.africa-press.net\/comores\/politique\/10-candidatures-deposees-a-la-ceii-de-moheli#primaryimage"},"thumbnailUrl":"https:\/\/static.africa-press.net\/centrafricaine\/sites\/48\/2023\/11\/sm_1700496682.284209.jpg","datePublished":"2023-11-20T19:16:59+00:00","dateModified":"2023-11-21T18:44:14+00:00","author":{"@id":"https:\/\/www.africa-press.net\/comores\/#\/schema\/person\/2b1cf3cd81a31e3cd26889ca66d677f1"},"description":"Mohe\u0301li a vibre\u0301 ce vendredi sous l\u2019ambiance de de\u0301po\u0302t des candidatures au poste de gouverneur. Jusqu\u2019a\u0300 21h, 10 can ...","breadcrumb":{"@id":"https:\/\/www.africa-press.net\/comores\/politique\/10-candidatures-deposees-a-la-ceii-de-moheli#breadcrumb"},"inLanguage":"fr-FR","potentialAction":[{"@type":"ReadAction","target":["https:\/\/www.africa-press.net\/comores\/politique\/10-candidatures-deposees-a-la-ceii-de-moheli"]}]},{"@type":"ImageObject","inLanguage":"fr-FR","@id":"https:\/\/www.africa-press.net\/comores\/politique\/10-candidatures-deposees-a-la-ceii-de-moheli#primaryimage","url":"https:\/\/static.africa-press.net\/centrafricaine\/sites\/48\/2023\/11\/sm_1700496682.284209.jpg","contentUrl":"https:\/\/static.africa-press.net\/centrafricaine\/sites\/48\/2023\/11\/sm_1700496682.284209.jpg","width":1080,"height":525,"caption":"10 candidatures d\u00e9pos\u00e9es \u00e0 la CEII de Moh\u00e9li"},{"@type":"BreadcrumbList","@id":"https:\/\/www.africa-press.net\/comores\/politique\/10-candidatures-deposees-a-la-ceii-de-moheli#breadcrumb","itemListElement":[{"@type":"ListItem","position":1,"name":"Accueil","item":"https:\/\/www.africa-press.net\/comores\/"},{"@type":"ListItem","position":2,"name":"10 candidatures d\u00e9pos\u00e9es \u00e0 la CEII de Moh\u00e9li"}]},{"@type":"WebSite","@id":"https:\/\/www.africa-press.net\/comores\/#website","url":"https:\/\/www.africa-press.net\/comores\/","name":"Comores","description":"Just another Africa News Agency Sites site","potentialAction":[{"@type":"SearchAction","target":{"@type":"EntryPoint","urlTemplate":"https:\/\/www.africa-press.net\/comores\/?s={search_term_string}"},"query-input":{"@type":"PropertyValueSpecification","valueRequired":true,"valueName":"search_term_string"}}],"inLanguage":"fr-FR"},{"@type":"Person","@id":"https:\/\/www.africa-press.net\/comores\/#\/schema\/person\/2b1cf3cd81a31e3cd26889ca66d677f1","name":"cfeditorfr"}]}},"_links":{"self":[{"href":"https:\/\/www.africa-press.net\/comores\/wp-json\/wp\/v2\/posts\/13846","targetHints":{"allow":["GET"]}}],"collection":[{"href":"https:\/\/www.africa-press.net\/comores\/wp-json\/wp\/v2\/posts"}],"about":[{"href":"https:\/\/www.africa-press.net\/comores\/wp-json\/wp\/v2\/types\/post"}],"author":[{"embeddable":true,"href":"https:\/\/www.africa-press.net\/comores\/wp-json\/wp\/v2\/users\/82"}],"replies":[{"embeddable":true,"href":"https:\/\/www.africa-press.net\/comores\/wp-json\/wp\/v2\/comments?post=13846"}],"version-history":[{"count":0,"href":"https:\/\/www.africa-press.net\/comores\/wp-json\/wp\/v2\/posts\/13846\/revisions"}],"wp:featuredmedia":[{"embeddable":true,"href":"https:\/\/www.africa-press.net\/comores\/wp-json\/wp\/v2\/media\/13845"}],"wp:attachment":[{"href":"https:\/\/www.africa-press.net\/comores\/wp-json\/wp\/v2\/media?parent=13846"}],"wp:term":[{"taxonomy":"category","embeddable":true,"href":"https:\/\/www.africa-press.net\/comores\/wp-json\/wp\/v2\/categories?post=13846"},{"taxonomy":"post_tag","embeddable":true,"href":"https:\/\/www.africa-press.net\/comores\/wp-json\/wp\/v2\/tags?post=13846"}],"curies":[{"name":"wp","href":"https:\/\/api.w.org\/{rel}","templated":true}]}}