{"id":13863,"date":"2023-11-21T18:40:46","date_gmt":"2023-11-21T18:40:46","guid":{"rendered":"https:\/\/www.africa-press.net\/comores\/politique\/les-enfants-prennent-le-controle-des-medias"},"modified":"2023-11-21T20:51:44","modified_gmt":"2023-11-21T20:51:44","slug":"les-enfants-prennent-le-controle-des-medias","status":"publish","type":"post","link":"https:\/\/www.africa-press.net\/comores\/toutes-les-actualites\/les-enfants-prennent-le-controle-des-medias","title":{"rendered":"Les enfants prennent le contr\u00f4le des m\u00e9dias"},"content":{"rendered":"<p><span style=\"color: #ff6600\"><strong>Africa-Press &#8211; Comores. <\/strong><\/span><b>A l\u2019occasion de la journe\u0301e mondiale des droits de l\u2019enfant, l\u2019Unicef Comores a organise\u0301 une journe\u0301e de visite dans les organes de presse ainsi qu\u2019a\u0300 l\u2019Assemble\u0301e Nationale. Ils appellent les adultes a\u0300 les soutenir et les accompagner pour qu\u2019ils puissent avoir ce qu\u2019ils me\u0301ritent.<\/b><\/p>\n<p>La journe\u0301e mondiale des droits de l\u2019enfant est ce\u0301le\u0301bre\u0301e chaque anne\u0301e le 20 novembre. Ce lundi 20 novembre 2023, marque le 34e anniversaire de la signature de la convention relative aux droits de l\u2019enfant. La Journe\u0301e mondiale de l\u2019enfance offre a\u0300 chacun et chacune d\u2019entre nous une occasion unique de sensibiliser le public aux droits de l\u2019enfant, de promouvoir et de mettre en lumie\u0300re ceux-ci, mais aussi de transformer cette date en actes concrets en faveur des enfants partout dans le monde. Les me\u0300res et les pe\u0300res, les enseignants, les infirmie\u0300res et les me\u0301decins, les dirigeants ou les militants de la socie\u0301te\u0301 civile, les chefs religieux ou de communaute\u0301s, les chefs d\u2019entreprise et les professionnels des me\u0301dias, de me\u0302me que les jeunes et les enfants eux-me\u0302mes, peuvent jouer un ro\u0302le important et faire de cette Journe\u0301e mondiale un e\u0301ve\u0301nement a\u0300 part dans leur socie\u0301te\u0301, pour leur communaute\u0301 ou pour leur pays.<\/p>\n<p>Aux Comores, c\u2019est sous le the\u0300me \u00ab Les enfants prennent le contro\u0302le \u00bb que la journe\u0301e a e\u0301te\u0301 organise\u0301e. Des enfants accompagne\u0301s par l\u2019Unicef ont effectue\u0301 une visite a\u0300 l\u2019Assemble\u0301e Nationale ainsi que dans les diffe\u0301rents organes de presse du pays. De l\u2019Office de la radio et de te\u0301le\u0301vision des Comores (ORTC) en passant par Al-Watwan jusqu\u2019a\u0300 La Gazette des Comores, ils ont pris la parole pour sensibiliser sur leurs droits, sur l\u2019e\u0301ducation, lutte contre la violence, sante\u0301 et nutrition. Les enfants haussent la voix appelant les adultes a\u0300 les soutenir et les accompagner pour qu\u2019ils puissent avoir ce qu\u2019ils me\u0301ritent dont leurs droits.<\/p>\n<p>\u00ab Cette journe\u0301e est une occasion pour moi de de\u0301couvrir la presse. C\u0327a sera aussi l\u2019occasion de savoir comment est produit le journal \u00bb, avance une jeune fille. Sur place, les enfants ont appris comment on pre\u0301pare le journal allant de la confe\u0301rence de re\u0301daction, les angles des sujets, la re\u0301daction, le montage jusqu\u2019a\u0300 l\u2019impression. Toute une chaine a\u0300 maitriser pour les enfants. \u00ab J\u2019avoue que ce n\u2019est pas donne\u0301. Mais c\u2019est inte\u0301ressant \u00bb, souligne-t-elle devant les journalistes de La Gazette des Comores. Pareil qu\u2019au journal Al-watwan, les enfants ont pris aussi le contro\u0302le. A l\u2019ORTC, un enfant a pre\u0301sente\u0301 le journal de 18h et un autre fera aussi le 20h. A l\u2019Assemble\u0301e Nationale, ils ont me\u0302me fait une simulation de se\u0301ance a\u0300 l\u2019he\u0301micycle.<\/p>\n<p>Pour rappel, la Journe\u0301e mondiale de l\u2019enfance offre a\u0300 chacun et chacune d\u2019entre nous une occasion unique de sensibiliser le public aux droits de l\u2019enfant, de promouvoir et de mettre en lumie\u0300re ceux-ci, mais aussi de transformer cette date en actes concrets en faveur des enfants partout dans le monde.<\/p>\n<p><strong>Pour plus d&rsquo;informations et d&rsquo;analyses sur la <a href=\"https:\/\/www.africa-press.net\/comores\">Comores<\/a>, suivez <a href=\"https:\/\/www.africa-press.net\/\">Africa-Press<\/a><\/strong><\/p>\n","protected":false},"excerpt":{"rendered":"<p>Africa-Press &#8211; Comores. A l\u2019occasion de la journe\u0301e mondiale des droits de l\u2019enfant, l\u2019Unicef Comores a organise\u0301 une journe\u0301e de visite dans les organes de presse ainsi qu\u2019a\u0300 l\u2019Assemble\u0301e Nationale. Ils appellent les adultes a\u0300 les soutenir et les accompagner pour qu\u2019ils puissent avoir ce qu\u2019ils me\u0301ritent. La journe\u0301e mondiale des droits de l\u2019enfant est [&hellip;]<\/p>\n","protected":false},"author":82,"featured_media":13862,"comment_status":"open","ping_status":"closed","sticky":false,"template":"","format":"standard","meta":{"footnotes":""},"categories":[21,10],"tags":[36,53,45],"class_list":["post-13863","post","type-post","status-publish","format-standard","has-post-thumbnail","hentry","category-communaute","category-toutes-les-actualites","tag-africa-press","tag-africa-press-comores","tag-comores"],"yoast_head":"<!-- This site is optimized with the Yoast SEO Premium plugin v26.1 (Yoast SEO v27.0) - https:\/\/yoast.com\/product\/yoast-seo-premium-wordpress\/ -->\n<title>Les enfants prennent le contr\u00f4le des m\u00e9dias - Comores<\/title>\n<meta name=\"description\" content=\"A l\u2019occasion de la journe\u0301e mondiale des droits de l\u2019enfant, l\u2019Unicef Comores a organise\u0301 une journe\u0301e de visite dans ...\" \/>\n<meta name=\"robots\" content=\"index, follow, max-snippet:-1, max-image-preview:large, max-video-preview:-1\" \/>\n<link rel=\"canonical\" href=\"https:\/\/www.africa-press.net\/comores\/toutes-les-actualites\/les-enfants-prennent-le-controle-des-medias\" \/>\n<meta property=\"og:locale\" content=\"fr_FR\" \/>\n<meta property=\"og:type\" content=\"article\" \/>\n<meta property=\"og:title\" content=\"Les enfants prennent le contr\u00f4le des m\u00e9dias\" \/>\n<meta property=\"og:description\" content=\"A l\u2019occasion de la journe\u0301e mondiale des droits de l\u2019enfant, l\u2019Unicef Comores a organise\u0301 une journe\u0301e de visite dans ...\" \/>\n<meta property=\"og:url\" content=\"https:\/\/www.africa-press.net\/comores\/toutes-les-actualites\/les-enfants-prennent-le-controle-des-medias\" \/>\n<meta property=\"og:site_name\" content=\"Comores\" \/>\n<meta property=\"article:published_time\" content=\"2023-11-21T18:40:46+00:00\" \/>\n<meta property=\"article:modified_time\" content=\"2023-11-21T20:51:44+00:00\" \/>\n<meta property=\"og:image\" content=\"https:\/\/static.africa-press.net\/centrafricaine\/sites\/48\/2023\/11\/sm_1700583609.440414.jpg\" \/>\n\t<meta property=\"og:image:width\" content=\"1446\" \/>\n\t<meta property=\"og:image:height\" content=\"963\" \/>\n\t<meta property=\"og:image:type\" content=\"image\/jpeg\" \/>\n<meta name=\"author\" content=\"cfeditorfr\" \/>\n<meta name=\"twitter:card\" content=\"summary_large_image\" \/>\n<meta name=\"twitter:label1\" content=\"\u00c9crit par\" \/>\n\t<meta name=\"twitter:data1\" content=\"cfeditorfr\" \/>\n\t<meta name=\"twitter:label2\" content=\"Dur\u00e9e de lecture estim\u00e9e\" \/>\n\t<meta name=\"twitter:data2\" content=\"3 minutes\" \/>\n<script type=\"application\/ld+json\" class=\"yoast-schema-graph\">{\"@context\":\"https:\/\/schema.org\",\"@graph\":[{\"@type\":\"Article\",\"@id\":\"https:\/\/www.africa-press.net\/comores\/toutes-les-actualites\/les-enfants-prennent-le-controle-des-medias#article\",\"isPartOf\":{\"@id\":\"https:\/\/www.africa-press.net\/comores\/toutes-les-actualites\/les-enfants-prennent-le-controle-des-medias\"},\"author\":{\"name\":\"cfeditorfr\",\"@id\":\"https:\/\/www.africa-press.net\/comores\/#\/schema\/person\/2b1cf3cd81a31e3cd26889ca66d677f1\"},\"headline\":\"Les enfants prennent le contr\u00f4le des m\u00e9dias\",\"datePublished\":\"2023-11-21T18:40:46+00:00\",\"dateModified\":\"2023-11-21T20:51:44+00:00\",\"mainEntityOfPage\":{\"@id\":\"https:\/\/www.africa-press.net\/comores\/toutes-les-actualites\/les-enfants-prennent-le-controle-des-medias\"},\"wordCount\":575,\"commentCount\":0,\"image\":{\"@id\":\"https:\/\/www.africa-press.net\/comores\/toutes-les-actualites\/les-enfants-prennent-le-controle-des-medias#primaryimage\"},\"thumbnailUrl\":\"https:\/\/static.africa-press.net\/centrafricaine\/sites\/48\/2023\/11\/sm_1700583609.440414.jpg\",\"keywords\":[\"Africa Press\",\"Africa Press-Comores\",\"Comores\"],\"articleSection\":[\"Communaut\u00e9\",\"Toutes les actualit\u00e9s\"],\"inLanguage\":\"fr-FR\",\"potentialAction\":[{\"@type\":\"CommentAction\",\"name\":\"Comment\",\"target\":[\"https:\/\/www.africa-press.net\/comores\/toutes-les-actualites\/les-enfants-prennent-le-controle-des-medias#respond\"]}]},{\"@type\":\"WebPage\",\"@id\":\"https:\/\/www.africa-press.net\/comores\/toutes-les-actualites\/les-enfants-prennent-le-controle-des-medias\",\"url\":\"https:\/\/www.africa-press.net\/comores\/toutes-les-actualites\/les-enfants-prennent-le-controle-des-medias\",\"name\":\"Les enfants prennent le contr\u00f4le des m\u00e9dias - Comores\",\"isPartOf\":{\"@id\":\"https:\/\/www.africa-press.net\/comores\/#website\"},\"primaryImageOfPage\":{\"@id\":\"https:\/\/www.africa-press.net\/comores\/toutes-les-actualites\/les-enfants-prennent-le-controle-des-medias#primaryimage\"},\"image\":{\"@id\":\"https:\/\/www.africa-press.net\/comores\/toutes-les-actualites\/les-enfants-prennent-le-controle-des-medias#primaryimage\"},\"thumbnailUrl\":\"https:\/\/static.africa-press.net\/centrafricaine\/sites\/48\/2023\/11\/sm_1700583609.440414.jpg\",\"datePublished\":\"2023-11-21T18:40:46+00:00\",\"dateModified\":\"2023-11-21T20:51:44+00:00\",\"author\":{\"@id\":\"https:\/\/www.africa-press.net\/comores\/#\/schema\/person\/2b1cf3cd81a31e3cd26889ca66d677f1\"},\"description\":\"A l\u2019occasion de la journe\u0301e mondiale des droits de l\u2019enfant, l\u2019Unicef Comores a organise\u0301 une journe\u0301e de visite dans ...\",\"breadcrumb\":{\"@id\":\"https:\/\/www.africa-press.net\/comores\/toutes-les-actualites\/les-enfants-prennent-le-controle-des-medias#breadcrumb\"},\"inLanguage\":\"fr-FR\",\"potentialAction\":[{\"@type\":\"ReadAction\",\"target\":[\"https:\/\/www.africa-press.net\/comores\/toutes-les-actualites\/les-enfants-prennent-le-controle-des-medias\"]}]},{\"@type\":\"ImageObject\",\"inLanguage\":\"fr-FR\",\"@id\":\"https:\/\/www.africa-press.net\/comores\/toutes-les-actualites\/les-enfants-prennent-le-controle-des-medias#primaryimage\",\"url\":\"https:\/\/static.africa-press.net\/centrafricaine\/sites\/48\/2023\/11\/sm_1700583609.440414.jpg\",\"contentUrl\":\"https:\/\/static.africa-press.net\/centrafricaine\/sites\/48\/2023\/11\/sm_1700583609.440414.jpg\",\"width\":1446,\"height\":963,\"caption\":\"Les enfants prennent le contr\u00f4le des m\u00e9dias\"},{\"@type\":\"BreadcrumbList\",\"@id\":\"https:\/\/www.africa-press.net\/comores\/toutes-les-actualites\/les-enfants-prennent-le-controle-des-medias#breadcrumb\",\"itemListElement\":[{\"@type\":\"ListItem\",\"position\":1,\"name\":\"Accueil\",\"item\":\"https:\/\/www.africa-press.net\/comores\/\"},{\"@type\":\"ListItem\",\"position\":2,\"name\":\"Les enfants prennent le contr\u00f4le des m\u00e9dias\"}]},{\"@type\":\"WebSite\",\"@id\":\"https:\/\/www.africa-press.net\/comores\/#website\",\"url\":\"https:\/\/www.africa-press.net\/comores\/\",\"name\":\"Comores\",\"description\":\"Just another Africa News Agency Sites site\",\"potentialAction\":[{\"@type\":\"SearchAction\",\"target\":{\"@type\":\"EntryPoint\",\"urlTemplate\":\"https:\/\/www.africa-press.net\/comores\/?s={search_term_string}\"},\"query-input\":{\"@type\":\"PropertyValueSpecification\",\"valueRequired\":true,\"valueName\":\"search_term_string\"}}],\"inLanguage\":\"fr-FR\"},{\"@type\":\"Person\",\"@id\":\"https:\/\/www.africa-press.net\/comores\/#\/schema\/person\/2b1cf3cd81a31e3cd26889ca66d677f1\",\"name\":\"cfeditorfr\"}]}<\/script>\n<!-- \/ Yoast SEO Premium plugin. -->","yoast_head_json":{"title":"Les enfants prennent le contr\u00f4le des m\u00e9dias - Comores","description":"A l\u2019occasion de la journe\u0301e mondiale des droits de l\u2019enfant, l\u2019Unicef Comores a organise\u0301 une journe\u0301e de visite dans ...","robots":{"index":"index","follow":"follow","max-snippet":"max-snippet:-1","max-image-preview":"max-image-preview:large","max-video-preview":"max-video-preview:-1"},"canonical":"https:\/\/www.africa-press.net\/comores\/toutes-les-actualites\/les-enfants-prennent-le-controle-des-medias","og_locale":"fr_FR","og_type":"article","og_title":"Les enfants prennent le contr\u00f4le des m\u00e9dias","og_description":"A l\u2019occasion de la journe\u0301e mondiale des droits de l\u2019enfant, l\u2019Unicef Comores a organise\u0301 une journe\u0301e de visite dans ...","og_url":"https:\/\/www.africa-press.net\/comores\/toutes-les-actualites\/les-enfants-prennent-le-controle-des-medias","og_site_name":"Comores","article_published_time":"2023-11-21T18:40:46+00:00","article_modified_time":"2023-11-21T20:51:44+00:00","og_image":[{"width":1446,"height":963,"url":"https:\/\/static.africa-press.net\/centrafricaine\/sites\/48\/2023\/11\/sm_1700583609.440414.jpg","type":"image\/jpeg"}],"author":"cfeditorfr","twitter_card":"summary_large_image","twitter_misc":{"\u00c9crit par":"cfeditorfr","Dur\u00e9e de lecture estim\u00e9e":"3 minutes"},"schema":{"@context":"https:\/\/schema.org","@graph":[{"@type":"Article","@id":"https:\/\/www.africa-press.net\/comores\/toutes-les-actualites\/les-enfants-prennent-le-controle-des-medias#article","isPartOf":{"@id":"https:\/\/www.africa-press.net\/comores\/toutes-les-actualites\/les-enfants-prennent-le-controle-des-medias"},"author":{"name":"cfeditorfr","@id":"https:\/\/www.africa-press.net\/comores\/#\/schema\/person\/2b1cf3cd81a31e3cd26889ca66d677f1"},"headline":"Les enfants prennent le contr\u00f4le des m\u00e9dias","datePublished":"2023-11-21T18:40:46+00:00","dateModified":"2023-11-21T20:51:44+00:00","mainEntityOfPage":{"@id":"https:\/\/www.africa-press.net\/comores\/toutes-les-actualites\/les-enfants-prennent-le-controle-des-medias"},"wordCount":575,"commentCount":0,"image":{"@id":"https:\/\/www.africa-press.net\/comores\/toutes-les-actualites\/les-enfants-prennent-le-controle-des-medias#primaryimage"},"thumbnailUrl":"https:\/\/static.africa-press.net\/centrafricaine\/sites\/48\/2023\/11\/sm_1700583609.440414.jpg","keywords":["Africa Press","Africa Press-Comores","Comores"],"articleSection":["Communaut\u00e9","Toutes les actualit\u00e9s"],"inLanguage":"fr-FR","potentialAction":[{"@type":"CommentAction","name":"Comment","target":["https:\/\/www.africa-press.net\/comores\/toutes-les-actualites\/les-enfants-prennent-le-controle-des-medias#respond"]}]},{"@type":"WebPage","@id":"https:\/\/www.africa-press.net\/comores\/toutes-les-actualites\/les-enfants-prennent-le-controle-des-medias","url":"https:\/\/www.africa-press.net\/comores\/toutes-les-actualites\/les-enfants-prennent-le-controle-des-medias","name":"Les enfants prennent le contr\u00f4le des m\u00e9dias - Comores","isPartOf":{"@id":"https:\/\/www.africa-press.net\/comores\/#website"},"primaryImageOfPage":{"@id":"https:\/\/www.africa-press.net\/comores\/toutes-les-actualites\/les-enfants-prennent-le-controle-des-medias#primaryimage"},"image":{"@id":"https:\/\/www.africa-press.net\/comores\/toutes-les-actualites\/les-enfants-prennent-le-controle-des-medias#primaryimage"},"thumbnailUrl":"https:\/\/static.africa-press.net\/centrafricaine\/sites\/48\/2023\/11\/sm_1700583609.440414.jpg","datePublished":"2023-11-21T18:40:46+00:00","dateModified":"2023-11-21T20:51:44+00:00","author":{"@id":"https:\/\/www.africa-press.net\/comores\/#\/schema\/person\/2b1cf3cd81a31e3cd26889ca66d677f1"},"description":"A l\u2019occasion de la journe\u0301e mondiale des droits de l\u2019enfant, l\u2019Unicef Comores a organise\u0301 une journe\u0301e de visite dans ...","breadcrumb":{"@id":"https:\/\/www.africa-press.net\/comores\/toutes-les-actualites\/les-enfants-prennent-le-controle-des-medias#breadcrumb"},"inLanguage":"fr-FR","potentialAction":[{"@type":"ReadAction","target":["https:\/\/www.africa-press.net\/comores\/toutes-les-actualites\/les-enfants-prennent-le-controle-des-medias"]}]},{"@type":"ImageObject","inLanguage":"fr-FR","@id":"https:\/\/www.africa-press.net\/comores\/toutes-les-actualites\/les-enfants-prennent-le-controle-des-medias#primaryimage","url":"https:\/\/static.africa-press.net\/centrafricaine\/sites\/48\/2023\/11\/sm_1700583609.440414.jpg","contentUrl":"https:\/\/static.africa-press.net\/centrafricaine\/sites\/48\/2023\/11\/sm_1700583609.440414.jpg","width":1446,"height":963,"caption":"Les enfants prennent le contr\u00f4le des m\u00e9dias"},{"@type":"BreadcrumbList","@id":"https:\/\/www.africa-press.net\/comores\/toutes-les-actualites\/les-enfants-prennent-le-controle-des-medias#breadcrumb","itemListElement":[{"@type":"ListItem","position":1,"name":"Accueil","item":"https:\/\/www.africa-press.net\/comores\/"},{"@type":"ListItem","position":2,"name":"Les enfants prennent le contr\u00f4le des m\u00e9dias"}]},{"@type":"WebSite","@id":"https:\/\/www.africa-press.net\/comores\/#website","url":"https:\/\/www.africa-press.net\/comores\/","name":"Comores","description":"Just another Africa News Agency Sites site","potentialAction":[{"@type":"SearchAction","target":{"@type":"EntryPoint","urlTemplate":"https:\/\/www.africa-press.net\/comores\/?s={search_term_string}"},"query-input":{"@type":"PropertyValueSpecification","valueRequired":true,"valueName":"search_term_string"}}],"inLanguage":"fr-FR"},{"@type":"Person","@id":"https:\/\/www.africa-press.net\/comores\/#\/schema\/person\/2b1cf3cd81a31e3cd26889ca66d677f1","name":"cfeditorfr"}]}},"_links":{"self":[{"href":"https:\/\/www.africa-press.net\/comores\/wp-json\/wp\/v2\/posts\/13863","targetHints":{"allow":["GET"]}}],"collection":[{"href":"https:\/\/www.africa-press.net\/comores\/wp-json\/wp\/v2\/posts"}],"about":[{"href":"https:\/\/www.africa-press.net\/comores\/wp-json\/wp\/v2\/types\/post"}],"author":[{"embeddable":true,"href":"https:\/\/www.africa-press.net\/comores\/wp-json\/wp\/v2\/users\/82"}],"replies":[{"embeddable":true,"href":"https:\/\/www.africa-press.net\/comores\/wp-json\/wp\/v2\/comments?post=13863"}],"version-history":[{"count":0,"href":"https:\/\/www.africa-press.net\/comores\/wp-json\/wp\/v2\/posts\/13863\/revisions"}],"wp:featuredmedia":[{"embeddable":true,"href":"https:\/\/www.africa-press.net\/comores\/wp-json\/wp\/v2\/media\/13862"}],"wp:attachment":[{"href":"https:\/\/www.africa-press.net\/comores\/wp-json\/wp\/v2\/media?parent=13863"}],"wp:term":[{"taxonomy":"category","embeddable":true,"href":"https:\/\/www.africa-press.net\/comores\/wp-json\/wp\/v2\/categories?post=13863"},{"taxonomy":"post_tag","embeddable":true,"href":"https:\/\/www.africa-press.net\/comores\/wp-json\/wp\/v2\/tags?post=13863"}],"curies":[{"name":"wp","href":"https:\/\/api.w.org\/{rel}","templated":true}]}}