{"id":13865,"date":"2023-11-21T18:42:12","date_gmt":"2023-11-21T18:42:12","guid":{"rendered":"https:\/\/www.africa-press.net\/comores\/politique\/la-journee-de-la-philosophie-celebree-au-clac-de-nioummachoi"},"modified":"2023-11-21T20:52:18","modified_gmt":"2023-11-21T20:52:18","slug":"la-journee-de-la-philosophie-celebree-au-clac-de-nioummachoi","status":"publish","type":"post","link":"https:\/\/www.africa-press.net\/comores\/culture-et-art\/la-journee-de-la-philosophie-celebree-au-clac-de-nioummachoi","title":{"rendered":"La journ\u00e9e de la philosophie c\u00e9l\u00e9br\u00e9e au CLAC de Nioummachoi"},"content":{"rendered":"<p><span style=\"color: #ff6600\"><strong>Africa-Press &#8211; Comores. <\/strong><\/span><b>Depuis son ouverture en 1995 par l&rsquo;OIF (Organisation internationale de la francophonie) en Union des Comores, les CLACs (centres de lecture et d\u2019animation culturelle) n\u2019ont jamais cesse\u0301 de be\u0301ne\u0301ficier du fonds documentaire dans toutes les disciplines. C\u2019est ainsi que cette anne\u0301e le CLAC de Nioumachoi, marque sa premie\u0300re e\u0301dition de la journe\u0301e de la philosophie.<\/b><\/p>\n<p>Le jeudi 16 novembre journe\u0301e mondiale de la philosophie a e\u0301te\u0301 ce\u0301le\u0301bre\u0301e au CLAC de Nioumachoi pour sa premie\u0300re e\u0301dition. Deux classes de 1e\u0300re du Lyce\u0301e de Nioumachoi e\u0301taient pre\u0301sentes accompagne\u0301es de leur professeur Hidafi Abdourahamane, ancien animateur be\u0301ne\u0301vole du CLAC aux anne\u0301es 80. Accueillis par l\u2019animateur principal Assane Nassoro Andou, ces lyce\u0301ens ont de\u0301couvert les diffe\u0301rents rayons existants dans le CLAC avec un stand des \u0153uvres philosophiques expose\u0301s a\u0300 la salle d\u2019animation. Il s\u2019agit entre autres du dictionnaire de la philosophie, le voyage a\u0300 l\u2019inte\u0301rieur, savoir utiliser au mieux sa personnalite\u0301 et celle des autres, dictionnaire des auteurs et des the\u0300mes de philosophie ou encore l\u2019homme, le me\u0301decin, la psychanalyse de Sigmund FREUD.<\/p>\n<p>Apre\u0300s cette exposition, deux extraits philosophiques ont e\u0301te\u0301 lus par Amina Ali Hidachi et Diana Salim, animatrices be\u0301ne\u0301voles du Clac. Il s\u2019agit d\u2019une lecture a\u0300 haute voix. \u00ab La philosophie est la vision du monde, une manie\u0300re de voir, de se comporter. Il vaut mieux avoir les yeux ferme\u0301s sans jamais ta\u0302cher de les ouvrir que de vivre sans philosophie \u00bb a affirme\u0301 l\u2019inspecteur de philosophie M. Badrane Tchake\u0301. Et lui de rajouter \u00ab sans la philosophie c\u2019est comme un aveugle car l\u2019homme est un e\u0302tre de projet \u00bb. Hidafi Abdourahamane se dit satisfait de l\u2019accueil. \u00ab Je remercie le coordonnateur des Coordonnateur de sous re\u0301seau CLAC de Mohe\u0301li d\u2019avoir organise\u0301 cette journe\u0301e mais aussi les animateurs qui nous ont apporte\u0301 beaucoup de donne\u0301es sur la philosophie a\u0300 mes e\u0301le\u0300ves \u00bb. Melle Youzna Zouhairidine, e\u0301le\u0300ve de la classe de 1e\u0300re S a aime\u0301 la journe\u0301e de la philosophie car elle a appris davantage. \u00ab J\u2019aimerais que cette journe\u0301e soit officialise\u0301e a\u0300 l\u2019e\u0301chelle nationale car tout le monde en profitera \u00bb a-t-elle espe\u0301re\u0301.<\/p>\n<p>Pour le Coordonnateur Ben Ymam Bacar, la philosophie englobe diverses branches comme l\u2019e\u0301thique, la me\u0301taphysique, et la logique fournissant une cadre pour analyser la vie, la socie\u0301te\u0301 et le monde&#8230; \u00ab Donc il e\u0301tait important d\u2019organiser cette journe\u0301e pour faire comprendre aux lyce\u0301ens les valeurs de cette discipline psychologique \u00bb a-t-il souhaite\u0301. Il faut noter qu&rsquo;aujourd\u2019hui a\u0300 Mohe\u0301li, il manque des professeurs de philo et c\u2019est peut-e\u0302tre du\u0302 a\u0300 ce manque d&rsquo;incitation.<\/p>\n<p><strong>Pour plus d&rsquo;informations et d&rsquo;analyses sur la <a href=\"https:\/\/www.africa-press.net\/comores\">Comores<\/a>, suivez <a href=\"https:\/\/www.africa-press.net\/\">Africa-Press<\/a><\/strong><\/p>\n","protected":false},"excerpt":{"rendered":"<p>Africa-Press &#8211; Comores. Depuis son ouverture en 1995 par l&rsquo;OIF (Organisation internationale de la francophonie) en Union des Comores, les CLACs (centres de lecture et d\u2019animation culturelle) n\u2019ont jamais cesse\u0301 de be\u0301ne\u0301ficier du fonds documentaire dans toutes les disciplines. C\u2019est ainsi que cette anne\u0301e le CLAC de Nioumachoi, marque sa premie\u0300re e\u0301dition de la journe\u0301e [&hellip;]<\/p>\n","protected":false},"author":82,"featured_media":13864,"comment_status":"open","ping_status":"closed","sticky":false,"template":"","format":"standard","meta":{"footnotes":""},"categories":[5,10],"tags":[36,53,45],"class_list":["post-13865","post","type-post","status-publish","format-standard","has-post-thumbnail","hentry","category-culture-et-art","category-toutes-les-actualites","tag-africa-press","tag-africa-press-comores","tag-comores"],"yoast_head":"<!-- This site is optimized with the Yoast SEO Premium plugin v26.1 (Yoast SEO v27.0) - https:\/\/yoast.com\/product\/yoast-seo-premium-wordpress\/ -->\n<title>La journ\u00e9e de la philosophie c\u00e9l\u00e9br\u00e9e au CLAC de Nioummachoi - Comores<\/title>\n<meta name=\"description\" content=\"Depuis son ouverture en 1995 par l&#039;OIF (Organisation internationale de la francophonie) en Union des Comores, les CLA ...\" \/>\n<meta name=\"robots\" content=\"index, follow, max-snippet:-1, max-image-preview:large, max-video-preview:-1\" \/>\n<link rel=\"canonical\" href=\"https:\/\/www.africa-press.net\/comores\/culture-et-art\/la-journee-de-la-philosophie-celebree-au-clac-de-nioummachoi\" \/>\n<meta property=\"og:locale\" content=\"fr_FR\" \/>\n<meta property=\"og:type\" content=\"article\" \/>\n<meta property=\"og:title\" content=\"La journ\u00e9e de la philosophie c\u00e9l\u00e9br\u00e9e au CLAC de Nioummachoi\" \/>\n<meta property=\"og:description\" content=\"Depuis son ouverture en 1995 par l&#039;OIF (Organisation internationale de la francophonie) en Union des Comores, les CLA ...\" \/>\n<meta property=\"og:url\" content=\"https:\/\/www.africa-press.net\/comores\/culture-et-art\/la-journee-de-la-philosophie-celebree-au-clac-de-nioummachoi\" \/>\n<meta property=\"og:site_name\" content=\"Comores\" \/>\n<meta property=\"article:published_time\" content=\"2023-11-21T18:42:12+00:00\" \/>\n<meta property=\"article:modified_time\" content=\"2023-11-21T20:52:18+00:00\" \/>\n<meta property=\"og:image\" content=\"https:\/\/static.africa-press.net\/centrafricaine\/sites\/48\/2023\/11\/sm_1700583652.820478.jpg\" \/>\n\t<meta property=\"og:image:width\" content=\"1080\" \/>\n\t<meta property=\"og:image:height\" content=\"511\" \/>\n\t<meta property=\"og:image:type\" content=\"image\/jpeg\" \/>\n<meta name=\"author\" content=\"cfeditorfr\" \/>\n<meta name=\"twitter:card\" content=\"summary_large_image\" \/>\n<meta name=\"twitter:label1\" content=\"\u00c9crit par\" \/>\n\t<meta name=\"twitter:data1\" content=\"cfeditorfr\" \/>\n\t<meta name=\"twitter:label2\" content=\"Dur\u00e9e de lecture estim\u00e9e\" \/>\n\t<meta name=\"twitter:data2\" content=\"2 minutes\" \/>\n<script type=\"application\/ld+json\" class=\"yoast-schema-graph\">{\"@context\":\"https:\/\/schema.org\",\"@graph\":[{\"@type\":\"Article\",\"@id\":\"https:\/\/www.africa-press.net\/comores\/culture-et-art\/la-journee-de-la-philosophie-celebree-au-clac-de-nioummachoi#article\",\"isPartOf\":{\"@id\":\"https:\/\/www.africa-press.net\/comores\/culture-et-art\/la-journee-de-la-philosophie-celebree-au-clac-de-nioummachoi\"},\"author\":{\"name\":\"cfeditorfr\",\"@id\":\"https:\/\/www.africa-press.net\/comores\/#\/schema\/person\/2b1cf3cd81a31e3cd26889ca66d677f1\"},\"headline\":\"La journ\u00e9e de la philosophie c\u00e9l\u00e9br\u00e9e au CLAC de Nioummachoi\",\"datePublished\":\"2023-11-21T18:42:12+00:00\",\"dateModified\":\"2023-11-21T20:52:18+00:00\",\"mainEntityOfPage\":{\"@id\":\"https:\/\/www.africa-press.net\/comores\/culture-et-art\/la-journee-de-la-philosophie-celebree-au-clac-de-nioummachoi\"},\"wordCount\":511,\"commentCount\":0,\"image\":{\"@id\":\"https:\/\/www.africa-press.net\/comores\/culture-et-art\/la-journee-de-la-philosophie-celebree-au-clac-de-nioummachoi#primaryimage\"},\"thumbnailUrl\":\"https:\/\/static.africa-press.net\/centrafricaine\/sites\/48\/2023\/11\/sm_1700583652.820478.jpg\",\"keywords\":[\"Africa Press\",\"Africa Press-Comores\",\"Comores\"],\"articleSection\":[\"Culture et Art\",\"Toutes les actualit\u00e9s\"],\"inLanguage\":\"fr-FR\",\"potentialAction\":[{\"@type\":\"CommentAction\",\"name\":\"Comment\",\"target\":[\"https:\/\/www.africa-press.net\/comores\/culture-et-art\/la-journee-de-la-philosophie-celebree-au-clac-de-nioummachoi#respond\"]}]},{\"@type\":\"WebPage\",\"@id\":\"https:\/\/www.africa-press.net\/comores\/culture-et-art\/la-journee-de-la-philosophie-celebree-au-clac-de-nioummachoi\",\"url\":\"https:\/\/www.africa-press.net\/comores\/culture-et-art\/la-journee-de-la-philosophie-celebree-au-clac-de-nioummachoi\",\"name\":\"La journ\u00e9e de la philosophie c\u00e9l\u00e9br\u00e9e au CLAC de Nioummachoi - Comores\",\"isPartOf\":{\"@id\":\"https:\/\/www.africa-press.net\/comores\/#website\"},\"primaryImageOfPage\":{\"@id\":\"https:\/\/www.africa-press.net\/comores\/culture-et-art\/la-journee-de-la-philosophie-celebree-au-clac-de-nioummachoi#primaryimage\"},\"image\":{\"@id\":\"https:\/\/www.africa-press.net\/comores\/culture-et-art\/la-journee-de-la-philosophie-celebree-au-clac-de-nioummachoi#primaryimage\"},\"thumbnailUrl\":\"https:\/\/static.africa-press.net\/centrafricaine\/sites\/48\/2023\/11\/sm_1700583652.820478.jpg\",\"datePublished\":\"2023-11-21T18:42:12+00:00\",\"dateModified\":\"2023-11-21T20:52:18+00:00\",\"author\":{\"@id\":\"https:\/\/www.africa-press.net\/comores\/#\/schema\/person\/2b1cf3cd81a31e3cd26889ca66d677f1\"},\"description\":\"Depuis son ouverture en 1995 par l'OIF (Organisation internationale de la francophonie) en Union des Comores, les CLA ...\",\"breadcrumb\":{\"@id\":\"https:\/\/www.africa-press.net\/comores\/culture-et-art\/la-journee-de-la-philosophie-celebree-au-clac-de-nioummachoi#breadcrumb\"},\"inLanguage\":\"fr-FR\",\"potentialAction\":[{\"@type\":\"ReadAction\",\"target\":[\"https:\/\/www.africa-press.net\/comores\/culture-et-art\/la-journee-de-la-philosophie-celebree-au-clac-de-nioummachoi\"]}]},{\"@type\":\"ImageObject\",\"inLanguage\":\"fr-FR\",\"@id\":\"https:\/\/www.africa-press.net\/comores\/culture-et-art\/la-journee-de-la-philosophie-celebree-au-clac-de-nioummachoi#primaryimage\",\"url\":\"https:\/\/static.africa-press.net\/centrafricaine\/sites\/48\/2023\/11\/sm_1700583652.820478.jpg\",\"contentUrl\":\"https:\/\/static.africa-press.net\/centrafricaine\/sites\/48\/2023\/11\/sm_1700583652.820478.jpg\",\"width\":1080,\"height\":511,\"caption\":\"La journ\u00e9e de la philosophie c\u00e9l\u00e9br\u00e9e au CLAC de Nioummachoi\"},{\"@type\":\"BreadcrumbList\",\"@id\":\"https:\/\/www.africa-press.net\/comores\/culture-et-art\/la-journee-de-la-philosophie-celebree-au-clac-de-nioummachoi#breadcrumb\",\"itemListElement\":[{\"@type\":\"ListItem\",\"position\":1,\"name\":\"Accueil\",\"item\":\"https:\/\/www.africa-press.net\/comores\/\"},{\"@type\":\"ListItem\",\"position\":2,\"name\":\"La journ\u00e9e de la philosophie c\u00e9l\u00e9br\u00e9e au CLAC de Nioummachoi\"}]},{\"@type\":\"WebSite\",\"@id\":\"https:\/\/www.africa-press.net\/comores\/#website\",\"url\":\"https:\/\/www.africa-press.net\/comores\/\",\"name\":\"Comores\",\"description\":\"Just another Africa News Agency Sites site\",\"potentialAction\":[{\"@type\":\"SearchAction\",\"target\":{\"@type\":\"EntryPoint\",\"urlTemplate\":\"https:\/\/www.africa-press.net\/comores\/?s={search_term_string}\"},\"query-input\":{\"@type\":\"PropertyValueSpecification\",\"valueRequired\":true,\"valueName\":\"search_term_string\"}}],\"inLanguage\":\"fr-FR\"},{\"@type\":\"Person\",\"@id\":\"https:\/\/www.africa-press.net\/comores\/#\/schema\/person\/2b1cf3cd81a31e3cd26889ca66d677f1\",\"name\":\"cfeditorfr\"}]}<\/script>\n<!-- \/ Yoast SEO Premium plugin. -->","yoast_head_json":{"title":"La journ\u00e9e de la philosophie c\u00e9l\u00e9br\u00e9e au CLAC de Nioummachoi - Comores","description":"Depuis son ouverture en 1995 par l'OIF (Organisation internationale de la francophonie) en Union des Comores, les CLA ...","robots":{"index":"index","follow":"follow","max-snippet":"max-snippet:-1","max-image-preview":"max-image-preview:large","max-video-preview":"max-video-preview:-1"},"canonical":"https:\/\/www.africa-press.net\/comores\/culture-et-art\/la-journee-de-la-philosophie-celebree-au-clac-de-nioummachoi","og_locale":"fr_FR","og_type":"article","og_title":"La journ\u00e9e de la philosophie c\u00e9l\u00e9br\u00e9e au CLAC de Nioummachoi","og_description":"Depuis son ouverture en 1995 par l'OIF (Organisation internationale de la francophonie) en Union des Comores, les CLA ...","og_url":"https:\/\/www.africa-press.net\/comores\/culture-et-art\/la-journee-de-la-philosophie-celebree-au-clac-de-nioummachoi","og_site_name":"Comores","article_published_time":"2023-11-21T18:42:12+00:00","article_modified_time":"2023-11-21T20:52:18+00:00","og_image":[{"width":1080,"height":511,"url":"https:\/\/static.africa-press.net\/centrafricaine\/sites\/48\/2023\/11\/sm_1700583652.820478.jpg","type":"image\/jpeg"}],"author":"cfeditorfr","twitter_card":"summary_large_image","twitter_misc":{"\u00c9crit par":"cfeditorfr","Dur\u00e9e de lecture estim\u00e9e":"2 minutes"},"schema":{"@context":"https:\/\/schema.org","@graph":[{"@type":"Article","@id":"https:\/\/www.africa-press.net\/comores\/culture-et-art\/la-journee-de-la-philosophie-celebree-au-clac-de-nioummachoi#article","isPartOf":{"@id":"https:\/\/www.africa-press.net\/comores\/culture-et-art\/la-journee-de-la-philosophie-celebree-au-clac-de-nioummachoi"},"author":{"name":"cfeditorfr","@id":"https:\/\/www.africa-press.net\/comores\/#\/schema\/person\/2b1cf3cd81a31e3cd26889ca66d677f1"},"headline":"La journ\u00e9e de la philosophie c\u00e9l\u00e9br\u00e9e au CLAC de Nioummachoi","datePublished":"2023-11-21T18:42:12+00:00","dateModified":"2023-11-21T20:52:18+00:00","mainEntityOfPage":{"@id":"https:\/\/www.africa-press.net\/comores\/culture-et-art\/la-journee-de-la-philosophie-celebree-au-clac-de-nioummachoi"},"wordCount":511,"commentCount":0,"image":{"@id":"https:\/\/www.africa-press.net\/comores\/culture-et-art\/la-journee-de-la-philosophie-celebree-au-clac-de-nioummachoi#primaryimage"},"thumbnailUrl":"https:\/\/static.africa-press.net\/centrafricaine\/sites\/48\/2023\/11\/sm_1700583652.820478.jpg","keywords":["Africa Press","Africa Press-Comores","Comores"],"articleSection":["Culture et Art","Toutes les actualit\u00e9s"],"inLanguage":"fr-FR","potentialAction":[{"@type":"CommentAction","name":"Comment","target":["https:\/\/www.africa-press.net\/comores\/culture-et-art\/la-journee-de-la-philosophie-celebree-au-clac-de-nioummachoi#respond"]}]},{"@type":"WebPage","@id":"https:\/\/www.africa-press.net\/comores\/culture-et-art\/la-journee-de-la-philosophie-celebree-au-clac-de-nioummachoi","url":"https:\/\/www.africa-press.net\/comores\/culture-et-art\/la-journee-de-la-philosophie-celebree-au-clac-de-nioummachoi","name":"La journ\u00e9e de la philosophie c\u00e9l\u00e9br\u00e9e au CLAC de Nioummachoi - Comores","isPartOf":{"@id":"https:\/\/www.africa-press.net\/comores\/#website"},"primaryImageOfPage":{"@id":"https:\/\/www.africa-press.net\/comores\/culture-et-art\/la-journee-de-la-philosophie-celebree-au-clac-de-nioummachoi#primaryimage"},"image":{"@id":"https:\/\/www.africa-press.net\/comores\/culture-et-art\/la-journee-de-la-philosophie-celebree-au-clac-de-nioummachoi#primaryimage"},"thumbnailUrl":"https:\/\/static.africa-press.net\/centrafricaine\/sites\/48\/2023\/11\/sm_1700583652.820478.jpg","datePublished":"2023-11-21T18:42:12+00:00","dateModified":"2023-11-21T20:52:18+00:00","author":{"@id":"https:\/\/www.africa-press.net\/comores\/#\/schema\/person\/2b1cf3cd81a31e3cd26889ca66d677f1"},"description":"Depuis son ouverture en 1995 par l'OIF (Organisation internationale de la francophonie) en Union des Comores, les CLA ...","breadcrumb":{"@id":"https:\/\/www.africa-press.net\/comores\/culture-et-art\/la-journee-de-la-philosophie-celebree-au-clac-de-nioummachoi#breadcrumb"},"inLanguage":"fr-FR","potentialAction":[{"@type":"ReadAction","target":["https:\/\/www.africa-press.net\/comores\/culture-et-art\/la-journee-de-la-philosophie-celebree-au-clac-de-nioummachoi"]}]},{"@type":"ImageObject","inLanguage":"fr-FR","@id":"https:\/\/www.africa-press.net\/comores\/culture-et-art\/la-journee-de-la-philosophie-celebree-au-clac-de-nioummachoi#primaryimage","url":"https:\/\/static.africa-press.net\/centrafricaine\/sites\/48\/2023\/11\/sm_1700583652.820478.jpg","contentUrl":"https:\/\/static.africa-press.net\/centrafricaine\/sites\/48\/2023\/11\/sm_1700583652.820478.jpg","width":1080,"height":511,"caption":"La journ\u00e9e de la philosophie c\u00e9l\u00e9br\u00e9e au CLAC de Nioummachoi"},{"@type":"BreadcrumbList","@id":"https:\/\/www.africa-press.net\/comores\/culture-et-art\/la-journee-de-la-philosophie-celebree-au-clac-de-nioummachoi#breadcrumb","itemListElement":[{"@type":"ListItem","position":1,"name":"Accueil","item":"https:\/\/www.africa-press.net\/comores\/"},{"@type":"ListItem","position":2,"name":"La journ\u00e9e de la philosophie c\u00e9l\u00e9br\u00e9e au CLAC de Nioummachoi"}]},{"@type":"WebSite","@id":"https:\/\/www.africa-press.net\/comores\/#website","url":"https:\/\/www.africa-press.net\/comores\/","name":"Comores","description":"Just another Africa News Agency Sites site","potentialAction":[{"@type":"SearchAction","target":{"@type":"EntryPoint","urlTemplate":"https:\/\/www.africa-press.net\/comores\/?s={search_term_string}"},"query-input":{"@type":"PropertyValueSpecification","valueRequired":true,"valueName":"search_term_string"}}],"inLanguage":"fr-FR"},{"@type":"Person","@id":"https:\/\/www.africa-press.net\/comores\/#\/schema\/person\/2b1cf3cd81a31e3cd26889ca66d677f1","name":"cfeditorfr"}]}},"_links":{"self":[{"href":"https:\/\/www.africa-press.net\/comores\/wp-json\/wp\/v2\/posts\/13865","targetHints":{"allow":["GET"]}}],"collection":[{"href":"https:\/\/www.africa-press.net\/comores\/wp-json\/wp\/v2\/posts"}],"about":[{"href":"https:\/\/www.africa-press.net\/comores\/wp-json\/wp\/v2\/types\/post"}],"author":[{"embeddable":true,"href":"https:\/\/www.africa-press.net\/comores\/wp-json\/wp\/v2\/users\/82"}],"replies":[{"embeddable":true,"href":"https:\/\/www.africa-press.net\/comores\/wp-json\/wp\/v2\/comments?post=13865"}],"version-history":[{"count":0,"href":"https:\/\/www.africa-press.net\/comores\/wp-json\/wp\/v2\/posts\/13865\/revisions"}],"wp:featuredmedia":[{"embeddable":true,"href":"https:\/\/www.africa-press.net\/comores\/wp-json\/wp\/v2\/media\/13864"}],"wp:attachment":[{"href":"https:\/\/www.africa-press.net\/comores\/wp-json\/wp\/v2\/media?parent=13865"}],"wp:term":[{"taxonomy":"category","embeddable":true,"href":"https:\/\/www.africa-press.net\/comores\/wp-json\/wp\/v2\/categories?post=13865"},{"taxonomy":"post_tag","embeddable":true,"href":"https:\/\/www.africa-press.net\/comores\/wp-json\/wp\/v2\/tags?post=13865"}],"curies":[{"name":"wp","href":"https:\/\/api.w.org\/{rel}","templated":true}]}}