{"id":13868,"date":"2023-11-21T18:51:14","date_gmt":"2023-11-21T18:51:14","guid":{"rendered":"https:\/\/www.africa-press.net\/comores\/politique\/les-enseignants-du-secteur-public-en-greve-illimitee"},"modified":"2023-11-21T20:52:45","modified_gmt":"2023-11-21T20:52:45","slug":"les-enseignants-du-secteur-public-en-greve-illimitee","status":"publish","type":"post","link":"https:\/\/www.africa-press.net\/comores\/toutes-les-actualites\/les-enseignants-du-secteur-public-en-greve-illimitee","title":{"rendered":"Les enseignants du secteur public en gr\u00e8ve illimit\u00e9e"},"content":{"rendered":"<p><span style=\"color: #ff6600\"><strong>Africa-Press &#8211; Comores. <\/strong><\/span><b>De la parole a\u0300 l&rsquo;acte ! Depuis le 17 novembre dernier, l\u2019intersyndicale des enseignants du primaire et du secondaire observe une gre\u0300ve illimite\u0301e au niveau national. Et vu l&rsquo;ampleur de cet mouvement, le gouvernement aura probablement du mal a\u0300 e\u0301tancher la soif des enseignants avec des nouvelles promesses. <\/b><\/p>\n<p>Le pont entre le gouvernement et les enseignants du secteur public semble rompu depuis vendredi dernier. Apre\u0300s une longue attente devant aboutir a\u0300 l&rsquo;application des dispositions de la nouvelle grille indiciaire pour les autres cate\u0301gories de fonctionnaires de l\u2019e\u0301ducation nationale, l&rsquo;intersyndicale a de\u0301clenche\u0301 une gre\u0300ve illimite\u0301e dans toutes les e\u0301coles publiques du pays depuis le 17 novembre dernier. Et pour espe\u0301rer une re\u0301action des autorite\u0301s politiques, les responsables du syndicat avaient annonce\u0301 leur intention de suspendre les cours en octobre dernier lors d&rsquo;une rencontre avec la presse. Toutefois, l\u2019indiffe\u0301rence des autorite\u0301s a pousse\u0301 l\u2019intersyndicale a\u0300 passer a\u0300 la vitesse supe\u0301rieure.<\/p>\n<p>\u00ab Nous remarquons que le gouvernement fait abstraction a\u0300 notre revendication le\u0301gale et le\u0301gitime. Le gouvernement se pre\u0301occupe des prochaines e\u0301lections et des recrutements politiques et cela en de\u0301pit des re\u0301sultats insatisfaisants des examens nationaux. La patience a ses limites. La gre\u0300ve est toujours en cours au niveau du pays et on va continuer jusqu\u2019a\u0300 avoir gain de cause \u00bb, explique le secre\u0301taire ge\u0301ne\u0301ral de l&rsquo;intersyndicale Moussa Mfoungouliye. Et de poursuivre : \u00ab Je ne comprends pas pourquoi les autorite\u0301s ne veulent pas respecter leur parole. Presque tous les corps de l\u2019e\u0301duction be\u0301ne\u0301ficient de la nouvelle grille indiciaire sauf les enseignants du primaire, des colle\u0300ges et des lyce\u0301es, cela est intole\u0301rable, c\u2019est une injustice \u00bb.<\/p>\n<p>Ce dernier a rappele\u0301 que des contro\u0302les physiques ont e\u0301te\u0301 mene\u0301s et devraient permettre au gouvernement d\u2019appre\u0301cier leur impact positif sur la masse salariale avant d\u2019entamer une e\u0301ventuelle prise en compte de la revendication des enseignants. \u00ab Les conclusions n\u2019ont jamais e\u0301te\u0301 rendues publiques, officiellement \u00bb, dit-il.<\/p>\n<p>Il a aussi rappele\u0301 que des avancements ont e\u0301te\u0301 accorde\u0301s et les autorite\u0301s ont proce\u0301de\u0301 a\u0300 la hausse du point d\u2019indice qui passe de 1600 a\u0300 1800. Mais est-ce que cela est suffisant ? Le gouvernement doit faire encore des efforts pour conque\u0301rir les chevaliers de la craie, surtout qu&rsquo;ils ont l\u2019appui de la Fe\u0301de\u0301ration des syndicats de l\u2019Education aux Comores (Fsec). Dans ce sens, elle peut avoir la force de poursuivre la gre\u0300ve au cas ou\u0300 le gouvernement ne venait pas a\u0300 re\u0301pondre a\u0300 leurs aspirations.<\/p>\n<p><strong>Pour plus d&rsquo;informations et d&rsquo;analyses sur la <a href=\"https:\/\/www.africa-press.net\/comores\">Comores<\/a>, suivez <a href=\"https:\/\/www.africa-press.net\/\">Africa-Press<\/a><\/strong><\/p>\n","protected":false},"excerpt":{"rendered":"<p>Africa-Press &#8211; Comores. De la parole a\u0300 l&rsquo;acte ! Depuis le 17 novembre dernier, l\u2019intersyndicale des enseignants du primaire et du secondaire observe une gre\u0300ve illimite\u0301e au niveau national. Et vu l&rsquo;ampleur de cet mouvement, le gouvernement aura probablement du mal a\u0300 e\u0301tancher la soif des enseignants avec des nouvelles promesses. Le pont entre le [&hellip;]<\/p>\n","protected":false},"author":82,"featured_media":13866,"comment_status":"open","ping_status":"closed","sticky":false,"template":"","format":"standard","meta":{"footnotes":""},"categories":[21,10],"tags":[36,53,45],"class_list":["post-13868","post","type-post","status-publish","format-standard","has-post-thumbnail","hentry","category-communaute","category-toutes-les-actualites","tag-africa-press","tag-africa-press-comores","tag-comores"],"yoast_head":"<!-- This site is optimized with the Yoast SEO Premium plugin v26.1 (Yoast SEO v27.0) - https:\/\/yoast.com\/product\/yoast-seo-premium-wordpress\/ -->\n<title>Les enseignants du secteur public en gr\u00e8ve illimit\u00e9e - Comores<\/title>\n<meta name=\"description\" content=\"De la parole a\u0300 l&#039;acte ! Depuis le 17 novembre dernier, l\u2019intersyndicale des enseignants du primaire et du secondaire ...\" \/>\n<meta name=\"robots\" content=\"index, follow, max-snippet:-1, max-image-preview:large, max-video-preview:-1\" \/>\n<link rel=\"canonical\" href=\"https:\/\/www.africa-press.net\/comores\/toutes-les-actualites\/les-enseignants-du-secteur-public-en-greve-illimitee\" \/>\n<meta property=\"og:locale\" content=\"fr_FR\" \/>\n<meta property=\"og:type\" content=\"article\" \/>\n<meta property=\"og:title\" content=\"Les enseignants du secteur public en gr\u00e8ve illimit\u00e9e\" \/>\n<meta property=\"og:description\" content=\"De la parole a\u0300 l&#039;acte ! Depuis le 17 novembre dernier, l\u2019intersyndicale des enseignants du primaire et du secondaire ...\" \/>\n<meta property=\"og:url\" content=\"https:\/\/www.africa-press.net\/comores\/toutes-les-actualites\/les-enseignants-du-secteur-public-en-greve-illimitee\" \/>\n<meta property=\"og:site_name\" content=\"Comores\" \/>\n<meta property=\"article:published_time\" content=\"2023-11-21T18:51:14+00:00\" \/>\n<meta property=\"article:modified_time\" content=\"2023-11-21T20:52:45+00:00\" \/>\n<meta property=\"og:image\" content=\"https:\/\/static.africa-press.net\/centrafricaine\/sites\/48\/2023\/11\/sm_1700583683.21315.jpg\" \/>\n\t<meta property=\"og:image:width\" content=\"930\" \/>\n\t<meta property=\"og:image:height\" content=\"620\" \/>\n\t<meta property=\"og:image:type\" content=\"image\/jpeg\" \/>\n<meta name=\"author\" content=\"cfeditorfr\" \/>\n<meta name=\"twitter:card\" content=\"summary_large_image\" \/>\n<meta name=\"twitter:label1\" content=\"\u00c9crit par\" \/>\n\t<meta name=\"twitter:data1\" content=\"cfeditorfr\" \/>\n\t<meta name=\"twitter:label2\" content=\"Dur\u00e9e de lecture estim\u00e9e\" \/>\n\t<meta name=\"twitter:data2\" content=\"2 minutes\" \/>\n<script type=\"application\/ld+json\" class=\"yoast-schema-graph\">{\"@context\":\"https:\/\/schema.org\",\"@graph\":[{\"@type\":\"Article\",\"@id\":\"https:\/\/www.africa-press.net\/comores\/toutes-les-actualites\/les-enseignants-du-secteur-public-en-greve-illimitee#article\",\"isPartOf\":{\"@id\":\"https:\/\/www.africa-press.net\/comores\/toutes-les-actualites\/les-enseignants-du-secteur-public-en-greve-illimitee\"},\"author\":{\"name\":\"cfeditorfr\",\"@id\":\"https:\/\/www.africa-press.net\/comores\/#\/schema\/person\/2b1cf3cd81a31e3cd26889ca66d677f1\"},\"headline\":\"Les enseignants du secteur public en gr\u00e8ve illimit\u00e9e\",\"datePublished\":\"2023-11-21T18:51:14+00:00\",\"dateModified\":\"2023-11-21T20:52:45+00:00\",\"mainEntityOfPage\":{\"@id\":\"https:\/\/www.africa-press.net\/comores\/toutes-les-actualites\/les-enseignants-du-secteur-public-en-greve-illimitee\"},\"wordCount\":477,\"commentCount\":0,\"image\":{\"@id\":\"https:\/\/www.africa-press.net\/comores\/toutes-les-actualites\/les-enseignants-du-secteur-public-en-greve-illimitee#primaryimage\"},\"thumbnailUrl\":\"https:\/\/static.africa-press.net\/centrafricaine\/sites\/48\/2023\/11\/sm_1700583683.21315.jpg\",\"keywords\":[\"Africa Press\",\"Africa Press-Comores\",\"Comores\"],\"articleSection\":[\"Communaut\u00e9\",\"Toutes les actualit\u00e9s\"],\"inLanguage\":\"fr-FR\",\"potentialAction\":[{\"@type\":\"CommentAction\",\"name\":\"Comment\",\"target\":[\"https:\/\/www.africa-press.net\/comores\/toutes-les-actualites\/les-enseignants-du-secteur-public-en-greve-illimitee#respond\"]}]},{\"@type\":\"WebPage\",\"@id\":\"https:\/\/www.africa-press.net\/comores\/toutes-les-actualites\/les-enseignants-du-secteur-public-en-greve-illimitee\",\"url\":\"https:\/\/www.africa-press.net\/comores\/toutes-les-actualites\/les-enseignants-du-secteur-public-en-greve-illimitee\",\"name\":\"Les enseignants du secteur public en gr\u00e8ve illimit\u00e9e - Comores\",\"isPartOf\":{\"@id\":\"https:\/\/www.africa-press.net\/comores\/#website\"},\"primaryImageOfPage\":{\"@id\":\"https:\/\/www.africa-press.net\/comores\/toutes-les-actualites\/les-enseignants-du-secteur-public-en-greve-illimitee#primaryimage\"},\"image\":{\"@id\":\"https:\/\/www.africa-press.net\/comores\/toutes-les-actualites\/les-enseignants-du-secteur-public-en-greve-illimitee#primaryimage\"},\"thumbnailUrl\":\"https:\/\/static.africa-press.net\/centrafricaine\/sites\/48\/2023\/11\/sm_1700583683.21315.jpg\",\"datePublished\":\"2023-11-21T18:51:14+00:00\",\"dateModified\":\"2023-11-21T20:52:45+00:00\",\"author\":{\"@id\":\"https:\/\/www.africa-press.net\/comores\/#\/schema\/person\/2b1cf3cd81a31e3cd26889ca66d677f1\"},\"description\":\"De la parole a\u0300 l'acte ! Depuis le 17 novembre dernier, l\u2019intersyndicale des enseignants du primaire et du secondaire ...\",\"breadcrumb\":{\"@id\":\"https:\/\/www.africa-press.net\/comores\/toutes-les-actualites\/les-enseignants-du-secteur-public-en-greve-illimitee#breadcrumb\"},\"inLanguage\":\"fr-FR\",\"potentialAction\":[{\"@type\":\"ReadAction\",\"target\":[\"https:\/\/www.africa-press.net\/comores\/toutes-les-actualites\/les-enseignants-du-secteur-public-en-greve-illimitee\"]}]},{\"@type\":\"ImageObject\",\"inLanguage\":\"fr-FR\",\"@id\":\"https:\/\/www.africa-press.net\/comores\/toutes-les-actualites\/les-enseignants-du-secteur-public-en-greve-illimitee#primaryimage\",\"url\":\"https:\/\/static.africa-press.net\/centrafricaine\/sites\/48\/2023\/11\/sm_1700583683.21315.jpg\",\"contentUrl\":\"https:\/\/static.africa-press.net\/centrafricaine\/sites\/48\/2023\/11\/sm_1700583683.21315.jpg\",\"width\":930,\"height\":620,\"caption\":\"Les enseignants du secteur public en gr\u00e8ve illimit\u00e9e\"},{\"@type\":\"BreadcrumbList\",\"@id\":\"https:\/\/www.africa-press.net\/comores\/toutes-les-actualites\/les-enseignants-du-secteur-public-en-greve-illimitee#breadcrumb\",\"itemListElement\":[{\"@type\":\"ListItem\",\"position\":1,\"name\":\"Accueil\",\"item\":\"https:\/\/www.africa-press.net\/comores\/\"},{\"@type\":\"ListItem\",\"position\":2,\"name\":\"Les enseignants du secteur public en gr\u00e8ve illimit\u00e9e\"}]},{\"@type\":\"WebSite\",\"@id\":\"https:\/\/www.africa-press.net\/comores\/#website\",\"url\":\"https:\/\/www.africa-press.net\/comores\/\",\"name\":\"Comores\",\"description\":\"Just another Africa News Agency Sites site\",\"potentialAction\":[{\"@type\":\"SearchAction\",\"target\":{\"@type\":\"EntryPoint\",\"urlTemplate\":\"https:\/\/www.africa-press.net\/comores\/?s={search_term_string}\"},\"query-input\":{\"@type\":\"PropertyValueSpecification\",\"valueRequired\":true,\"valueName\":\"search_term_string\"}}],\"inLanguage\":\"fr-FR\"},{\"@type\":\"Person\",\"@id\":\"https:\/\/www.africa-press.net\/comores\/#\/schema\/person\/2b1cf3cd81a31e3cd26889ca66d677f1\",\"name\":\"cfeditorfr\"}]}<\/script>\n<!-- \/ Yoast SEO Premium plugin. -->","yoast_head_json":{"title":"Les enseignants du secteur public en gr\u00e8ve illimit\u00e9e - Comores","description":"De la parole a\u0300 l'acte ! Depuis le 17 novembre dernier, l\u2019intersyndicale des enseignants du primaire et du secondaire ...","robots":{"index":"index","follow":"follow","max-snippet":"max-snippet:-1","max-image-preview":"max-image-preview:large","max-video-preview":"max-video-preview:-1"},"canonical":"https:\/\/www.africa-press.net\/comores\/toutes-les-actualites\/les-enseignants-du-secteur-public-en-greve-illimitee","og_locale":"fr_FR","og_type":"article","og_title":"Les enseignants du secteur public en gr\u00e8ve illimit\u00e9e","og_description":"De la parole a\u0300 l'acte ! Depuis le 17 novembre dernier, l\u2019intersyndicale des enseignants du primaire et du secondaire ...","og_url":"https:\/\/www.africa-press.net\/comores\/toutes-les-actualites\/les-enseignants-du-secteur-public-en-greve-illimitee","og_site_name":"Comores","article_published_time":"2023-11-21T18:51:14+00:00","article_modified_time":"2023-11-21T20:52:45+00:00","og_image":[{"width":930,"height":620,"url":"https:\/\/static.africa-press.net\/centrafricaine\/sites\/48\/2023\/11\/sm_1700583683.21315.jpg","type":"image\/jpeg"}],"author":"cfeditorfr","twitter_card":"summary_large_image","twitter_misc":{"\u00c9crit par":"cfeditorfr","Dur\u00e9e de lecture estim\u00e9e":"2 minutes"},"schema":{"@context":"https:\/\/schema.org","@graph":[{"@type":"Article","@id":"https:\/\/www.africa-press.net\/comores\/toutes-les-actualites\/les-enseignants-du-secteur-public-en-greve-illimitee#article","isPartOf":{"@id":"https:\/\/www.africa-press.net\/comores\/toutes-les-actualites\/les-enseignants-du-secteur-public-en-greve-illimitee"},"author":{"name":"cfeditorfr","@id":"https:\/\/www.africa-press.net\/comores\/#\/schema\/person\/2b1cf3cd81a31e3cd26889ca66d677f1"},"headline":"Les enseignants du secteur public en gr\u00e8ve illimit\u00e9e","datePublished":"2023-11-21T18:51:14+00:00","dateModified":"2023-11-21T20:52:45+00:00","mainEntityOfPage":{"@id":"https:\/\/www.africa-press.net\/comores\/toutes-les-actualites\/les-enseignants-du-secteur-public-en-greve-illimitee"},"wordCount":477,"commentCount":0,"image":{"@id":"https:\/\/www.africa-press.net\/comores\/toutes-les-actualites\/les-enseignants-du-secteur-public-en-greve-illimitee#primaryimage"},"thumbnailUrl":"https:\/\/static.africa-press.net\/centrafricaine\/sites\/48\/2023\/11\/sm_1700583683.21315.jpg","keywords":["Africa Press","Africa Press-Comores","Comores"],"articleSection":["Communaut\u00e9","Toutes les actualit\u00e9s"],"inLanguage":"fr-FR","potentialAction":[{"@type":"CommentAction","name":"Comment","target":["https:\/\/www.africa-press.net\/comores\/toutes-les-actualites\/les-enseignants-du-secteur-public-en-greve-illimitee#respond"]}]},{"@type":"WebPage","@id":"https:\/\/www.africa-press.net\/comores\/toutes-les-actualites\/les-enseignants-du-secteur-public-en-greve-illimitee","url":"https:\/\/www.africa-press.net\/comores\/toutes-les-actualites\/les-enseignants-du-secteur-public-en-greve-illimitee","name":"Les enseignants du secteur public en gr\u00e8ve illimit\u00e9e - Comores","isPartOf":{"@id":"https:\/\/www.africa-press.net\/comores\/#website"},"primaryImageOfPage":{"@id":"https:\/\/www.africa-press.net\/comores\/toutes-les-actualites\/les-enseignants-du-secteur-public-en-greve-illimitee#primaryimage"},"image":{"@id":"https:\/\/www.africa-press.net\/comores\/toutes-les-actualites\/les-enseignants-du-secteur-public-en-greve-illimitee#primaryimage"},"thumbnailUrl":"https:\/\/static.africa-press.net\/centrafricaine\/sites\/48\/2023\/11\/sm_1700583683.21315.jpg","datePublished":"2023-11-21T18:51:14+00:00","dateModified":"2023-11-21T20:52:45+00:00","author":{"@id":"https:\/\/www.africa-press.net\/comores\/#\/schema\/person\/2b1cf3cd81a31e3cd26889ca66d677f1"},"description":"De la parole a\u0300 l'acte ! Depuis le 17 novembre dernier, l\u2019intersyndicale des enseignants du primaire et du secondaire ...","breadcrumb":{"@id":"https:\/\/www.africa-press.net\/comores\/toutes-les-actualites\/les-enseignants-du-secteur-public-en-greve-illimitee#breadcrumb"},"inLanguage":"fr-FR","potentialAction":[{"@type":"ReadAction","target":["https:\/\/www.africa-press.net\/comores\/toutes-les-actualites\/les-enseignants-du-secteur-public-en-greve-illimitee"]}]},{"@type":"ImageObject","inLanguage":"fr-FR","@id":"https:\/\/www.africa-press.net\/comores\/toutes-les-actualites\/les-enseignants-du-secteur-public-en-greve-illimitee#primaryimage","url":"https:\/\/static.africa-press.net\/centrafricaine\/sites\/48\/2023\/11\/sm_1700583683.21315.jpg","contentUrl":"https:\/\/static.africa-press.net\/centrafricaine\/sites\/48\/2023\/11\/sm_1700583683.21315.jpg","width":930,"height":620,"caption":"Les enseignants du secteur public en gr\u00e8ve illimit\u00e9e"},{"@type":"BreadcrumbList","@id":"https:\/\/www.africa-press.net\/comores\/toutes-les-actualites\/les-enseignants-du-secteur-public-en-greve-illimitee#breadcrumb","itemListElement":[{"@type":"ListItem","position":1,"name":"Accueil","item":"https:\/\/www.africa-press.net\/comores\/"},{"@type":"ListItem","position":2,"name":"Les enseignants du secteur public en gr\u00e8ve illimit\u00e9e"}]},{"@type":"WebSite","@id":"https:\/\/www.africa-press.net\/comores\/#website","url":"https:\/\/www.africa-press.net\/comores\/","name":"Comores","description":"Just another Africa News Agency Sites site","potentialAction":[{"@type":"SearchAction","target":{"@type":"EntryPoint","urlTemplate":"https:\/\/www.africa-press.net\/comores\/?s={search_term_string}"},"query-input":{"@type":"PropertyValueSpecification","valueRequired":true,"valueName":"search_term_string"}}],"inLanguage":"fr-FR"},{"@type":"Person","@id":"https:\/\/www.africa-press.net\/comores\/#\/schema\/person\/2b1cf3cd81a31e3cd26889ca66d677f1","name":"cfeditorfr"}]}},"_links":{"self":[{"href":"https:\/\/www.africa-press.net\/comores\/wp-json\/wp\/v2\/posts\/13868","targetHints":{"allow":["GET"]}}],"collection":[{"href":"https:\/\/www.africa-press.net\/comores\/wp-json\/wp\/v2\/posts"}],"about":[{"href":"https:\/\/www.africa-press.net\/comores\/wp-json\/wp\/v2\/types\/post"}],"author":[{"embeddable":true,"href":"https:\/\/www.africa-press.net\/comores\/wp-json\/wp\/v2\/users\/82"}],"replies":[{"embeddable":true,"href":"https:\/\/www.africa-press.net\/comores\/wp-json\/wp\/v2\/comments?post=13868"}],"version-history":[{"count":0,"href":"https:\/\/www.africa-press.net\/comores\/wp-json\/wp\/v2\/posts\/13868\/revisions"}],"wp:featuredmedia":[{"embeddable":true,"href":"https:\/\/www.africa-press.net\/comores\/wp-json\/wp\/v2\/media\/13866"}],"wp:attachment":[{"href":"https:\/\/www.africa-press.net\/comores\/wp-json\/wp\/v2\/media?parent=13868"}],"wp:term":[{"taxonomy":"category","embeddable":true,"href":"https:\/\/www.africa-press.net\/comores\/wp-json\/wp\/v2\/categories?post=13868"},{"taxonomy":"post_tag","embeddable":true,"href":"https:\/\/www.africa-press.net\/comores\/wp-json\/wp\/v2\/tags?post=13868"}],"curies":[{"name":"wp","href":"https:\/\/api.w.org\/{rel}","templated":true}]}}