{"id":13933,"date":"2023-11-23T18:49:18","date_gmt":"2023-11-23T18:49:18","guid":{"rendered":"https:\/\/www.africa-press.net\/comores\/politique\/un-partenariat-pour-renforcer-la-surete-en-mer"},"modified":"2023-11-23T21:35:24","modified_gmt":"2023-11-23T21:35:24","slug":"un-partenariat-pour-renforcer-la-surete-en-mer","status":"publish","type":"post","link":"https:\/\/www.africa-press.net\/comores\/politique\/un-partenariat-pour-renforcer-la-surete-en-mer","title":{"rendered":"Un partenariat pour renforcer la suret\u00e9 en mer"},"content":{"rendered":"<p><span style=\"color: #ff6600\"><strong>Africa-Press &#8211; Comores. <\/strong><\/span><b>La troisie\u0300me confe\u0301rence ministe\u0301rielle sur la surete\u0301 et la se\u0301curite\u0301 en mer dans l\u2019Oce\u0301an indien s\u2019est tenue a\u0300 Maurice le 16 novembre dernier. Il e\u0301tait question d\u2019encourager le partenariat pour renforcer le me\u0301canisme de la surete\u0301 et se\u0301curite\u0301 en mer en vue d\u2019endiguer les crimes et menaces dans l\u2019espace maritime. <\/b><\/p>\n<p>\u00ab Encourager les partenariats pour renforcer le me\u0301canisme de su\u0302rete\u0301 et de se\u0301curite\u0301 maritimes mene\u0301 et coordonne\u0301 par la re\u0301gion pour lutter efficacement contre les crimes et menaces en mer \u00bb tel a e\u0301te\u0301 l\u2019objectif de la 3e confe\u0301rence ministe\u0301rielle sur la su\u0302rete\u0301 et la se\u0301curite\u0301 en mer dans l\u2019oce\u0301an Indien occidental. Tenue lundi 16 novembre dernier a\u0300 Maurice, cette re\u0301union de haute envergure a vu la participation de plus d\u2019une trentaine de pays et organisations, et a permis de prendre connaissance des avance\u0301es de la mise en \u0153uvre des recommandations des deux premie\u0300res confe\u0301rences ministe\u0301rielles et d\u2019appre\u0301cier les re\u0301alisations dans le domaine.<\/p>\n<p>Les participants ont reconnu la valeur ajoute\u0301e de l\u2019architecture re\u0301gionale de se\u0301curite\u0301 maritime mise en \u0153uvre par la Commission de l\u2019oce\u0301an Indien (COI) a\u0300 travers le programme re\u0301gional de se\u0301curite\u0301 maritime (MASE) finance\u0301 par l\u2019Union europe\u0301enne. Cette confe\u0301rence a e\u0301tabli comme priorite\u0301 sa pleine ope\u0301rationnalisation, son approfondissement ainsi que son ouverture aux dispositifs africains du golfe d\u2019Aden et du golfe de Guine\u0301e, du grand oce\u0301an indien et du pacifique. S\u2019appuyant sur le centre re\u0301gional de fusion d\u2019information maritime (CRFIM) a\u0300 Madagascar et le Centre re\u0301gional de coordination des ope\u0301rations (CRCO), aux Seychelles, l\u2019architecture re\u0301gionale de se\u0301curite\u0301 maritime e\u0301tablit un cadre structurel, qui permet a\u0300 la fois aux 7 pays signataires des Accords MASE (Comores, Djibouti, France\/Re\u0301union, Kenya, Madagascar, Maurice et Seychelles) de s\u2019organiser, e\u0301changer de l\u2019information et conduire des ope\u0301rations coordonne\u0301es ainsi qu\u2019aux partenaires externes de cre\u0301er des synergies.<\/p>\n<p>\u00ab Les re\u0301sultats sont jusqu\u2019ici probants comme en te\u0301moignent les nombreuses ope\u0301rations conjointes mene\u0301es en mer par le CRCO et le CRFIM en e\u0301troite collaboration avec diffe\u0301rents partenaires tels que l\u2019Ope\u0301ration EUNAVFOR-Atalanta ou encore les forces navales britanniques sur diverses the\u0301matiques de se\u0301curite\u0301 et de su\u0302rete\u0301 maritimes. Les 21 pays signataires du code de conduite de Djibouti \/amendement Jeddah se sont convenu d\u2019inte\u0301grer le CRFIM et le CRCO dans leur dispositif re\u0301gional de coope\u0301ration ce qui permet, de facto, d\u2019e\u0301largir l\u2019architecture re\u0301gionale de se\u0301curite\u0301 maritime en cre\u0301ant des synergies nouvelles \u00bb, lit-on dans un communique\u0301 de la COI.<\/p>\n<p>Dans son intervention, le secre\u0301taire ge\u0301ne\u0301ral de la COI, Pr Ve\u0302layoudom Marimoutou pre\u0301cise qu\u2019il s\u2019agit d\u2019un rapprochement important et hautement ne\u0301cessaire pour assurer une bonne cohe\u0301rence entre les dispositifs de se\u0301curite\u0301 maritime, pour renforcer et amplifier les actions en cours. \u00ab C\u2019est aussi une reconnaissance manifeste de l\u2019utilite\u0301 concre\u0300te, de la pertinence et de solidite\u0301 de notre architecture de re\u0301gionale de se\u0301curite\u0301 maritime \u00bb, souligne-t-il.<\/p>\n<p>La confe\u0301rence ministe\u0301rielle a e\u0301te\u0301 l\u2019occasion d\u2019une annonce sur le nouveau programme Safe Seas Africa finance\u0301 par l\u2019UE dont une composante sera mise en \u0153uvre par la COI. Ce programme qui comprend une vision plus large de la se\u0301curite\u0301 maritime, assurera la mise en re\u0301seau des architectures et me\u0301canismes existants dans le domaine allant du Golfe de Guine\u0301e, passant par l\u2019oce\u0301an Indien occidental jusqu\u2019au Pacifique occidental. Il aura e\u0301galement la mission d\u2019accompagner les E\u0301tats de la re\u0301gion a\u0300 de\u0301velopper leurs strate\u0301gies nationales, des cadres le\u0301gaux et me\u0301canismes internes leur permettant d\u2019atteindre une capacite\u0301 maritime minimale pour mener des actions en mer face aux diffe\u0301rents de\u0301fis maritimes, l\u2019adaptation et l\u2019innovation sont de mises.<\/p>\n<p>Ainsi, les E\u0301tats se mobilisent et s\u2019organisent de plus en plus, les organisations et les me\u0301canismes s\u2019allient e\u0301galement. De nouvelles plateformes comme le Forum des fonctions de garde-co\u0302tes d\u2019Afrique, propose\u0301 dans la de\u0301claration \u00ab Blue Future \u00bb de Moroni en juin 2023 sous l\u2019e\u0301gide de la pre\u0301sidence comorienne de l\u2019Union africaine, ont suscite\u0301 un accueil favorable des participants a\u0300 la Confe\u0301rence. La premie\u0300re e\u0301dition de ce forum ainsi qu\u2019un nouvel exercice de simulation de pollution en mer, suivant l\u2019exercice MASEPOLREX23 d\u2019octobre dernier, se tiendront au Kenya en 2024.<\/p>\n<p><strong>Pour plus d&rsquo;informations et d&rsquo;analyses sur la <a href=\"https:\/\/www.africa-press.net\/comores\">Comores<\/a>, suivez <a href=\"https:\/\/www.africa-press.net\/\">Africa-Press<\/a><\/strong><\/p>\n","protected":false},"excerpt":{"rendered":"<p>Africa-Press &#8211; Comores. La troisie\u0300me confe\u0301rence ministe\u0301rielle sur la surete\u0301 et la se\u0301curite\u0301 en mer dans l\u2019Oce\u0301an indien s\u2019est tenue a\u0300 Maurice le 16 novembre dernier. Il e\u0301tait question d\u2019encourager le partenariat pour renforcer le me\u0301canisme de la surete\u0301 et se\u0301curite\u0301 en mer en vue d\u2019endiguer les crimes et menaces dans l\u2019espace maritime. \u00ab Encourager [&hellip;]<\/p>\n","protected":false},"author":82,"featured_media":13932,"comment_status":"open","ping_status":"closed","sticky":false,"template":"","format":"standard","meta":{"footnotes":""},"categories":[2,20,10],"tags":[36,53,45],"class_list":["post-13933","post","type-post","status-publish","format-standard","has-post-thumbnail","hentry","category-politique","category-top-nouvelles","category-toutes-les-actualites","tag-africa-press","tag-africa-press-comores","tag-comores"],"yoast_head":"<!-- This site is optimized with the Yoast SEO Premium plugin v26.1 (Yoast SEO v27.0) - https:\/\/yoast.com\/product\/yoast-seo-premium-wordpress\/ -->\n<title>Un partenariat pour renforcer la suret\u00e9 en mer - Comores<\/title>\n<meta name=\"description\" content=\"La troisie\u0300me confe\u0301rence ministe\u0301rielle sur la surete\u0301 et la se\u0301curite\u0301 en mer dans l\u2019Oce\u0301an indien s\u2019est tenue a\u0300 M ...\" \/>\n<meta name=\"robots\" content=\"index, follow, max-snippet:-1, max-image-preview:large, max-video-preview:-1\" \/>\n<link rel=\"canonical\" href=\"https:\/\/www.africa-press.net\/comores\/politique\/un-partenariat-pour-renforcer-la-surete-en-mer\" \/>\n<meta property=\"og:locale\" content=\"fr_FR\" \/>\n<meta property=\"og:type\" content=\"article\" \/>\n<meta property=\"og:title\" content=\"Un partenariat pour renforcer la suret\u00e9 en mer\" \/>\n<meta property=\"og:description\" content=\"La troisie\u0300me confe\u0301rence ministe\u0301rielle sur la surete\u0301 et la se\u0301curite\u0301 en mer dans l\u2019Oce\u0301an indien s\u2019est tenue a\u0300 M ...\" \/>\n<meta property=\"og:url\" content=\"https:\/\/www.africa-press.net\/comores\/politique\/un-partenariat-pour-renforcer-la-surete-en-mer\" \/>\n<meta property=\"og:site_name\" content=\"Comores\" \/>\n<meta property=\"article:published_time\" content=\"2023-11-23T18:49:18+00:00\" \/>\n<meta property=\"article:modified_time\" content=\"2023-11-23T21:35:24+00:00\" \/>\n<meta property=\"og:image\" content=\"https:\/\/static.africa-press.net\/centrafricaine\/sites\/48\/2023\/11\/sm_1700758975.087009.jpg\" \/>\n\t<meta property=\"og:image:width\" content=\"1500\" \/>\n\t<meta property=\"og:image:height\" content=\"1000\" \/>\n\t<meta property=\"og:image:type\" content=\"image\/jpeg\" \/>\n<meta name=\"author\" content=\"cfeditorfr\" \/>\n<meta name=\"twitter:card\" content=\"summary_large_image\" \/>\n<meta name=\"twitter:label1\" content=\"\u00c9crit par\" \/>\n\t<meta name=\"twitter:data1\" content=\"cfeditorfr\" \/>\n\t<meta name=\"twitter:label2\" content=\"Dur\u00e9e de lecture estim\u00e9e\" \/>\n\t<meta name=\"twitter:data2\" content=\"4 minutes\" \/>\n<script type=\"application\/ld+json\" class=\"yoast-schema-graph\">{\"@context\":\"https:\/\/schema.org\",\"@graph\":[{\"@type\":\"Article\",\"@id\":\"https:\/\/www.africa-press.net\/comores\/politique\/un-partenariat-pour-renforcer-la-surete-en-mer#article\",\"isPartOf\":{\"@id\":\"https:\/\/www.africa-press.net\/comores\/politique\/un-partenariat-pour-renforcer-la-surete-en-mer\"},\"author\":{\"name\":\"cfeditorfr\",\"@id\":\"https:\/\/www.africa-press.net\/comores\/#\/schema\/person\/2b1cf3cd81a31e3cd26889ca66d677f1\"},\"headline\":\"Un partenariat pour renforcer la suret\u00e9 en mer\",\"datePublished\":\"2023-11-23T18:49:18+00:00\",\"dateModified\":\"2023-11-23T21:35:24+00:00\",\"mainEntityOfPage\":{\"@id\":\"https:\/\/www.africa-press.net\/comores\/politique\/un-partenariat-pour-renforcer-la-surete-en-mer\"},\"wordCount\":814,\"commentCount\":0,\"image\":{\"@id\":\"https:\/\/www.africa-press.net\/comores\/politique\/un-partenariat-pour-renforcer-la-surete-en-mer#primaryimage\"},\"thumbnailUrl\":\"https:\/\/static.africa-press.net\/centrafricaine\/sites\/48\/2023\/11\/sm_1700758975.087009.jpg\",\"keywords\":[\"Africa Press\",\"Africa Press-Comores\",\"Comores\"],\"articleSection\":[\"Politique\",\"Top Nouvelles\",\"Toutes les actualit\u00e9s\"],\"inLanguage\":\"fr-FR\",\"potentialAction\":[{\"@type\":\"CommentAction\",\"name\":\"Comment\",\"target\":[\"https:\/\/www.africa-press.net\/comores\/politique\/un-partenariat-pour-renforcer-la-surete-en-mer#respond\"]}]},{\"@type\":\"WebPage\",\"@id\":\"https:\/\/www.africa-press.net\/comores\/politique\/un-partenariat-pour-renforcer-la-surete-en-mer\",\"url\":\"https:\/\/www.africa-press.net\/comores\/politique\/un-partenariat-pour-renforcer-la-surete-en-mer\",\"name\":\"Un partenariat pour renforcer la suret\u00e9 en mer - Comores\",\"isPartOf\":{\"@id\":\"https:\/\/www.africa-press.net\/comores\/#website\"},\"primaryImageOfPage\":{\"@id\":\"https:\/\/www.africa-press.net\/comores\/politique\/un-partenariat-pour-renforcer-la-surete-en-mer#primaryimage\"},\"image\":{\"@id\":\"https:\/\/www.africa-press.net\/comores\/politique\/un-partenariat-pour-renforcer-la-surete-en-mer#primaryimage\"},\"thumbnailUrl\":\"https:\/\/static.africa-press.net\/centrafricaine\/sites\/48\/2023\/11\/sm_1700758975.087009.jpg\",\"datePublished\":\"2023-11-23T18:49:18+00:00\",\"dateModified\":\"2023-11-23T21:35:24+00:00\",\"author\":{\"@id\":\"https:\/\/www.africa-press.net\/comores\/#\/schema\/person\/2b1cf3cd81a31e3cd26889ca66d677f1\"},\"description\":\"La troisie\u0300me confe\u0301rence ministe\u0301rielle sur la surete\u0301 et la se\u0301curite\u0301 en mer dans l\u2019Oce\u0301an indien s\u2019est tenue a\u0300 M ...\",\"breadcrumb\":{\"@id\":\"https:\/\/www.africa-press.net\/comores\/politique\/un-partenariat-pour-renforcer-la-surete-en-mer#breadcrumb\"},\"inLanguage\":\"fr-FR\",\"potentialAction\":[{\"@type\":\"ReadAction\",\"target\":[\"https:\/\/www.africa-press.net\/comores\/politique\/un-partenariat-pour-renforcer-la-surete-en-mer\"]}]},{\"@type\":\"ImageObject\",\"inLanguage\":\"fr-FR\",\"@id\":\"https:\/\/www.africa-press.net\/comores\/politique\/un-partenariat-pour-renforcer-la-surete-en-mer#primaryimage\",\"url\":\"https:\/\/static.africa-press.net\/centrafricaine\/sites\/48\/2023\/11\/sm_1700758975.087009.jpg\",\"contentUrl\":\"https:\/\/static.africa-press.net\/centrafricaine\/sites\/48\/2023\/11\/sm_1700758975.087009.jpg\",\"width\":1500,\"height\":1000,\"caption\":\"Un partenariat pour renforcer la suret\u00e9 en mer\"},{\"@type\":\"BreadcrumbList\",\"@id\":\"https:\/\/www.africa-press.net\/comores\/politique\/un-partenariat-pour-renforcer-la-surete-en-mer#breadcrumb\",\"itemListElement\":[{\"@type\":\"ListItem\",\"position\":1,\"name\":\"Accueil\",\"item\":\"https:\/\/www.africa-press.net\/comores\/\"},{\"@type\":\"ListItem\",\"position\":2,\"name\":\"Un partenariat pour renforcer la suret\u00e9 en mer\"}]},{\"@type\":\"WebSite\",\"@id\":\"https:\/\/www.africa-press.net\/comores\/#website\",\"url\":\"https:\/\/www.africa-press.net\/comores\/\",\"name\":\"Comores\",\"description\":\"Just another Africa News Agency Sites site\",\"potentialAction\":[{\"@type\":\"SearchAction\",\"target\":{\"@type\":\"EntryPoint\",\"urlTemplate\":\"https:\/\/www.africa-press.net\/comores\/?s={search_term_string}\"},\"query-input\":{\"@type\":\"PropertyValueSpecification\",\"valueRequired\":true,\"valueName\":\"search_term_string\"}}],\"inLanguage\":\"fr-FR\"},{\"@type\":\"Person\",\"@id\":\"https:\/\/www.africa-press.net\/comores\/#\/schema\/person\/2b1cf3cd81a31e3cd26889ca66d677f1\",\"name\":\"cfeditorfr\"}]}<\/script>\n<!-- \/ Yoast SEO Premium plugin. -->","yoast_head_json":{"title":"Un partenariat pour renforcer la suret\u00e9 en mer - Comores","description":"La troisie\u0300me confe\u0301rence ministe\u0301rielle sur la surete\u0301 et la se\u0301curite\u0301 en mer dans l\u2019Oce\u0301an indien s\u2019est tenue a\u0300 M ...","robots":{"index":"index","follow":"follow","max-snippet":"max-snippet:-1","max-image-preview":"max-image-preview:large","max-video-preview":"max-video-preview:-1"},"canonical":"https:\/\/www.africa-press.net\/comores\/politique\/un-partenariat-pour-renforcer-la-surete-en-mer","og_locale":"fr_FR","og_type":"article","og_title":"Un partenariat pour renforcer la suret\u00e9 en mer","og_description":"La troisie\u0300me confe\u0301rence ministe\u0301rielle sur la surete\u0301 et la se\u0301curite\u0301 en mer dans l\u2019Oce\u0301an indien s\u2019est tenue a\u0300 M ...","og_url":"https:\/\/www.africa-press.net\/comores\/politique\/un-partenariat-pour-renforcer-la-surete-en-mer","og_site_name":"Comores","article_published_time":"2023-11-23T18:49:18+00:00","article_modified_time":"2023-11-23T21:35:24+00:00","og_image":[{"width":1500,"height":1000,"url":"https:\/\/static.africa-press.net\/centrafricaine\/sites\/48\/2023\/11\/sm_1700758975.087009.jpg","type":"image\/jpeg"}],"author":"cfeditorfr","twitter_card":"summary_large_image","twitter_misc":{"\u00c9crit par":"cfeditorfr","Dur\u00e9e de lecture estim\u00e9e":"4 minutes"},"schema":{"@context":"https:\/\/schema.org","@graph":[{"@type":"Article","@id":"https:\/\/www.africa-press.net\/comores\/politique\/un-partenariat-pour-renforcer-la-surete-en-mer#article","isPartOf":{"@id":"https:\/\/www.africa-press.net\/comores\/politique\/un-partenariat-pour-renforcer-la-surete-en-mer"},"author":{"name":"cfeditorfr","@id":"https:\/\/www.africa-press.net\/comores\/#\/schema\/person\/2b1cf3cd81a31e3cd26889ca66d677f1"},"headline":"Un partenariat pour renforcer la suret\u00e9 en mer","datePublished":"2023-11-23T18:49:18+00:00","dateModified":"2023-11-23T21:35:24+00:00","mainEntityOfPage":{"@id":"https:\/\/www.africa-press.net\/comores\/politique\/un-partenariat-pour-renforcer-la-surete-en-mer"},"wordCount":814,"commentCount":0,"image":{"@id":"https:\/\/www.africa-press.net\/comores\/politique\/un-partenariat-pour-renforcer-la-surete-en-mer#primaryimage"},"thumbnailUrl":"https:\/\/static.africa-press.net\/centrafricaine\/sites\/48\/2023\/11\/sm_1700758975.087009.jpg","keywords":["Africa Press","Africa Press-Comores","Comores"],"articleSection":["Politique","Top Nouvelles","Toutes les actualit\u00e9s"],"inLanguage":"fr-FR","potentialAction":[{"@type":"CommentAction","name":"Comment","target":["https:\/\/www.africa-press.net\/comores\/politique\/un-partenariat-pour-renforcer-la-surete-en-mer#respond"]}]},{"@type":"WebPage","@id":"https:\/\/www.africa-press.net\/comores\/politique\/un-partenariat-pour-renforcer-la-surete-en-mer","url":"https:\/\/www.africa-press.net\/comores\/politique\/un-partenariat-pour-renforcer-la-surete-en-mer","name":"Un partenariat pour renforcer la suret\u00e9 en mer - Comores","isPartOf":{"@id":"https:\/\/www.africa-press.net\/comores\/#website"},"primaryImageOfPage":{"@id":"https:\/\/www.africa-press.net\/comores\/politique\/un-partenariat-pour-renforcer-la-surete-en-mer#primaryimage"},"image":{"@id":"https:\/\/www.africa-press.net\/comores\/politique\/un-partenariat-pour-renforcer-la-surete-en-mer#primaryimage"},"thumbnailUrl":"https:\/\/static.africa-press.net\/centrafricaine\/sites\/48\/2023\/11\/sm_1700758975.087009.jpg","datePublished":"2023-11-23T18:49:18+00:00","dateModified":"2023-11-23T21:35:24+00:00","author":{"@id":"https:\/\/www.africa-press.net\/comores\/#\/schema\/person\/2b1cf3cd81a31e3cd26889ca66d677f1"},"description":"La troisie\u0300me confe\u0301rence ministe\u0301rielle sur la surete\u0301 et la se\u0301curite\u0301 en mer dans l\u2019Oce\u0301an indien s\u2019est tenue a\u0300 M ...","breadcrumb":{"@id":"https:\/\/www.africa-press.net\/comores\/politique\/un-partenariat-pour-renforcer-la-surete-en-mer#breadcrumb"},"inLanguage":"fr-FR","potentialAction":[{"@type":"ReadAction","target":["https:\/\/www.africa-press.net\/comores\/politique\/un-partenariat-pour-renforcer-la-surete-en-mer"]}]},{"@type":"ImageObject","inLanguage":"fr-FR","@id":"https:\/\/www.africa-press.net\/comores\/politique\/un-partenariat-pour-renforcer-la-surete-en-mer#primaryimage","url":"https:\/\/static.africa-press.net\/centrafricaine\/sites\/48\/2023\/11\/sm_1700758975.087009.jpg","contentUrl":"https:\/\/static.africa-press.net\/centrafricaine\/sites\/48\/2023\/11\/sm_1700758975.087009.jpg","width":1500,"height":1000,"caption":"Un partenariat pour renforcer la suret\u00e9 en mer"},{"@type":"BreadcrumbList","@id":"https:\/\/www.africa-press.net\/comores\/politique\/un-partenariat-pour-renforcer-la-surete-en-mer#breadcrumb","itemListElement":[{"@type":"ListItem","position":1,"name":"Accueil","item":"https:\/\/www.africa-press.net\/comores\/"},{"@type":"ListItem","position":2,"name":"Un partenariat pour renforcer la suret\u00e9 en mer"}]},{"@type":"WebSite","@id":"https:\/\/www.africa-press.net\/comores\/#website","url":"https:\/\/www.africa-press.net\/comores\/","name":"Comores","description":"Just another Africa News Agency Sites site","potentialAction":[{"@type":"SearchAction","target":{"@type":"EntryPoint","urlTemplate":"https:\/\/www.africa-press.net\/comores\/?s={search_term_string}"},"query-input":{"@type":"PropertyValueSpecification","valueRequired":true,"valueName":"search_term_string"}}],"inLanguage":"fr-FR"},{"@type":"Person","@id":"https:\/\/www.africa-press.net\/comores\/#\/schema\/person\/2b1cf3cd81a31e3cd26889ca66d677f1","name":"cfeditorfr"}]}},"_links":{"self":[{"href":"https:\/\/www.africa-press.net\/comores\/wp-json\/wp\/v2\/posts\/13933","targetHints":{"allow":["GET"]}}],"collection":[{"href":"https:\/\/www.africa-press.net\/comores\/wp-json\/wp\/v2\/posts"}],"about":[{"href":"https:\/\/www.africa-press.net\/comores\/wp-json\/wp\/v2\/types\/post"}],"author":[{"embeddable":true,"href":"https:\/\/www.africa-press.net\/comores\/wp-json\/wp\/v2\/users\/82"}],"replies":[{"embeddable":true,"href":"https:\/\/www.africa-press.net\/comores\/wp-json\/wp\/v2\/comments?post=13933"}],"version-history":[{"count":0,"href":"https:\/\/www.africa-press.net\/comores\/wp-json\/wp\/v2\/posts\/13933\/revisions"}],"wp:featuredmedia":[{"embeddable":true,"href":"https:\/\/www.africa-press.net\/comores\/wp-json\/wp\/v2\/media\/13932"}],"wp:attachment":[{"href":"https:\/\/www.africa-press.net\/comores\/wp-json\/wp\/v2\/media?parent=13933"}],"wp:term":[{"taxonomy":"category","embeddable":true,"href":"https:\/\/www.africa-press.net\/comores\/wp-json\/wp\/v2\/categories?post=13933"},{"taxonomy":"post_tag","embeddable":true,"href":"https:\/\/www.africa-press.net\/comores\/wp-json\/wp\/v2\/tags?post=13933"}],"curies":[{"name":"wp","href":"https:\/\/api.w.org\/{rel}","templated":true}]}}