{"id":13938,"date":"2023-11-23T18:50:54","date_gmt":"2023-11-23T18:50:54","guid":{"rendered":"https:\/\/www.africa-press.net\/comores\/politique\/el-maarouf-mise-sur-la-formation-medicale-continue"},"modified":"2023-11-23T21:36:40","modified_gmt":"2023-11-23T21:36:40","slug":"el-maarouf-mise-sur-la-formation-medicale-continue","status":"publish","type":"post","link":"https:\/\/www.africa-press.net\/comores\/toutes-les-actualites\/el-maarouf-mise-sur-la-formation-medicale-continue","title":{"rendered":"El-Maarouf mise sur la formation m\u00e9dicale continue"},"content":{"rendered":"<p><span style=\"color: #ff6600\"><strong>Africa-Press &#8211; Comores. <\/strong><\/span><b>L\u2019ho\u0302pital de re\u0301fe\u0301rence El-Maarouf a organise\u0301 une re\u0301union d\u2019e\u0301change pour ce\u0301le\u0301brer la journe\u0301e mondiale de la pre\u0301maturite\u0301. Cet e\u0301ve\u0300nement avait pour but de faire le bilan du service de ne\u0301onatologie et de mettre en place une formation me\u0301dicale continue au niveau des parame\u0301dicaux. <\/b><\/p>\n<p>Comme chaque anne\u0301e, le monde ce\u0301le\u0300bre la journe\u0301e mondiale de la pre\u0301maturite\u0301. Aux Comores, c\u2019est sous le the\u0300me \u00ab faisons peau a\u0300 peau pour chaque be\u0301be\u0301 partout dans le monde \u00bb, que cette journe\u0301e a e\u0301te\u0301 ce\u0301le\u0301bre\u0301 mardi 21 novembre a\u0300 l\u2019ho\u0302pital de re\u0301fe\u0301rence El-Maarouf. Cet e\u0301ve\u0300nement qui a vu la participation des doyens pe\u0301diatres, des me\u0301decins, des responsables de l\u2019ho\u0302pital avait pour but d\u2019e\u0301veiller les consciences a\u0300 propos des be\u0301be\u0301s pre\u0301mature\u0301s.<\/p>\n<p>Dans son intervention, Dr Miryam Hamadi a pre\u0301cise\u0301 qu\u2019un enfant est ne\u0301 pre\u0301mature\u0301ment s\u2019il vient au monde a\u0300 37 semaines d\u2019a\u0302ge d\u2019ame\u0301norrhe\u0301e. \u00ab Cette anne\u0301e, de janvier a\u0300 octobre, le nombre d\u2019accouchements est de 2092 dont 217 pre\u0301mature\u0301s, soit 10,37% \u00bb, a-t-elle pre\u0301sente\u0301. Les proble\u0300mes sont entre autres d\u2019ordre hygie\u0301niques, des infections ne\u0301onatales, le manque d\u2019acce\u0300s aux soins de qualite\u0301 pendant la grossesse, etc.<\/p>\n<p>De son co\u0302te\u0301, le directeur d\u2019El-Maarouf Nicolas Mmadi a explique\u0301 que l\u2019objectif de cette journe\u0301e est de restituer les e\u0301le\u0301ments actuels, de faire le bilan du service et de mettre en place une technique de formation me\u0301dicale continue au niveau des parame\u0301dicaux. \u00ab Il y a des pre\u0301sentations scientifiques qui sont re\u0301alise\u0301es au niveau de la pre\u0301maturite\u0301 dont plusieurs facteurs ont e\u0301te\u0301 souligne\u0301s notamment au niveau socioe\u0301conomique. La pauvrete\u0301 est un facteur qui favorise la pre\u0301maturite\u0301. Certaines personnes ont des difficulte\u0301s d\u2019acce\u0300s aux soins, de suivi re\u0301gulier durant la pe\u0301riode de grossesse. Nous faisons face a\u0300 des proble\u0300mes des jeunes parents avec un contexte familial tre\u0300s difficile \u00bb, a-t-il avance\u0301.<\/p>\n<p>Et de poursuivre : \u00ab Ce volet de sensibilisation est tre\u0300s important. He\u0301las, nous avons une grande portion de pre\u0301mature\u0301s dont l\u2019espe\u0301rance de vie est faible. Nous allons mettre en place un plan d\u2019action qui vise a\u0300 l\u2019encadrement, la formation des nouveaux arrivants, des sages-femmes, e\u0301valuer nos agents pour de\u0301tecter les points a\u0300 ame\u0301liorer, et des axes a\u0300 mettre en place et des de\u0301marches de qualite\u0301. Nous avons note\u0301 un engagement fort avec la cheffe de service. Sur ce processus, tout le monde est implique\u0301 pour que nous puissions aller dans cette transition du CHU \u00bb.<\/p>\n<p>Notons que l\u2019anne\u0301e dernie\u0300re, la direction de sante\u0301 familiale avait re\u0301ve\u0301le\u0301 que les statistiques de 2012 de\u0301montrent que le taux de mortalite\u0301 ne\u0301onatale est estime\u0301 de 24 pour 1000 naissances vivantes, les petits poids naissances ont une mortalite\u0301 ne\u0301onatale estime\u0301 de 41 pour 1000 naissances au moins trois fois plus e\u0301leve\u0301 que les be\u0301be\u0301s moyens et selon toujours elle, les Comores enregistrent un taux de pre\u0301mature\u0301s de 16,7%.<\/p>\n<p><strong>Pour plus d&rsquo;informations et d&rsquo;analyses sur la <a href=\"https:\/\/www.africa-press.net\/comores\">Comores<\/a>, suivez <a href=\"https:\/\/www.africa-press.net\/\">Africa-Press<\/a><\/strong><\/p>\n","protected":false},"excerpt":{"rendered":"<p>Africa-Press &#8211; Comores. L\u2019ho\u0302pital de re\u0301fe\u0301rence El-Maarouf a organise\u0301 une re\u0301union d\u2019e\u0301change pour ce\u0301le\u0301brer la journe\u0301e mondiale de la pre\u0301maturite\u0301. Cet e\u0301ve\u0300nement avait pour but de faire le bilan du service de ne\u0301onatologie et de mettre en place une formation me\u0301dicale continue au niveau des parame\u0301dicaux. Comme chaque anne\u0301e, le monde ce\u0301le\u0300bre la journe\u0301e mondiale [&hellip;]<\/p>\n","protected":false},"author":82,"featured_media":13937,"comment_status":"open","ping_status":"closed","sticky":false,"template":"","format":"standard","meta":{"footnotes":""},"categories":[21,10],"tags":[36,53,45],"class_list":["post-13938","post","type-post","status-publish","format-standard","has-post-thumbnail","hentry","category-communaute","category-toutes-les-actualites","tag-africa-press","tag-africa-press-comores","tag-comores"],"yoast_head":"<!-- This site is optimized with the Yoast SEO Premium plugin v26.1 (Yoast SEO v27.0) - https:\/\/yoast.com\/product\/yoast-seo-premium-wordpress\/ -->\n<title>El-Maarouf mise sur la formation m\u00e9dicale continue - Comores<\/title>\n<meta name=\"description\" content=\"L\u2019ho\u0302pital de re\u0301fe\u0301rence El-Maarouf a organise\u0301 une re\u0301union d\u2019e\u0301change pour ce\u0301le\u0301brer la journe\u0301e mondiale de la p ...\" \/>\n<meta name=\"robots\" content=\"index, follow, max-snippet:-1, max-image-preview:large, max-video-preview:-1\" \/>\n<link rel=\"canonical\" href=\"https:\/\/www.africa-press.net\/comores\/toutes-les-actualites\/el-maarouf-mise-sur-la-formation-medicale-continue\" \/>\n<meta property=\"og:locale\" content=\"fr_FR\" \/>\n<meta property=\"og:type\" content=\"article\" \/>\n<meta property=\"og:title\" content=\"El-Maarouf mise sur la formation m\u00e9dicale continue\" \/>\n<meta property=\"og:description\" content=\"L\u2019ho\u0302pital de re\u0301fe\u0301rence El-Maarouf a organise\u0301 une re\u0301union d\u2019e\u0301change pour ce\u0301le\u0301brer la journe\u0301e mondiale de la p ...\" \/>\n<meta property=\"og:url\" content=\"https:\/\/www.africa-press.net\/comores\/toutes-les-actualites\/el-maarouf-mise-sur-la-formation-medicale-continue\" \/>\n<meta property=\"og:site_name\" content=\"Comores\" \/>\n<meta property=\"article:published_time\" content=\"2023-11-23T18:50:54+00:00\" \/>\n<meta property=\"article:modified_time\" content=\"2023-11-23T21:36:40+00:00\" \/>\n<meta property=\"og:image\" content=\"https:\/\/static.africa-press.net\/centrafricaine\/sites\/48\/2023\/11\/sm_1700759060.717147.jpg\" \/>\n\t<meta property=\"og:image:width\" content=\"1000\" \/>\n\t<meta property=\"og:image:height\" content=\"750\" \/>\n\t<meta property=\"og:image:type\" content=\"image\/jpeg\" \/>\n<meta name=\"author\" content=\"cfeditorfr\" \/>\n<meta name=\"twitter:card\" content=\"summary_large_image\" \/>\n<meta name=\"twitter:label1\" content=\"\u00c9crit par\" \/>\n\t<meta name=\"twitter:data1\" content=\"cfeditorfr\" \/>\n\t<meta name=\"twitter:label2\" content=\"Dur\u00e9e de lecture estim\u00e9e\" \/>\n\t<meta name=\"twitter:data2\" content=\"3 minutes\" \/>\n<script type=\"application\/ld+json\" class=\"yoast-schema-graph\">{\"@context\":\"https:\/\/schema.org\",\"@graph\":[{\"@type\":\"Article\",\"@id\":\"https:\/\/www.africa-press.net\/comores\/toutes-les-actualites\/el-maarouf-mise-sur-la-formation-medicale-continue#article\",\"isPartOf\":{\"@id\":\"https:\/\/www.africa-press.net\/comores\/toutes-les-actualites\/el-maarouf-mise-sur-la-formation-medicale-continue\"},\"author\":{\"name\":\"cfeditorfr\",\"@id\":\"https:\/\/www.africa-press.net\/comores\/#\/schema\/person\/2b1cf3cd81a31e3cd26889ca66d677f1\"},\"headline\":\"El-Maarouf mise sur la formation m\u00e9dicale continue\",\"datePublished\":\"2023-11-23T18:50:54+00:00\",\"dateModified\":\"2023-11-23T21:36:40+00:00\",\"mainEntityOfPage\":{\"@id\":\"https:\/\/www.africa-press.net\/comores\/toutes-les-actualites\/el-maarouf-mise-sur-la-formation-medicale-continue\"},\"wordCount\":569,\"commentCount\":0,\"image\":{\"@id\":\"https:\/\/www.africa-press.net\/comores\/toutes-les-actualites\/el-maarouf-mise-sur-la-formation-medicale-continue#primaryimage\"},\"thumbnailUrl\":\"https:\/\/static.africa-press.net\/centrafricaine\/sites\/48\/2023\/11\/sm_1700759060.717147.jpg\",\"keywords\":[\"Africa Press\",\"Africa Press-Comores\",\"Comores\"],\"articleSection\":[\"Communaut\u00e9\",\"Toutes les actualit\u00e9s\"],\"inLanguage\":\"fr-FR\",\"potentialAction\":[{\"@type\":\"CommentAction\",\"name\":\"Comment\",\"target\":[\"https:\/\/www.africa-press.net\/comores\/toutes-les-actualites\/el-maarouf-mise-sur-la-formation-medicale-continue#respond\"]}]},{\"@type\":\"WebPage\",\"@id\":\"https:\/\/www.africa-press.net\/comores\/toutes-les-actualites\/el-maarouf-mise-sur-la-formation-medicale-continue\",\"url\":\"https:\/\/www.africa-press.net\/comores\/toutes-les-actualites\/el-maarouf-mise-sur-la-formation-medicale-continue\",\"name\":\"El-Maarouf mise sur la formation m\u00e9dicale continue - Comores\",\"isPartOf\":{\"@id\":\"https:\/\/www.africa-press.net\/comores\/#website\"},\"primaryImageOfPage\":{\"@id\":\"https:\/\/www.africa-press.net\/comores\/toutes-les-actualites\/el-maarouf-mise-sur-la-formation-medicale-continue#primaryimage\"},\"image\":{\"@id\":\"https:\/\/www.africa-press.net\/comores\/toutes-les-actualites\/el-maarouf-mise-sur-la-formation-medicale-continue#primaryimage\"},\"thumbnailUrl\":\"https:\/\/static.africa-press.net\/centrafricaine\/sites\/48\/2023\/11\/sm_1700759060.717147.jpg\",\"datePublished\":\"2023-11-23T18:50:54+00:00\",\"dateModified\":\"2023-11-23T21:36:40+00:00\",\"author\":{\"@id\":\"https:\/\/www.africa-press.net\/comores\/#\/schema\/person\/2b1cf3cd81a31e3cd26889ca66d677f1\"},\"description\":\"L\u2019ho\u0302pital de re\u0301fe\u0301rence El-Maarouf a organise\u0301 une re\u0301union d\u2019e\u0301change pour ce\u0301le\u0301brer la journe\u0301e mondiale de la p ...\",\"breadcrumb\":{\"@id\":\"https:\/\/www.africa-press.net\/comores\/toutes-les-actualites\/el-maarouf-mise-sur-la-formation-medicale-continue#breadcrumb\"},\"inLanguage\":\"fr-FR\",\"potentialAction\":[{\"@type\":\"ReadAction\",\"target\":[\"https:\/\/www.africa-press.net\/comores\/toutes-les-actualites\/el-maarouf-mise-sur-la-formation-medicale-continue\"]}]},{\"@type\":\"ImageObject\",\"inLanguage\":\"fr-FR\",\"@id\":\"https:\/\/www.africa-press.net\/comores\/toutes-les-actualites\/el-maarouf-mise-sur-la-formation-medicale-continue#primaryimage\",\"url\":\"https:\/\/static.africa-press.net\/centrafricaine\/sites\/48\/2023\/11\/sm_1700759060.717147.jpg\",\"contentUrl\":\"https:\/\/static.africa-press.net\/centrafricaine\/sites\/48\/2023\/11\/sm_1700759060.717147.jpg\",\"width\":1000,\"height\":750,\"caption\":\"El-Maarouf mise sur la formation m\u00e9dicale continue\"},{\"@type\":\"BreadcrumbList\",\"@id\":\"https:\/\/www.africa-press.net\/comores\/toutes-les-actualites\/el-maarouf-mise-sur-la-formation-medicale-continue#breadcrumb\",\"itemListElement\":[{\"@type\":\"ListItem\",\"position\":1,\"name\":\"Accueil\",\"item\":\"https:\/\/www.africa-press.net\/comores\/\"},{\"@type\":\"ListItem\",\"position\":2,\"name\":\"El-Maarouf mise sur la formation m\u00e9dicale continue\"}]},{\"@type\":\"WebSite\",\"@id\":\"https:\/\/www.africa-press.net\/comores\/#website\",\"url\":\"https:\/\/www.africa-press.net\/comores\/\",\"name\":\"Comores\",\"description\":\"Just another Africa News Agency Sites site\",\"potentialAction\":[{\"@type\":\"SearchAction\",\"target\":{\"@type\":\"EntryPoint\",\"urlTemplate\":\"https:\/\/www.africa-press.net\/comores\/?s={search_term_string}\"},\"query-input\":{\"@type\":\"PropertyValueSpecification\",\"valueRequired\":true,\"valueName\":\"search_term_string\"}}],\"inLanguage\":\"fr-FR\"},{\"@type\":\"Person\",\"@id\":\"https:\/\/www.africa-press.net\/comores\/#\/schema\/person\/2b1cf3cd81a31e3cd26889ca66d677f1\",\"name\":\"cfeditorfr\"}]}<\/script>\n<!-- \/ Yoast SEO Premium plugin. -->","yoast_head_json":{"title":"El-Maarouf mise sur la formation m\u00e9dicale continue - Comores","description":"L\u2019ho\u0302pital de re\u0301fe\u0301rence El-Maarouf a organise\u0301 une re\u0301union d\u2019e\u0301change pour ce\u0301le\u0301brer la journe\u0301e mondiale de la p ...","robots":{"index":"index","follow":"follow","max-snippet":"max-snippet:-1","max-image-preview":"max-image-preview:large","max-video-preview":"max-video-preview:-1"},"canonical":"https:\/\/www.africa-press.net\/comores\/toutes-les-actualites\/el-maarouf-mise-sur-la-formation-medicale-continue","og_locale":"fr_FR","og_type":"article","og_title":"El-Maarouf mise sur la formation m\u00e9dicale continue","og_description":"L\u2019ho\u0302pital de re\u0301fe\u0301rence El-Maarouf a organise\u0301 une re\u0301union d\u2019e\u0301change pour ce\u0301le\u0301brer la journe\u0301e mondiale de la p ...","og_url":"https:\/\/www.africa-press.net\/comores\/toutes-les-actualites\/el-maarouf-mise-sur-la-formation-medicale-continue","og_site_name":"Comores","article_published_time":"2023-11-23T18:50:54+00:00","article_modified_time":"2023-11-23T21:36:40+00:00","og_image":[{"width":1000,"height":750,"url":"https:\/\/static.africa-press.net\/centrafricaine\/sites\/48\/2023\/11\/sm_1700759060.717147.jpg","type":"image\/jpeg"}],"author":"cfeditorfr","twitter_card":"summary_large_image","twitter_misc":{"\u00c9crit par":"cfeditorfr","Dur\u00e9e de lecture estim\u00e9e":"3 minutes"},"schema":{"@context":"https:\/\/schema.org","@graph":[{"@type":"Article","@id":"https:\/\/www.africa-press.net\/comores\/toutes-les-actualites\/el-maarouf-mise-sur-la-formation-medicale-continue#article","isPartOf":{"@id":"https:\/\/www.africa-press.net\/comores\/toutes-les-actualites\/el-maarouf-mise-sur-la-formation-medicale-continue"},"author":{"name":"cfeditorfr","@id":"https:\/\/www.africa-press.net\/comores\/#\/schema\/person\/2b1cf3cd81a31e3cd26889ca66d677f1"},"headline":"El-Maarouf mise sur la formation m\u00e9dicale continue","datePublished":"2023-11-23T18:50:54+00:00","dateModified":"2023-11-23T21:36:40+00:00","mainEntityOfPage":{"@id":"https:\/\/www.africa-press.net\/comores\/toutes-les-actualites\/el-maarouf-mise-sur-la-formation-medicale-continue"},"wordCount":569,"commentCount":0,"image":{"@id":"https:\/\/www.africa-press.net\/comores\/toutes-les-actualites\/el-maarouf-mise-sur-la-formation-medicale-continue#primaryimage"},"thumbnailUrl":"https:\/\/static.africa-press.net\/centrafricaine\/sites\/48\/2023\/11\/sm_1700759060.717147.jpg","keywords":["Africa Press","Africa Press-Comores","Comores"],"articleSection":["Communaut\u00e9","Toutes les actualit\u00e9s"],"inLanguage":"fr-FR","potentialAction":[{"@type":"CommentAction","name":"Comment","target":["https:\/\/www.africa-press.net\/comores\/toutes-les-actualites\/el-maarouf-mise-sur-la-formation-medicale-continue#respond"]}]},{"@type":"WebPage","@id":"https:\/\/www.africa-press.net\/comores\/toutes-les-actualites\/el-maarouf-mise-sur-la-formation-medicale-continue","url":"https:\/\/www.africa-press.net\/comores\/toutes-les-actualites\/el-maarouf-mise-sur-la-formation-medicale-continue","name":"El-Maarouf mise sur la formation m\u00e9dicale continue - Comores","isPartOf":{"@id":"https:\/\/www.africa-press.net\/comores\/#website"},"primaryImageOfPage":{"@id":"https:\/\/www.africa-press.net\/comores\/toutes-les-actualites\/el-maarouf-mise-sur-la-formation-medicale-continue#primaryimage"},"image":{"@id":"https:\/\/www.africa-press.net\/comores\/toutes-les-actualites\/el-maarouf-mise-sur-la-formation-medicale-continue#primaryimage"},"thumbnailUrl":"https:\/\/static.africa-press.net\/centrafricaine\/sites\/48\/2023\/11\/sm_1700759060.717147.jpg","datePublished":"2023-11-23T18:50:54+00:00","dateModified":"2023-11-23T21:36:40+00:00","author":{"@id":"https:\/\/www.africa-press.net\/comores\/#\/schema\/person\/2b1cf3cd81a31e3cd26889ca66d677f1"},"description":"L\u2019ho\u0302pital de re\u0301fe\u0301rence El-Maarouf a organise\u0301 une re\u0301union d\u2019e\u0301change pour ce\u0301le\u0301brer la journe\u0301e mondiale de la p ...","breadcrumb":{"@id":"https:\/\/www.africa-press.net\/comores\/toutes-les-actualites\/el-maarouf-mise-sur-la-formation-medicale-continue#breadcrumb"},"inLanguage":"fr-FR","potentialAction":[{"@type":"ReadAction","target":["https:\/\/www.africa-press.net\/comores\/toutes-les-actualites\/el-maarouf-mise-sur-la-formation-medicale-continue"]}]},{"@type":"ImageObject","inLanguage":"fr-FR","@id":"https:\/\/www.africa-press.net\/comores\/toutes-les-actualites\/el-maarouf-mise-sur-la-formation-medicale-continue#primaryimage","url":"https:\/\/static.africa-press.net\/centrafricaine\/sites\/48\/2023\/11\/sm_1700759060.717147.jpg","contentUrl":"https:\/\/static.africa-press.net\/centrafricaine\/sites\/48\/2023\/11\/sm_1700759060.717147.jpg","width":1000,"height":750,"caption":"El-Maarouf mise sur la formation m\u00e9dicale continue"},{"@type":"BreadcrumbList","@id":"https:\/\/www.africa-press.net\/comores\/toutes-les-actualites\/el-maarouf-mise-sur-la-formation-medicale-continue#breadcrumb","itemListElement":[{"@type":"ListItem","position":1,"name":"Accueil","item":"https:\/\/www.africa-press.net\/comores\/"},{"@type":"ListItem","position":2,"name":"El-Maarouf mise sur la formation m\u00e9dicale continue"}]},{"@type":"WebSite","@id":"https:\/\/www.africa-press.net\/comores\/#website","url":"https:\/\/www.africa-press.net\/comores\/","name":"Comores","description":"Just another Africa News Agency Sites site","potentialAction":[{"@type":"SearchAction","target":{"@type":"EntryPoint","urlTemplate":"https:\/\/www.africa-press.net\/comores\/?s={search_term_string}"},"query-input":{"@type":"PropertyValueSpecification","valueRequired":true,"valueName":"search_term_string"}}],"inLanguage":"fr-FR"},{"@type":"Person","@id":"https:\/\/www.africa-press.net\/comores\/#\/schema\/person\/2b1cf3cd81a31e3cd26889ca66d677f1","name":"cfeditorfr"}]}},"_links":{"self":[{"href":"https:\/\/www.africa-press.net\/comores\/wp-json\/wp\/v2\/posts\/13938","targetHints":{"allow":["GET"]}}],"collection":[{"href":"https:\/\/www.africa-press.net\/comores\/wp-json\/wp\/v2\/posts"}],"about":[{"href":"https:\/\/www.africa-press.net\/comores\/wp-json\/wp\/v2\/types\/post"}],"author":[{"embeddable":true,"href":"https:\/\/www.africa-press.net\/comores\/wp-json\/wp\/v2\/users\/82"}],"replies":[{"embeddable":true,"href":"https:\/\/www.africa-press.net\/comores\/wp-json\/wp\/v2\/comments?post=13938"}],"version-history":[{"count":0,"href":"https:\/\/www.africa-press.net\/comores\/wp-json\/wp\/v2\/posts\/13938\/revisions"}],"wp:featuredmedia":[{"embeddable":true,"href":"https:\/\/www.africa-press.net\/comores\/wp-json\/wp\/v2\/media\/13937"}],"wp:attachment":[{"href":"https:\/\/www.africa-press.net\/comores\/wp-json\/wp\/v2\/media?parent=13938"}],"wp:term":[{"taxonomy":"category","embeddable":true,"href":"https:\/\/www.africa-press.net\/comores\/wp-json\/wp\/v2\/categories?post=13938"},{"taxonomy":"post_tag","embeddable":true,"href":"https:\/\/www.africa-press.net\/comores\/wp-json\/wp\/v2\/tags?post=13938"}],"curies":[{"name":"wp","href":"https:\/\/api.w.org\/{rel}","templated":true}]}}