{"id":13993,"date":"2023-11-26T20:22:55","date_gmt":"2023-11-26T20:22:55","guid":{"rendered":"https:\/\/www.africa-press.net\/comores\/politique\/abdoussalam-abdou-rejoint-le-parti-orange"},"modified":"2023-11-26T22:20:34","modified_gmt":"2023-11-26T22:20:34","slug":"abdoussalam-abdou-rejoint-le-parti-orange","status":"publish","type":"post","link":"https:\/\/www.africa-press.net\/comores\/parties\/abdoussalam-abdou-rejoint-le-parti-orange","title":{"rendered":"Abdoussalam Abdou rejoint le parti Orange"},"content":{"rendered":"<p><span style=\"color: #ff6600\"><strong>Africa-Press &#8211; Comores. <\/strong><\/span><b>L\u2019ancien secre\u0301taire ge\u0301ne\u0301ral adjoint du gouvernement Abdoussalam Abdou vient d\u2019annoncer son adhe\u0301sion au parti de l\u2019ex ministre de l\u2019inte\u0301rieur Mohamed Daoudou alias Kiki. Depuis qu\u2019il est de\u0301mis de ses fonctions en 2021, il s\u2019est lance\u0301 dans l\u2019agriculture. Apre\u0300s ces anne\u0301es de re\u0301flexion, il revient sur la sce\u0300ne politique et c\u2019est avec le parti Orange qu\u2019il a choisi de militer.<\/b><\/p>\n<p>Le parti Orange semble se\u0301duire. Depuis sa de\u0301monstration de force de la semaine dernie\u0300re, de nouvelles figures politiques rejoignent ses rangs. Apre\u0300s l\u2019ancien commissaire de l\u2019exe\u0301cutif de l\u2019i\u0302le d\u2019Anjouan Ali Moustoifa et l\u2019ancien cadre du parti CRC Mohamed Ben Ali, c\u2019est le tour de l\u2019ancien secre\u0301taire ge\u0301ne\u0301ral adjoint du gouvernement Abdoussalam Abdou de rejoindre le parti Orange. Dans une confe\u0301rence de presse tenue mercredi 22 novembre dernier, il a d\u2019abord rappele\u0301 qu\u2019il a bien travaille\u0301 avec le gouvernement et qu\u2019il e\u0301tait charge\u0301 de la diaspora pendant un certain temps puis secre\u0301taire ge\u0301ne\u0301ral adjoint du gouvernement sous l\u2019autorite\u0301 de l\u2019ancien secre\u0301taire ge\u0301ne\u0301ral du gouvernement Idaroussi Hamadi jusqu\u2019en 2021. Depuis qu\u2019il est de\u0301mis de ses fonctions, il s\u2019est lance\u0301 dans l\u2019agriculture et c\u2019est avec le parti Orange qu\u2019il a choisi de travailler, car selon lui leur programme pour le de\u0301veloppement du pays lui semble bon.<\/p>\n<p>\u00ab La situation politique du pays est dans l\u2019impasse. C\u2019est tre\u0300s fragile, sans oublier la crise socioe\u0301conomique qui frappe le pays. Malgre\u0301 tout, le gouvernement reste dans sa zone de confort. C\u2019est triste. Certes, il y a la paix et la stabilite\u0301, mais avec cette situation, c\u0327a peut de\u0301ge\u0301ne\u0301rer a\u0300 tout moment. Nous n\u2019espe\u0301rons pas en arriver la\u0300. Donc, c\u2019est le moment de prendre nos responsabilite\u0301s pour servir notre nation \u00bb, de\u0301clare-t-il.<\/p>\n<p>Et de poursuivre : \u00ab J\u2019ai fait une tre\u0300s longue analyse sur les partis politiques. C\u2019est, en effet, le parti Orange que j\u2019ai choisi. Leur vision politique est claire, un programme bien e\u0301labore\u0301 pour le de\u0301veloppement du pays. J\u2019ai co\u0302toye\u0301 e\u0301galement le pre\u0301sident du parti, c\u2019est un homme engage\u0301 avec des ambitions \u00bb. Selon lui, ils vont retrousser les manches pour remporter les e\u0301lections de 2024. \u00ab Notre programme n\u2019est rien d\u2019autre que la lutter contre la vie che\u0300re, une meilleure sante\u0301 et une e\u0301ducation de qualite\u0301. Je suis confiant de l\u2019engagement de notre pre\u0301sident d\u2019honneur, futur pre\u0301sident de l\u2019Union des Comores Mohamed Daoud \u00bb, conclut-il.<\/p>\n<p><strong>Pour plus d&rsquo;informations et d&rsquo;analyses sur la <a href=\"https:\/\/www.africa-press.net\/comores\">Comores<\/a>, suivez <a href=\"https:\/\/www.africa-press.net\/\">Africa-Press<\/a><\/strong><\/p>\n","protected":false},"excerpt":{"rendered":"<p>Africa-Press &#8211; Comores. L\u2019ancien secre\u0301taire ge\u0301ne\u0301ral adjoint du gouvernement Abdoussalam Abdou vient d\u2019annoncer son adhe\u0301sion au parti de l\u2019ex ministre de l\u2019inte\u0301rieur Mohamed Daoudou alias Kiki. Depuis qu\u2019il est de\u0301mis de ses fonctions en 2021, il s\u2019est lance\u0301 dans l\u2019agriculture. Apre\u0300s ces anne\u0301es de re\u0301flexion, il revient sur la sce\u0300ne politique et c\u2019est avec le [&hellip;]<\/p>\n","protected":false},"author":82,"featured_media":13992,"comment_status":"open","ping_status":"closed","sticky":false,"template":"","format":"standard","meta":{"footnotes":""},"categories":[4,10],"tags":[36,53,45],"class_list":["post-13993","post","type-post","status-publish","format-standard","has-post-thumbnail","hentry","category-parties","category-toutes-les-actualites","tag-africa-press","tag-africa-press-comores","tag-comores"],"yoast_head":"<!-- This site is optimized with the Yoast SEO Premium plugin v26.1 (Yoast SEO v27.0) - https:\/\/yoast.com\/product\/yoast-seo-premium-wordpress\/ -->\n<title>Abdoussalam Abdou rejoint le parti Orange - Comores<\/title>\n<meta name=\"description\" content=\"L\u2019ancien secre\u0301taire ge\u0301ne\u0301ral adjoint du gouvernement Abdoussalam Abdou vient d\u2019annoncer son adhe\u0301sion au parti de l ...\" \/>\n<meta name=\"robots\" content=\"index, follow, max-snippet:-1, max-image-preview:large, max-video-preview:-1\" \/>\n<link rel=\"canonical\" href=\"https:\/\/www.africa-press.net\/comores\/parties\/abdoussalam-abdou-rejoint-le-parti-orange\" \/>\n<meta property=\"og:locale\" content=\"fr_FR\" \/>\n<meta property=\"og:type\" content=\"article\" \/>\n<meta property=\"og:title\" content=\"Abdoussalam Abdou rejoint le parti Orange\" \/>\n<meta property=\"og:description\" content=\"L\u2019ancien secre\u0301taire ge\u0301ne\u0301ral adjoint du gouvernement Abdoussalam Abdou vient d\u2019annoncer son adhe\u0301sion au parti de l ...\" \/>\n<meta property=\"og:url\" content=\"https:\/\/www.africa-press.net\/comores\/parties\/abdoussalam-abdou-rejoint-le-parti-orange\" \/>\n<meta property=\"og:site_name\" content=\"Comores\" \/>\n<meta property=\"article:published_time\" content=\"2023-11-26T20:22:55+00:00\" \/>\n<meta property=\"article:modified_time\" content=\"2023-11-26T22:20:34+00:00\" \/>\n<meta property=\"og:image\" content=\"https:\/\/static.africa-press.net\/centrafricaine\/sites\/48\/2023\/11\/sm_1701020890.036619.jpg\" \/>\n\t<meta property=\"og:image:width\" content=\"1280\" \/>\n\t<meta property=\"og:image:height\" content=\"960\" \/>\n\t<meta property=\"og:image:type\" content=\"image\/jpeg\" \/>\n<meta name=\"author\" content=\"cfeditorfr\" \/>\n<meta name=\"twitter:card\" content=\"summary_large_image\" \/>\n<meta name=\"twitter:label1\" content=\"\u00c9crit par\" \/>\n\t<meta name=\"twitter:data1\" content=\"cfeditorfr\" \/>\n\t<meta name=\"twitter:label2\" content=\"Dur\u00e9e de lecture estim\u00e9e\" \/>\n\t<meta name=\"twitter:data2\" content=\"2 minutes\" \/>\n<script type=\"application\/ld+json\" class=\"yoast-schema-graph\">{\"@context\":\"https:\/\/schema.org\",\"@graph\":[{\"@type\":\"Article\",\"@id\":\"https:\/\/www.africa-press.net\/comores\/parties\/abdoussalam-abdou-rejoint-le-parti-orange#article\",\"isPartOf\":{\"@id\":\"https:\/\/www.africa-press.net\/comores\/parties\/abdoussalam-abdou-rejoint-le-parti-orange\"},\"author\":{\"name\":\"cfeditorfr\",\"@id\":\"https:\/\/www.africa-press.net\/comores\/#\/schema\/person\/2b1cf3cd81a31e3cd26889ca66d677f1\"},\"headline\":\"Abdoussalam Abdou rejoint le parti Orange\",\"datePublished\":\"2023-11-26T20:22:55+00:00\",\"dateModified\":\"2023-11-26T22:20:34+00:00\",\"mainEntityOfPage\":{\"@id\":\"https:\/\/www.africa-press.net\/comores\/parties\/abdoussalam-abdou-rejoint-le-parti-orange\"},\"wordCount\":481,\"commentCount\":0,\"image\":{\"@id\":\"https:\/\/www.africa-press.net\/comores\/parties\/abdoussalam-abdou-rejoint-le-parti-orange#primaryimage\"},\"thumbnailUrl\":\"https:\/\/static.africa-press.net\/centrafricaine\/sites\/48\/2023\/11\/sm_1701020890.036619.jpg\",\"keywords\":[\"Africa Press\",\"Africa Press-Comores\",\"Comores\"],\"articleSection\":[\"Parties\",\"Toutes les actualit\u00e9s\"],\"inLanguage\":\"fr-FR\",\"potentialAction\":[{\"@type\":\"CommentAction\",\"name\":\"Comment\",\"target\":[\"https:\/\/www.africa-press.net\/comores\/parties\/abdoussalam-abdou-rejoint-le-parti-orange#respond\"]}]},{\"@type\":\"WebPage\",\"@id\":\"https:\/\/www.africa-press.net\/comores\/parties\/abdoussalam-abdou-rejoint-le-parti-orange\",\"url\":\"https:\/\/www.africa-press.net\/comores\/parties\/abdoussalam-abdou-rejoint-le-parti-orange\",\"name\":\"Abdoussalam Abdou rejoint le parti Orange - Comores\",\"isPartOf\":{\"@id\":\"https:\/\/www.africa-press.net\/comores\/#website\"},\"primaryImageOfPage\":{\"@id\":\"https:\/\/www.africa-press.net\/comores\/parties\/abdoussalam-abdou-rejoint-le-parti-orange#primaryimage\"},\"image\":{\"@id\":\"https:\/\/www.africa-press.net\/comores\/parties\/abdoussalam-abdou-rejoint-le-parti-orange#primaryimage\"},\"thumbnailUrl\":\"https:\/\/static.africa-press.net\/centrafricaine\/sites\/48\/2023\/11\/sm_1701020890.036619.jpg\",\"datePublished\":\"2023-11-26T20:22:55+00:00\",\"dateModified\":\"2023-11-26T22:20:34+00:00\",\"author\":{\"@id\":\"https:\/\/www.africa-press.net\/comores\/#\/schema\/person\/2b1cf3cd81a31e3cd26889ca66d677f1\"},\"description\":\"L\u2019ancien secre\u0301taire ge\u0301ne\u0301ral adjoint du gouvernement Abdoussalam Abdou vient d\u2019annoncer son adhe\u0301sion au parti de l ...\",\"breadcrumb\":{\"@id\":\"https:\/\/www.africa-press.net\/comores\/parties\/abdoussalam-abdou-rejoint-le-parti-orange#breadcrumb\"},\"inLanguage\":\"fr-FR\",\"potentialAction\":[{\"@type\":\"ReadAction\",\"target\":[\"https:\/\/www.africa-press.net\/comores\/parties\/abdoussalam-abdou-rejoint-le-parti-orange\"]}]},{\"@type\":\"ImageObject\",\"inLanguage\":\"fr-FR\",\"@id\":\"https:\/\/www.africa-press.net\/comores\/parties\/abdoussalam-abdou-rejoint-le-parti-orange#primaryimage\",\"url\":\"https:\/\/static.africa-press.net\/centrafricaine\/sites\/48\/2023\/11\/sm_1701020890.036619.jpg\",\"contentUrl\":\"https:\/\/static.africa-press.net\/centrafricaine\/sites\/48\/2023\/11\/sm_1701020890.036619.jpg\",\"width\":1280,\"height\":960,\"caption\":\"Abdoussalam Abdou rejoint le parti Orange\"},{\"@type\":\"BreadcrumbList\",\"@id\":\"https:\/\/www.africa-press.net\/comores\/parties\/abdoussalam-abdou-rejoint-le-parti-orange#breadcrumb\",\"itemListElement\":[{\"@type\":\"ListItem\",\"position\":1,\"name\":\"Accueil\",\"item\":\"https:\/\/www.africa-press.net\/comores\/\"},{\"@type\":\"ListItem\",\"position\":2,\"name\":\"Abdoussalam Abdou rejoint le parti Orange\"}]},{\"@type\":\"WebSite\",\"@id\":\"https:\/\/www.africa-press.net\/comores\/#website\",\"url\":\"https:\/\/www.africa-press.net\/comores\/\",\"name\":\"Comores\",\"description\":\"Just another Africa News Agency Sites site\",\"potentialAction\":[{\"@type\":\"SearchAction\",\"target\":{\"@type\":\"EntryPoint\",\"urlTemplate\":\"https:\/\/www.africa-press.net\/comores\/?s={search_term_string}\"},\"query-input\":{\"@type\":\"PropertyValueSpecification\",\"valueRequired\":true,\"valueName\":\"search_term_string\"}}],\"inLanguage\":\"fr-FR\"},{\"@type\":\"Person\",\"@id\":\"https:\/\/www.africa-press.net\/comores\/#\/schema\/person\/2b1cf3cd81a31e3cd26889ca66d677f1\",\"name\":\"cfeditorfr\"}]}<\/script>\n<!-- \/ Yoast SEO Premium plugin. -->","yoast_head_json":{"title":"Abdoussalam Abdou rejoint le parti Orange - Comores","description":"L\u2019ancien secre\u0301taire ge\u0301ne\u0301ral adjoint du gouvernement Abdoussalam Abdou vient d\u2019annoncer son adhe\u0301sion au parti de l ...","robots":{"index":"index","follow":"follow","max-snippet":"max-snippet:-1","max-image-preview":"max-image-preview:large","max-video-preview":"max-video-preview:-1"},"canonical":"https:\/\/www.africa-press.net\/comores\/parties\/abdoussalam-abdou-rejoint-le-parti-orange","og_locale":"fr_FR","og_type":"article","og_title":"Abdoussalam Abdou rejoint le parti Orange","og_description":"L\u2019ancien secre\u0301taire ge\u0301ne\u0301ral adjoint du gouvernement Abdoussalam Abdou vient d\u2019annoncer son adhe\u0301sion au parti de l ...","og_url":"https:\/\/www.africa-press.net\/comores\/parties\/abdoussalam-abdou-rejoint-le-parti-orange","og_site_name":"Comores","article_published_time":"2023-11-26T20:22:55+00:00","article_modified_time":"2023-11-26T22:20:34+00:00","og_image":[{"width":1280,"height":960,"url":"https:\/\/static.africa-press.net\/centrafricaine\/sites\/48\/2023\/11\/sm_1701020890.036619.jpg","type":"image\/jpeg"}],"author":"cfeditorfr","twitter_card":"summary_large_image","twitter_misc":{"\u00c9crit par":"cfeditorfr","Dur\u00e9e de lecture estim\u00e9e":"2 minutes"},"schema":{"@context":"https:\/\/schema.org","@graph":[{"@type":"Article","@id":"https:\/\/www.africa-press.net\/comores\/parties\/abdoussalam-abdou-rejoint-le-parti-orange#article","isPartOf":{"@id":"https:\/\/www.africa-press.net\/comores\/parties\/abdoussalam-abdou-rejoint-le-parti-orange"},"author":{"name":"cfeditorfr","@id":"https:\/\/www.africa-press.net\/comores\/#\/schema\/person\/2b1cf3cd81a31e3cd26889ca66d677f1"},"headline":"Abdoussalam Abdou rejoint le parti Orange","datePublished":"2023-11-26T20:22:55+00:00","dateModified":"2023-11-26T22:20:34+00:00","mainEntityOfPage":{"@id":"https:\/\/www.africa-press.net\/comores\/parties\/abdoussalam-abdou-rejoint-le-parti-orange"},"wordCount":481,"commentCount":0,"image":{"@id":"https:\/\/www.africa-press.net\/comores\/parties\/abdoussalam-abdou-rejoint-le-parti-orange#primaryimage"},"thumbnailUrl":"https:\/\/static.africa-press.net\/centrafricaine\/sites\/48\/2023\/11\/sm_1701020890.036619.jpg","keywords":["Africa Press","Africa Press-Comores","Comores"],"articleSection":["Parties","Toutes les actualit\u00e9s"],"inLanguage":"fr-FR","potentialAction":[{"@type":"CommentAction","name":"Comment","target":["https:\/\/www.africa-press.net\/comores\/parties\/abdoussalam-abdou-rejoint-le-parti-orange#respond"]}]},{"@type":"WebPage","@id":"https:\/\/www.africa-press.net\/comores\/parties\/abdoussalam-abdou-rejoint-le-parti-orange","url":"https:\/\/www.africa-press.net\/comores\/parties\/abdoussalam-abdou-rejoint-le-parti-orange","name":"Abdoussalam Abdou rejoint le parti Orange - Comores","isPartOf":{"@id":"https:\/\/www.africa-press.net\/comores\/#website"},"primaryImageOfPage":{"@id":"https:\/\/www.africa-press.net\/comores\/parties\/abdoussalam-abdou-rejoint-le-parti-orange#primaryimage"},"image":{"@id":"https:\/\/www.africa-press.net\/comores\/parties\/abdoussalam-abdou-rejoint-le-parti-orange#primaryimage"},"thumbnailUrl":"https:\/\/static.africa-press.net\/centrafricaine\/sites\/48\/2023\/11\/sm_1701020890.036619.jpg","datePublished":"2023-11-26T20:22:55+00:00","dateModified":"2023-11-26T22:20:34+00:00","author":{"@id":"https:\/\/www.africa-press.net\/comores\/#\/schema\/person\/2b1cf3cd81a31e3cd26889ca66d677f1"},"description":"L\u2019ancien secre\u0301taire ge\u0301ne\u0301ral adjoint du gouvernement Abdoussalam Abdou vient d\u2019annoncer son adhe\u0301sion au parti de l ...","breadcrumb":{"@id":"https:\/\/www.africa-press.net\/comores\/parties\/abdoussalam-abdou-rejoint-le-parti-orange#breadcrumb"},"inLanguage":"fr-FR","potentialAction":[{"@type":"ReadAction","target":["https:\/\/www.africa-press.net\/comores\/parties\/abdoussalam-abdou-rejoint-le-parti-orange"]}]},{"@type":"ImageObject","inLanguage":"fr-FR","@id":"https:\/\/www.africa-press.net\/comores\/parties\/abdoussalam-abdou-rejoint-le-parti-orange#primaryimage","url":"https:\/\/static.africa-press.net\/centrafricaine\/sites\/48\/2023\/11\/sm_1701020890.036619.jpg","contentUrl":"https:\/\/static.africa-press.net\/centrafricaine\/sites\/48\/2023\/11\/sm_1701020890.036619.jpg","width":1280,"height":960,"caption":"Abdoussalam Abdou rejoint le parti Orange"},{"@type":"BreadcrumbList","@id":"https:\/\/www.africa-press.net\/comores\/parties\/abdoussalam-abdou-rejoint-le-parti-orange#breadcrumb","itemListElement":[{"@type":"ListItem","position":1,"name":"Accueil","item":"https:\/\/www.africa-press.net\/comores\/"},{"@type":"ListItem","position":2,"name":"Abdoussalam Abdou rejoint le parti Orange"}]},{"@type":"WebSite","@id":"https:\/\/www.africa-press.net\/comores\/#website","url":"https:\/\/www.africa-press.net\/comores\/","name":"Comores","description":"Just another Africa News Agency Sites site","potentialAction":[{"@type":"SearchAction","target":{"@type":"EntryPoint","urlTemplate":"https:\/\/www.africa-press.net\/comores\/?s={search_term_string}"},"query-input":{"@type":"PropertyValueSpecification","valueRequired":true,"valueName":"search_term_string"}}],"inLanguage":"fr-FR"},{"@type":"Person","@id":"https:\/\/www.africa-press.net\/comores\/#\/schema\/person\/2b1cf3cd81a31e3cd26889ca66d677f1","name":"cfeditorfr"}]}},"_links":{"self":[{"href":"https:\/\/www.africa-press.net\/comores\/wp-json\/wp\/v2\/posts\/13993","targetHints":{"allow":["GET"]}}],"collection":[{"href":"https:\/\/www.africa-press.net\/comores\/wp-json\/wp\/v2\/posts"}],"about":[{"href":"https:\/\/www.africa-press.net\/comores\/wp-json\/wp\/v2\/types\/post"}],"author":[{"embeddable":true,"href":"https:\/\/www.africa-press.net\/comores\/wp-json\/wp\/v2\/users\/82"}],"replies":[{"embeddable":true,"href":"https:\/\/www.africa-press.net\/comores\/wp-json\/wp\/v2\/comments?post=13993"}],"version-history":[{"count":0,"href":"https:\/\/www.africa-press.net\/comores\/wp-json\/wp\/v2\/posts\/13993\/revisions"}],"wp:featuredmedia":[{"embeddable":true,"href":"https:\/\/www.africa-press.net\/comores\/wp-json\/wp\/v2\/media\/13992"}],"wp:attachment":[{"href":"https:\/\/www.africa-press.net\/comores\/wp-json\/wp\/v2\/media?parent=13993"}],"wp:term":[{"taxonomy":"category","embeddable":true,"href":"https:\/\/www.africa-press.net\/comores\/wp-json\/wp\/v2\/categories?post=13993"},{"taxonomy":"post_tag","embeddable":true,"href":"https:\/\/www.africa-press.net\/comores\/wp-json\/wp\/v2\/tags?post=13993"}],"curies":[{"name":"wp","href":"https:\/\/api.w.org\/{rel}","templated":true}]}}