{"id":14012,"date":"2023-11-27T18:44:46","date_gmt":"2023-11-27T18:44:46","guid":{"rendered":"https:\/\/www.africa-press.net\/comores\/politique\/conference-des-jeunes-sur-le-changement-climatique-coy19"},"modified":"2023-11-27T20:50:12","modified_gmt":"2023-11-27T20:50:12","slug":"conference-des-jeunes-sur-le-changement-climatique-coy19","status":"publish","type":"post","link":"https:\/\/www.africa-press.net\/comores\/toutes-les-actualites\/conference-des-jeunes-sur-le-changement-climatique-coy19","title":{"rendered":"Conf\u00e9rence des jeunes sur le changement climatique (COY19)"},"content":{"rendered":"<p><span style=\"color: #ff6600\"><strong>Africa-Press &#8211; Comores. <\/strong><\/span><b>Hier a\u0300 l\u2019ho\u0302tel Retaj ont de\u0301bute\u0301 les activite\u0301s de la 19e\u0300me Confe\u0301rence des jeunes sur le changement climatique (COY19). C\u2019est le ministre de l\u2019Environnement M. Houmed Msaidie\u0301, assurant l\u2019inte\u0301rim du ministre en charge de la Jeunesse, qui a ouvert la confe\u0301rence en pre\u0301sence de la repre\u0301sentante de l\u2019Unicef dans notre pays.<\/b><\/p>\n<p>Il faut savoir que le changement climatique repre\u0301sente le plus grand de\u0301fi auquel l\u2019humanite\u0301 est confronte\u0301e depuis les trois dernie\u0300res de\u0301cennies. La menace que fait peser le re\u0301chauffement global sur les socie\u0301te\u0301s humaines et les e\u0301cosyste\u0300mes est croissante. Le cinquie\u0300me rapport du Groupe d\u2019Expert Intergouvernemental sur l\u2019Evolution du Climat (GIEC) vient de confirmer la gravite\u0301 de cette menace en pre\u0301cisant que le changement climatique risque de produire des effets ne\u0301fastes se\u0301ve\u0300res et irre\u0301versibles. Le ministre n\u2019a pas manque\u0301 de rappeler les effets de\u0301sastreux du changement climatique au niveau de l\u2019oce\u0301an indien.<\/p>\n<p>En effet, notre pays est frappe\u0301 ces derniers temps par des pe\u0301riodes des se\u0301cheresses de plus en plus fre\u0301quentes et longues. La baisse de la pluviome\u0301trie impose a\u0300 nos populations un stress hydrique qui menace leur sante\u0301 et leur bien-e\u0302tre. Les Comores se situent e\u0301galement sur la zone co\u0302tie\u0300re ou\u0300 sont concentre\u0301es ses populations et ses infrastructures qui sont menace\u0301es par l\u2019e\u0301le\u0301vation du niveau de la mer ainsi que les inondations.<\/p>\n<p>A l\u2019approche de la 28e\u0300me Confe\u0301rence des Parties (COP 28) a\u0300 Dubai\u0308 a\u0300 la fin de ce mois, devra amener les pays a\u0300 adopter un accord contraignant engageant toutes les Parties a\u0300 la Convention Cadre des Nations Unies sur le Changement Climatique. Cet accord doit e\u0302tre universel, mais il doit e\u0302tre aussi juste et e\u0301quitable. Le principe de la responsabilite\u0301 commune mais diffe\u0301rentie\u0301e inscrite dans la Convention. conforme\u0301ment a\u0300 ce principe, les pays de\u0301veloppe\u0301s, qui sont historiquement responsables du changement climatique, et qui dispose de plus grandes capacite\u0301s financie\u0300res et technologiques, doivent prendre le leadership dans la lutte contre le changement climatique en re\u0301duisant de fac\u0327on substantielle leurs e\u0301missions des gaz a\u0300 effet de serre.<\/p>\n<p>Les pays en de\u0301veloppement contribuent de\u0301ja\u0300 et vont continuer a\u0300 contribuer a\u0300 cet effort d\u2019atte\u0301nuation selon leurs circonstances nationales et leurs capacite\u0301s respectives a\u0300 condition que les moyens de mise en \u0153uvre de cette politique leur soient garantis dans le futur accord. Il est donc essential afin de ba\u0302tir la confiance dans la ne\u0301gociation de respecter l\u2019e\u0301quilibre entre l\u2019effort demande pour la re\u0301duction des gaz a\u0300 effets de serre et les moyens financiers mobilises pour permettre aux pays en de\u0301veloppement de s\u2019engager dans une croissance e\u0301conomique faible en carbone. Pour ce faire, le financement, le transfert des technologies et le renforcement des capacite\u0301s doivent avoir une place importante dans<\/p>\n<p>Pour le ministre : \u00ab L\u2019adaptation reste une priorite\u0301 pour les pays africains et nous demandons que dans le futur accord l\u2019e\u0301quilibre entre l\u2019adaptation et l\u2019atte\u0301nuation soit respecte\u0301. Le futur accord ne doit pas porter essentiellement sur l\u2019atte\u0301nuation, mais il doit traiter e\u0301galement de tous les e\u0301le\u0301ments de la Plateforme de Durban, a\u0300 savoir l\u2019adaptation, le financement, le transfert des technologies et le renforcement des capacite\u0301s \u00bb. L\u2019organisation de cette confe\u0301rence a rec\u0327u l\u2019appui technique et financier du FNUP a\u0300 Moroni.<\/p>\n<p><strong>Pour plus d&rsquo;informations et d&rsquo;analyses sur la <a href=\"https:\/\/www.africa-press.net\/comores\">Comores<\/a>, suivez <a href=\"https:\/\/www.africa-press.net\/\">Africa-Press<\/a><\/strong><\/p>\n","protected":false},"excerpt":{"rendered":"<p>Africa-Press &#8211; Comores. Hier a\u0300 l\u2019ho\u0302tel Retaj ont de\u0301bute\u0301 les activite\u0301s de la 19e\u0300me Confe\u0301rence des jeunes sur le changement climatique (COY19). C\u2019est le ministre de l\u2019Environnement M. Houmed Msaidie\u0301, assurant l\u2019inte\u0301rim du ministre en charge de la Jeunesse, qui a ouvert la confe\u0301rence en pre\u0301sence de la repre\u0301sentante de l\u2019Unicef dans notre pays. Il [&hellip;]<\/p>\n","protected":false},"author":82,"featured_media":14011,"comment_status":"open","ping_status":"closed","sticky":false,"template":"","format":"standard","meta":{"footnotes":""},"categories":[21,10],"tags":[36,53,45],"class_list":["post-14012","post","type-post","status-publish","format-standard","has-post-thumbnail","hentry","category-communaute","category-toutes-les-actualites","tag-africa-press","tag-africa-press-comores","tag-comores"],"yoast_head":"<!-- This site is optimized with the Yoast SEO Premium plugin v26.1 (Yoast SEO v27.0) - https:\/\/yoast.com\/product\/yoast-seo-premium-wordpress\/ -->\n<title>Conf\u00e9rence des jeunes sur le changement climatique (COY19) - Comores<\/title>\n<meta name=\"description\" content=\"Hier a\u0300 l\u2019ho\u0302tel Retaj ont de\u0301bute\u0301 les activite\u0301s de la 19e\u0300me Confe\u0301rence des jeunes sur le changement climatique ( ...\" \/>\n<meta name=\"robots\" content=\"index, follow, max-snippet:-1, max-image-preview:large, max-video-preview:-1\" \/>\n<link rel=\"canonical\" href=\"https:\/\/www.africa-press.net\/comores\/toutes-les-actualites\/conference-des-jeunes-sur-le-changement-climatique-coy19\" \/>\n<meta property=\"og:locale\" content=\"fr_FR\" \/>\n<meta property=\"og:type\" content=\"article\" \/>\n<meta property=\"og:title\" content=\"Conf\u00e9rence des jeunes sur le changement climatique (COY19)\" \/>\n<meta property=\"og:description\" content=\"Hier a\u0300 l\u2019ho\u0302tel Retaj ont de\u0301bute\u0301 les activite\u0301s de la 19e\u0300me Confe\u0301rence des jeunes sur le changement climatique ( ...\" \/>\n<meta property=\"og:url\" content=\"https:\/\/www.africa-press.net\/comores\/toutes-les-actualites\/conference-des-jeunes-sur-le-changement-climatique-coy19\" \/>\n<meta property=\"og:site_name\" content=\"Comores\" \/>\n<meta property=\"article:published_time\" content=\"2023-11-27T18:44:46+00:00\" \/>\n<meta property=\"article:modified_time\" content=\"2023-11-27T20:50:12+00:00\" \/>\n<meta property=\"og:image\" content=\"https:\/\/static.africa-press.net\/centrafricaine\/sites\/48\/2023\/11\/sm_1701101949.378107.jpg\" \/>\n\t<meta property=\"og:image:width\" content=\"1280\" \/>\n\t<meta property=\"og:image:height\" content=\"853\" \/>\n\t<meta property=\"og:image:type\" content=\"image\/jpeg\" \/>\n<meta name=\"author\" content=\"cfeditorfr\" \/>\n<meta name=\"twitter:card\" content=\"summary_large_image\" \/>\n<meta name=\"twitter:label1\" content=\"\u00c9crit par\" \/>\n\t<meta name=\"twitter:data1\" content=\"cfeditorfr\" \/>\n\t<meta name=\"twitter:label2\" content=\"Dur\u00e9e de lecture estim\u00e9e\" \/>\n\t<meta name=\"twitter:data2\" content=\"3 minutes\" \/>\n<script type=\"application\/ld+json\" class=\"yoast-schema-graph\">{\"@context\":\"https:\/\/schema.org\",\"@graph\":[{\"@type\":\"Article\",\"@id\":\"https:\/\/www.africa-press.net\/comores\/toutes-les-actualites\/conference-des-jeunes-sur-le-changement-climatique-coy19#article\",\"isPartOf\":{\"@id\":\"https:\/\/www.africa-press.net\/comores\/toutes-les-actualites\/conference-des-jeunes-sur-le-changement-climatique-coy19\"},\"author\":{\"name\":\"cfeditorfr\",\"@id\":\"https:\/\/www.africa-press.net\/comores\/#\/schema\/person\/2b1cf3cd81a31e3cd26889ca66d677f1\"},\"headline\":\"Conf\u00e9rence des jeunes sur le changement climatique (COY19)\",\"datePublished\":\"2023-11-27T18:44:46+00:00\",\"dateModified\":\"2023-11-27T20:50:12+00:00\",\"mainEntityOfPage\":{\"@id\":\"https:\/\/www.africa-press.net\/comores\/toutes-les-actualites\/conference-des-jeunes-sur-le-changement-climatique-coy19\"},\"wordCount\":636,\"commentCount\":0,\"image\":{\"@id\":\"https:\/\/www.africa-press.net\/comores\/toutes-les-actualites\/conference-des-jeunes-sur-le-changement-climatique-coy19#primaryimage\"},\"thumbnailUrl\":\"https:\/\/static.africa-press.net\/centrafricaine\/sites\/48\/2023\/11\/sm_1701101949.378107.jpg\",\"keywords\":[\"Africa Press\",\"Africa Press-Comores\",\"Comores\"],\"articleSection\":[\"Communaut\u00e9\",\"Toutes les actualit\u00e9s\"],\"inLanguage\":\"fr-FR\",\"potentialAction\":[{\"@type\":\"CommentAction\",\"name\":\"Comment\",\"target\":[\"https:\/\/www.africa-press.net\/comores\/toutes-les-actualites\/conference-des-jeunes-sur-le-changement-climatique-coy19#respond\"]}]},{\"@type\":\"WebPage\",\"@id\":\"https:\/\/www.africa-press.net\/comores\/toutes-les-actualites\/conference-des-jeunes-sur-le-changement-climatique-coy19\",\"url\":\"https:\/\/www.africa-press.net\/comores\/toutes-les-actualites\/conference-des-jeunes-sur-le-changement-climatique-coy19\",\"name\":\"Conf\u00e9rence des jeunes sur le changement climatique (COY19) - Comores\",\"isPartOf\":{\"@id\":\"https:\/\/www.africa-press.net\/comores\/#website\"},\"primaryImageOfPage\":{\"@id\":\"https:\/\/www.africa-press.net\/comores\/toutes-les-actualites\/conference-des-jeunes-sur-le-changement-climatique-coy19#primaryimage\"},\"image\":{\"@id\":\"https:\/\/www.africa-press.net\/comores\/toutes-les-actualites\/conference-des-jeunes-sur-le-changement-climatique-coy19#primaryimage\"},\"thumbnailUrl\":\"https:\/\/static.africa-press.net\/centrafricaine\/sites\/48\/2023\/11\/sm_1701101949.378107.jpg\",\"datePublished\":\"2023-11-27T18:44:46+00:00\",\"dateModified\":\"2023-11-27T20:50:12+00:00\",\"author\":{\"@id\":\"https:\/\/www.africa-press.net\/comores\/#\/schema\/person\/2b1cf3cd81a31e3cd26889ca66d677f1\"},\"description\":\"Hier a\u0300 l\u2019ho\u0302tel Retaj ont de\u0301bute\u0301 les activite\u0301s de la 19e\u0300me Confe\u0301rence des jeunes sur le changement climatique ( ...\",\"breadcrumb\":{\"@id\":\"https:\/\/www.africa-press.net\/comores\/toutes-les-actualites\/conference-des-jeunes-sur-le-changement-climatique-coy19#breadcrumb\"},\"inLanguage\":\"fr-FR\",\"potentialAction\":[{\"@type\":\"ReadAction\",\"target\":[\"https:\/\/www.africa-press.net\/comores\/toutes-les-actualites\/conference-des-jeunes-sur-le-changement-climatique-coy19\"]}]},{\"@type\":\"ImageObject\",\"inLanguage\":\"fr-FR\",\"@id\":\"https:\/\/www.africa-press.net\/comores\/toutes-les-actualites\/conference-des-jeunes-sur-le-changement-climatique-coy19#primaryimage\",\"url\":\"https:\/\/static.africa-press.net\/centrafricaine\/sites\/48\/2023\/11\/sm_1701101949.378107.jpg\",\"contentUrl\":\"https:\/\/static.africa-press.net\/centrafricaine\/sites\/48\/2023\/11\/sm_1701101949.378107.jpg\",\"width\":1280,\"height\":853,\"caption\":\"Conf\u00e9rence des jeunes sur le changement climatique (COY19)\"},{\"@type\":\"BreadcrumbList\",\"@id\":\"https:\/\/www.africa-press.net\/comores\/toutes-les-actualites\/conference-des-jeunes-sur-le-changement-climatique-coy19#breadcrumb\",\"itemListElement\":[{\"@type\":\"ListItem\",\"position\":1,\"name\":\"Accueil\",\"item\":\"https:\/\/www.africa-press.net\/comores\/\"},{\"@type\":\"ListItem\",\"position\":2,\"name\":\"Conf\u00e9rence des jeunes sur le changement climatique (COY19)\"}]},{\"@type\":\"WebSite\",\"@id\":\"https:\/\/www.africa-press.net\/comores\/#website\",\"url\":\"https:\/\/www.africa-press.net\/comores\/\",\"name\":\"Comores\",\"description\":\"Just another Africa News Agency Sites site\",\"potentialAction\":[{\"@type\":\"SearchAction\",\"target\":{\"@type\":\"EntryPoint\",\"urlTemplate\":\"https:\/\/www.africa-press.net\/comores\/?s={search_term_string}\"},\"query-input\":{\"@type\":\"PropertyValueSpecification\",\"valueRequired\":true,\"valueName\":\"search_term_string\"}}],\"inLanguage\":\"fr-FR\"},{\"@type\":\"Person\",\"@id\":\"https:\/\/www.africa-press.net\/comores\/#\/schema\/person\/2b1cf3cd81a31e3cd26889ca66d677f1\",\"name\":\"cfeditorfr\"}]}<\/script>\n<!-- \/ Yoast SEO Premium plugin. -->","yoast_head_json":{"title":"Conf\u00e9rence des jeunes sur le changement climatique (COY19) - Comores","description":"Hier a\u0300 l\u2019ho\u0302tel Retaj ont de\u0301bute\u0301 les activite\u0301s de la 19e\u0300me Confe\u0301rence des jeunes sur le changement climatique ( ...","robots":{"index":"index","follow":"follow","max-snippet":"max-snippet:-1","max-image-preview":"max-image-preview:large","max-video-preview":"max-video-preview:-1"},"canonical":"https:\/\/www.africa-press.net\/comores\/toutes-les-actualites\/conference-des-jeunes-sur-le-changement-climatique-coy19","og_locale":"fr_FR","og_type":"article","og_title":"Conf\u00e9rence des jeunes sur le changement climatique (COY19)","og_description":"Hier a\u0300 l\u2019ho\u0302tel Retaj ont de\u0301bute\u0301 les activite\u0301s de la 19e\u0300me Confe\u0301rence des jeunes sur le changement climatique ( ...","og_url":"https:\/\/www.africa-press.net\/comores\/toutes-les-actualites\/conference-des-jeunes-sur-le-changement-climatique-coy19","og_site_name":"Comores","article_published_time":"2023-11-27T18:44:46+00:00","article_modified_time":"2023-11-27T20:50:12+00:00","og_image":[{"width":1280,"height":853,"url":"https:\/\/static.africa-press.net\/centrafricaine\/sites\/48\/2023\/11\/sm_1701101949.378107.jpg","type":"image\/jpeg"}],"author":"cfeditorfr","twitter_card":"summary_large_image","twitter_misc":{"\u00c9crit par":"cfeditorfr","Dur\u00e9e de lecture estim\u00e9e":"3 minutes"},"schema":{"@context":"https:\/\/schema.org","@graph":[{"@type":"Article","@id":"https:\/\/www.africa-press.net\/comores\/toutes-les-actualites\/conference-des-jeunes-sur-le-changement-climatique-coy19#article","isPartOf":{"@id":"https:\/\/www.africa-press.net\/comores\/toutes-les-actualites\/conference-des-jeunes-sur-le-changement-climatique-coy19"},"author":{"name":"cfeditorfr","@id":"https:\/\/www.africa-press.net\/comores\/#\/schema\/person\/2b1cf3cd81a31e3cd26889ca66d677f1"},"headline":"Conf\u00e9rence des jeunes sur le changement climatique (COY19)","datePublished":"2023-11-27T18:44:46+00:00","dateModified":"2023-11-27T20:50:12+00:00","mainEntityOfPage":{"@id":"https:\/\/www.africa-press.net\/comores\/toutes-les-actualites\/conference-des-jeunes-sur-le-changement-climatique-coy19"},"wordCount":636,"commentCount":0,"image":{"@id":"https:\/\/www.africa-press.net\/comores\/toutes-les-actualites\/conference-des-jeunes-sur-le-changement-climatique-coy19#primaryimage"},"thumbnailUrl":"https:\/\/static.africa-press.net\/centrafricaine\/sites\/48\/2023\/11\/sm_1701101949.378107.jpg","keywords":["Africa Press","Africa Press-Comores","Comores"],"articleSection":["Communaut\u00e9","Toutes les actualit\u00e9s"],"inLanguage":"fr-FR","potentialAction":[{"@type":"CommentAction","name":"Comment","target":["https:\/\/www.africa-press.net\/comores\/toutes-les-actualites\/conference-des-jeunes-sur-le-changement-climatique-coy19#respond"]}]},{"@type":"WebPage","@id":"https:\/\/www.africa-press.net\/comores\/toutes-les-actualites\/conference-des-jeunes-sur-le-changement-climatique-coy19","url":"https:\/\/www.africa-press.net\/comores\/toutes-les-actualites\/conference-des-jeunes-sur-le-changement-climatique-coy19","name":"Conf\u00e9rence des jeunes sur le changement climatique (COY19) - Comores","isPartOf":{"@id":"https:\/\/www.africa-press.net\/comores\/#website"},"primaryImageOfPage":{"@id":"https:\/\/www.africa-press.net\/comores\/toutes-les-actualites\/conference-des-jeunes-sur-le-changement-climatique-coy19#primaryimage"},"image":{"@id":"https:\/\/www.africa-press.net\/comores\/toutes-les-actualites\/conference-des-jeunes-sur-le-changement-climatique-coy19#primaryimage"},"thumbnailUrl":"https:\/\/static.africa-press.net\/centrafricaine\/sites\/48\/2023\/11\/sm_1701101949.378107.jpg","datePublished":"2023-11-27T18:44:46+00:00","dateModified":"2023-11-27T20:50:12+00:00","author":{"@id":"https:\/\/www.africa-press.net\/comores\/#\/schema\/person\/2b1cf3cd81a31e3cd26889ca66d677f1"},"description":"Hier a\u0300 l\u2019ho\u0302tel Retaj ont de\u0301bute\u0301 les activite\u0301s de la 19e\u0300me Confe\u0301rence des jeunes sur le changement climatique ( ...","breadcrumb":{"@id":"https:\/\/www.africa-press.net\/comores\/toutes-les-actualites\/conference-des-jeunes-sur-le-changement-climatique-coy19#breadcrumb"},"inLanguage":"fr-FR","potentialAction":[{"@type":"ReadAction","target":["https:\/\/www.africa-press.net\/comores\/toutes-les-actualites\/conference-des-jeunes-sur-le-changement-climatique-coy19"]}]},{"@type":"ImageObject","inLanguage":"fr-FR","@id":"https:\/\/www.africa-press.net\/comores\/toutes-les-actualites\/conference-des-jeunes-sur-le-changement-climatique-coy19#primaryimage","url":"https:\/\/static.africa-press.net\/centrafricaine\/sites\/48\/2023\/11\/sm_1701101949.378107.jpg","contentUrl":"https:\/\/static.africa-press.net\/centrafricaine\/sites\/48\/2023\/11\/sm_1701101949.378107.jpg","width":1280,"height":853,"caption":"Conf\u00e9rence des jeunes sur le changement climatique (COY19)"},{"@type":"BreadcrumbList","@id":"https:\/\/www.africa-press.net\/comores\/toutes-les-actualites\/conference-des-jeunes-sur-le-changement-climatique-coy19#breadcrumb","itemListElement":[{"@type":"ListItem","position":1,"name":"Accueil","item":"https:\/\/www.africa-press.net\/comores\/"},{"@type":"ListItem","position":2,"name":"Conf\u00e9rence des jeunes sur le changement climatique (COY19)"}]},{"@type":"WebSite","@id":"https:\/\/www.africa-press.net\/comores\/#website","url":"https:\/\/www.africa-press.net\/comores\/","name":"Comores","description":"Just another Africa News Agency Sites site","potentialAction":[{"@type":"SearchAction","target":{"@type":"EntryPoint","urlTemplate":"https:\/\/www.africa-press.net\/comores\/?s={search_term_string}"},"query-input":{"@type":"PropertyValueSpecification","valueRequired":true,"valueName":"search_term_string"}}],"inLanguage":"fr-FR"},{"@type":"Person","@id":"https:\/\/www.africa-press.net\/comores\/#\/schema\/person\/2b1cf3cd81a31e3cd26889ca66d677f1","name":"cfeditorfr"}]}},"_links":{"self":[{"href":"https:\/\/www.africa-press.net\/comores\/wp-json\/wp\/v2\/posts\/14012","targetHints":{"allow":["GET"]}}],"collection":[{"href":"https:\/\/www.africa-press.net\/comores\/wp-json\/wp\/v2\/posts"}],"about":[{"href":"https:\/\/www.africa-press.net\/comores\/wp-json\/wp\/v2\/types\/post"}],"author":[{"embeddable":true,"href":"https:\/\/www.africa-press.net\/comores\/wp-json\/wp\/v2\/users\/82"}],"replies":[{"embeddable":true,"href":"https:\/\/www.africa-press.net\/comores\/wp-json\/wp\/v2\/comments?post=14012"}],"version-history":[{"count":0,"href":"https:\/\/www.africa-press.net\/comores\/wp-json\/wp\/v2\/posts\/14012\/revisions"}],"wp:featuredmedia":[{"embeddable":true,"href":"https:\/\/www.africa-press.net\/comores\/wp-json\/wp\/v2\/media\/14011"}],"wp:attachment":[{"href":"https:\/\/www.africa-press.net\/comores\/wp-json\/wp\/v2\/media?parent=14012"}],"wp:term":[{"taxonomy":"category","embeddable":true,"href":"https:\/\/www.africa-press.net\/comores\/wp-json\/wp\/v2\/categories?post=14012"},{"taxonomy":"post_tag","embeddable":true,"href":"https:\/\/www.africa-press.net\/comores\/wp-json\/wp\/v2\/tags?post=14012"}],"curies":[{"name":"wp","href":"https:\/\/api.w.org\/{rel}","templated":true}]}}