{"id":14014,"date":"2023-11-27T18:45:08","date_gmt":"2023-11-27T18:45:08","guid":{"rendered":"https:\/\/www.africa-press.net\/comores\/politique\/luniversite-des-comores-a-fete-ses-20-ans"},"modified":"2023-11-27T20:50:35","modified_gmt":"2023-11-27T20:50:35","slug":"luniversite-des-comores-a-fete-ses-20-ans","status":"publish","type":"post","link":"https:\/\/www.africa-press.net\/comores\/toutes-les-actualites\/luniversite-des-comores-a-fete-ses-20-ans","title":{"rendered":"L\u2019Universit\u00e9 des Comores a f\u00eat\u00e9 ses 20 ans"},"content":{"rendered":"<p><span style=\"color: #ff6600\"><strong>Africa-Press &#8211; Comores. <\/strong><\/span><b>Cre\u0301e\u0301e en 2003, sur initiative du Pre\u0301sident Azali Assoumani, l\u2019Universite\u0301 des Comores (UDC) ce\u0301le\u0300bre ses vingt anne\u0301es d\u2019existence. Sa mise en place a e\u0301te\u0301 une initiative majeure a\u0300 la fois pour la nation comorienne et pour les changements de\u0301cisifs qui se sont ope\u0301re\u0301s dans le syste\u0300me e\u0301ducatif comorien.<\/b><\/p>\n<p>Avant l\u2019ave\u0300nement de l\u2019UDC, les e\u0301tablissements d\u2019enseignement supe\u0301rieur ont e\u0301te\u0301 repre\u0301sente\u0301s par l\u2019Ecole Nationale d\u2019Enseignement Supe\u0301rieur (ENES) de Mvouni, l\u2019ISFR, l\u2019ENAC et l\u2019E\u0301cole de sante\u0301. Ces e\u0301tablissements ont e\u0301te\u0301 les premie\u0300res institutions post-bac ouvertes sur le territoire national juste apre\u0300s l\u2019accession du pays a\u0300 l\u2019inde\u0301pendance. En de\u0301pit du ro\u0302le central qu\u2019elles ont joue\u0301, ces institutions ont e\u0301te\u0301 confronte\u0301es a\u0300 de nombreux proble\u0300mes de capacite\u0301s, de fonctionnement et d\u2019insertion professionnelle de ses diplo\u0302me\u0301s.<\/p>\n<p>La mise en place de l\u2019UDC s\u2019est appuye\u0301e sur les e\u0301tablissements supe\u0301rieurs existants en faisant une refonte totale des programmes d\u2019enseignement. L\u2019instauration, de\u0300s 2005, du Syste\u0300me LMD (Licence, Master, Doctorat) a permis d\u2019initier plusieurs formations (Licence et masters) en lettres, sciences humaines, sciences islamiques, sciences sociales (droit, AES, sciences e\u0301conomiques et de gestion, sciences de la vie, sciences de la terre et de l\u2019environnement, mathe\u0301matiques, statistiques, physique-chimie, sante\u0301, etc. L\u2019UDC a su nouer des partenariats avec de nombreuses universite\u0301s dans le monde. Elle a gagne\u0301 en reconnaissance et en cre\u0301dibilite\u0301. Elle a su traverser ces vingt dernie\u0300res anne\u0301es en e\u0301vitant les e\u0301cueils et les multiples obstacles pour devenir une institution respectable et respecte\u0301e.<\/p>\n<p>L\u2019UDC offre aujourd\u2019hui un e\u0301ventail de formations organise\u0301es autour de 9 composantes, situe\u0301es dans 5 sites ou campus, re\u0301parties sur Ngazidja, Ndzuani et Mwali. Elle a eu, au cours de ces dernie\u0300res anne\u0301es, a\u0300 mettre en place des formations en Master. La mise en place d\u2019une e\u0301cole doctorale pluridisciplinaire est envisage\u0301e pour la prochaine rentre\u0301e. Il s\u2019agit d\u2019initier la formation des doctorants, de contribuer ainsi a\u0300 la promotion de la recherche et de de\u0301velopper son rayonnement a\u0300 l\u2019international.<\/p>\n<p>Elle fait cependant face a\u0300 des de\u0301fis majeurs parmi lesquels le de\u0301calage croissant entre ses capacite\u0301s d\u2019accueil et les effectifs e\u0301tudiants et aussi une offre de formation domine\u0301e par un faible nombre de filie\u0300res professionnelles et des filie\u0300res ge\u0301ne\u0301rales dont l\u2019efficacite\u0301 est moindre en termes d\u2019employabilite\u0301 des diplo\u0302me\u0301s et e\u0301galement sans une ade\u0301quation re\u0301elle avec les besoins de de\u0301veloppement du pays.<\/p>\n<p>L\u2019UDC est confronte\u0301 a\u0300 des proble\u0300mes de capacite\u0301s lie\u0301s a\u0300 une recherche encore balbutiante malgre\u0301 l\u2019augmentation progressive des titulaires de doctorats, une faible articulation de ses composantes avec le monde e\u0301conomique et des ressources financie\u0300res limite\u0301es pour assurer son autonomie budge\u0301taire et administrative ainsi que ses missions et son bon fonctionnement. Le chemin parcouru par l\u2019UDC a e\u0301te\u0301 certes ardu et parseme\u0301s de nombreuses difficulte\u0301s mais les acquis obtenus permettent d\u2019envisager son de\u0301veloppement.<\/p>\n<p>A l\u2019issue de la journe\u0301e de re\u0301flexions et de ce\u0301le\u0301bration organise\u0301e au Palais du Peuple, jeudi dernier, les participants ont salue\u0301 avec force l\u2019initiative de cre\u0301er l\u2019Universite\u0301 et se sont fe\u0301licite\u0301s des acquis pose\u0301s, malgre\u0301 certaines insuffisances. Les participants souhaitent voir e\u0301voluer le Ministe\u0300re de l\u2019Education Nationale pour mieux renforcer la politique du gouvernement sur l\u2019enseignement supe\u0301rieur en relation avec le de\u0301veloppement fulgurant de l\u2019Universite\u0301 des Comores. Ils ont souligne\u0301 que le deuxie\u0300me levier est de poursuivre les initiatives en cours qui sont prometteuses et salue\u0301s comme telles. Ils demandent toutefois de mobiliser les moyens pour la promotion et l\u2019enseignement de la langue comorienne dans le syste\u0300me e\u0301ducatif comorien en ge\u0301ne\u0301ral et a\u0300 l\u2019universite\u0301 en particulier. Les mutations en cours sont symbolise\u0301es par le passage de l\u2019Ecole de Me\u0301decine et de Sante\u0301 Publique (EMSP) en Faculte\u0301 de Me\u0301decine ceci gra\u0302ce a\u0300 l\u2019ouverture prochaine du Centre Hospitalier Universitaire de El-Maarouf, ainsi que la mise en place d\u2019une Ecole Doctorale Multidisciplinaire et la nume\u0301risation de l\u2019UDC.<\/p>\n<p>Concernant le financement de l\u2019UDC, des pistes ont e\u0301te\u0301 identifie\u0301es notamment la cre\u0301ation et acquisition d\u2019une expertise de haut niveau pour pouvoir drainer fonds de\u0301die\u0301s aux consultations et ou a\u0300 l\u2019expertise dans le cadre des projets et des initiatives de l\u2019Etat, la gestion de l\u2019Universite\u0301 avec une approche d\u2019entreprise pour mieux participer en interne aux financements de l\u2019Universite\u0301 et le tout est de parvenir a\u0300 un budget e\u0301quilibre\u0301 de l\u2019Universite\u0301 et assure\u0301 un financement croise\u0301 entre l\u2019Etat Comorien, l\u2019Universite\u0301 et ses partenaires.<\/p>\n<p>Quant aux partenariats, l\u2019accent a e\u0301te\u0301 mis sur les conventions avec les autres universite\u0301s pour favoriser les mobilite\u0301s et diversifier les offres de formations, les co-diplomations, les de\u0301localisations de formations les the\u0301matiques de recherche re\u0301gionales et le de\u0301veloppement de la Coope\u0301ration sud-sud avec des institutions qui ont des conditions d\u2019accueil abordables. Les enjeux et les de\u0301fis pour les prochaines anne\u0301es sont multiples et varie\u0301s. Elle doit e\u0301crire une nouvelle page en e\u0301tant guide\u0301 par l&rsquo;ambition de son rapprochement avec le monde e\u0301conomique mais aussi intellectuel, la que\u0302te perpe\u0301tuelle de renforcement des capacite\u0301s de son personnel, le souci permanent d\u2019\u0153uvrer pour une offre universitaire de qualite\u0301 et pour le renforcement d\u2019une recherche oriente\u0301e vers le de\u0301veloppement du pays.<\/p>\n<p><strong>Pour plus d&rsquo;informations et d&rsquo;analyses sur la <a href=\"https:\/\/www.africa-press.net\/comores\">Comores<\/a>, suivez <a href=\"https:\/\/www.africa-press.net\/\">Africa-Press<\/a><\/strong><\/p>\n","protected":false},"excerpt":{"rendered":"<p>Africa-Press &#8211; Comores. Cre\u0301e\u0301e en 2003, sur initiative du Pre\u0301sident Azali Assoumani, l\u2019Universite\u0301 des Comores (UDC) ce\u0301le\u0300bre ses vingt anne\u0301es d\u2019existence. Sa mise en place a e\u0301te\u0301 une initiative majeure a\u0300 la fois pour la nation comorienne et pour les changements de\u0301cisifs qui se sont ope\u0301re\u0301s dans le syste\u0300me e\u0301ducatif comorien. Avant l\u2019ave\u0300nement de l\u2019UDC, [&hellip;]<\/p>\n","protected":false},"author":82,"featured_media":14013,"comment_status":"open","ping_status":"closed","sticky":false,"template":"","format":"standard","meta":{"footnotes":""},"categories":[21,10],"tags":[36,53,45],"class_list":["post-14014","post","type-post","status-publish","format-standard","has-post-thumbnail","hentry","category-communaute","category-toutes-les-actualites","tag-africa-press","tag-africa-press-comores","tag-comores"],"yoast_head":"<!-- This site is optimized with the Yoast SEO Premium plugin v26.1 (Yoast SEO v27.0) - https:\/\/yoast.com\/product\/yoast-seo-premium-wordpress\/ -->\n<title>L\u2019Universit\u00e9 des Comores a f\u00eat\u00e9 ses 20 ans - Comores<\/title>\n<meta name=\"description\" content=\"Cre\u0301e\u0301e en 2003, sur initiative du Pre\u0301sident Azali Assoumani, l\u2019Universite\u0301 des Comores (UDC) ce\u0301le\u0300bre ses vingt an ...\" \/>\n<meta name=\"robots\" content=\"index, follow, max-snippet:-1, max-image-preview:large, max-video-preview:-1\" \/>\n<link rel=\"canonical\" href=\"https:\/\/www.africa-press.net\/comores\/toutes-les-actualites\/luniversite-des-comores-a-fete-ses-20-ans\" \/>\n<meta property=\"og:locale\" content=\"fr_FR\" \/>\n<meta property=\"og:type\" content=\"article\" \/>\n<meta property=\"og:title\" content=\"L\u2019Universit\u00e9 des Comores a f\u00eat\u00e9 ses 20 ans\" \/>\n<meta property=\"og:description\" content=\"Cre\u0301e\u0301e en 2003, sur initiative du Pre\u0301sident Azali Assoumani, l\u2019Universite\u0301 des Comores (UDC) ce\u0301le\u0300bre ses vingt an ...\" \/>\n<meta property=\"og:url\" content=\"https:\/\/www.africa-press.net\/comores\/toutes-les-actualites\/luniversite-des-comores-a-fete-ses-20-ans\" \/>\n<meta property=\"og:site_name\" content=\"Comores\" \/>\n<meta property=\"article:published_time\" content=\"2023-11-27T18:45:08+00:00\" \/>\n<meta property=\"article:modified_time\" content=\"2023-11-27T20:50:35+00:00\" \/>\n<meta property=\"og:image\" content=\"https:\/\/static.africa-press.net\/centrafricaine\/sites\/48\/2023\/11\/sm_1701101970.90265.jpg\" \/>\n\t<meta property=\"og:image:width\" content=\"1020\" \/>\n\t<meta property=\"og:image:height\" content=\"459\" \/>\n\t<meta property=\"og:image:type\" content=\"image\/jpeg\" \/>\n<meta name=\"author\" content=\"cfeditorfr\" \/>\n<meta name=\"twitter:card\" content=\"summary_large_image\" \/>\n<meta name=\"twitter:label1\" content=\"\u00c9crit par\" \/>\n\t<meta name=\"twitter:data1\" content=\"cfeditorfr\" \/>\n\t<meta name=\"twitter:label2\" content=\"Dur\u00e9e de lecture estim\u00e9e\" \/>\n\t<meta name=\"twitter:data2\" content=\"5 minutes\" \/>\n<script type=\"application\/ld+json\" class=\"yoast-schema-graph\">{\"@context\":\"https:\/\/schema.org\",\"@graph\":[{\"@type\":\"Article\",\"@id\":\"https:\/\/www.africa-press.net\/comores\/toutes-les-actualites\/luniversite-des-comores-a-fete-ses-20-ans#article\",\"isPartOf\":{\"@id\":\"https:\/\/www.africa-press.net\/comores\/toutes-les-actualites\/luniversite-des-comores-a-fete-ses-20-ans\"},\"author\":{\"name\":\"cfeditorfr\",\"@id\":\"https:\/\/www.africa-press.net\/comores\/#\/schema\/person\/2b1cf3cd81a31e3cd26889ca66d677f1\"},\"headline\":\"L\u2019Universit\u00e9 des Comores a f\u00eat\u00e9 ses 20 ans\",\"datePublished\":\"2023-11-27T18:45:08+00:00\",\"dateModified\":\"2023-11-27T20:50:35+00:00\",\"mainEntityOfPage\":{\"@id\":\"https:\/\/www.africa-press.net\/comores\/toutes-les-actualites\/luniversite-des-comores-a-fete-ses-20-ans\"},\"wordCount\":1021,\"commentCount\":0,\"image\":{\"@id\":\"https:\/\/www.africa-press.net\/comores\/toutes-les-actualites\/luniversite-des-comores-a-fete-ses-20-ans#primaryimage\"},\"thumbnailUrl\":\"https:\/\/static.africa-press.net\/centrafricaine\/sites\/48\/2023\/11\/sm_1701101970.90265.jpg\",\"keywords\":[\"Africa Press\",\"Africa Press-Comores\",\"Comores\"],\"articleSection\":[\"Communaut\u00e9\",\"Toutes les actualit\u00e9s\"],\"inLanguage\":\"fr-FR\",\"potentialAction\":[{\"@type\":\"CommentAction\",\"name\":\"Comment\",\"target\":[\"https:\/\/www.africa-press.net\/comores\/toutes-les-actualites\/luniversite-des-comores-a-fete-ses-20-ans#respond\"]}]},{\"@type\":\"WebPage\",\"@id\":\"https:\/\/www.africa-press.net\/comores\/toutes-les-actualites\/luniversite-des-comores-a-fete-ses-20-ans\",\"url\":\"https:\/\/www.africa-press.net\/comores\/toutes-les-actualites\/luniversite-des-comores-a-fete-ses-20-ans\",\"name\":\"L\u2019Universit\u00e9 des Comores a f\u00eat\u00e9 ses 20 ans - Comores\",\"isPartOf\":{\"@id\":\"https:\/\/www.africa-press.net\/comores\/#website\"},\"primaryImageOfPage\":{\"@id\":\"https:\/\/www.africa-press.net\/comores\/toutes-les-actualites\/luniversite-des-comores-a-fete-ses-20-ans#primaryimage\"},\"image\":{\"@id\":\"https:\/\/www.africa-press.net\/comores\/toutes-les-actualites\/luniversite-des-comores-a-fete-ses-20-ans#primaryimage\"},\"thumbnailUrl\":\"https:\/\/static.africa-press.net\/centrafricaine\/sites\/48\/2023\/11\/sm_1701101970.90265.jpg\",\"datePublished\":\"2023-11-27T18:45:08+00:00\",\"dateModified\":\"2023-11-27T20:50:35+00:00\",\"author\":{\"@id\":\"https:\/\/www.africa-press.net\/comores\/#\/schema\/person\/2b1cf3cd81a31e3cd26889ca66d677f1\"},\"description\":\"Cre\u0301e\u0301e en 2003, sur initiative du Pre\u0301sident Azali Assoumani, l\u2019Universite\u0301 des Comores (UDC) ce\u0301le\u0300bre ses vingt an ...\",\"breadcrumb\":{\"@id\":\"https:\/\/www.africa-press.net\/comores\/toutes-les-actualites\/luniversite-des-comores-a-fete-ses-20-ans#breadcrumb\"},\"inLanguage\":\"fr-FR\",\"potentialAction\":[{\"@type\":\"ReadAction\",\"target\":[\"https:\/\/www.africa-press.net\/comores\/toutes-les-actualites\/luniversite-des-comores-a-fete-ses-20-ans\"]}]},{\"@type\":\"ImageObject\",\"inLanguage\":\"fr-FR\",\"@id\":\"https:\/\/www.africa-press.net\/comores\/toutes-les-actualites\/luniversite-des-comores-a-fete-ses-20-ans#primaryimage\",\"url\":\"https:\/\/static.africa-press.net\/centrafricaine\/sites\/48\/2023\/11\/sm_1701101970.90265.jpg\",\"contentUrl\":\"https:\/\/static.africa-press.net\/centrafricaine\/sites\/48\/2023\/11\/sm_1701101970.90265.jpg\",\"width\":1020,\"height\":459,\"caption\":\"L\u2019Universit\u00e9 des Comores a f\u00eat\u00e9 ses 20 ans\"},{\"@type\":\"BreadcrumbList\",\"@id\":\"https:\/\/www.africa-press.net\/comores\/toutes-les-actualites\/luniversite-des-comores-a-fete-ses-20-ans#breadcrumb\",\"itemListElement\":[{\"@type\":\"ListItem\",\"position\":1,\"name\":\"Accueil\",\"item\":\"https:\/\/www.africa-press.net\/comores\/\"},{\"@type\":\"ListItem\",\"position\":2,\"name\":\"L\u2019Universit\u00e9 des Comores a f\u00eat\u00e9 ses 20 ans\"}]},{\"@type\":\"WebSite\",\"@id\":\"https:\/\/www.africa-press.net\/comores\/#website\",\"url\":\"https:\/\/www.africa-press.net\/comores\/\",\"name\":\"Comores\",\"description\":\"Just another Africa News Agency Sites site\",\"potentialAction\":[{\"@type\":\"SearchAction\",\"target\":{\"@type\":\"EntryPoint\",\"urlTemplate\":\"https:\/\/www.africa-press.net\/comores\/?s={search_term_string}\"},\"query-input\":{\"@type\":\"PropertyValueSpecification\",\"valueRequired\":true,\"valueName\":\"search_term_string\"}}],\"inLanguage\":\"fr-FR\"},{\"@type\":\"Person\",\"@id\":\"https:\/\/www.africa-press.net\/comores\/#\/schema\/person\/2b1cf3cd81a31e3cd26889ca66d677f1\",\"name\":\"cfeditorfr\"}]}<\/script>\n<!-- \/ Yoast SEO Premium plugin. -->","yoast_head_json":{"title":"L\u2019Universit\u00e9 des Comores a f\u00eat\u00e9 ses 20 ans - Comores","description":"Cre\u0301e\u0301e en 2003, sur initiative du Pre\u0301sident Azali Assoumani, l\u2019Universite\u0301 des Comores (UDC) ce\u0301le\u0300bre ses vingt an ...","robots":{"index":"index","follow":"follow","max-snippet":"max-snippet:-1","max-image-preview":"max-image-preview:large","max-video-preview":"max-video-preview:-1"},"canonical":"https:\/\/www.africa-press.net\/comores\/toutes-les-actualites\/luniversite-des-comores-a-fete-ses-20-ans","og_locale":"fr_FR","og_type":"article","og_title":"L\u2019Universit\u00e9 des Comores a f\u00eat\u00e9 ses 20 ans","og_description":"Cre\u0301e\u0301e en 2003, sur initiative du Pre\u0301sident Azali Assoumani, l\u2019Universite\u0301 des Comores (UDC) ce\u0301le\u0300bre ses vingt an ...","og_url":"https:\/\/www.africa-press.net\/comores\/toutes-les-actualites\/luniversite-des-comores-a-fete-ses-20-ans","og_site_name":"Comores","article_published_time":"2023-11-27T18:45:08+00:00","article_modified_time":"2023-11-27T20:50:35+00:00","og_image":[{"width":1020,"height":459,"url":"https:\/\/static.africa-press.net\/centrafricaine\/sites\/48\/2023\/11\/sm_1701101970.90265.jpg","type":"image\/jpeg"}],"author":"cfeditorfr","twitter_card":"summary_large_image","twitter_misc":{"\u00c9crit par":"cfeditorfr","Dur\u00e9e de lecture estim\u00e9e":"5 minutes"},"schema":{"@context":"https:\/\/schema.org","@graph":[{"@type":"Article","@id":"https:\/\/www.africa-press.net\/comores\/toutes-les-actualites\/luniversite-des-comores-a-fete-ses-20-ans#article","isPartOf":{"@id":"https:\/\/www.africa-press.net\/comores\/toutes-les-actualites\/luniversite-des-comores-a-fete-ses-20-ans"},"author":{"name":"cfeditorfr","@id":"https:\/\/www.africa-press.net\/comores\/#\/schema\/person\/2b1cf3cd81a31e3cd26889ca66d677f1"},"headline":"L\u2019Universit\u00e9 des Comores a f\u00eat\u00e9 ses 20 ans","datePublished":"2023-11-27T18:45:08+00:00","dateModified":"2023-11-27T20:50:35+00:00","mainEntityOfPage":{"@id":"https:\/\/www.africa-press.net\/comores\/toutes-les-actualites\/luniversite-des-comores-a-fete-ses-20-ans"},"wordCount":1021,"commentCount":0,"image":{"@id":"https:\/\/www.africa-press.net\/comores\/toutes-les-actualites\/luniversite-des-comores-a-fete-ses-20-ans#primaryimage"},"thumbnailUrl":"https:\/\/static.africa-press.net\/centrafricaine\/sites\/48\/2023\/11\/sm_1701101970.90265.jpg","keywords":["Africa Press","Africa Press-Comores","Comores"],"articleSection":["Communaut\u00e9","Toutes les actualit\u00e9s"],"inLanguage":"fr-FR","potentialAction":[{"@type":"CommentAction","name":"Comment","target":["https:\/\/www.africa-press.net\/comores\/toutes-les-actualites\/luniversite-des-comores-a-fete-ses-20-ans#respond"]}]},{"@type":"WebPage","@id":"https:\/\/www.africa-press.net\/comores\/toutes-les-actualites\/luniversite-des-comores-a-fete-ses-20-ans","url":"https:\/\/www.africa-press.net\/comores\/toutes-les-actualites\/luniversite-des-comores-a-fete-ses-20-ans","name":"L\u2019Universit\u00e9 des Comores a f\u00eat\u00e9 ses 20 ans - Comores","isPartOf":{"@id":"https:\/\/www.africa-press.net\/comores\/#website"},"primaryImageOfPage":{"@id":"https:\/\/www.africa-press.net\/comores\/toutes-les-actualites\/luniversite-des-comores-a-fete-ses-20-ans#primaryimage"},"image":{"@id":"https:\/\/www.africa-press.net\/comores\/toutes-les-actualites\/luniversite-des-comores-a-fete-ses-20-ans#primaryimage"},"thumbnailUrl":"https:\/\/static.africa-press.net\/centrafricaine\/sites\/48\/2023\/11\/sm_1701101970.90265.jpg","datePublished":"2023-11-27T18:45:08+00:00","dateModified":"2023-11-27T20:50:35+00:00","author":{"@id":"https:\/\/www.africa-press.net\/comores\/#\/schema\/person\/2b1cf3cd81a31e3cd26889ca66d677f1"},"description":"Cre\u0301e\u0301e en 2003, sur initiative du Pre\u0301sident Azali Assoumani, l\u2019Universite\u0301 des Comores (UDC) ce\u0301le\u0300bre ses vingt an ...","breadcrumb":{"@id":"https:\/\/www.africa-press.net\/comores\/toutes-les-actualites\/luniversite-des-comores-a-fete-ses-20-ans#breadcrumb"},"inLanguage":"fr-FR","potentialAction":[{"@type":"ReadAction","target":["https:\/\/www.africa-press.net\/comores\/toutes-les-actualites\/luniversite-des-comores-a-fete-ses-20-ans"]}]},{"@type":"ImageObject","inLanguage":"fr-FR","@id":"https:\/\/www.africa-press.net\/comores\/toutes-les-actualites\/luniversite-des-comores-a-fete-ses-20-ans#primaryimage","url":"https:\/\/static.africa-press.net\/centrafricaine\/sites\/48\/2023\/11\/sm_1701101970.90265.jpg","contentUrl":"https:\/\/static.africa-press.net\/centrafricaine\/sites\/48\/2023\/11\/sm_1701101970.90265.jpg","width":1020,"height":459,"caption":"L\u2019Universit\u00e9 des Comores a f\u00eat\u00e9 ses 20 ans"},{"@type":"BreadcrumbList","@id":"https:\/\/www.africa-press.net\/comores\/toutes-les-actualites\/luniversite-des-comores-a-fete-ses-20-ans#breadcrumb","itemListElement":[{"@type":"ListItem","position":1,"name":"Accueil","item":"https:\/\/www.africa-press.net\/comores\/"},{"@type":"ListItem","position":2,"name":"L\u2019Universit\u00e9 des Comores a f\u00eat\u00e9 ses 20 ans"}]},{"@type":"WebSite","@id":"https:\/\/www.africa-press.net\/comores\/#website","url":"https:\/\/www.africa-press.net\/comores\/","name":"Comores","description":"Just another Africa News Agency Sites site","potentialAction":[{"@type":"SearchAction","target":{"@type":"EntryPoint","urlTemplate":"https:\/\/www.africa-press.net\/comores\/?s={search_term_string}"},"query-input":{"@type":"PropertyValueSpecification","valueRequired":true,"valueName":"search_term_string"}}],"inLanguage":"fr-FR"},{"@type":"Person","@id":"https:\/\/www.africa-press.net\/comores\/#\/schema\/person\/2b1cf3cd81a31e3cd26889ca66d677f1","name":"cfeditorfr"}]}},"_links":{"self":[{"href":"https:\/\/www.africa-press.net\/comores\/wp-json\/wp\/v2\/posts\/14014","targetHints":{"allow":["GET"]}}],"collection":[{"href":"https:\/\/www.africa-press.net\/comores\/wp-json\/wp\/v2\/posts"}],"about":[{"href":"https:\/\/www.africa-press.net\/comores\/wp-json\/wp\/v2\/types\/post"}],"author":[{"embeddable":true,"href":"https:\/\/www.africa-press.net\/comores\/wp-json\/wp\/v2\/users\/82"}],"replies":[{"embeddable":true,"href":"https:\/\/www.africa-press.net\/comores\/wp-json\/wp\/v2\/comments?post=14014"}],"version-history":[{"count":0,"href":"https:\/\/www.africa-press.net\/comores\/wp-json\/wp\/v2\/posts\/14014\/revisions"}],"wp:featuredmedia":[{"embeddable":true,"href":"https:\/\/www.africa-press.net\/comores\/wp-json\/wp\/v2\/media\/14013"}],"wp:attachment":[{"href":"https:\/\/www.africa-press.net\/comores\/wp-json\/wp\/v2\/media?parent=14014"}],"wp:term":[{"taxonomy":"category","embeddable":true,"href":"https:\/\/www.africa-press.net\/comores\/wp-json\/wp\/v2\/categories?post=14014"},{"taxonomy":"post_tag","embeddable":true,"href":"https:\/\/www.africa-press.net\/comores\/wp-json\/wp\/v2\/tags?post=14014"}],"curies":[{"name":"wp","href":"https:\/\/api.w.org\/{rel}","templated":true}]}}