{"id":14016,"date":"2023-11-27T18:50:08","date_gmt":"2023-11-27T18:50:08","guid":{"rendered":"https:\/\/www.africa-press.net\/comores\/politique\/vers-une-harmonisation-des-services-des-impots-et-des-douanes"},"modified":"2023-11-27T20:50:55","modified_gmt":"2023-11-27T20:50:55","slug":"vers-une-harmonisation-des-services-des-impots-et-des-douanes","status":"publish","type":"post","link":"https:\/\/www.africa-press.net\/comores\/economie\/vers-une-harmonisation-des-services-des-impots-et-des-douanes","title":{"rendered":"Vers une harmonisation des services des imp\u00f4ts et des douanes"},"content":{"rendered":"<p><span style=\"color: #ff6600\"><strong>Africa-Press &#8211; Comores. <\/strong><\/span><b>La 5e re\u0301union du comite\u0301 de pilotage du projet PAGF s\u2019est tenue samedi dernier a\u0300 Moroni. C\u2019e\u0301tait l\u2019occasion pour le ministre des finances d\u2019annoncer la mise place d&rsquo;un me\u0301canisme d&rsquo;appui a\u0300 la mobilisation des ressources a\u0300 travers les services de douane et des impo\u0302ts. <\/b><\/p>\n<p>La 5e re\u0301union du comite\u0301 de pilotage du projet d&rsquo;appui a\u0300 la gouvernance financie\u0300re (PAGF) s\u2019est tenue samedi dernier pour e\u0301valuer la capacite\u0301 des ressources financie\u0300res destine\u0301es au financement des projets de de\u0301veloppement. Devant la presse, le ministre des finances Mze Abdou Mohamed Chanfiou a regrette\u0301 a montre\u0301 que la capacite\u0301 actuelle des ressources financie\u0300res est de 37%. Un taux moyennement faible selon lui. \u00ab C&rsquo;est la raison pour laquelle nous voudrions ame\u0301liorer les axes de mobilisation surtout de cre\u0301er d&rsquo;autres axes dans le sens de soutenir les services de douanes, des impo\u0302ts et du tre\u0301sor dans but d&rsquo;ame\u0301liorer la mobilisation des ressources \u00bb, dit-il.<\/p>\n<p>Interroge\u0301 sur la volonte\u0301 de soutenir beaucoup plus les services de douanes et des impo\u0302ts, l\u2019argentier de l\u2019Etat avance que la plupart de nos ope\u0301rateurs e\u0301conomiques passent par la douane pour effectuer leurs transactions commerciales respectives. \u00ab Est-ce que ces ope\u0301rateurs sont e\u0301galement identifie\u0301s au niveau des impo\u0302ts ? Les travaux que nous avons re\u0301alise\u0301s pendant trois mois ont de\u0301montre\u0301 que 60% ne sont pas identifie\u0301s au niveau de l\u2019administration fiscale. Donc il est temps d&rsquo;interfacer les donne\u0301es des douanes et des impo\u0302ts pour que chacun soit identifie\u0301 et puisse contribuer comme il se doit comme le pre\u0301voit la loi de finance au pre\u0301le\u0300vement fiscal et au financement du de\u0301veloppement \u00bb, souligne-t-il.<\/p>\n<p>Dans ce me\u0302me e\u0301lan, le ministre des finances s&rsquo;est re\u0301joui de la mise en place du projet d&rsquo;appui a\u0300 la gouvernance au service du syste\u0300me d&rsquo;information. \u00ab De\u0300s le de\u0301but de l&rsquo;anne\u0301e prochaine, nous allons mettre le projet d&rsquo;appui a\u0300 gouvernance au service de l&rsquo;information. Comme vous le savez, le pre\u0301sident de la Re\u0301publique a signe\u0301 dernie\u0300rement un de\u0301cret qui ame\u0301liore l&rsquo;organisation du ministe\u0300re. Bien e\u0301videmment des nouvelles directions seront cre\u0301e\u0301es plus particulie\u0300rement la direction du syste\u0300me d&rsquo;information ayant pour but de de\u0301ployer l&rsquo;ensemble des actions en termes d&rsquo;information pour que nos ressources inte\u0301rieures soient ame\u0301liore\u0301es et participent au financement du de\u0301veloppement du pays \u00bb, annonce-t-il. Le ministre a fait comprendre que la mise en place de ces projets aidera le ministe\u0300re a\u0300 ame\u0301liorer ses capacite\u0301s de mobilisation des ressources et d&rsquo;optimiser leur gestion.<\/p>\n<p><strong>Pour plus d&rsquo;informations et d&rsquo;analyses sur la <a href=\"https:\/\/www.africa-press.net\/comores\">Comores<\/a>, suivez <a href=\"https:\/\/www.africa-press.net\/\">Africa-Press<\/a><\/strong><\/p>\n","protected":false},"excerpt":{"rendered":"<p>Africa-Press &#8211; Comores. La 5e re\u0301union du comite\u0301 de pilotage du projet PAGF s\u2019est tenue samedi dernier a\u0300 Moroni. C\u2019e\u0301tait l\u2019occasion pour le ministre des finances d\u2019annoncer la mise place d&rsquo;un me\u0301canisme d&rsquo;appui a\u0300 la mobilisation des ressources a\u0300 travers les services de douane et des impo\u0302ts. La 5e re\u0301union du comite\u0301 de pilotage du [&hellip;]<\/p>\n","protected":false},"author":82,"featured_media":14015,"comment_status":"open","ping_status":"closed","sticky":false,"template":"","format":"standard","meta":{"footnotes":""},"categories":[3,20,10],"tags":[36,53,45],"class_list":["post-14016","post","type-post","status-publish","format-standard","has-post-thumbnail","hentry","category-economie","category-top-nouvelles","category-toutes-les-actualites","tag-africa-press","tag-africa-press-comores","tag-comores"],"yoast_head":"<!-- This site is optimized with the Yoast SEO Premium plugin v26.1 (Yoast SEO v27.0) - https:\/\/yoast.com\/product\/yoast-seo-premium-wordpress\/ -->\n<title>Vers une harmonisation des services des imp\u00f4ts et des douanes - Comores<\/title>\n<meta name=\"description\" content=\"La 5e re\u0301union du comite\u0301 de pilotage du projet PAGF s\u2019est tenue samedi dernier a\u0300 Moroni. C\u2019e\u0301tait l\u2019occasion pour l ...\" \/>\n<meta name=\"robots\" content=\"index, follow, max-snippet:-1, max-image-preview:large, max-video-preview:-1\" \/>\n<link rel=\"canonical\" href=\"https:\/\/www.africa-press.net\/comores\/economie\/vers-une-harmonisation-des-services-des-impots-et-des-douanes\" \/>\n<meta property=\"og:locale\" content=\"fr_FR\" \/>\n<meta property=\"og:type\" content=\"article\" \/>\n<meta property=\"og:title\" content=\"Vers une harmonisation des services des imp\u00f4ts et des douanes\" \/>\n<meta property=\"og:description\" content=\"La 5e re\u0301union du comite\u0301 de pilotage du projet PAGF s\u2019est tenue samedi dernier a\u0300 Moroni. C\u2019e\u0301tait l\u2019occasion pour l ...\" \/>\n<meta property=\"og:url\" content=\"https:\/\/www.africa-press.net\/comores\/economie\/vers-une-harmonisation-des-services-des-impots-et-des-douanes\" \/>\n<meta property=\"og:site_name\" content=\"Comores\" \/>\n<meta property=\"article:published_time\" content=\"2023-11-27T18:50:08+00:00\" \/>\n<meta property=\"article:modified_time\" content=\"2023-11-27T20:50:55+00:00\" \/>\n<meta property=\"og:image\" content=\"https:\/\/static.africa-press.net\/centrafricaine\/sites\/48\/2023\/11\/sm_1701101990.53189.jpg\" \/>\n\t<meta property=\"og:image:width\" content=\"1008\" \/>\n\t<meta property=\"og:image:height\" content=\"567\" \/>\n\t<meta property=\"og:image:type\" content=\"image\/jpeg\" \/>\n<meta name=\"author\" content=\"cfeditorfr\" \/>\n<meta name=\"twitter:card\" content=\"summary_large_image\" \/>\n<meta name=\"twitter:label1\" content=\"\u00c9crit par\" \/>\n\t<meta name=\"twitter:data1\" content=\"cfeditorfr\" \/>\n\t<meta name=\"twitter:label2\" content=\"Dur\u00e9e de lecture estim\u00e9e\" \/>\n\t<meta name=\"twitter:data2\" content=\"2 minutes\" \/>\n<script type=\"application\/ld+json\" class=\"yoast-schema-graph\">{\"@context\":\"https:\/\/schema.org\",\"@graph\":[{\"@type\":\"Article\",\"@id\":\"https:\/\/www.africa-press.net\/comores\/economie\/vers-une-harmonisation-des-services-des-impots-et-des-douanes#article\",\"isPartOf\":{\"@id\":\"https:\/\/www.africa-press.net\/comores\/economie\/vers-une-harmonisation-des-services-des-impots-et-des-douanes\"},\"author\":{\"name\":\"cfeditorfr\",\"@id\":\"https:\/\/www.africa-press.net\/comores\/#\/schema\/person\/2b1cf3cd81a31e3cd26889ca66d677f1\"},\"headline\":\"Vers une harmonisation des services des imp\u00f4ts et des douanes\",\"datePublished\":\"2023-11-27T18:50:08+00:00\",\"dateModified\":\"2023-11-27T20:50:55+00:00\",\"mainEntityOfPage\":{\"@id\":\"https:\/\/www.africa-press.net\/comores\/economie\/vers-une-harmonisation-des-services-des-impots-et-des-douanes\"},\"wordCount\":497,\"commentCount\":0,\"image\":{\"@id\":\"https:\/\/www.africa-press.net\/comores\/economie\/vers-une-harmonisation-des-services-des-impots-et-des-douanes#primaryimage\"},\"thumbnailUrl\":\"https:\/\/static.africa-press.net\/centrafricaine\/sites\/48\/2023\/11\/sm_1701101990.53189.jpg\",\"keywords\":[\"Africa Press\",\"Africa Press-Comores\",\"Comores\"],\"articleSection\":[\"\u00c9conomie\",\"Top Nouvelles\",\"Toutes les actualit\u00e9s\"],\"inLanguage\":\"fr-FR\",\"potentialAction\":[{\"@type\":\"CommentAction\",\"name\":\"Comment\",\"target\":[\"https:\/\/www.africa-press.net\/comores\/economie\/vers-une-harmonisation-des-services-des-impots-et-des-douanes#respond\"]}]},{\"@type\":\"WebPage\",\"@id\":\"https:\/\/www.africa-press.net\/comores\/economie\/vers-une-harmonisation-des-services-des-impots-et-des-douanes\",\"url\":\"https:\/\/www.africa-press.net\/comores\/economie\/vers-une-harmonisation-des-services-des-impots-et-des-douanes\",\"name\":\"Vers une harmonisation des services des imp\u00f4ts et des douanes - Comores\",\"isPartOf\":{\"@id\":\"https:\/\/www.africa-press.net\/comores\/#website\"},\"primaryImageOfPage\":{\"@id\":\"https:\/\/www.africa-press.net\/comores\/economie\/vers-une-harmonisation-des-services-des-impots-et-des-douanes#primaryimage\"},\"image\":{\"@id\":\"https:\/\/www.africa-press.net\/comores\/economie\/vers-une-harmonisation-des-services-des-impots-et-des-douanes#primaryimage\"},\"thumbnailUrl\":\"https:\/\/static.africa-press.net\/centrafricaine\/sites\/48\/2023\/11\/sm_1701101990.53189.jpg\",\"datePublished\":\"2023-11-27T18:50:08+00:00\",\"dateModified\":\"2023-11-27T20:50:55+00:00\",\"author\":{\"@id\":\"https:\/\/www.africa-press.net\/comores\/#\/schema\/person\/2b1cf3cd81a31e3cd26889ca66d677f1\"},\"description\":\"La 5e re\u0301union du comite\u0301 de pilotage du projet PAGF s\u2019est tenue samedi dernier a\u0300 Moroni. C\u2019e\u0301tait l\u2019occasion pour l ...\",\"breadcrumb\":{\"@id\":\"https:\/\/www.africa-press.net\/comores\/economie\/vers-une-harmonisation-des-services-des-impots-et-des-douanes#breadcrumb\"},\"inLanguage\":\"fr-FR\",\"potentialAction\":[{\"@type\":\"ReadAction\",\"target\":[\"https:\/\/www.africa-press.net\/comores\/economie\/vers-une-harmonisation-des-services-des-impots-et-des-douanes\"]}]},{\"@type\":\"ImageObject\",\"inLanguage\":\"fr-FR\",\"@id\":\"https:\/\/www.africa-press.net\/comores\/economie\/vers-une-harmonisation-des-services-des-impots-et-des-douanes#primaryimage\",\"url\":\"https:\/\/static.africa-press.net\/centrafricaine\/sites\/48\/2023\/11\/sm_1701101990.53189.jpg\",\"contentUrl\":\"https:\/\/static.africa-press.net\/centrafricaine\/sites\/48\/2023\/11\/sm_1701101990.53189.jpg\",\"width\":1008,\"height\":567,\"caption\":\"Vers une harmonisation des services des imp\u00f4ts et des douanes\"},{\"@type\":\"BreadcrumbList\",\"@id\":\"https:\/\/www.africa-press.net\/comores\/economie\/vers-une-harmonisation-des-services-des-impots-et-des-douanes#breadcrumb\",\"itemListElement\":[{\"@type\":\"ListItem\",\"position\":1,\"name\":\"Accueil\",\"item\":\"https:\/\/www.africa-press.net\/comores\/\"},{\"@type\":\"ListItem\",\"position\":2,\"name\":\"Vers une harmonisation des services des imp\u00f4ts et des douanes\"}]},{\"@type\":\"WebSite\",\"@id\":\"https:\/\/www.africa-press.net\/comores\/#website\",\"url\":\"https:\/\/www.africa-press.net\/comores\/\",\"name\":\"Comores\",\"description\":\"Just another Africa News Agency Sites site\",\"potentialAction\":[{\"@type\":\"SearchAction\",\"target\":{\"@type\":\"EntryPoint\",\"urlTemplate\":\"https:\/\/www.africa-press.net\/comores\/?s={search_term_string}\"},\"query-input\":{\"@type\":\"PropertyValueSpecification\",\"valueRequired\":true,\"valueName\":\"search_term_string\"}}],\"inLanguage\":\"fr-FR\"},{\"@type\":\"Person\",\"@id\":\"https:\/\/www.africa-press.net\/comores\/#\/schema\/person\/2b1cf3cd81a31e3cd26889ca66d677f1\",\"name\":\"cfeditorfr\"}]}<\/script>\n<!-- \/ Yoast SEO Premium plugin. -->","yoast_head_json":{"title":"Vers une harmonisation des services des imp\u00f4ts et des douanes - Comores","description":"La 5e re\u0301union du comite\u0301 de pilotage du projet PAGF s\u2019est tenue samedi dernier a\u0300 Moroni. C\u2019e\u0301tait l\u2019occasion pour l ...","robots":{"index":"index","follow":"follow","max-snippet":"max-snippet:-1","max-image-preview":"max-image-preview:large","max-video-preview":"max-video-preview:-1"},"canonical":"https:\/\/www.africa-press.net\/comores\/economie\/vers-une-harmonisation-des-services-des-impots-et-des-douanes","og_locale":"fr_FR","og_type":"article","og_title":"Vers une harmonisation des services des imp\u00f4ts et des douanes","og_description":"La 5e re\u0301union du comite\u0301 de pilotage du projet PAGF s\u2019est tenue samedi dernier a\u0300 Moroni. C\u2019e\u0301tait l\u2019occasion pour l ...","og_url":"https:\/\/www.africa-press.net\/comores\/economie\/vers-une-harmonisation-des-services-des-impots-et-des-douanes","og_site_name":"Comores","article_published_time":"2023-11-27T18:50:08+00:00","article_modified_time":"2023-11-27T20:50:55+00:00","og_image":[{"width":1008,"height":567,"url":"https:\/\/static.africa-press.net\/centrafricaine\/sites\/48\/2023\/11\/sm_1701101990.53189.jpg","type":"image\/jpeg"}],"author":"cfeditorfr","twitter_card":"summary_large_image","twitter_misc":{"\u00c9crit par":"cfeditorfr","Dur\u00e9e de lecture estim\u00e9e":"2 minutes"},"schema":{"@context":"https:\/\/schema.org","@graph":[{"@type":"Article","@id":"https:\/\/www.africa-press.net\/comores\/economie\/vers-une-harmonisation-des-services-des-impots-et-des-douanes#article","isPartOf":{"@id":"https:\/\/www.africa-press.net\/comores\/economie\/vers-une-harmonisation-des-services-des-impots-et-des-douanes"},"author":{"name":"cfeditorfr","@id":"https:\/\/www.africa-press.net\/comores\/#\/schema\/person\/2b1cf3cd81a31e3cd26889ca66d677f1"},"headline":"Vers une harmonisation des services des imp\u00f4ts et des douanes","datePublished":"2023-11-27T18:50:08+00:00","dateModified":"2023-11-27T20:50:55+00:00","mainEntityOfPage":{"@id":"https:\/\/www.africa-press.net\/comores\/economie\/vers-une-harmonisation-des-services-des-impots-et-des-douanes"},"wordCount":497,"commentCount":0,"image":{"@id":"https:\/\/www.africa-press.net\/comores\/economie\/vers-une-harmonisation-des-services-des-impots-et-des-douanes#primaryimage"},"thumbnailUrl":"https:\/\/static.africa-press.net\/centrafricaine\/sites\/48\/2023\/11\/sm_1701101990.53189.jpg","keywords":["Africa Press","Africa Press-Comores","Comores"],"articleSection":["\u00c9conomie","Top Nouvelles","Toutes les actualit\u00e9s"],"inLanguage":"fr-FR","potentialAction":[{"@type":"CommentAction","name":"Comment","target":["https:\/\/www.africa-press.net\/comores\/economie\/vers-une-harmonisation-des-services-des-impots-et-des-douanes#respond"]}]},{"@type":"WebPage","@id":"https:\/\/www.africa-press.net\/comores\/economie\/vers-une-harmonisation-des-services-des-impots-et-des-douanes","url":"https:\/\/www.africa-press.net\/comores\/economie\/vers-une-harmonisation-des-services-des-impots-et-des-douanes","name":"Vers une harmonisation des services des imp\u00f4ts et des douanes - Comores","isPartOf":{"@id":"https:\/\/www.africa-press.net\/comores\/#website"},"primaryImageOfPage":{"@id":"https:\/\/www.africa-press.net\/comores\/economie\/vers-une-harmonisation-des-services-des-impots-et-des-douanes#primaryimage"},"image":{"@id":"https:\/\/www.africa-press.net\/comores\/economie\/vers-une-harmonisation-des-services-des-impots-et-des-douanes#primaryimage"},"thumbnailUrl":"https:\/\/static.africa-press.net\/centrafricaine\/sites\/48\/2023\/11\/sm_1701101990.53189.jpg","datePublished":"2023-11-27T18:50:08+00:00","dateModified":"2023-11-27T20:50:55+00:00","author":{"@id":"https:\/\/www.africa-press.net\/comores\/#\/schema\/person\/2b1cf3cd81a31e3cd26889ca66d677f1"},"description":"La 5e re\u0301union du comite\u0301 de pilotage du projet PAGF s\u2019est tenue samedi dernier a\u0300 Moroni. C\u2019e\u0301tait l\u2019occasion pour l ...","breadcrumb":{"@id":"https:\/\/www.africa-press.net\/comores\/economie\/vers-une-harmonisation-des-services-des-impots-et-des-douanes#breadcrumb"},"inLanguage":"fr-FR","potentialAction":[{"@type":"ReadAction","target":["https:\/\/www.africa-press.net\/comores\/economie\/vers-une-harmonisation-des-services-des-impots-et-des-douanes"]}]},{"@type":"ImageObject","inLanguage":"fr-FR","@id":"https:\/\/www.africa-press.net\/comores\/economie\/vers-une-harmonisation-des-services-des-impots-et-des-douanes#primaryimage","url":"https:\/\/static.africa-press.net\/centrafricaine\/sites\/48\/2023\/11\/sm_1701101990.53189.jpg","contentUrl":"https:\/\/static.africa-press.net\/centrafricaine\/sites\/48\/2023\/11\/sm_1701101990.53189.jpg","width":1008,"height":567,"caption":"Vers une harmonisation des services des imp\u00f4ts et des douanes"},{"@type":"BreadcrumbList","@id":"https:\/\/www.africa-press.net\/comores\/economie\/vers-une-harmonisation-des-services-des-impots-et-des-douanes#breadcrumb","itemListElement":[{"@type":"ListItem","position":1,"name":"Accueil","item":"https:\/\/www.africa-press.net\/comores\/"},{"@type":"ListItem","position":2,"name":"Vers une harmonisation des services des imp\u00f4ts et des douanes"}]},{"@type":"WebSite","@id":"https:\/\/www.africa-press.net\/comores\/#website","url":"https:\/\/www.africa-press.net\/comores\/","name":"Comores","description":"Just another Africa News Agency Sites site","potentialAction":[{"@type":"SearchAction","target":{"@type":"EntryPoint","urlTemplate":"https:\/\/www.africa-press.net\/comores\/?s={search_term_string}"},"query-input":{"@type":"PropertyValueSpecification","valueRequired":true,"valueName":"search_term_string"}}],"inLanguage":"fr-FR"},{"@type":"Person","@id":"https:\/\/www.africa-press.net\/comores\/#\/schema\/person\/2b1cf3cd81a31e3cd26889ca66d677f1","name":"cfeditorfr"}]}},"_links":{"self":[{"href":"https:\/\/www.africa-press.net\/comores\/wp-json\/wp\/v2\/posts\/14016","targetHints":{"allow":["GET"]}}],"collection":[{"href":"https:\/\/www.africa-press.net\/comores\/wp-json\/wp\/v2\/posts"}],"about":[{"href":"https:\/\/www.africa-press.net\/comores\/wp-json\/wp\/v2\/types\/post"}],"author":[{"embeddable":true,"href":"https:\/\/www.africa-press.net\/comores\/wp-json\/wp\/v2\/users\/82"}],"replies":[{"embeddable":true,"href":"https:\/\/www.africa-press.net\/comores\/wp-json\/wp\/v2\/comments?post=14016"}],"version-history":[{"count":0,"href":"https:\/\/www.africa-press.net\/comores\/wp-json\/wp\/v2\/posts\/14016\/revisions"}],"wp:featuredmedia":[{"embeddable":true,"href":"https:\/\/www.africa-press.net\/comores\/wp-json\/wp\/v2\/media\/14015"}],"wp:attachment":[{"href":"https:\/\/www.africa-press.net\/comores\/wp-json\/wp\/v2\/media?parent=14016"}],"wp:term":[{"taxonomy":"category","embeddable":true,"href":"https:\/\/www.africa-press.net\/comores\/wp-json\/wp\/v2\/categories?post=14016"},{"taxonomy":"post_tag","embeddable":true,"href":"https:\/\/www.africa-press.net\/comores\/wp-json\/wp\/v2\/tags?post=14016"}],"curies":[{"name":"wp","href":"https:\/\/api.w.org\/{rel}","templated":true}]}}