{"id":14019,"date":"2023-11-27T18:53:49","date_gmt":"2023-11-27T18:53:49","guid":{"rendered":"https:\/\/www.africa-press.net\/comores\/politique\/nour-el-fath-en-tournee-politique-a-anjouan"},"modified":"2023-11-27T20:51:22","modified_gmt":"2023-11-27T20:51:22","slug":"nour-el-fath-en-tournee-politique-a-anjouan","status":"publish","type":"post","link":"https:\/\/www.africa-press.net\/comores\/politique\/nour-el-fath-en-tournee-politique-a-anjouan","title":{"rendered":"Nour El-Fath en tourn\u00e9e politique \u00e0 Anjouan"},"content":{"rendered":"<p><span style=\"color: #ff6600\"><strong>Africa-Press &#8211; Comores. <\/strong><\/span><b>Le nume\u0301ro 2 de la CRC a effectue\u0301 une tourne\u0301e a\u0300 Ongoni et Koni. Dans ses deux localite\u0301s, Nour El Fath Azali promet que des re\u0301ponses seront apporte\u0301es aux multiples questions et inquie\u0301tudes de la jeunesse.<\/b><\/p>\n<p>Vendredi dernier, le secre\u0301taire ge\u0301ne\u0301ral adjoint de la Convention pour le renouveau des Comores (CRC) et conseiller prive\u0301 du pre\u0301sident de la Re\u0301publique, Nour El-Fath Azali a sillonne\u0301 la re\u0301gion de Koni et Bambao Mtsanga (Ongoni) a\u0300 Anjouan pour parler des projets structurants pour la jeunesse. Une tourne\u0301e politique qui serait organise\u0301e, selon les intervenants des deux villages Koni et Ongoni par la jeunesse elle-me\u0302me. \u00ab Aujourd\u2019hui, le cap a change\u0301, on e\u0301volue vers des projets structurants pour un de\u0301veloppement responsable et durable \u00bb, a-t-il de\u0301clare\u0301 dans son intervention a\u0300 Ongoni.<\/p>\n<p>A Ongoni Marahani dans l\u2019apre\u0300s-midi du vendredi 24 novembre, une ce\u0301re\u0301monie a e\u0301te\u0301 organise\u0301e entre le secre\u0301taire ge\u0301ne\u0301ral adjoint de la CRC et la jeunesse de cette localite\u0301. A en croire ces jeunes, le fils du chef de l\u2019Etat serait venu leur parler d\u2019avenir. \u00ab Sans orgueil il s\u2019est montre\u0301 pluto\u0302t coope\u0301ratif et a prouve\u0301 son sens de l\u2019e\u0301coute \u00bb, a avance\u0301 un jeune issu de cette localite\u0301, Fahd Ali.<\/p>\n<p>Comme a\u0300 Ongoni, les jeunes de la re\u0301gion de Koni, ont exprime\u0301 leur reconnaissance a\u0300 travers le conseiller prive\u0301 du chef de l\u2019Etat. \u00ab Ce fils du pre\u0301sident est un chevronne\u0301 du de\u0301veloppement \u00bb, lance un autre jeune de cette localite\u0301. A Ongoni, on a rappele\u0301 a\u0300 Fathou le slogan \u00ab un jeune = un emploi \u00bb et lui demandent d\u2019e\u0301carter tous discours de\u0301magogique. \u00ab Le mensonge est une maladie contagieuse d\u2019une ge\u0301ne\u0301ration a\u0300 une autre. Tu es un homme d\u2019action, un jeune de terrain, de conviction \u00bb rappelle un jeune qui appelle Fathou vers une politique d\u2019acce\u0301le\u0301ration de cre\u0301ation d\u2019entreprises pour absorber les nombreux jeunes au cho\u0302mage, instruits et de\u0301scolarise\u0301s.<\/p>\n<p>\u00ab On s\u2019engage a\u0300 vous apporter des re\u0301ponses utiles et durables. Reconnaissons ce qui est fait de\u0301ja\u0300 et Allah nous augmentera. Nous savons tous que le pays a traverse\u0301 des houles entre Kenneth, Covid-19 et crise mondiale \u00bb, a souligne\u0301 Nour El Fath, tout en insistant sur les efforts fournis par le gouvernement a\u0300 travers plusieurs programmes mis en place dont le PIDC, Filets sociaux et autres. Il appelle a\u0300 la cohe\u0301sion sociale et promet que \u00ab des re\u0301ponses seront apporte\u0301es aux multiples inquie\u0301tudes de cette jeunesse. Je remercie toute l\u2019assistance ici pre\u0301sente\u00bb. Il a e\u0301te\u0301 rappele\u0301 que le conseiller prive\u0301 charge\u0301 des affaires e\u0301conomiques a de\u0301ja\u0300 apporte\u0301 son appui a\u0300 des associations sportives et culturelles de ces trois mairies, ainsi que la commune de la re\u0301gion de la Cuvette.<\/p>\n<p><strong>Pour plus d&rsquo;informations et d&rsquo;analyses sur la <a href=\"https:\/\/www.africa-press.net\/comores\">Comores<\/a>, suivez <a href=\"https:\/\/www.africa-press.net\/\">Africa-Press<\/a><\/strong><\/p>\n","protected":false},"excerpt":{"rendered":"<p>Africa-Press &#8211; Comores. Le nume\u0301ro 2 de la CRC a effectue\u0301 une tourne\u0301e a\u0300 Ongoni et Koni. Dans ses deux localite\u0301s, Nour El Fath Azali promet que des re\u0301ponses seront apporte\u0301es aux multiples questions et inquie\u0301tudes de la jeunesse. Vendredi dernier, le secre\u0301taire ge\u0301ne\u0301ral adjoint de la Convention pour le renouveau des Comores (CRC) et [&hellip;]<\/p>\n","protected":false},"author":82,"featured_media":14018,"comment_status":"open","ping_status":"closed","sticky":false,"template":"","format":"standard","meta":{"footnotes":""},"categories":[2,10],"tags":[36,53,45],"class_list":["post-14019","post","type-post","status-publish","format-standard","has-post-thumbnail","hentry","category-politique","category-toutes-les-actualites","tag-africa-press","tag-africa-press-comores","tag-comores"],"yoast_head":"<!-- This site is optimized with the Yoast SEO Premium plugin v26.1 (Yoast SEO v27.0) - https:\/\/yoast.com\/product\/yoast-seo-premium-wordpress\/ -->\n<title>Nour El-Fath en tourn\u00e9e politique \u00e0 Anjouan - Comores<\/title>\n<meta name=\"description\" content=\"Le nume\u0301ro 2 de la CRC a effectue\u0301 une tourne\u0301e a\u0300 Ongoni et Koni. Dans ses deux localite\u0301s, Nour El Fath Azali prome ...\" \/>\n<meta name=\"robots\" content=\"index, follow, max-snippet:-1, max-image-preview:large, max-video-preview:-1\" \/>\n<link rel=\"canonical\" href=\"https:\/\/www.africa-press.net\/comores\/politique\/nour-el-fath-en-tournee-politique-a-anjouan\" \/>\n<meta property=\"og:locale\" content=\"fr_FR\" \/>\n<meta property=\"og:type\" content=\"article\" \/>\n<meta property=\"og:title\" content=\"Nour El-Fath en tourn\u00e9e politique \u00e0 Anjouan\" \/>\n<meta property=\"og:description\" content=\"Le nume\u0301ro 2 de la CRC a effectue\u0301 une tourne\u0301e a\u0300 Ongoni et Koni. Dans ses deux localite\u0301s, Nour El Fath Azali prome ...\" \/>\n<meta property=\"og:url\" content=\"https:\/\/www.africa-press.net\/comores\/politique\/nour-el-fath-en-tournee-politique-a-anjouan\" \/>\n<meta property=\"og:site_name\" content=\"Comores\" \/>\n<meta property=\"article:published_time\" content=\"2023-11-27T18:53:49+00:00\" \/>\n<meta property=\"article:modified_time\" content=\"2023-11-27T20:51:22+00:00\" \/>\n<meta property=\"og:image\" content=\"https:\/\/static.africa-press.net\/centrafricaine\/sites\/48\/2023\/11\/sm_1701102006.784614.jpg\" \/>\n\t<meta property=\"og:image:width\" content=\"1600\" \/>\n\t<meta property=\"og:image:height\" content=\"720\" \/>\n\t<meta property=\"og:image:type\" content=\"image\/jpeg\" \/>\n<meta name=\"author\" content=\"cfeditorfr\" \/>\n<meta name=\"twitter:card\" content=\"summary_large_image\" \/>\n<meta name=\"twitter:label1\" content=\"\u00c9crit par\" \/>\n\t<meta name=\"twitter:data1\" content=\"cfeditorfr\" \/>\n\t<meta name=\"twitter:label2\" content=\"Dur\u00e9e de lecture estim\u00e9e\" \/>\n\t<meta name=\"twitter:data2\" content=\"3 minutes\" \/>\n<script type=\"application\/ld+json\" class=\"yoast-schema-graph\">{\"@context\":\"https:\/\/schema.org\",\"@graph\":[{\"@type\":\"Article\",\"@id\":\"https:\/\/www.africa-press.net\/comores\/politique\/nour-el-fath-en-tournee-politique-a-anjouan#article\",\"isPartOf\":{\"@id\":\"https:\/\/www.africa-press.net\/comores\/politique\/nour-el-fath-en-tournee-politique-a-anjouan\"},\"author\":{\"name\":\"cfeditorfr\",\"@id\":\"https:\/\/www.africa-press.net\/comores\/#\/schema\/person\/2b1cf3cd81a31e3cd26889ca66d677f1\"},\"headline\":\"Nour El-Fath en tourn\u00e9e politique \u00e0 Anjouan\",\"datePublished\":\"2023-11-27T18:53:49+00:00\",\"dateModified\":\"2023-11-27T20:51:22+00:00\",\"mainEntityOfPage\":{\"@id\":\"https:\/\/www.africa-press.net\/comores\/politique\/nour-el-fath-en-tournee-politique-a-anjouan\"},\"wordCount\":511,\"commentCount\":0,\"image\":{\"@id\":\"https:\/\/www.africa-press.net\/comores\/politique\/nour-el-fath-en-tournee-politique-a-anjouan#primaryimage\"},\"thumbnailUrl\":\"https:\/\/static.africa-press.net\/centrafricaine\/sites\/48\/2023\/11\/sm_1701102006.784614.jpg\",\"keywords\":[\"Africa Press\",\"Africa Press-Comores\",\"Comores\"],\"articleSection\":[\"Politique\",\"Toutes les actualit\u00e9s\"],\"inLanguage\":\"fr-FR\",\"potentialAction\":[{\"@type\":\"CommentAction\",\"name\":\"Comment\",\"target\":[\"https:\/\/www.africa-press.net\/comores\/politique\/nour-el-fath-en-tournee-politique-a-anjouan#respond\"]}]},{\"@type\":\"WebPage\",\"@id\":\"https:\/\/www.africa-press.net\/comores\/politique\/nour-el-fath-en-tournee-politique-a-anjouan\",\"url\":\"https:\/\/www.africa-press.net\/comores\/politique\/nour-el-fath-en-tournee-politique-a-anjouan\",\"name\":\"Nour El-Fath en tourn\u00e9e politique \u00e0 Anjouan - Comores\",\"isPartOf\":{\"@id\":\"https:\/\/www.africa-press.net\/comores\/#website\"},\"primaryImageOfPage\":{\"@id\":\"https:\/\/www.africa-press.net\/comores\/politique\/nour-el-fath-en-tournee-politique-a-anjouan#primaryimage\"},\"image\":{\"@id\":\"https:\/\/www.africa-press.net\/comores\/politique\/nour-el-fath-en-tournee-politique-a-anjouan#primaryimage\"},\"thumbnailUrl\":\"https:\/\/static.africa-press.net\/centrafricaine\/sites\/48\/2023\/11\/sm_1701102006.784614.jpg\",\"datePublished\":\"2023-11-27T18:53:49+00:00\",\"dateModified\":\"2023-11-27T20:51:22+00:00\",\"author\":{\"@id\":\"https:\/\/www.africa-press.net\/comores\/#\/schema\/person\/2b1cf3cd81a31e3cd26889ca66d677f1\"},\"description\":\"Le nume\u0301ro 2 de la CRC a effectue\u0301 une tourne\u0301e a\u0300 Ongoni et Koni. Dans ses deux localite\u0301s, Nour El Fath Azali prome ...\",\"breadcrumb\":{\"@id\":\"https:\/\/www.africa-press.net\/comores\/politique\/nour-el-fath-en-tournee-politique-a-anjouan#breadcrumb\"},\"inLanguage\":\"fr-FR\",\"potentialAction\":[{\"@type\":\"ReadAction\",\"target\":[\"https:\/\/www.africa-press.net\/comores\/politique\/nour-el-fath-en-tournee-politique-a-anjouan\"]}]},{\"@type\":\"ImageObject\",\"inLanguage\":\"fr-FR\",\"@id\":\"https:\/\/www.africa-press.net\/comores\/politique\/nour-el-fath-en-tournee-politique-a-anjouan#primaryimage\",\"url\":\"https:\/\/static.africa-press.net\/centrafricaine\/sites\/48\/2023\/11\/sm_1701102006.784614.jpg\",\"contentUrl\":\"https:\/\/static.africa-press.net\/centrafricaine\/sites\/48\/2023\/11\/sm_1701102006.784614.jpg\",\"width\":1600,\"height\":720,\"caption\":\"Nour El-Fath en tourn\u00e9e politique \u00e0 Anjouan\"},{\"@type\":\"BreadcrumbList\",\"@id\":\"https:\/\/www.africa-press.net\/comores\/politique\/nour-el-fath-en-tournee-politique-a-anjouan#breadcrumb\",\"itemListElement\":[{\"@type\":\"ListItem\",\"position\":1,\"name\":\"Accueil\",\"item\":\"https:\/\/www.africa-press.net\/comores\/\"},{\"@type\":\"ListItem\",\"position\":2,\"name\":\"Nour El-Fath en tourn\u00e9e politique \u00e0 Anjouan\"}]},{\"@type\":\"WebSite\",\"@id\":\"https:\/\/www.africa-press.net\/comores\/#website\",\"url\":\"https:\/\/www.africa-press.net\/comores\/\",\"name\":\"Comores\",\"description\":\"Just another Africa News Agency Sites site\",\"potentialAction\":[{\"@type\":\"SearchAction\",\"target\":{\"@type\":\"EntryPoint\",\"urlTemplate\":\"https:\/\/www.africa-press.net\/comores\/?s={search_term_string}\"},\"query-input\":{\"@type\":\"PropertyValueSpecification\",\"valueRequired\":true,\"valueName\":\"search_term_string\"}}],\"inLanguage\":\"fr-FR\"},{\"@type\":\"Person\",\"@id\":\"https:\/\/www.africa-press.net\/comores\/#\/schema\/person\/2b1cf3cd81a31e3cd26889ca66d677f1\",\"name\":\"cfeditorfr\"}]}<\/script>\n<!-- \/ Yoast SEO Premium plugin. -->","yoast_head_json":{"title":"Nour El-Fath en tourn\u00e9e politique \u00e0 Anjouan - Comores","description":"Le nume\u0301ro 2 de la CRC a effectue\u0301 une tourne\u0301e a\u0300 Ongoni et Koni. Dans ses deux localite\u0301s, Nour El Fath Azali prome ...","robots":{"index":"index","follow":"follow","max-snippet":"max-snippet:-1","max-image-preview":"max-image-preview:large","max-video-preview":"max-video-preview:-1"},"canonical":"https:\/\/www.africa-press.net\/comores\/politique\/nour-el-fath-en-tournee-politique-a-anjouan","og_locale":"fr_FR","og_type":"article","og_title":"Nour El-Fath en tourn\u00e9e politique \u00e0 Anjouan","og_description":"Le nume\u0301ro 2 de la CRC a effectue\u0301 une tourne\u0301e a\u0300 Ongoni et Koni. Dans ses deux localite\u0301s, Nour El Fath Azali prome ...","og_url":"https:\/\/www.africa-press.net\/comores\/politique\/nour-el-fath-en-tournee-politique-a-anjouan","og_site_name":"Comores","article_published_time":"2023-11-27T18:53:49+00:00","article_modified_time":"2023-11-27T20:51:22+00:00","og_image":[{"width":1600,"height":720,"url":"https:\/\/static.africa-press.net\/centrafricaine\/sites\/48\/2023\/11\/sm_1701102006.784614.jpg","type":"image\/jpeg"}],"author":"cfeditorfr","twitter_card":"summary_large_image","twitter_misc":{"\u00c9crit par":"cfeditorfr","Dur\u00e9e de lecture estim\u00e9e":"3 minutes"},"schema":{"@context":"https:\/\/schema.org","@graph":[{"@type":"Article","@id":"https:\/\/www.africa-press.net\/comores\/politique\/nour-el-fath-en-tournee-politique-a-anjouan#article","isPartOf":{"@id":"https:\/\/www.africa-press.net\/comores\/politique\/nour-el-fath-en-tournee-politique-a-anjouan"},"author":{"name":"cfeditorfr","@id":"https:\/\/www.africa-press.net\/comores\/#\/schema\/person\/2b1cf3cd81a31e3cd26889ca66d677f1"},"headline":"Nour El-Fath en tourn\u00e9e politique \u00e0 Anjouan","datePublished":"2023-11-27T18:53:49+00:00","dateModified":"2023-11-27T20:51:22+00:00","mainEntityOfPage":{"@id":"https:\/\/www.africa-press.net\/comores\/politique\/nour-el-fath-en-tournee-politique-a-anjouan"},"wordCount":511,"commentCount":0,"image":{"@id":"https:\/\/www.africa-press.net\/comores\/politique\/nour-el-fath-en-tournee-politique-a-anjouan#primaryimage"},"thumbnailUrl":"https:\/\/static.africa-press.net\/centrafricaine\/sites\/48\/2023\/11\/sm_1701102006.784614.jpg","keywords":["Africa Press","Africa Press-Comores","Comores"],"articleSection":["Politique","Toutes les actualit\u00e9s"],"inLanguage":"fr-FR","potentialAction":[{"@type":"CommentAction","name":"Comment","target":["https:\/\/www.africa-press.net\/comores\/politique\/nour-el-fath-en-tournee-politique-a-anjouan#respond"]}]},{"@type":"WebPage","@id":"https:\/\/www.africa-press.net\/comores\/politique\/nour-el-fath-en-tournee-politique-a-anjouan","url":"https:\/\/www.africa-press.net\/comores\/politique\/nour-el-fath-en-tournee-politique-a-anjouan","name":"Nour El-Fath en tourn\u00e9e politique \u00e0 Anjouan - Comores","isPartOf":{"@id":"https:\/\/www.africa-press.net\/comores\/#website"},"primaryImageOfPage":{"@id":"https:\/\/www.africa-press.net\/comores\/politique\/nour-el-fath-en-tournee-politique-a-anjouan#primaryimage"},"image":{"@id":"https:\/\/www.africa-press.net\/comores\/politique\/nour-el-fath-en-tournee-politique-a-anjouan#primaryimage"},"thumbnailUrl":"https:\/\/static.africa-press.net\/centrafricaine\/sites\/48\/2023\/11\/sm_1701102006.784614.jpg","datePublished":"2023-11-27T18:53:49+00:00","dateModified":"2023-11-27T20:51:22+00:00","author":{"@id":"https:\/\/www.africa-press.net\/comores\/#\/schema\/person\/2b1cf3cd81a31e3cd26889ca66d677f1"},"description":"Le nume\u0301ro 2 de la CRC a effectue\u0301 une tourne\u0301e a\u0300 Ongoni et Koni. Dans ses deux localite\u0301s, Nour El Fath Azali prome ...","breadcrumb":{"@id":"https:\/\/www.africa-press.net\/comores\/politique\/nour-el-fath-en-tournee-politique-a-anjouan#breadcrumb"},"inLanguage":"fr-FR","potentialAction":[{"@type":"ReadAction","target":["https:\/\/www.africa-press.net\/comores\/politique\/nour-el-fath-en-tournee-politique-a-anjouan"]}]},{"@type":"ImageObject","inLanguage":"fr-FR","@id":"https:\/\/www.africa-press.net\/comores\/politique\/nour-el-fath-en-tournee-politique-a-anjouan#primaryimage","url":"https:\/\/static.africa-press.net\/centrafricaine\/sites\/48\/2023\/11\/sm_1701102006.784614.jpg","contentUrl":"https:\/\/static.africa-press.net\/centrafricaine\/sites\/48\/2023\/11\/sm_1701102006.784614.jpg","width":1600,"height":720,"caption":"Nour El-Fath en tourn\u00e9e politique \u00e0 Anjouan"},{"@type":"BreadcrumbList","@id":"https:\/\/www.africa-press.net\/comores\/politique\/nour-el-fath-en-tournee-politique-a-anjouan#breadcrumb","itemListElement":[{"@type":"ListItem","position":1,"name":"Accueil","item":"https:\/\/www.africa-press.net\/comores\/"},{"@type":"ListItem","position":2,"name":"Nour El-Fath en tourn\u00e9e politique \u00e0 Anjouan"}]},{"@type":"WebSite","@id":"https:\/\/www.africa-press.net\/comores\/#website","url":"https:\/\/www.africa-press.net\/comores\/","name":"Comores","description":"Just another Africa News Agency Sites site","potentialAction":[{"@type":"SearchAction","target":{"@type":"EntryPoint","urlTemplate":"https:\/\/www.africa-press.net\/comores\/?s={search_term_string}"},"query-input":{"@type":"PropertyValueSpecification","valueRequired":true,"valueName":"search_term_string"}}],"inLanguage":"fr-FR"},{"@type":"Person","@id":"https:\/\/www.africa-press.net\/comores\/#\/schema\/person\/2b1cf3cd81a31e3cd26889ca66d677f1","name":"cfeditorfr"}]}},"_links":{"self":[{"href":"https:\/\/www.africa-press.net\/comores\/wp-json\/wp\/v2\/posts\/14019","targetHints":{"allow":["GET"]}}],"collection":[{"href":"https:\/\/www.africa-press.net\/comores\/wp-json\/wp\/v2\/posts"}],"about":[{"href":"https:\/\/www.africa-press.net\/comores\/wp-json\/wp\/v2\/types\/post"}],"author":[{"embeddable":true,"href":"https:\/\/www.africa-press.net\/comores\/wp-json\/wp\/v2\/users\/82"}],"replies":[{"embeddable":true,"href":"https:\/\/www.africa-press.net\/comores\/wp-json\/wp\/v2\/comments?post=14019"}],"version-history":[{"count":0,"href":"https:\/\/www.africa-press.net\/comores\/wp-json\/wp\/v2\/posts\/14019\/revisions"}],"wp:featuredmedia":[{"embeddable":true,"href":"https:\/\/www.africa-press.net\/comores\/wp-json\/wp\/v2\/media\/14018"}],"wp:attachment":[{"href":"https:\/\/www.africa-press.net\/comores\/wp-json\/wp\/v2\/media?parent=14019"}],"wp:term":[{"taxonomy":"category","embeddable":true,"href":"https:\/\/www.africa-press.net\/comores\/wp-json\/wp\/v2\/categories?post=14019"},{"taxonomy":"post_tag","embeddable":true,"href":"https:\/\/www.africa-press.net\/comores\/wp-json\/wp\/v2\/tags?post=14019"}],"curies":[{"name":"wp","href":"https:\/\/api.w.org\/{rel}","templated":true}]}}